{"id":8927,"date":"2026-04-29T12:42:59","date_gmt":"2026-04-29T10:42:59","guid":{"rendered":"https:\/\/fokusisrael.ch\/senza-categoria\/golda-meir-a-fokusisrael-ch-il-governo-dovrebbe-avere-unindagine-indipendente-sul-7-ottobre\/"},"modified":"2026-04-29T12:43:46","modified_gmt":"2026-04-29T10:43:46","slug":"golda-meir-a-fokusisrael-ch-il-governo-dovrebbe-avere-unindagine-indipendente-sul-7-ottobre","status":"publish","type":"post","link":"https:\/\/fokusisrael.ch\/it\/notizie\/golda-meir-a-fokusisrael-ch-il-governo-dovrebbe-avere-unindagine-indipendente-sul-7-ottobre\/","title":{"rendered":"Golda Meir a FokusIsrael.ch: &#8220;Il governo dovrebbe avere un&#8217;indagine indipendente sul 7 ottobre&#8221;."},"content":{"rendered":"\n<p><u><strong>Sommario<\/strong><\/u><\/p>\n\n<ul class=\"wp-block-list\">\n<li><strong>Il 17 marzo 1969, il parlamento israeliano elesse l&#8217;allora 71enne leader del Partito Laburista, Golda Meir, come primo ministro donna del paese. Era solo la terza donna al mondo a guidare un governo. <\/strong><\/li>\n\n\n\n<li><strong>Nata a Kiev, la carismatica &#8220;Lady di Ferro&#8221; era una convinta sionista e divenne un&#8217;icona del popolo ebraico. Ha ricoperto la carica di Primo Ministro per cinque anni. In precedenza era stata Ministro degli Esteri.  <\/strong><\/li>\n\n\n\n<li><strong>Il mandato di Meir vide l&#8217;attacco terroristico al volo Swissair SR 330 e l&#8217;attentato alle Olimpiadi di Monaco del 5 settembre 1972, in cui terroristi palestinesi uccisero 11 atleti olimpici israeliani.<\/strong><\/li>\n\n\n\n<li><strong>Soprattutto, per\u00f2, il periodo di presidenza di Golda Meir fu caratterizzato dalla Guerra dello Yom Kippur del 1973, in cui Israele fu sorpreso dall&#8217;Egitto e si trov\u00f2 sull&#8217;orlo della sconfitta.<\/strong><\/li>\n\n\n\n<li><strong>Dopo un&#8217;indagine indipendente sulla guerra, Golda Meir si dimise nel 1974 a causa di una massiccia pressione pubblica.<\/strong><\/li>\n\n\n\n<li><strong>L&#8217;8 dicembre 1978, il fumatore a catena mor\u00ec a Gerusalemme all&#8217;et\u00e0 di 80 anni a causa di un cancro alle ghiandole linfatiche.  <\/strong><\/li>\n\n\n\n<li><strong>FokusIsrael.ch ha parlato con Golda Meir, con l&#8217;aiuto dell&#8217;AI, della sua vita, del suo periodo come capo del governo e delle sue convinzioni politiche.  <\/strong><\/li>\n<\/ul>\n\n<p><strong>Golda Meir, come valuta l&#8217;attuale situazione in Medio Oriente?<\/strong><\/p>\n\n<p><strong>Golda Meir: <\/strong>I problemi di base non sono cambiati: Sicurezza, riconoscimento e sfiducia. La pace non viene da un&#8217;idea velleitaria, ma da decisioni difficili e da partner affidabili. Finch\u00e9 l&#8217;esistenza di Israele sar\u00e0 messa in discussione, la sicurezza rimane il nostro primo dovere.    <\/p>\n\n<p><strong>Sostengono che il conflitto non riguarda i confini, ma l&#8217;esistenza di Israele.<\/strong><\/p>\n\n<p><strong>Golda Meir<\/strong>: Certo. Se gli arabi avessero accettato la nostra esistenza qui in Israele, la questione del confine non sarebbe pi\u00f9 cos\u00ec importante. Il problema \u00e8 che non ci accettano. Gli arabi ci vogliono morti. Noi vogliamo vivere. Non c&#8217;\u00e8 compromesso.     <\/p>\n\n<p><strong>Si ostinano a parlare di arabi e non di palestinesi.<\/strong><\/p>\n\n<p><strong>Golda Meir:<\/strong> Metto in dubbio il termine. Guarda: tutti coloro che vivevano in Israele prima del 1948 erano palestinesi. Questo \u00e8 un dato di fatto. Io stessa ho ancora un passaporto britannico-palestinese. Quindi sono stata palestinese dal 1921 al 1948 (sorride). Eravamo tutti palestinesi. All&#8217;epoca non eravamo n\u00e9 ebrei n\u00e9 arabi.        <\/p>\n\n<p><strong>Cosa intendi dire?<\/strong><\/p>\n\n<p><strong>Golda Meir:<\/strong> Il termine palestinese non era l&#8217;espressione di un&#8217;identit\u00e0 nazionale indipendente come si usa oggi. Si trattava di una designazione geografica sotto il Mandato britannico. Sia gli ebrei che gli arabi venivano chiamati cos\u00ec. Quando parlo di arabi, intendo la popolazione araba di questa regione, che culturalmente, linguisticamente e storicamente fa parte del pi\u00f9 vasto mondo arabo. Non si tratta di un&#8217;offesa, ma di una descrizione della realt\u00e0.      <\/p>\n\n<p><strong>E oggi?<\/strong><\/p>\n\n<p><strong>Golda Meir:<\/strong> Il problema sorge quando, a posteriori, si attribuisce ai termini un significato che all&#8217;epoca non avevano. Per noi non si trattava di una questione terminologica, ma di una questione pratica: come possono due gruppi di popolazione vivere nello stesso paese e perch\u00e9 ogni tentativo di spartizione o coesistenza \u00e8 stato respinto dalla parte araba? <\/p>\n\n<p><strong>Quando sei immigrato nell&#8217;allora Mandato britannico della Palestina nel 1921, ti aspettavi che la realizzazione del tuo sogno sionista avrebbe incontrato tanta resistenza da parte araba?<\/strong><\/p>\n\n<p><strong>Golda Meir:<\/strong> No, a dire il vero, per niente. All&#8217;epoca sapevo molto poco della regione.   <\/p>\n\n<p><strong>E se avessi saputo che sarebbe stato cos\u00ec difficile per lo Stato ebraico?<\/strong><\/p>\n\n<p><strong>Golda Meir:<\/strong> Questo non avrebbe cambiato la mia decisione di trasferirmi dagli Stati Uniti a Israele. Allo stesso tempo, mi dispiace che tante disgrazie si siano abbattute su di noi e sugli arabi. Ma la mia coscienza \u00e8 pulita. Sai perch\u00e9?   <\/p>\n\n<p><strong>Raccontaci!<\/strong><\/p>\n\n<p><strong>Golda Meir:<\/strong> Gli arabi in questo mondo possono scegliere dove vivere. Noi ebrei non abbiamo questa scelta. Guarda l&#8217;Europa! Sta cambiando economicamente, politicamente e moralmente. Ci\u00f2 che spesso mi stupisce \u00e8 la tendenza europea a giudicare i conflitti moralmente dall&#8217;esterno, senza comprendere realmente la realt\u00e0 sul campo. Israele \u00e8 stato fondato per necessit\u00e0. Coloro che ci criticano dovrebbero chiedersi quali decisioni prenderebbero loro stessi nelle stesse circostanze.      <\/p>\n\n<p><strong>Cosa ne pensi delle critiche a livello mondiale nei confronti di Israele?<\/strong><\/p>\n\n<p><strong>Golda Meir:<\/strong> La critica \u00e8 legittima. Ma diventa priva di significato se ignora la realt\u00e0 in cui viviamo. Nessuno Stato agirebbe diversamente se la sua esistenza fosse minacciata quotidianamente.    <\/p>\n\n<p><strong>Quanto \u00e8 importante la religione per te? Golda Meir:<\/strong> Non sono una donna particolarmente religiosa nel senso tradizionale del termine. Non ho mai preteso di seguire rigorosamente tutte le usanze religiose. Ma sono ebrea, non solo nella fede, ma anche nel destino, nella storia e nella responsabilit\u00e0. Lo Stato di Israele \u00e8 soprattutto una casa per un popolo che troppo spesso non ne ha avuta una. La religione ha un ruolo in tutto questo. Ma la cosa pi\u00f9 importante per me \u00e8 che gli ebrei di tutto il mondo sappiano che in Israele non sono pi\u00f9 indifesi.     <\/p>\n\n<p><strong>Crede ancora nella soluzione dei due Stati? Golda Meir:<\/strong> Ho sempre creduto nelle soluzioni pragmatiche. Ma una soluzione funziona solo se entrambe le parti la vogliono davvero. La pace non pu\u00f2 essere raggiunta unilateralmente. Sono fiduciosa. Non abbiamo perso una sola occasione per dire agli arabi che vogliamo davvero la pace.    <\/p>\n\n<p><strong>Sarebbe doloroso per te sacrificare la Giudea e la Samaria (la Cisgiordania, ndr) per la pace?<\/strong><\/p>\n\n<p><strong>Golda Meir:<\/strong> S\u00ec, ovviamente \u00e8 doloroso parlare di una terra che ha un significato storico per il nostro popolo. Ma sarebbe ancora pi\u00f9 doloroso se dovessimo prendere decisioni che mettono a rischio la vita dei nostri cittadini. Una sigaretta, per favore! Per me la questione non \u00e8 mai stata quella di cosa rinunciare emotivamente, ma di cosa possiamo assumerci la responsabilit\u00e0. Non credo che le sole concessioni possano comprare la pace, perch\u00e9 non si pu\u00f2 negoziare la pace con qualcuno che \u00e8 venuto per ucciderti.    <br\/><br\/><strong>Cosa intendi dire?<\/strong><\/p>\n\n<p><strong>Golda Meir:<\/strong> Non sono contraria al compromesso. Ogni pace lo richiede. Ma c&#8217;\u00e8 una differenza tra il compromesso e il sacrificio di s\u00e9. Se la tua controparte non riconosce il tuo diritto di esistere, allora non stai negoziando sui confini o sulla politica, ma sulla tua sopravvivenza. In qualit\u00e0 di capo del governo, era mio dovere impedire che ci\u00f2 accadesse.    <\/p>\n\n<p><strong>Torniamo indietro nel tempo: sei nato a Kiev, la capitale dell&#8217;attuale Ucraina, e sei cresciuto negli Stati Uniti. Quali sono i ricordi della tua infanzia? <\/strong><\/p>\n\n<p><strong>Golda Meir:<\/strong> Non ricordo una sola esperienza piacevole. Ricordo una situazione familiare molto pi\u00f9 difficile. Avevamo troppo poco da mangiare e la costante paura dei pogrom. Mio padre, un falegname ebreo, sbarrava le porte perch\u00e9 ne aveva paura. Poi, nel 1906, decise di trasferirsi a Milwaukee, negli Stati Uniti, per poter sfamare la nostra famiglia di dieci persone.      <\/p>\n\n<p><strong>Gli eventi dell&#8217;Impero russo di quel periodo ti hanno fatto diventare un sionista convinto?<\/strong><\/p>\n\n<p><strong>Golda Meir<\/strong>: Le storie di violenza, la paura nei volti degli adulti &#8211; tutto questo faceva parte della mia prima infanzia a Kiev. Il sionismo non era quindi un&#8217;idea astratta per me, ma una necessit\u00e0. Ho capito subito che noi ebrei avevamo bisogno di un luogo dove poter determinare il nostro destino. Nel 1921 convinsi mio marito Morris Myerson a emigrare in Palestina. I primi tre anni nel Kibbutz Merchawia sono stati tra i miei momenti preferiti. In seguito ci trasferimmo a Tel Aviv con i nostri due figli.     <\/p>\n\n<p><strong>Che consiglio daresti ai giovani leader politici di oggi?<\/strong><\/p>\n\n<p><strong>Golda Meir: <\/strong>Ascolta meno i titoli dei giornali e pi\u00f9 la responsabilit\u00e0! Essere leader significa prendere decisioni impopolari quando sono necessarie. Essere popolari non \u00e8 un obiettivo politico.    <s><\/s><\/p>\n\n<p><strong>Sei entrata in carica nel marzo 1969 come primo ministro donna di Israele e sei stata una delle prime donne al mondo a capo di un governo. Come vede il ruolo delle donne in politica oggi? <\/strong><\/p>\n\n<p><strong>Golda Meir:<\/strong> Non ho mai fatto politica come donna, ma come politico. Ma mi rendo conto che oggi le donne hanno pi\u00f9 opportunit\u00e0. Il fattore decisivo non \u00e8 il genere, ma se si \u00e8 disposti a sopportare il peso delle decisioni.  <\/p>\n\n<p><strong>Qual \u00e8 stata la tua pi\u00f9 grande lezione politica?<\/strong><\/p>\n\n<p><strong>Golda Meir:<\/strong> Che le decisioni hanno conseguenze che devi sopportare tu stesso. E che l&#8217;esitazione a volte \u00e8 pi\u00f9 pericolosa di un errore. Nei cinque anni in cui sono stata capo del governo, non ho potuto realizzare un solo sogno perch\u00e9 dal mio letto avevo una linea diretta con il quartier generale dell&#8217;esercito. Eravamo in una guerra di logoramento. Quando ho iniziato a sognare, ho ricevuto una telefonata&#8230;    <\/p>\n\n<details class=\"wp-block-details has-background is-layout-flow wp-block-details-is-layout-flow\" style=\"background-color:#badfff\" open><summary><strong>La citazione pi\u00f9 famosa di Golda Meir &#8211; che non era tale<\/strong><\/summary>\n<p>Nel corso della sua lunga carriera politica, il Primo Ministro israeliano Golda Meir ha fatto molte affermazioni concise e adatte alla stampa. La pi\u00f9 famosa fu: <strong>&#8220;La pace arriver\u00e0 quando gli arabi ameranno i loro figli pi\u00f9 di quanto odiano noi&#8221;.<\/strong> <\/p>\n\n\n\n<p>Questa frase \u00e8 stata citata ripetutamente per decenni. Nel 2015, per\u00f2, una ricerca approfondita condotta dal noto autore americano Harvey Rachlin ha rivelato <a href=\"https:\/\/jewishpress.com\/the-mystery-of-goldas-golden-gems\/\">che non esistono prove che Golda Meir abbia effettivamente pronunciato questa frase<\/a>. Ciononostante, \u00e8 ancora oggi famosa e viene spesso ripetuta. Probabilmente ci\u00f2 \u00e8 dovuto al fatto che &#8211; come dimostrano numerose affermazioni autentiche di Golda Meir &#8211; era in linea con le sue convinzioni. Gli italiani dicono in questi casi: &#8220;Si non \u00e8 vero, \u00e8 ben trovato&#8221;.      <\/p>\n<\/details>\n\n<p><strong>Si tratta della guerra dello Yom Kippur del 1973, che Israele ha quasi perso. Circa 2600 soldati israeliani furono uccisi. Lei ha acconsentito all&#8217;istituzione di una commissione d&#8217;inchiesta indipendente.   Perch\u00e9?  <\/strong><\/p>\n\n<p><strong>Golda Meir:<\/strong> Abbiamo istituito la Commissione Agranat nel 1973 perch\u00e9 la gente, i riservisti, le famiglie dei caduti e la pura necessit\u00e0 lo richiedevano. Siamo stati colti di sorpresa. La &#8220;conceptzia&#8221; &#8211; la nostra convinzione che il nemico avrebbe fatto esattamente ci\u00f2 che ci aspettavamo &#8211; ci aveva quasi spezzato il collo. Migliaia di nostri figli erano morti. Il Paese era in stato di shock. Come Primo Ministro, sapevo che se Israele voleva sopravvivere, doveva guardarsi negli occhi.       <\/p>\n\n<p><strong>I risultati dell&#8217;indagine hanno scatenato le critiche dell&#8217;opinione pubblica. Hanno dovuto dimettersi. <\/strong><\/p>\n\n<p><strong>Golda Meir:<\/strong> La commissione ha criticato principalmente il livello militare e di intelligence &#8211; e questa era la cosa giusta da fare. Tuttavia, mi sono assunta la responsabilit\u00e0 politica e mi sono dimessa. Non perch\u00e9 la commissione mi abbia condannato personalmente, ma perch\u00e9 un leader che manda il suo paese in guerra e poi scappa dalla verit\u00e0 non \u00e8 un leader.  <\/p>\n\n<p><strong>Il governo israeliano di oggi dovrebbe far indagare anche l&#8217;omicidio di massa del 7 ottobre 2023 da una simile &#8220;Commissione di Stato&#8221;?<\/strong><\/p>\n\n<p><strong>Golda Meir:<\/strong> S\u00ec, il governo israeliano dovrebbe istituire una commissione d&#8217;inchiesta statale indipendente, proprio come abbiamo fatto dopo la guerra dello Yom Kippur. Il massacro del 7 ottobre \u00e8 stato un fallimento ancora peggiore e per certi versi ancora pi\u00f9 spaventoso di quello del 1973. Anche in questo caso ci sono stati segnali di allarme che sono stati ignorati. Di nuovo un fatale errore di calcolo da parte del nemico. Ancora una volta morti, rapimenti, comunit\u00e0 distrutte. Il popolo israeliano ha il diritto &#8211; e il dovere &#8211; di conoscere tutta la verit\u00e0.       <\/p>\n\n<p><strong>Su quali domande ti stai concentrando?<\/strong><\/p>\n\n<p><strong>Golda Meir:<\/strong> chi sapeva cosa e quando? Perch\u00e9 non c&#8217;\u00e8 stata alcuna mobilitazione? Perch\u00e9 le comunit\u00e0 di confine erano cos\u00ec poco protette? Quali decisioni politiche e militari hanno portato a questo? Non si tratta di questioni di destra o di sinistra. Sono questioni di responsabilit\u00e0 nei confronti dei morti, dei sopravvissuti e delle generazioni future. Non ho mai governato Israele con i guanti. Ho guidato il mio Paese con la dura verit\u00e0. E questo \u00e8 esattamente ci\u00f2 che mi aspetto da coloro che oggi hanno la responsabilit\u00e0.          <\/p>\n\n<p><em><strong>Nota:<\/strong><\/em><em>  Questa intervista \u00e8 di fantasia. \u00c8 stata creata con l&#8217;aiuto di ChatGPT e si basa sulle dichiarazioni e sugli scritti di Golda Meir, oltre che su resoconti su di lei e su filmati storici. <\/em> <em>Nelle prossime settimane, terremo delle conversazioni fittizie con altre personalit\u00e0 di diverse aree della vita &#8211; politica, religione, scienza, cultura &#8211; che sono state importanti per l&#8217;ebraismo e Israele, per avvicinare le loro idee al pubblico di oggi. Il   <\/em><a href=\"https:\/\/fokusisrael.ch\/it\/notizie\/theodor-herzl-a-fokusisrael-ch-ho-sempre-detto-che-lo-stato-doveva-essere-laico\/\"><em>La prima intervista \u00e8 stata con Theodor Herzl<\/em><\/a><em> il fondatore del sionismo moderno, <\/em><a href=\"https:\/\/fokusisrael.ch\/it\/notizie\/chaim-weizmann-a-fokusisrael-ch-il-futuro-puo-basarsi-solo-sulla-cooperazione-con-gli-arabi\/\"><em>la seconda intervista \u00e8 stata fatta a Chaim Weizmann<\/em><\/a><em>il primo presidente di Israele e la terza con <\/em><a href=\"https:\/\/fokusisrael.ch\/it\/notizie\/david-ben-gurion-a-fokusisrael-ch-avevamo-un-vantaggio-stavamo-combattendo-per-la-nostra-esistenza\/\"><em>David Ben-Gurion, il primo Primo Ministro di Israele<\/em><\/a><em>.<\/em><\/p>\n\n<p><\/p>\n","protected":false},"excerpt":{"rendered":"<p>Sommario Golda Meir, come valuta l&#8217;attuale situazione in Medio Oriente? Golda Meir: I problemi di base non sono cambiati: Sicurezza, riconoscimento e sfiducia. La pace non viene da un&#8217;idea velleitaria, ma da decisioni difficili e da partner affidabili. Finch\u00e9 l&#8217;esistenza di Israele sar\u00e0 messa in discussione, la sicurezza rimane il nostro primo dovere. Sostengono che [&hellip;]<\/p>\n","protected":false},"author":2,"featured_media":8928,"comment_status":"closed","ping_status":"closed","sticky":false,"template":"","format":"standard","meta":{"_hide_socialbar":"","footnotes":""},"categories":[806],"tags":[3582,954,625,3453,3417,3596,3597,812,3598,3420,1227,1269,3584,3592,3593,3599,638,19,3331,647,972,3595,3594,656,3460,3523],"class_list":{"0":"post-8927","1":"post","2":"type-post","3":"status-publish","4":"format-standard","5":"has-post-thumbnail","6":"hentry","7":"category-notizie","8":"tag-7-ottobre-2023-3","9":"tag-7-ottobre-2023","10":"tag-antisemitismo","11":"tag-chaim-weizmann","13":"tag-commissione-agranat","14":"tag-commissione-dinchiesta","15":"tag-conflitto-in-medio-oriente","16":"tag-david-ben-gurion-2","17":"tag-david-ben-gurion","18":"tag-ebraismo","19":"tag-focus-su-israele","20":"tag-golda-meir","22":"tag-guerra-dello-yom-kippur","23":"tag-guida","24":"tag-hamas-it","25":"tag-hamas","26":"tag-intervista-fittizia","27":"tag-israele","28":"tag-politica-di-israele","29":"tag-responsabilita","30":"tag-sicurezza-in-israele","31":"tag-sionismo","32":"tag-storia-di-israele","33":"tag-storia-di-israele-2"},"aioseo_notices":[],"_links":{"self":[{"href":"https:\/\/fokusisrael.ch\/it\/wp-json\/wp\/v2\/posts\/8927","targetHints":{"allow":["GET"]}}],"collection":[{"href":"https:\/\/fokusisrael.ch\/it\/wp-json\/wp\/v2\/posts"}],"about":[{"href":"https:\/\/fokusisrael.ch\/it\/wp-json\/wp\/v2\/types\/post"}],"author":[{"embeddable":true,"href":"https:\/\/fokusisrael.ch\/it\/wp-json\/wp\/v2\/users\/2"}],"replies":[{"embeddable":true,"href":"https:\/\/fokusisrael.ch\/it\/wp-json\/wp\/v2\/comments?post=8927"}],"version-history":[{"count":1,"href":"https:\/\/fokusisrael.ch\/it\/wp-json\/wp\/v2\/posts\/8927\/revisions"}],"predecessor-version":[{"id":8929,"href":"https:\/\/fokusisrael.ch\/it\/wp-json\/wp\/v2\/posts\/8927\/revisions\/8929"}],"wp:featuredmedia":[{"embeddable":true,"href":"https:\/\/fokusisrael.ch\/it\/wp-json\/wp\/v2\/media\/8928"}],"wp:attachment":[{"href":"https:\/\/fokusisrael.ch\/it\/wp-json\/wp\/v2\/media?parent=8927"}],"wp:term":[{"taxonomy":"category","embeddable":true,"href":"https:\/\/fokusisrael.ch\/it\/wp-json\/wp\/v2\/categories?post=8927"},{"taxonomy":"post_tag","embeddable":true,"href":"https:\/\/fokusisrael.ch\/it\/wp-json\/wp\/v2\/tags?post=8927"}],"curies":[{"name":"wp","href":"https:\/\/api.w.org\/{rel}","templated":true}]}}