{"id":8907,"date":"2026-04-28T15:21:02","date_gmt":"2026-04-28T13:21:02","guid":{"rendered":"https:\/\/fokusisrael.ch\/senza-categoria\/ciao-srf-hezbollah-non-e-unorganizzazione-sociale-ma-unorganizzazione-terroristica\/"},"modified":"2026-04-28T15:21:44","modified_gmt":"2026-04-28T13:21:44","slug":"ciao-srf-hezbollah-non-e-unorganizzazione-sociale-ma-unorganizzazione-terroristica","status":"publish","type":"post","link":"https:\/\/fokusisrael.ch\/it\/notizie\/ciao-srf-hezbollah-non-e-unorganizzazione-sociale-ma-unorganizzazione-terroristica\/","title":{"rendered":"Ciao SRF, Hezbollah non \u00e8 un&#8217;organizzazione sociale, ma un&#8217;organizzazione terroristica."},"content":{"rendered":"\n<p><strong><u>Sommario<\/u><\/strong><\/p>\n\n<ul class=\"wp-block-list\">\n<li><strong>A <\/strong><a href=\"https:\/\/www.instagram.com\/reels\/DXgrawYAGJX\/\"><strong>Bobina SRF<\/strong><\/a><strong>  dice di voler spiegare &#8220;cos&#8217;\u00e8 Hezbollah&#8221;. Ma invece di fare chiarezza sulla natura terroristica dell&#8217;organizzazione, si sorvola su questo aspetto. <\/strong><\/li>\n\n\n\n<li><strong>Hezbollah appare nell&#8217;articolo principalmente come una forza religiosa, politica e sociale in Libano. <\/strong><strong>Il suo ruolo di organizzazione terroristica <\/strong><strong>\u00e8<\/strong><strong> in secondo piano<\/strong><strong>spostato in secondo piano<\/strong><strong>.<\/strong><\/li>\n\n\n\n<li><strong>Il fatto che Hezbollah in Libano <\/strong><strong>ha contribuito in modo significativo alla fuga dei cristiani<\/strong><strong>non \u00e8 un problema.<\/strong><\/li>\n\n\n\n<li><strong>Secondo SRF, Israele e l&#8217;esercito israeliano, che all&#8217;epoca invase il Libano, sono responsabili dell&#8217;esistenza di Hezbollah.<\/strong><\/li>\n\n\n\n<li><strong>Il fatto che questa invasione, sia nel 1978 che nel 1982, fosse una reazione agli attacchi terroristici provenienti dal Libano (e che avesse come obiettivo l&#8217;OLP) viene deliberatamente nascosto.  <\/strong><\/li>\n\n\n\n<li><strong>Al contrario, il rullo SRF fa riferimento pi\u00f9 volte agli &#8220;attacchi israeliani&#8221;, invece di chiarire che Hezbollah aveva gi\u00e0 attaccato Israele in modo massiccio con i razzi.<\/strong><\/li>\n\n\n\n<li><strong>Il programma rimane fedele allo schema narrativo della radio e della televisione pubblica svizzera: Israele \u00e8 una potenza militante aggressiva.<\/strong><\/li>\n\n\n\n<li><strong>Il fatto che gli oppositori di Israele vogliano distruggere lo Stato ebraico non \u00e8 degno di nota per SRF.<\/strong><\/li>\n<\/ul>\n\n<p>Da David Spuler<\/p>\n\n<p>Inizia con immagini dal Libano: case distrutte, cifre su appartamenti danneggiati, un cessate il fuoco. Poi la domanda: &#8220;Che cos&#8217;\u00e8 esattamente Hezbollah e quanto \u00e8 grande la sua influenza in Libano?&#8221;. <\/p>\n\n<p>Fin qui, tutto legittimo. Se vuoi capire la guerra nel nord di Israele e del Libano, devi capire Hezbollah. Ma \u00e8 proprio qui che inizia il problema: SRF non spiega Hezbollah in modo scorretto, SRF lo spiega in modo soft. Il rullo dice: Nel nostro Paese conosciamo Hezbollah soprattutto come un&#8217;organizzazione terroristica che attacca ripetutamente Israele e viene a sua volta attaccata da Israele. Ma \u00e8 anche un&#8217;organizzazione religiosa e politica.      <\/p>\n\n<p>Sembra equilibrato, ma non lo \u00e8. Perch\u00e9 questa rappresentazione da sola sposta la prospettiva. Hezbollah come organizzazione terroristica diventa la percezione occidentale, mentre il ruolo politico e sociale di Hezbollah in Libano diventa una realt\u00e0 molto pi\u00f9 importante. \u00c8 vero: Hezbollah non \u00e8 solo un gruppo armato in Libano. Siede in parlamento, gestisce organizzazioni sociali e controlla intere regioni. La stessa SRF lo descrive come <a href=\"https:\/\/www.srf.ch\/news\/international\/staat-im-staat-so-wird-der-libanon-von-der-hisbollah-beherrscht\">uno &#8220;Stato nello Stato&#8221;.<\/a> Nella bobina della SRF, questo fatto sembra essere pi\u00f9 una spiegazione che un problema. Infatti, lo Stato libanese non \u00e8 in grado di assumere le funzioni sociali di Hezbollah.         <\/p>\n\n<p><strong>&#8220;Israele e Iran non stanno bene insieme&#8221;.<\/strong><\/p>\n\n<p>Non viene spiegata la vera ragione di questo &#8220;stato nello stato&#8221;: la superiorit\u00e0 dell&#8217;organizzazione terroristica sciita rispetto all&#8217;esercito libanese. Inoltre, il rullo banalizza il motivo per cui l&#8217;Iran ha dato a Hezbollah un cos\u00ec massiccio sviluppo militare in Libano. &#8220;Israele e l&#8217;Iran non stanno bene insieme&#8221;, \u00e8 la citazione originale. Questo \u00e8 il modo &#8211; fuorviante &#8211; in cui la radiotelevisione pubblica svizzera descrive il fatto che il regime islamista dei mullah di Teheran ha dichiarato che la distruzione dello Stato ebraico \u00e8 una questione di Stato. E che Hezbollah \u00e8 un mezzo importante per raggiungere questo obiettivo.    <\/p>\n\n<p>Anche l&#8217;attuale escalation in Libano viene raccontata in modo &#8220;storto&#8221; da SRF. Il programma inizia con gli attacchi israeliani e la distruzione del Libano. La sofferenza in Libano \u00e8 reale. Ma manca il contesto: dopo il massacro del 7 ottobre, Hezbollah ha ricominciato a lanciare massicce quantit\u00e0 di razzi verso il nord di Israele durante l&#8217;ultima escalation con l&#8217;Iran. Il contrattacco israeliano \u00e8 stato solo una reazione a questo lancio di razzi, che ha costretto oltre mezzo milione di israeliani a trascorrere la maggior parte del tempo nei rifugi o a fuggire dalle loro case e appartamenti per settimane.    <\/p>\n\n<p>Per quanto riguarda la contro-reazione israeliana, il narratore della SRF afferma in modo conciso che Hezbollah non pu\u00f2 essere semplicemente &#8220;bombardato&#8221; fuori dal Libano. Si tratta di una frase comoda perch\u00e9 fa apparire immediatamente qualsiasi critica severa nei confronti di Hezbollah come ingenua o brutale. Ma la vera domanda \u00e8 un&#8217;altra: perch\u00e9 una milizia controllata dall&#8217;Iran pu\u00f2 essere pi\u00f9 forte dello Stato libanese?    <\/p>\n\n<p>\u00c8 significativo che l&#8217;articolo non menzioni che lo stesso Hezbollah \u00e8 molto criticato in Libano. Il presidente Joseph Aoun, che attualmente sta conducendo colloqui di pace con Israele, ha recentemente condannato Hezbollah con le seguenti parole: &#8220;Quando avete iniziato la guerra (contro Israele, ndr), avete prima chiesto se il nostro stato fosse d&#8217;accordo?&#8221;. E Peter Germanos, ex presidente del tribunale militare libanese, ha scritto su X (ex Twitter): &#8220;Hezbollah sta lavorando per abolire lo stato libanese&#8221;.   <\/p>\n\n<p><strong>Per SRF, Israele \u00e8 l&#8217;eterno aggressore<\/strong><\/p>\n\n<p>Ma ovviamente queste parole non rientrano nell&#8217;inquadramento di Israele da parte della SRF, che segue sempre lo stesso schema: Israele bombarda, Israele \u00e8 l&#8217;aggressore. Gli avversari di Israele, comprese le organizzazioni terroristiche come Hezbollah, vengono minimizzati come organizzazioni sociali. <\/p>\n\n<p>La SRF \u00e8 gi\u00e0 stata criticata ufficialmente diverse volte per i suoi servizi sul Medio Oriente. Nel 2025, ad esempio, l&#8217;Autorit\u00e0 Indipendente per i Reclami della Radio e della Televisione (UBI) \u00e8 giunta alla conclusione che la SRF ha violato il requisito della diversit\u00e0 quando ha fatto un servizio sulle <a href=\"https:\/\/www.ubi.admin.ch\/de\/aktuell\/news\/srf-berichterstattung-ueber-proteste-an-universitaeten\">proteste di Gaza nelle universit\u00e0<\/a>, perch\u00e9 mancavano importanti fatti e informazioni di base. Anche l&#8217;ufficio del difensore civico della SSR ha criticato un servizio della SRF Kids sul conflitto in Medio Oriente ritenendolo inadeguato, in parte a causa dell&#8217;inadeguata classificazione di Hamas e Hezbollah.    <\/p>\n\n<p>Alla fine del &#8220;video esplicativo&#8221;, il giovane narratore del filmato di Hezbollah chiede: &#8220;Avete capito ora?&#8221;. S\u00ec, abbiamo capito: L&#8217;ostilit\u00e0 nei confronti di Israele alla radio e alla televisione svizzera \u00e8 diffusa come non mai. <\/p>\n","protected":false},"excerpt":{"rendered":"<p>Sommario Da David Spuler Inizia con immagini dal Libano: case distrutte, cifre su appartamenti danneggiati, un cessate il fuoco. Poi la domanda: &#8220;Che cos&#8217;\u00e8 esattamente Hezbollah e quanto \u00e8 grande la sua influenza in Libano?&#8221;. Fin qui, tutto legittimo. Se vuoi capire la guerra nel nord di Israele e del Libano, devi capire Hezbollah. Ma [&hellip;]<\/p>\n","protected":false},"author":2,"featured_media":8908,"comment_status":"closed","ping_status":"closed","sticky":false,"template":"","format":"standard","meta":{"_hide_socialbar":"","footnotes":""},"categories":[806],"tags":[3582,954,3395,812,1412,7,387,64,647,3464,3390,3185,3566,3581,3583,2958,3071,201,3564,3579,3580],"class_list":{"0":"post-8907","1":"post","2":"type-post","3":"status-publish","4":"format-standard","5":"has-post-thumbnail","6":"hentry","7":"category-notizie","8":"tag-7-ottobre-2023-3","9":"tag-7-ottobre-2023","10":"tag-attacchi-missilistici","11":"tag-conflitto-in-medio-oriente","12":"tag-critica-dei-media","13":"tag-gaza","14":"tag-hezbollah","15":"tag-iran","16":"tag-israele","17":"tag-joseph-aoun","18":"tag-libano","19":"tag-organizzazione-terroristica","20":"tag-peter-germanos","22":"tag-pregiudizi-dei-media-svizzera","23":"tag-radio-e-televisione-svizzera","24":"tag-regime-del-mullah","25":"tag-srf","26":"tag-ubi","28":"tag-ufficio-dellombudsman-della-srg"},"aioseo_notices":[],"_links":{"self":[{"href":"https:\/\/fokusisrael.ch\/it\/wp-json\/wp\/v2\/posts\/8907","targetHints":{"allow":["GET"]}}],"collection":[{"href":"https:\/\/fokusisrael.ch\/it\/wp-json\/wp\/v2\/posts"}],"about":[{"href":"https:\/\/fokusisrael.ch\/it\/wp-json\/wp\/v2\/types\/post"}],"author":[{"embeddable":true,"href":"https:\/\/fokusisrael.ch\/it\/wp-json\/wp\/v2\/users\/2"}],"replies":[{"embeddable":true,"href":"https:\/\/fokusisrael.ch\/it\/wp-json\/wp\/v2\/comments?post=8907"}],"version-history":[{"count":1,"href":"https:\/\/fokusisrael.ch\/it\/wp-json\/wp\/v2\/posts\/8907\/revisions"}],"predecessor-version":[{"id":8909,"href":"https:\/\/fokusisrael.ch\/it\/wp-json\/wp\/v2\/posts\/8907\/revisions\/8909"}],"wp:featuredmedia":[{"embeddable":true,"href":"https:\/\/fokusisrael.ch\/it\/wp-json\/wp\/v2\/media\/8908"}],"wp:attachment":[{"href":"https:\/\/fokusisrael.ch\/it\/wp-json\/wp\/v2\/media?parent=8907"}],"wp:term":[{"taxonomy":"category","embeddable":true,"href":"https:\/\/fokusisrael.ch\/it\/wp-json\/wp\/v2\/categories?post=8907"},{"taxonomy":"post_tag","embeddable":true,"href":"https:\/\/fokusisrael.ch\/it\/wp-json\/wp\/v2\/tags?post=8907"}],"curies":[{"name":"wp","href":"https:\/\/api.w.org\/{rel}","templated":true}]}}