{"id":6852,"date":"2025-12-18T16:49:49","date_gmt":"2025-12-18T15:49:49","guid":{"rendered":"https:\/\/fokusisrael.ch\/senza-categoria\/zurigo-i-verdi-liberali-si-prostrano-davanti-agli-islamisti\/"},"modified":"2026-01-23T00:34:53","modified_gmt":"2026-01-22T23:34:53","slug":"zurigo-i-verdi-liberali-si-prostrano-davanti-agli-islamisti","status":"publish","type":"post","link":"https:\/\/fokusisrael.ch\/it\/notizie\/zurigo-i-verdi-liberali-si-prostrano-davanti-agli-islamisti\/","title":{"rendered":"Zurigo: i verdi liberali si prostrano davanti agli islamisti"},"content":{"rendered":"\n<p>Da Sacha Wigdorovits<\/p>\n\n<p>Non \u00e8 una novit\u00e0 che la citt\u00e0 rosso-verde di Zurigo sia un buon posto per gli islamisti radicali e i post-colonialisti altrettanto radicali. Non solo possono gridare i loro messaggi di odio antisemita travestiti da &#8220;antisionismo&#8221; durante le manifestazioni di piazza. Vengono anche regolarmente ospitati in istituzioni come la Rote Fabrik o la Zentralw\u00e4scherei, sovvenzionate dalla citt\u00e0. Tutto questo con la benedizione del governo cittadino, che invoca il pluralismo politico e il diritto alla libert\u00e0 di espressione.     <\/p>\n\n<p>Ora questa politica anti-Israele, che finora era stata sostenuta solo dal partito rosso-verde, sta ricevendo un sostegno dal centro politico: dal Partito Verde Liberale (GLP) della citt\u00e0 di Zurigo. La direzione del partito ha rimproverato pubblicamente il suo membro Ronny Siev &#8211; apparentemente contro la raccomandazione della direzione cantonale del partito &#8211; perch\u00e9 aveva diffuso post che criticavano l&#8217;Islam di altri utenti di Facebook. Siev \u00e8 stato un membro fondatore del GLP della citt\u00e0 di Zurigo ed \u00e8 uno dei 15 rappresentanti del GLP nel parlamento cittadino (consiglio comunale) composto da 125 membri.    <\/p>\n\n<p>Anche lui \u00e8 ebreo e si batte con forza nel consiglio comunale e sui social media contro l&#8217;antisemitismo sempre pi\u00f9 aggressivo e l&#8217;ostilit\u00e0 nei confronti di Israele a Zurigo, in seguito al massacro di 1.200 israeliani e altri cittadini da parte di Hamas il 7 ottobre 2023.<\/p>\n\n<p>Nel corso di questo impegno, Siev ha diffuso su Facebook un post di una giornalista tedesca che scriveva: &#8220;Quasi tutti i musulmani odiano gli ebrei&#8221;. E su Instagram ha ripubblicato un messaggio che definiva l&#8217;Islam un &#8220;culto della morte&#8221;. Questo nel contesto dei muri e delle barriere che Israele ha eretto contro i terroristi palestinesi e gli attentatori suicidi a Gaza e in Cisgiordania.  <\/p>\n\n<p>Rispetto alle dichiarazioni antiebraiche che si leggono milioni di volte al giorno sui social media, questi due post sembrano innocui. E, come ho detto, non sono nemmeno stati fatti da Ronny Siev in persona. Tuttavia, gli sono valsi una denuncia penale per violazione dell&#8217;articolo <sup>261bis<\/sup> del Codice Penale svizzero, il cosiddetto &#8220;reato antirazzista&#8221;.    <\/p>\n\n<p>Almeno questo \u00e8 quanto sostiene la piattaforma online anti-israeliana Baba News, vicina agli islamisti radicali. Lo stesso Siev non \u00e8 ancora a conoscenza della denuncia penale. Se esiste, \u00e8 improbabile che abbia qualche possibilit\u00e0 di successo legale.  <\/p>\n\n<p>Baba News, invece, ha trasformato la vicenda in una storia pi\u00f9 grande. L&#8217;obiettivo era chiaro: Siev doveva essere diffamato dal suo partito, il GLP, e messo a tacere come veemente difensore di Israele e attivista contro l&#8217;odio verso gli ebrei. <\/p>\n\n<p>Questo approccio fa parte del modello di business di Baba News e di altri circoli vicini agli islamisti radicali. Chiunque si esprima pubblicamente a favore di Israele viene attaccato con mezzi legali e\/o mediatici per farlo tacere. Baba News ha gi\u00e0 tentato di fare lo stesso con l&#8217;autore e recentemente con la Societ\u00e0 Svizzera per Israele GSI. Entrambe le volte senza successo.   <\/p>\n\n<p>Anche nel caso di Ronny Siev, lo stratagemma della diffamazione non sembrava funzionare all&#8217;inizio. In una prima dichiarazione, la direzione del partito dei Verdi Liberali della citt\u00e0 di Zurigo ha spiegato che questi post erano una questione privata di Siev. <\/p>\n\n<p>Ma poi sono arrivate alcune e-mail critiche e questo \u00e8 bastato al comitato esecutivo del partito cittadino per cedere alle pressioni e strisciare davanti ai circoli islamisti. Ha convocato il suo membro Ronny Siev per una riunione, lo ha avvertito e ha reso pubblica la notizia. <\/p>\n\n<p>Tuttavia, Siev ha reso facile alla leadership del partito metterlo alla gogna. Contrariamente alle raccomandazioni dei circoli musulmani, si \u00e8 scusato per la diffusione dei due post, anche se non c&#8217;era alcun motivo per farlo. Secondo il motto &#8220;Qui s&#8217;excuse s&#8217;accuse &#8211; chi si scusa si accusa&#8221;, Siev ha cos\u00ec aperto la porta alla sua pubblica escoriazione da parte dei suoi stessi superiori di partito.  <\/p>\n\n<p>Ma anche la direzione del partito GLP nella citt\u00e0 di Zurigo ha fatto un autogol. Il suo approccio ha trasformato un evento del tutto inesistente &#8211; a parte qualche email, non c&#8217;\u00e8 stata alcuna reazione al suddetto e noioso servizio di Baba News &#8211; in una storia mediatica. Resta da vedere se questo aiuter\u00e0 i Verdi Liberali a conquistare altri voti alle elezioni comunali nella citt\u00e0 di Zurigo dell&#8217;8 marzo 2026. Il comportamento della dirigenza del partito GLP lascia un retrogusto stantio anche per un altro motivo: quando Ronny Siev ha ricevuto minacce di morte qualche mese fa a causa del suo impegno pubblico contro l&#8217;odio verso gli ebrei e a favore di Israele, la dirigenza del partito non ha avuto alcuna solidariet\u00e0 ed \u00e8 rimasta passiva. Questo si inserisce anche nell&#8217;attuale clima politico della citt\u00e0 di Zurigo.    <\/p>\n\n<hr class=\"wp-block-separator has-alpha-channel-opacity\"\/>\n\n<p>Sacha Wigdorovits \u00e8 presidente dell&#8217;associazione Fokus Israel und Nahost, che gestisce il sito web fokusisrael.ch. Ha studiato storia, tedesco e psicologia sociale all&#8217;Universit\u00e0 di Zurigo e ha lavorato come corrispondente dagli Stati Uniti per la SonntagsZeitung, \u00e8 stato caporedattore di BLICK e cofondatore del giornale per pendolari 20minuten.   <\/p>\n","protected":false},"excerpt":{"rendered":"<p>Da Sacha Wigdorovits Non \u00e8 una novit\u00e0 che la citt\u00e0 rosso-verde di Zurigo sia un buon posto per gli islamisti radicali e i post-colonialisti altrettanto radicali. Non solo possono gridare i loro messaggi di odio antisemita travestiti da &#8220;antisionismo&#8221; durante le manifestazioni di piazza. Vengono anche regolarmente ospitati in istituzioni come la Rote Fabrik o [&hellip;]<\/p>\n","protected":false},"author":2,"featured_media":6853,"comment_status":"closed","ping_status":"closed","sticky":false,"template":"","format":"standard","meta":{"_hide_socialbar":"","footnotes":""},"categories":[806],"tags":[1105,625,2121,951,647,1582,701,2123,2122,633],"class_list":["post-6852","post","type-post","status-publish","format-standard","has-post-thumbnail","hentry","category-notizie","tag-analisi-proprie","tag-antisemitismo","tag-bpl","tag-islamismo","tag-israele","tag-liberta-di-espressione","tag-odio-per-gli-ebrei","tag-politica-urbana","tag-ronny-siev","tag-zurigo"],"aioseo_notices":[],"_links":{"self":[{"href":"https:\/\/fokusisrael.ch\/it\/wp-json\/wp\/v2\/posts\/6852","targetHints":{"allow":["GET"]}}],"collection":[{"href":"https:\/\/fokusisrael.ch\/it\/wp-json\/wp\/v2\/posts"}],"about":[{"href":"https:\/\/fokusisrael.ch\/it\/wp-json\/wp\/v2\/types\/post"}],"author":[{"embeddable":true,"href":"https:\/\/fokusisrael.ch\/it\/wp-json\/wp\/v2\/users\/2"}],"replies":[{"embeddable":true,"href":"https:\/\/fokusisrael.ch\/it\/wp-json\/wp\/v2\/comments?post=6852"}],"version-history":[{"count":1,"href":"https:\/\/fokusisrael.ch\/it\/wp-json\/wp\/v2\/posts\/6852\/revisions"}],"predecessor-version":[{"id":6854,"href":"https:\/\/fokusisrael.ch\/it\/wp-json\/wp\/v2\/posts\/6852\/revisions\/6854"}],"wp:featuredmedia":[{"embeddable":true,"href":"https:\/\/fokusisrael.ch\/it\/wp-json\/wp\/v2\/media\/6853"}],"wp:attachment":[{"href":"https:\/\/fokusisrael.ch\/it\/wp-json\/wp\/v2\/media?parent=6852"}],"wp:term":[{"taxonomy":"category","embeddable":true,"href":"https:\/\/fokusisrael.ch\/it\/wp-json\/wp\/v2\/categories?post=6852"},{"taxonomy":"post_tag","embeddable":true,"href":"https:\/\/fokusisrael.ch\/it\/wp-json\/wp\/v2\/tags?post=6852"}],"curies":[{"name":"wp","href":"https:\/\/api.w.org\/{rel}","templated":true}]}}