{"id":6696,"date":"2025-12-09T18:07:08","date_gmt":"2025-12-09T17:07:08","guid":{"rendered":"https:\/\/fokusisrael.ch\/senza-categoria\/noemi-van-gelder-vince-le-elezioni-direzionali-nellicz\/"},"modified":"2025-12-09T20:24:25","modified_gmt":"2025-12-09T19:24:25","slug":"noemi-van-gelder-vince-le-elezioni-direzionali-nellicz","status":"publish","type":"post","link":"https:\/\/fokusisrael.ch\/it\/notizie\/noemi-van-gelder-vince-le-elezioni-direzionali-nellicz\/","title":{"rendered":"No\u00ebmi van Gelder vince le elezioni direzionali nell&#8217;ICZ"},"content":{"rendered":"\n<p>No\u00ebmi van Gelder (51) \u00e8 il nuovo Presidente della Comunit\u00e0 Ebraica di Zurigo ICZ, la pi\u00f9 grande comunit\u00e0 ebraica della Svizzera con 2.500 membri. Nel corso di un&#8217;assemblea generale a cui hanno partecipato oltre 700 membri, No\u00ebmi van Gelder ha vinto l&#8217;elezione contro Arthur Braunschweig (66) e Edi Rosenstein (69), che si erano candidati come co-presidenti, con 502 voti a favore e 214 contrari. No\u00ebmi van Gelder subentrer\u00e0 quindi al Presidente uscente Jacques Lande il 1\u00b0 gennaio 2026. Van Gelder \u00e8 anche Presidente dell&#8217;Associazione delle Organizzazioni Ebraiche Svizzere VSJF.   <\/p>\n\n<p>La decisione dell&#8217;Assemblea Generale ha a che fare con la personalit\u00e0 di van Gelder e con il suo curriculum fino ad oggi. \u00c8 considerata una persona disponibile e intraprendente e lo ha dimostrato pi\u00f9 volte nei suoi cinque anni di permanenza nel Consiglio dell&#8217;ICZ, gli ultimi due dei quali come Vicepresidente. Ad esempio, dopo lo scoppio della guerra in Ucraina, \u00e8 stata responsabile della rapida creazione di un&#8217;organizzazione di aiuti per i rifugiati ucraini presso l&#8217;ICZ.    <\/p>\n\n<p>Tuttavia, anche il rapporto di No\u00ebmi van Gelder con Israele \u00e8 stato decisivo per la chiara scelta dei membri dell&#8217;ICZ. A causa dell&#8217;antisemitismo diffuso e delle critiche massicce a Israele, in particolare da parte della sinistra politica, a seguito della guerra a Gaza, il rapporto tra gli ebrei della diaspora e Israele \u00e8 stato al centro delle elezioni. Il fatto che il 70% dei membri dell&#8217;ICZ abbia votato per No\u00ebmi van Gelder come presidente dimostra che condividono il suo &#8220;impegno per il diritto di Israele a esistere come Stato ebraico, scolpito nella pietra&#8221;. Allo stesso tempo, non hanno creduto agli avversari di van Gelder, Braunschweig e Rosenstein, che sono vicini al Forum ebraico svizzero di sinistra Gesher, su questo tema attualmente fondamentale.     <\/p>\n\n<p>Qualche settimana fa, il consiglio di Gesher ha accusato il consiglio governativo del Cantone di Zurigo di avere &#8220;sfumature razziste&#8221; perch\u00e9 ha rifiutato di accogliere i bambini provenienti da Gaza con un&#8217;assicurazione di guerra per motivi di sicurezza. Questo perch\u00e9 i bambini sono accompagnati da tre o quattro adulti ciascuno, che devono essere attribuiti ad Hamas o vicini all&#8217;organizzazione terroristica. Van Gelder e il presidente uscente dell&#8217;ICZ Lande avevano condannato con forza le critiche di Gesher al Consiglio di Governo.  <\/p>\n\n<p>La successiva elezione di un ulteriore membro del Consiglio di Amministrazione dimostra che l&#8217;Assemblea Generale Annuale \u00e8 stata una vera e propria elezione di direzione. Patrick Balkanyi, che \u00e8 vicino a No\u00ebmi van Gelder, ha prevalso su Arthur Braunschweig con 429 voti contro 194. La pi\u00f9 grande comunit\u00e0 ebraica della Svizzera rimarr\u00e0 quindi saldamente al fianco di Israele anche in futuro.  <\/p>\n","protected":false},"excerpt":{"rendered":"<p>No\u00ebmi van Gelder (51) \u00e8 il nuovo Presidente della Comunit\u00e0 Ebraica di Zurigo ICZ, la pi\u00f9 grande comunit\u00e0 ebraica della Svizzera con 2.500 membri. Nel corso di un&#8217;assemblea generale a cui hanno partecipato oltre 700 membri, No\u00ebmi van Gelder ha vinto l&#8217;elezione contro Arthur Braunschweig (66) e Edi Rosenstein (69), che si erano candidati come [&hellip;]<\/p>\n","protected":false},"author":2,"featured_media":6697,"comment_status":"closed","ping_status":"closed","sticky":false,"template":"","format":"standard","meta":{"_hide_socialbar":"","footnotes":""},"categories":[806],"tags":[625,2016,2014,2015,1980,712,647,1669,1002,1182,633],"class_list":["post-6696","post","type-post","status-publish","format-standard","has-post-thumbnail","hentry","category-notizie","tag-antisemitismo","tag-comunita","tag-comunita-ebraica","tag-diaspora","tag-elezioni","tag-icz-it","tag-israele","tag-noemi-van-gelder","tag-politica","tag-sicurezza","tag-zurigo"],"aioseo_notices":[],"_links":{"self":[{"href":"https:\/\/fokusisrael.ch\/it\/wp-json\/wp\/v2\/posts\/6696","targetHints":{"allow":["GET"]}}],"collection":[{"href":"https:\/\/fokusisrael.ch\/it\/wp-json\/wp\/v2\/posts"}],"about":[{"href":"https:\/\/fokusisrael.ch\/it\/wp-json\/wp\/v2\/types\/post"}],"author":[{"embeddable":true,"href":"https:\/\/fokusisrael.ch\/it\/wp-json\/wp\/v2\/users\/2"}],"replies":[{"embeddable":true,"href":"https:\/\/fokusisrael.ch\/it\/wp-json\/wp\/v2\/comments?post=6696"}],"version-history":[{"count":4,"href":"https:\/\/fokusisrael.ch\/it\/wp-json\/wp\/v2\/posts\/6696\/revisions"}],"predecessor-version":[{"id":6718,"href":"https:\/\/fokusisrael.ch\/it\/wp-json\/wp\/v2\/posts\/6696\/revisions\/6718"}],"wp:featuredmedia":[{"embeddable":true,"href":"https:\/\/fokusisrael.ch\/it\/wp-json\/wp\/v2\/media\/6697"}],"wp:attachment":[{"href":"https:\/\/fokusisrael.ch\/it\/wp-json\/wp\/v2\/media?parent=6696"}],"wp:term":[{"taxonomy":"category","embeddable":true,"href":"https:\/\/fokusisrael.ch\/it\/wp-json\/wp\/v2\/categories?post=6696"},{"taxonomy":"post_tag","embeddable":true,"href":"https:\/\/fokusisrael.ch\/it\/wp-json\/wp\/v2\/tags?post=6696"}],"curies":[{"name":"wp","href":"https:\/\/api.w.org\/{rel}","templated":true}]}}