{"id":6589,"date":"2025-12-05T16:39:53","date_gmt":"2025-12-05T15:39:53","guid":{"rendered":"https:\/\/fokusisrael.ch\/senza-categoria\/aspettando-il-prossimo-incontro-impressioni-di-un-viaggio-in-israele\/"},"modified":"2026-01-23T00:35:39","modified_gmt":"2026-01-22T23:35:39","slug":"aspettando-il-prossimo-incontro-impressioni-di-un-viaggio-in-israele","status":"publish","type":"post","link":"https:\/\/fokusisrael.ch\/it\/notizie\/aspettando-il-prossimo-incontro-impressioni-di-un-viaggio-in-israele\/","title":{"rendered":"Aspettando il prossimo incontro &#8211; impressioni di un viaggio in Israele"},"content":{"rendered":"\n<p>Da Sacha Wigdorovits<\/p>\n\n<div class=\"alignnormal\"><div id=\"metaslider-id-6622\" style=\"width: 100%; margin: 0 auto;\" class=\"ml-slider-3-108-0 metaslider metaslider-flex metaslider-6622 ml-slider ms-theme-default-base nav-hidden\" role=\"region\" aria-label=\"New Slideshow\" data-height=\"800\" data-width=\"1200\">\n    <div id=\"metaslider_container_6622\">\n        <div id=\"metaslider_6622\">\n            <ul aria-live='off' class='slides'>\n                <li style=\"display: block; width: 100%;\" class=\"slide-6635 ms-image \" aria-roledescription=\"slide\" data-date=\"2025-12-05 21:37:14\" data-filename=\"1.-Strand-Tel-Aviv-1200x800.jpg\" data-slide-type=\"image\"><img loading=\"lazy\" decoding=\"async\" src=\"https:\/\/fokusisrael.ch\/wp-content\/uploads\/2025\/12\/1.-Strand-Tel-Aviv-1200x800.jpg\" height=\"800\" width=\"1200\" alt=\"Tr\u00fcgerische Normalit\u00e4t: Alltag an der Strandpromenade in Tel Aviv.\" class=\"slider-6622 slide-6635 msDefaultImage\" title=\"Strand Tel Aviv\" \/><div class=\"caption-wrap\"><div class=\"caption\">Tr\u00fcgerische Normalit\u00e4t: Alltag an der Strandpromenade in Tel Aviv.<\/div><\/div><\/li>\n                <li style=\"display: none; width: 100%;\" class=\"slide-6623 ms-image \" aria-roledescription=\"slide\" data-date=\"2025-12-05 20:58:03\" data-filename=\"2.-Skyline-Tel-Aviv-scaled-1200x800.webp\" data-slide-type=\"image\"><img loading=\"lazy\" decoding=\"async\" src=\"https:\/\/fokusisrael.ch\/wp-content\/uploads\/2025\/12\/2.-Skyline-Tel-Aviv-scaled-1200x800.webp\" height=\"800\" width=\"1200\" alt=\"Die Skyline von Tel Aviv.\" class=\"slider-6622 slide-6623 msDefaultImage\" title=\"Skyline Tel Aviv\" \/><div class=\"caption-wrap\"><div class=\"caption\">Die Skyline von Tel Aviv.<\/div><\/div><\/li>\n                <li style=\"display: none; width: 100%;\" class=\"slide-6631 ms-image \" aria-roledescription=\"slide\" data-date=\"2025-12-05 20:58:03\" data-filename=\"3.-Nova-Festival-1-scaled-1200x800.jpeg\" data-slide-type=\"image\"><img loading=\"lazy\" decoding=\"async\" src=\"https:\/\/fokusisrael.ch\/wp-content\/uploads\/2025\/12\/3.-Nova-Festival-1-scaled-1200x800.jpeg\" height=\"800\" width=\"1200\" alt=\"Gedenktafeln f\u00fcr die Ermordeten des Nova Festivals.\" class=\"slider-6622 slide-6631 msDefaultImage\" title=\"Nova Festival 1\" \/><div class=\"caption-wrap\"><div class=\"caption\">Gedenktafeln f\u00fcr die Ermordeten des Nova Festivals.<\/div><\/div><\/li>\n                <li style=\"display: none; width: 100%;\" class=\"slide-6627 ms-image \" aria-roledescription=\"slide\" data-date=\"2025-12-05 20:58:03\" data-filename=\"4.-Autofriedhof-scaled-1200x800.jpg\" data-slide-type=\"image\"><img loading=\"lazy\" decoding=\"async\" src=\"https:\/\/fokusisrael.ch\/wp-content\/uploads\/2025\/12\/4.-Autofriedhof-scaled-1200x800.jpg\" height=\"800\" width=\"1200\" alt=\"Von der Hamas beschossen, dann mitsamt der Insassen angez\u00fcndet: ausgebranntes Rettungsfahrzeug in Tekuma.\" class=\"slider-6622 slide-6627 msDefaultImage\" title=\"Autofriedhof\" \/><div class=\"caption-wrap\"><div class=\"caption\">Von der Hamas beschossen, dann mitsamt der Insassen angez\u00fcndet: ausgebranntes Rettungsfahrzeug in Tekuma.<\/div><\/div><\/li>\n                <li style=\"display: none; width: 100%;\" class=\"slide-6626 ms-image \" aria-roledescription=\"slide\" data-date=\"2025-12-05 20:58:03\" data-filename=\"5.-Dror-Trabelsi-scaled-1200x800.jpg\" data-slide-type=\"image\"><img loading=\"lazy\" decoding=\"async\" src=\"https:\/\/fokusisrael.ch\/wp-content\/uploads\/2025\/12\/5.-Dror-Trabelsi-scaled-1200x800.jpg\" height=\"800\" width=\"1200\" alt=\"Helfer von der ersten Stunde an: \u00abShuva Brother\u00bb Dror Trabelsi bei der unentgeltlichen Essensverteilung in seiner Holzbaracke.\" class=\"slider-6622 slide-6626 msDefaultImage\" title=\"Dror Trabelsi\" \/><div class=\"caption-wrap\"><div class=\"caption\">Helfer von der ersten Stunde an: \u00abShuva Brother\u00bb Dror Trabelsi bei der unentgeltlichen Essensverteilung in seiner Holzbaracke.<\/div><\/div><\/li>\n                <li style=\"display: none; width: 100%;\" class=\"slide-6632 ms-image \" aria-roledescription=\"slide\" data-date=\"2025-12-05 20:58:03\" data-filename=\"6.-Unifil-Posten-neben-Hisbollah-Waffenlager-scaled-1200x800.jpeg\" data-slide-type=\"image\"><img loading=\"lazy\" decoding=\"async\" src=\"https:\/\/fokusisrael.ch\/wp-content\/uploads\/2025\/12\/6.-Unifil-Posten-neben-Hisbollah-Waffenlager-scaled-1200x800.jpeg\" height=\"800\" width=\"1200\" alt=\"Posten er UNO-Friedenstruppe Unifil in Libanon an der Grenze zu Israel. Die UNO-Soldaten schauten zu, wie die Hisbollah im benachbarten Dorf ein riesiges Waffenlager anlegte.\" class=\"slider-6622 slide-6632 msDefaultImage\" title=\"Unifil-Posten neben Hisbollah-Waffenlager\" \/><div class=\"caption-wrap\"><div class=\"caption\">Posten er UNO-Friedenstruppe Unifil in Libanon an der Grenze zu Israel. Die UNO-Soldaten schauten zu, wie die Hisbollah im benachbarten Dorf ein riesiges Waffenlager anlegte.<\/div><\/div><\/li>\n                <li style=\"display: none; width: 100%;\" class=\"slide-6636 ms-image \" aria-roledescription=\"slide\" data-date=\"2025-12-05 21:41:40\" data-filename=\"7.-Schutzwallzum-Libanon-scaled-1200x800.jpeg\" data-slide-type=\"image\"><img loading=\"lazy\" decoding=\"async\" src=\"https:\/\/fokusisrael.ch\/wp-content\/uploads\/2025\/12\/7.-Schutzwallzum-Libanon-scaled-1200x800.jpeg\" height=\"800\" width=\"1200\" alt=\"Sicherheitswall an der Grenze zum Libanon. Die Hisbollah hatte darunter Tunnels f\u00fcr die Invasion Israels gebohrt.\" class=\"slider-6622 slide-6636 msDefaultImage\" title=\"Schutzwallzum Libanon\" \/><div class=\"caption-wrap\"><div class=\"caption\">Sicherheitswall an der Grenze zum Libanon. Die Hisbollah hatte darunter Tunnels f\u00fcr die Invasion Israels gebohrt.<\/div><\/div><\/li>\n                <li style=\"display: none; width: 100%;\" class=\"slide-6628 ms-image \" aria-roledescription=\"slide\" data-date=\"2025-12-05 20:58:03\" data-filename=\"8.-Demo-in-Haifa-1102x735.jpg\" data-slide-type=\"image\"><img loading=\"lazy\" decoding=\"async\" src=\"https:\/\/fokusisrael.ch\/wp-content\/uploads\/2025\/12\/8.-Demo-in-Haifa-1102x735.jpg\" height=\"800\" width=\"1200\" alt=\"Jeden Samstagabend, ohne Ausnahme: Demonstration in Haifa\" class=\"slider-6622 slide-6628 msDefaultImage\" title=\"Haifa\" \/><div class=\"caption-wrap\"><div class=\"caption\">Jeden Samstagabend, ohne Ausnahme: Demonstration in Haifa<\/div><\/div><\/li>\n                <li style=\"display: none; width: 100%;\" class=\"slide-6624 ms-image \" aria-roledescription=\"slide\" data-date=\"2025-12-05 20:58:03\" data-filename=\"klagemauer-1-1200x800.jpg\" data-slide-type=\"image\"><img loading=\"lazy\" decoding=\"async\" src=\"https:\/\/fokusisrael.ch\/wp-content\/uploads\/2025\/12\/klagemauer-1-1200x800.jpg\" height=\"800\" width=\"1200\" alt=\"Klagemauer in Jerusalem\" class=\"slider-6622 slide-6624 msDefaultImage\" title=\"klagemauer\" \/><div class=\"caption-wrap\"><div class=\"caption\">Klagemauer in Jerusalem<\/div><\/div><\/li>\n                <li style=\"display: none; width: 100%;\" class=\"slide-6637 ms-image \" aria-roledescription=\"slide\" data-date=\"2025-12-05 21:42:15\" data-filename=\"11.-Gaza-1200x800.jpeg\" data-slide-type=\"image\"><img loading=\"lazy\" decoding=\"async\" src=\"https:\/\/fokusisrael.ch\/wp-content\/uploads\/2025\/12\/11.-Gaza-1200x800.jpeg\" height=\"800\" width=\"1200\" alt=\"Nicht nur ein Tr\u00fcmmerfeld: \u00f6stliches Gaza\" class=\"slider-6622 slide-6637 msDefaultImage\" title=\"Gaza\" \/><div class=\"caption-wrap\"><div class=\"caption\">Nicht nur ein Tr\u00fcmmerfeld: \u00f6stliches Gaza<\/div><\/div><\/li>\n            <\/ul>\n        <\/div>\n        \n    <\/div>\n<\/div><\/div>\n\n<p>Camminando sul lungomare di Tel Aviv, sia a sud verso Jaffa che a nord verso i caff\u00e8, i ristoranti e i negozi vicino al porto vecchio, ti immagini di essere nel pieno della normalit\u00e0.<\/p>\n\n<p>Donne e uomini di tutte le et\u00e0 fanno jogging come sempre con le cuffie nelle orecchie. I nonni portano i nipoti a fare un giro in bicicletta. E i proprietari di cani lasciano che i loro amici a quattro zampe si scatenino sulla spiaggia appositamente riservata, per poi lavare la sabbia dal loro pelo con lo shampoo nella doccia per cani. Non \u00e8 un caso che Leon de Winter abbia intitolato il suo ultimo romanzo, in cui Tel Aviv ha un ruolo centrale, &#8220;Citt\u00e0 dei cani&#8221;. E non mancano nemmeno i gatti ben nutriti.    <\/p>\n\n<p>Ma questa atmosfera pacifica \u00e8 ingannevole. Israele \u00e8 ancora traumatizzato dal 7 ottobre 2023, cosa particolarmente evidente quando si visita il sito del Nova Festival, dove Hamas e i suoi aiutanti di Gaza hanno brutalmente assassinato oltre 400 partecipanti al festival che stavano festeggiando pacificamente insieme.  <\/p>\n\n<p>Ognuna di queste persone, quasi tutte giovani, \u00e8 commemorata da un cartello attaccato a un palo con il nome e la foto della persona o delle persone uccise. Le foto mostrano volti felici, spensierati e sorridenti. Ma sono tutti volti di persone morte. \u00c8 cos\u00ec che un ex luogo di festa \u00e8 diventato un memoriale e migliaia di israeliani e visitatori stranieri vi si recano in pellegrinaggio ogni giorno.     <\/p>\n\n<p>Mazal \u00e8 una dei sopravvissuti. Torna in questo luogo ogni settimana per visitare i suoi amici Danielle e Yochai, che sono stati colpiti alle spalle a destra e a sinistra mentre fuggiva. Minuto dopo minuto, descrive quel giorno, la sua fuga, la sua sopravvivenza. \u00c8 una storia di orrore. &#8220;Solo il pensiero di mio figlio di nove anni mi ha permesso di sopravvivere&#8221;, dice la trentatreenne.    <\/p>\n\n<p>A pochi chilometri di distanza, a Tekuma, vengono stoccate le centinaia di auto sparate e successivamente incendiate da Hamas il 7 ottobre. Per assicurarsi che gli occupanti morissero bruciati, i terroristi hanno cosparso le auto di un liquido che ha generato una temperatura cos\u00ec elevata da incendiare anche la carne umana. Di conseguenza, di molte vittime sono rimaste solo le ceneri. Molti israeliani si recano in pellegrinaggio qui ogni giorno per commemorare i loro morti.   <\/p>\n\n<p>La simpatia della popolazione per l&#8217;orrore del 7 ottobre si esprime anche in altri modi. Ad esempio, nel pub di legno gestito dai &#8220;Fratelli Shuva&#8221;. In realt\u00e0 si chiamano Dror, Eliran e Kobi Trabelsi e provengono da Shuva, un moshav (quartiere comunale) abitato da ebrei religiosi.  <\/p>\n\n<p>La sera del 7 ottobre, i tre fratelli hanno iniziato a servire caff\u00e8 e acqua alle forze di sicurezza e al personale dell&#8217;esercito in un incrocio stradale vicino al loro villaggio, non lontano dalla Striscia di Gaza. Oggi distribuiscono oltre 3.000 pasti casalinghi al giorno ai soldati di stanza a Gaza e nella zona di confine che si fermano per riposare e ai viaggiatori di passaggio. Il servizio \u00e8 gratuito e finanziato da donazioni provenienti da tutto il mondo.  <\/p>\n\n<p>\u00c8 improbabile che i Fratelli Shuva interrompano presto il loro servizio volontario. Dopo tutto, pochi israeliani credono che la guerra contro Hamas a Gaza e Hezbollah nel sud del Libano sia finita per sempre.   <\/p>\n\n<p>Il piano di pace del presidente americano Donald Trump prevede una forza di stabilizzazione internazionale per disarmare Hamas e smilitarizzare Gaza. E nel nord, il governo libanese si \u00e8 impegnato a togliere le armi alla milizia terroristica locale Hezbollah. Ma in Israele non ci si illude che questo accada. L&#8217;opinione prevalente \u00e8 che entrambe le cose si concretizzeranno solo se sar\u00e0 l&#8217;esercito israeliano a farle.   <\/p>\n\n<p>Lo dimostrano le conversazioni con Sarit, l&#8217;addetto alla sicurezza di Za&#8217;rit, e con Yoram di Shtula, un piccolo moshav situato anch&#8217;esso al confine con il Libano. Il 7 ottobre 2023, in previsione di un attacco di Hezbollah, Yoram \u00e8 rimasto nel suo villaggio insieme ad altre 11 persone per difenderlo. Il resto della popolazione \u00e8 stato evacuato. Ma \u00e8 esattamente cos\u00ec che sembra quando si parla con gli israeliani delle grandi citt\u00e0 del centro del paese o con i residenti del sud vicino al confine con Gaza.     <\/p>\n\n<p>&#8220;Tra cinque mesi andremo di nuovo in guerra&#8221;, afferma l&#8217;ex consigliere per la sicurezza nazionale del governo, Yaakov Amidror, durante l&#8217;incontro a Tel Aviv. In quel momento diventa chiaro che la seconda fase del piano Trump rimane una teoria e che Hamas continua a governare e a terrorizzare Gaza. <\/p>\n\n<p>Il fatto che la rimozione di Hamas dal potere sia essenziale \u00e8 attualmente l&#8217;unico denominatore comune tra la popolazione israeliana. Per il resto, lo Stato ebraico \u00e8 diviso come mai prima d&#8217;ora nei suoi quasi 80 anni di storia.   <\/p>\n\n<p>Ogni sabato sera, dopo la fine dello Shabbat, si tengono manifestazioni a Tel Aviv, Haifa e nelle altre principali citt\u00e0 del paese. Finora le manifestazioni si sono concentrate anche sugli ultimi ostaggi morti che Hamas non ha ancora consegnato a Israele. Soprattutto, per\u00f2, le manifestazioni sono contro il governo del Primo Ministro Benjamin Netanyahu e dei suoi partner di coalizione di estrema destra Itamar Ben-Gvir e Bezalel Smotrich.    <\/p>\n\n<p>Le manifestazioni sono iniziate mesi prima del 7 ottobre 2023 come proteste contro la riforma giudiziaria prevista dal governo. L&#8217;obiettivo di questa riforma \u00e8 quello di esautorare la Corte Suprema e ridurre l&#8217;influenza del sistema giudiziario sulla politica nel suo complesso. Poich\u00e9 Israele non ha una costituzione scritta, il sistema giudiziario e la Corte Suprema in particolare sono molto pi\u00f9 importanti rispetto, ad esempio, alla Corte Suprema Federale in Svizzera.    <\/p>\n\n<p>Le proteste nelle strade delle principali citt\u00e0 israeliane sono rivolte anche contro l&#8217;esenzione degli ebrei ultraortodossi (Haredim) dal servizio militare. La questione \u00e8 tornata di particolare attualit\u00e0 perch\u00e9 il governo ha presentato pochi giorni fa una legge che obbliga gli Haredim a prestare servizio nelle Forze di Difesa Israeliane (IDF). La Corte Suprema li aveva gi\u00e0 obbligati a farlo nel 2024.    <\/p>\n\n<p>Tuttavia, la legge che \u00e8 stata presentata ora non riflette in alcun modo la volont\u00e0 del tribunale all&#8217;epoca. Essa pretende di ordinare il servizio obbligatorio per gli Haredim. Allo stesso tempo, per\u00f2, contiene numerose disposizioni che garantiscono l&#8217;impunit\u00e0 di fatto per gli ultraortodossi che non rispettano l&#8217;ordine di chiamata. Si tratta quindi di una tipica tigre di carta senza denti.   <\/p>\n\n<p>Il Primo Ministro Netanyahu ha accettato questa legge solo per assicurarsi il continuo sostegno dei partiti Haredi e salvare la sua coalizione di governo. Tuttavia, non si sa se ci riuscir\u00e0 e se trover\u00e0 una maggioranza a favore della legge in Parlamento (Knesset). Non solo i partiti di opposizione sono in rivolta contro la legge, ma anche i membri della Knesset dello stesso partito di Netanyahu, il Likud, hanno gi\u00e0 dichiarato pubblicamente che non voteranno a favore della legge nella sua forma attuale.  <\/p>\n\n<p>Gli israeliani laici, che rappresentano poco pi\u00f9 del 40% della popolazione, sono particolarmente indignati dalla legge. Ma anche molti israeliani nazional-religiosi sono contrari e sono quindi arrabbiati con i loro stessi partiti. Questo perch\u00e9 anche questi ebrei religiosi orientati al sionismo stanno svolgendo il servizio militare insieme agli israeliani laici e stanno sostenendo insieme a loro l&#8217;intero peso della guerra.    <\/p>\n\n<p>L&#8217;esenzione degli Haredim dal servizio militare indigna ancora di pi\u00f9 gli israeliani laici perch\u00e9 lo Stato sostiene gli ultra-religiosi, che rappresentano solo il 14% circa della popolazione, con enormi somme di denaro ogni anno a loro spese e con i loro soldi.  <\/p>\n\n<p>Anche l&#8217;esercito non \u00e8 servito dalla &#8220;legge di coscrizione fittizia&#8221;. A causa dell&#8217;incombente prosecuzione della guerra contro Hamas e Hezbollah, avrebbe urgentemente bisogno di una forza di riserva di 80.000-100.000 persone ultrareligiose in et\u00e0 di servizio. <\/p>\n\n<p>Il popolo di Israele \u00e8 unito nel trauma e nel dolore per il 7 ottobre e nella disillusa aspettativa che la guerra continui presto. Ma politicamente \u00e8 profondamente diviso.   <\/p>\n\n<p>Non \u00e8 tanto la spaccatura tra destra e sinistra a dividere il Paese, poich\u00e9 anche alcuni membri del partito di destra Likud rifiutano i loro partner di governo di estrema destra Smotrich e Ben-Gvir. Soprattutto, c&#8217;\u00e8 una spaccatura tra Israele laico e ultrareligioso. La questione in gioco nelle prossime elezioni dell&#8217;ottobre 2026 non \u00e8 quindi se vincer\u00e0 la sinistra o la destra. La domanda \u00e8: Israele rimarr\u00e0 un progetto progressista, sionista e democratico (di successo)? Oppure lo Stato ebraico torner\u00e0 gradualmente all&#8217;era biblica nei prossimi decenni?    <\/p>\n\n<hr class=\"wp-block-separator has-alpha-channel-opacity\"\/>\n\n<p>Sacha Wigdorovits \u00e8 presidente dell&#8217;associazione Fokus Israel und Nahost, che gestisce il sito web fokusisrael.ch. Ha studiato storia, tedesco e psicologia sociale all&#8217;Universit\u00e0 di Zurigo e ha lavorato come corrispondente dagli Stati Uniti per la SonntagsZeitung, \u00e8 stato caporedattore di BLICK e cofondatore del giornale per pendolari 20minuten.   <\/p>\n\n<figure class=\"wp-block-gallery has-nested-images columns-default is-cropped wp-block-gallery-1 is-layout-flex wp-block-gallery-is-layout-flex\">\n<figure class=\"wp-block-image size-large\"><img loading=\"lazy\" decoding=\"async\" width=\"1024\" height=\"667\" data-id=\"6564\" src=\"https:\/\/fokusisrael.ch\/wp-content\/uploads\/2025\/12\/1.-Strand-Tel-Aviv-1024x667.jpg\" alt=\"Normalit&#xE0; ingannevole: la vita quotidiana sul lungomare di Tel Aviv.\" class=\"wp-image-6564\" srcset=\"https:\/\/fokusisrael.ch\/wp-content\/uploads\/2025\/12\/1.-Strand-Tel-Aviv-1024x667.jpg 1024w, https:\/\/fokusisrael.ch\/wp-content\/uploads\/2025\/12\/1.-Strand-Tel-Aviv-300x195.jpg 300w, https:\/\/fokusisrael.ch\/wp-content\/uploads\/2025\/12\/1.-Strand-Tel-Aviv-768x500.jpg 768w, https:\/\/fokusisrael.ch\/wp-content\/uploads\/2025\/12\/1.-Strand-Tel-Aviv-1536x1001.jpg 1536w, https:\/\/fokusisrael.ch\/wp-content\/uploads\/2025\/12\/1.-Strand-Tel-Aviv-2048x1334.jpg 2048w\" sizes=\"auto, (max-width: 1024px) 100vw, 1024px\" \/><figcaption class=\"wp-element-caption\">Normalit\u00e0 ingannevole: la vita quotidiana sul lungomare di Tel Aviv.<\/figcaption><\/figure>\n\n\n\n<figure class=\"wp-block-image size-large\"><img loading=\"lazy\" decoding=\"async\" width=\"1024\" height=\"551\" data-id=\"6565\" src=\"https:\/\/fokusisrael.ch\/wp-content\/uploads\/2025\/12\/2.-Skyline-Tel-Aviv-scaled-e1764945090620-1024x551.jpg\" alt=\"Lo skyline di Tel Aviv.\" class=\"wp-image-6565\" srcset=\"https:\/\/fokusisrael.ch\/wp-content\/uploads\/2025\/12\/2.-Skyline-Tel-Aviv-scaled-e1764945090620-1024x551.jpg 1024w, https:\/\/fokusisrael.ch\/wp-content\/uploads\/2025\/12\/2.-Skyline-Tel-Aviv-scaled-e1764945090620-300x161.jpg 300w, https:\/\/fokusisrael.ch\/wp-content\/uploads\/2025\/12\/2.-Skyline-Tel-Aviv-scaled-e1764945090620-768x413.jpg 768w, https:\/\/fokusisrael.ch\/wp-content\/uploads\/2025\/12\/2.-Skyline-Tel-Aviv-scaled-e1764945090620-1536x827.jpg 1536w, https:\/\/fokusisrael.ch\/wp-content\/uploads\/2025\/12\/2.-Skyline-Tel-Aviv-scaled-e1764945090620-2048x1102.jpg 2048w\" sizes=\"auto, (max-width: 1024px) 100vw, 1024px\" \/><figcaption class=\"wp-element-caption\">Lo skyline di Tel Aviv.<\/figcaption><\/figure>\n\n\n\n<figure class=\"wp-block-image size-large\"><img loading=\"lazy\" decoding=\"async\" width=\"1024\" height=\"605\" data-id=\"6532\" src=\"https:\/\/fokusisrael.ch\/wp-content\/uploads\/2025\/12\/3.-Nova-Festival-1-1024x605.jpeg\" alt=\"Targhe commemorative per le persone uccise al Nova Festival.\" class=\"wp-image-6532\" srcset=\"https:\/\/fokusisrael.ch\/wp-content\/uploads\/2025\/12\/3.-Nova-Festival-1-1024x605.jpeg 1024w, https:\/\/fokusisrael.ch\/wp-content\/uploads\/2025\/12\/3.-Nova-Festival-1-300x177.jpeg 300w, https:\/\/fokusisrael.ch\/wp-content\/uploads\/2025\/12\/3.-Nova-Festival-1-768x453.jpeg 768w, https:\/\/fokusisrael.ch\/wp-content\/uploads\/2025\/12\/3.-Nova-Festival-1-1536x907.jpeg 1536w, https:\/\/fokusisrael.ch\/wp-content\/uploads\/2025\/12\/3.-Nova-Festival-1-2048x1209.jpeg 2048w\" sizes=\"auto, (max-width: 1024px) 100vw, 1024px\" \/><figcaption class=\"wp-element-caption\">Targhe commemorative per le persone uccise al Nova Festival.<\/figcaption><\/figure>\n\n\n\n<figure class=\"wp-block-image size-large\"><img loading=\"lazy\" decoding=\"async\" width=\"1024\" height=\"768\" data-id=\"6566\" src=\"https:\/\/fokusisrael.ch\/wp-content\/uploads\/2025\/12\/4.-Autofriedhof-1024x768.jpg\" alt=\"Colpito da Hamas e poi dato alle fiamme insieme ai suoi occupanti: veicolo di soccorso bruciato a Tekuma.\" class=\"wp-image-6566\" srcset=\"https:\/\/fokusisrael.ch\/wp-content\/uploads\/2025\/12\/4.-Autofriedhof-1024x768.jpg 1024w, https:\/\/fokusisrael.ch\/wp-content\/uploads\/2025\/12\/4.-Autofriedhof-300x225.jpg 300w, https:\/\/fokusisrael.ch\/wp-content\/uploads\/2025\/12\/4.-Autofriedhof-768x576.jpg 768w, https:\/\/fokusisrael.ch\/wp-content\/uploads\/2025\/12\/4.-Autofriedhof-1536x1152.jpg 1536w, https:\/\/fokusisrael.ch\/wp-content\/uploads\/2025\/12\/4.-Autofriedhof-2048x1536.jpg 2048w\" sizes=\"auto, (max-width: 1024px) 100vw, 1024px\" \/><figcaption class=\"wp-element-caption\">Colpito da Hamas e poi dato alle fiamme insieme ai suoi occupanti: veicolo di soccorso bruciato a Tekuma.<\/figcaption><\/figure>\n\n\n\n<figure class=\"wp-block-image size-large\"><img loading=\"lazy\" decoding=\"async\" width=\"1024\" height=\"768\" data-id=\"6567\" src=\"https:\/\/fokusisrael.ch\/wp-content\/uploads\/2025\/12\/5.-Dror-Trabelsi-1024x768.jpg\" alt=\"Aiutanti fin dall'inizio: il &quot;fratello di Shuva&quot; Dror Trabelsi distribuisce gratuitamente il cibo nella sua capanna di legno.\" class=\"wp-image-6567\" srcset=\"https:\/\/fokusisrael.ch\/wp-content\/uploads\/2025\/12\/5.-Dror-Trabelsi-1024x768.jpg 1024w, https:\/\/fokusisrael.ch\/wp-content\/uploads\/2025\/12\/5.-Dror-Trabelsi-300x225.jpg 300w, https:\/\/fokusisrael.ch\/wp-content\/uploads\/2025\/12\/5.-Dror-Trabelsi-768x576.jpg 768w, https:\/\/fokusisrael.ch\/wp-content\/uploads\/2025\/12\/5.-Dror-Trabelsi-1536x1152.jpg 1536w, https:\/\/fokusisrael.ch\/wp-content\/uploads\/2025\/12\/5.-Dror-Trabelsi-2048x1536.jpg 2048w\" sizes=\"auto, (max-width: 1024px) 100vw, 1024px\" \/><figcaption class=\"wp-element-caption\">Aiutanti fin dall&#8217;inizio: il &#8220;fratello di Shuva&#8221; Dror Trabelsi distribuisce gratuitamente il cibo nella sua capanna di legno.<\/figcaption><\/figure>\n\n\n\n<figure class=\"wp-block-image size-large\"><img decoding=\"async\" data-id=\"6568\" src=\"https:\/\/fokusisrael.ch\/wp-content\/uploads\/2025\/12\/5a.-Israelische-Soldaten-mit-Guitarre-1024x830.jpg\" alt=\"Guerra e pace: I soldati israeliani fanno una pausa presso i fratelli Shuva prima di tornare a Gaza.\" class=\"wp-image-6568\"\/><figcaption class=\"wp-element-caption\">Guerra e pace: I soldati israeliani fanno una pausa presso i fratelli Shuva prima di tornare a Gaza.<\/figcaption><\/figure>\n\n\n\n<figure class=\"wp-block-image size-large\"><img loading=\"lazy\" decoding=\"async\" width=\"1024\" height=\"665\" data-id=\"6536\" src=\"https:\/\/fokusisrael.ch\/wp-content\/uploads\/2025\/12\/6.-Unifil-Posten-neben-Hisbollah-Waffenlager-1024x665.jpeg\" alt=\"Postazione della forza di pace delle Nazioni Unite Unifil in Libano, al confine con Israele. I soldati dell'ONU hanno assistito all'allestimento da parte di Hezbollah di un enorme deposito di armi nel villaggio vicino. \" class=\"wp-image-6536\" srcset=\"https:\/\/fokusisrael.ch\/wp-content\/uploads\/2025\/12\/6.-Unifil-Posten-neben-Hisbollah-Waffenlager-1024x665.jpeg 1024w, https:\/\/fokusisrael.ch\/wp-content\/uploads\/2025\/12\/6.-Unifil-Posten-neben-Hisbollah-Waffenlager-300x195.jpeg 300w, https:\/\/fokusisrael.ch\/wp-content\/uploads\/2025\/12\/6.-Unifil-Posten-neben-Hisbollah-Waffenlager-768x499.jpeg 768w, https:\/\/fokusisrael.ch\/wp-content\/uploads\/2025\/12\/6.-Unifil-Posten-neben-Hisbollah-Waffenlager-1536x998.jpeg 1536w, https:\/\/fokusisrael.ch\/wp-content\/uploads\/2025\/12\/6.-Unifil-Posten-neben-Hisbollah-Waffenlager-2048x1331.jpeg 2048w\" sizes=\"auto, (max-width: 1024px) 100vw, 1024px\" \/><figcaption class=\"wp-element-caption\">Postazione della forza di pace delle Nazioni Unite Unifil in Libano, al confine con Israele. I soldati dell&#8217;ONU hanno assistito all&#8217;allestimento da parte di Hezbollah di un enorme deposito di armi nel villaggio vicino. <\/figcaption><\/figure>\n\n\n\n<figure class=\"wp-block-image size-large\"><img loading=\"lazy\" decoding=\"async\" width=\"1024\" height=\"654\" data-id=\"6537\" src=\"https:\/\/fokusisrael.ch\/wp-content\/uploads\/2025\/12\/7.-Schutzwallzum-Libanon-1024x654.jpeg\" alt=\"Muro di sicurezza al confine con il Libano. Hezbollah aveva scavato dei tunnel sotto di esso per l'invasione di Israele. \" class=\"wp-image-6537\" srcset=\"https:\/\/fokusisrael.ch\/wp-content\/uploads\/2025\/12\/7.-Schutzwallzum-Libanon-1024x654.jpeg 1024w, https:\/\/fokusisrael.ch\/wp-content\/uploads\/2025\/12\/7.-Schutzwallzum-Libanon-300x192.jpeg 300w, https:\/\/fokusisrael.ch\/wp-content\/uploads\/2025\/12\/7.-Schutzwallzum-Libanon-768x491.jpeg 768w, https:\/\/fokusisrael.ch\/wp-content\/uploads\/2025\/12\/7.-Schutzwallzum-Libanon-1536x981.jpeg 1536w, https:\/\/fokusisrael.ch\/wp-content\/uploads\/2025\/12\/7.-Schutzwallzum-Libanon-2048x1309.jpeg 2048w\" sizes=\"auto, (max-width: 1024px) 100vw, 1024px\" \/><figcaption class=\"wp-element-caption\">Muro di sicurezza al confine con il Libano. Hezbollah aveva scavato dei tunnel sotto di esso per l&#8217;invasione di Israele. <\/figcaption><\/figure>\n\n\n\n<figure class=\"wp-block-image size-large\"><img loading=\"lazy\" decoding=\"async\" width=\"1024\" height=\"571\" data-id=\"6538\" src=\"https:\/\/fokusisrael.ch\/wp-content\/uploads\/2025\/12\/8.-Demo-in-Haifa-1024x571.jpg\" alt=\"Ogni sabato sera, senza eccezioni: manifestazione a Haifa\" class=\"wp-image-6538\" srcset=\"https:\/\/fokusisrael.ch\/wp-content\/uploads\/2025\/12\/8.-Demo-in-Haifa-1024x571.jpg 1024w, https:\/\/fokusisrael.ch\/wp-content\/uploads\/2025\/12\/8.-Demo-in-Haifa-300x167.jpg 300w, https:\/\/fokusisrael.ch\/wp-content\/uploads\/2025\/12\/8.-Demo-in-Haifa-768x428.jpg 768w, https:\/\/fokusisrael.ch\/wp-content\/uploads\/2025\/12\/8.-Demo-in-Haifa.jpg 1319w\" sizes=\"auto, (max-width: 1024px) 100vw, 1024px\" \/><figcaption class=\"wp-element-caption\">Ogni sabato sera, senza eccezioni: manifestazione a Haifa<\/figcaption><\/figure>\n\n\n\n<figure class=\"wp-block-image size-large\"><img loading=\"lazy\" decoding=\"async\" width=\"1024\" height=\"768\" data-id=\"6585\" src=\"https:\/\/fokusisrael.ch\/wp-content\/uploads\/2025\/12\/Klagemauer-1024x768.jpg\" alt=\"\" class=\"wp-image-6585\" srcset=\"https:\/\/fokusisrael.ch\/wp-content\/uploads\/2025\/12\/Klagemauer-1024x768.jpg 1024w, https:\/\/fokusisrael.ch\/wp-content\/uploads\/2025\/12\/Klagemauer-300x225.jpg 300w, https:\/\/fokusisrael.ch\/wp-content\/uploads\/2025\/12\/Klagemauer-768x576.jpg 768w, https:\/\/fokusisrael.ch\/wp-content\/uploads\/2025\/12\/Klagemauer-1536x1152.jpg 1536w, https:\/\/fokusisrael.ch\/wp-content\/uploads\/2025\/12\/Klagemauer-2048x1536.jpg 2048w\" sizes=\"auto, (max-width: 1024px) 100vw, 1024px\" \/><figcaption class=\"wp-element-caption\">Sacro per tutti gli ebrei: il Muro del Pianto a Gerusalemme<\/figcaption><\/figure>\n\n\n\n<figure class=\"wp-block-image size-large\"><img loading=\"lazy\" decoding=\"async\" width=\"1024\" height=\"528\" data-id=\"6541\" src=\"https:\/\/fokusisrael.ch\/wp-content\/uploads\/2025\/12\/11.-Gaza-1024x528.jpeg\" alt=\"Non solo un campo di macerie: la parte orientale di Gaza\" class=\"wp-image-6541\" srcset=\"https:\/\/fokusisrael.ch\/wp-content\/uploads\/2025\/12\/11.-Gaza-1024x528.jpeg 1024w, https:\/\/fokusisrael.ch\/wp-content\/uploads\/2025\/12\/11.-Gaza-300x155.jpeg 300w, https:\/\/fokusisrael.ch\/wp-content\/uploads\/2025\/12\/11.-Gaza-768x396.jpeg 768w, https:\/\/fokusisrael.ch\/wp-content\/uploads\/2025\/12\/11.-Gaza-1536x792.jpeg 1536w, https:\/\/fokusisrael.ch\/wp-content\/uploads\/2025\/12\/11.-Gaza.jpeg 1739w\" sizes=\"auto, (max-width: 1024px) 100vw, 1024px\" \/><figcaption class=\"wp-element-caption\">Non solo un campo di macerie: la parte orientale di Gaza<\/figcaption><\/figure>\n<\/figure>\n","protected":false},"excerpt":{"rendered":"<p>Camminando sul lungomare di Tel Aviv, sia a sud verso Jaffa che a nord verso i caff\u00e8, i ristoranti e i negozi vicino al porto vecchio, ti immagini di essere nel pieno della normalit\u00e0.<\/p>\n","protected":false},"author":2,"featured_media":6593,"comment_status":"closed","ping_status":"closed","sticky":false,"template":"","format":"standard","meta":{"_hide_socialbar":"","footnotes":""},"categories":[806],"tags":[1105,1978,1980,1976,637,1971,638,1979,687,647,1974,1002,1975,1972,1182,1973,679,1977],"class_list":["post-6589","post","type-post","status-publish","format-standard","has-post-thumbnail","hentry","category-notizie","tag-analisi-proprie","tag-dimostrazioni","tag-elezioni","tag-esercito","tag-gaza-it","tag-governo","tag-hamas-it","tag-haredim","tag-hezbollah-it","tag-israele","tag-nova-festival","tag-politica","tag-promemoria","tag-servizio-militare","tag-sicurezza","tag-societa","tag-tel-aviv-it","tag-trauma"],"aioseo_notices":[],"_links":{"self":[{"href":"https:\/\/fokusisrael.ch\/it\/wp-json\/wp\/v2\/posts\/6589","targetHints":{"allow":["GET"]}}],"collection":[{"href":"https:\/\/fokusisrael.ch\/it\/wp-json\/wp\/v2\/posts"}],"about":[{"href":"https:\/\/fokusisrael.ch\/it\/wp-json\/wp\/v2\/types\/post"}],"author":[{"embeddable":true,"href":"https:\/\/fokusisrael.ch\/it\/wp-json\/wp\/v2\/users\/2"}],"replies":[{"embeddable":true,"href":"https:\/\/fokusisrael.ch\/it\/wp-json\/wp\/v2\/comments?post=6589"}],"version-history":[{"count":3,"href":"https:\/\/fokusisrael.ch\/it\/wp-json\/wp\/v2\/posts\/6589\/revisions"}],"predecessor-version":[{"id":6662,"href":"https:\/\/fokusisrael.ch\/it\/wp-json\/wp\/v2\/posts\/6589\/revisions\/6662"}],"wp:featuredmedia":[{"embeddable":true,"href":"https:\/\/fokusisrael.ch\/it\/wp-json\/wp\/v2\/media\/6593"}],"wp:attachment":[{"href":"https:\/\/fokusisrael.ch\/it\/wp-json\/wp\/v2\/media?parent=6589"}],"wp:term":[{"taxonomy":"category","embeddable":true,"href":"https:\/\/fokusisrael.ch\/it\/wp-json\/wp\/v2\/categories?post=6589"},{"taxonomy":"post_tag","embeddable":true,"href":"https:\/\/fokusisrael.ch\/it\/wp-json\/wp\/v2\/tags?post=6589"}],"curies":[{"name":"wp","href":"https:\/\/api.w.org\/{rel}","templated":true}]}}