{"id":6424,"date":"2025-12-01T15:39:43","date_gmt":"2025-12-01T14:39:43","guid":{"rendered":"https:\/\/fokusisrael.ch\/senza-categoria\/netanyahu-vuole-la-grazia-gli-oppositori-parlano-di-attacco-alla-magistratura\/"},"modified":"2025-12-01T15:40:00","modified_gmt":"2025-12-01T14:40:00","slug":"netanyahu-vuole-la-grazia-gli-oppositori-parlano-di-attacco-alla-magistratura","status":"publish","type":"post","link":"https:\/\/fokusisrael.ch\/it\/notizie\/netanyahu-vuole-la-grazia-gli-oppositori-parlano-di-attacco-alla-magistratura\/","title":{"rendered":"Netanyahu vuole la grazia &#8211; gli oppositori parlano di &#8220;attacco alla magistratura&#8221;"},"content":{"rendered":"\n<p><strong>Benjamin Netanyahu ha presentato una richiesta di clemenza al presidente Isaac Herzog il 30 novembre 2025. L&#8217;opposizione di Israele \u00e8 fortemente critica. <\/strong><\/p>\n\n<p>Netanyahu, accusato di corruzione (corruzione, frode e appropriazione indebita), ha chiesto ufficialmente la grazia al Presidente del suo Paese. Secondo <a href=\"https:\/\/www.reuters.com\/world\/middle-east\/netanyahu-officially-asks-israeli-president-pardon-2025-11-30\/?utm_source=chatgpt.com\">Reuters<\/a>, la motivazione \u00e8 che la grazia \u00e8 necessaria perch\u00e9 il procedimento sta compromettendo la sua capacit\u00e0 di governare e la fine dei negoziati servirebbe all'&#8221;interesse nazionale&#8221; di Israele. <\/p>\n\n<p><strong>Aspre critiche da parte dell&#8217;opposizione e degli esperti legali  <\/strong><\/p>\n\n<p>I politici dell&#8217;opposizione chiedono un&#8217;ammissione di colpa e il ritiro di Netanyahu dalla politica: Yair Lapid, ad esempio, ha sostenuto che non pu\u00f2 essere graziato chi non riconosce la propria colpa. Il presidente del partito &#8220;Democratici&#8221;, Yair Golan, si \u00e8 opposto alla richiesta con le parole: &#8220;Solo i colpevoli chiedono la grazia&#8221;. In altre parole: solo i colpevoli chiedono la grazia.    <\/p>\n\n<p>Secondo gli esperti legali, la richiesta di Netanyahu \u00e8 un &#8220;tentativo diretto di aggirare i tribunali&#8221; &#8211; un precedente che mina le norme di lunga data, scrive <a href=\"https:\/\/www.jpost.com\/israel-news\/article-876802\">il Jerusalem Post<\/a>. Sottolineano inoltre che la grazia prima di una condanna \u00e8 &#8220;rara e insolita&#8221; in Israele. Un passo del genere potrebbe danneggiare in modo permanente le norme democratiche e l&#8217;indipendenza del sistema giudiziario. I critici vedono in questo provvedimento una minaccia per lo stato di diritto e avvertono che questo manda il segnale che i politici potenti sono al di sopra della legge.   <\/p>\n\n<p><strong>Manifestazioni in Israele<\/strong><\/p>\n\n<p>La notte successiva alla richiesta, numerosi manifestanti si sono riuniti davanti alla casa del Presidente Herzog a Tel Aviv per protestare contro l&#8217;indulto &#8211; con la banana come simbolo: hanno avvertito che un indulto riuscito avrebbe degradato Israele in una &#8220;repubblica delle banane&#8221;.  <\/p>\n\n<p>Le organizzazioni della societ\u00e0 civile hanno anche avvertito che una grazia nel bel mezzo del processo &#8211; senza un&#8217;ammissione di colpevolezza &#8211; costituirebbe un pericoloso precedente e minerebbe il principio di &#8220;giustizia uguale per tutti&#8221;.  <\/p>\n\n<p><strong>Sostegno da parte di parti del governo e dall&#8217;estero<\/strong><\/p>\n\n<p>Tuttavia, il sostegno e la solidariet\u00e0 sono arrivati dal campo di Netanyahu: per il ministro della Difesa Israel Katz, la richiesta era &#8220;essenziale per la sicurezza nazionale di Israele&#8221;. Anche il Presidente degli Stati Uniti Donald Trump ha scritto a Herzog invitandolo a graziare Netanyahu, definendo le accuse come politicamente motivate. <\/p>\n\n<p>Fonti:<\/p>\n\n<p><a href=\"https:\/\/www.reuters.com\/world\/middle-east\/netanyahu-officially-asks-israeli-president-pardon-2025-11-30\/\">Reuters<\/a>, <a href=\"https:\/\/www.jpost.com\/israel-news\/article-876802\">The Jerusalem Post<\/a>, <a href=\"https:\/\/apnews.com\/article\/f4dfb2e78c2b9ef265324d2d5bfa7518?utm_source=chatgpt.com\">AP News<\/a>, <a href=\"https:\/\/www.i24news.tv\/en\/news\/israel\/politics\/artc-only-the-guilty-seek-pardons-political-firestorm-over-netanyahu-s-request\">i24NEWS<\/a> e altri<\/p>\n","protected":false},"excerpt":{"rendered":"<p>Benjamin Netanyahu ha presentato una richiesta di clemenza al presidente Isaac Herzog il 30 novembre 2025. L&#8217;opposizione di Israele \u00e8 fortemente critica. Netanyahu, accusato di corruzione (corruzione, frode e appropriazione indebita), ha chiesto ufficialmente la grazia al Presidente del suo Paese. Secondo Reuters, la motivazione \u00e8 che la grazia \u00e8 necessaria perch\u00e9 il procedimento sta [&hellip;]<\/p>\n","protected":false},"author":2,"featured_media":6425,"comment_status":"closed","ping_status":"closed","sticky":false,"template":"","format":"standard","meta":{"_hide_socialbar":"","footnotes":""},"categories":[806],"tags":[1910,1907,1909,647,1440,1911,1908,1913,1267,1912],"class_list":["post-6424","post","type-post","status-publish","format-standard","has-post-thumbnail","hentry","category-notizie","tag-corruzione","tag-duca","tag-giustizia","tag-israele","tag-jerusalem-post","tag-opposizione","tag-perdono","tag-politica-israele","tag-proteste","tag-stato-di-diritto"],"aioseo_notices":[],"_links":{"self":[{"href":"https:\/\/fokusisrael.ch\/it\/wp-json\/wp\/v2\/posts\/6424","targetHints":{"allow":["GET"]}}],"collection":[{"href":"https:\/\/fokusisrael.ch\/it\/wp-json\/wp\/v2\/posts"}],"about":[{"href":"https:\/\/fokusisrael.ch\/it\/wp-json\/wp\/v2\/types\/post"}],"author":[{"embeddable":true,"href":"https:\/\/fokusisrael.ch\/it\/wp-json\/wp\/v2\/users\/2"}],"replies":[{"embeddable":true,"href":"https:\/\/fokusisrael.ch\/it\/wp-json\/wp\/v2\/comments?post=6424"}],"version-history":[{"count":3,"href":"https:\/\/fokusisrael.ch\/it\/wp-json\/wp\/v2\/posts\/6424\/revisions"}],"predecessor-version":[{"id":6428,"href":"https:\/\/fokusisrael.ch\/it\/wp-json\/wp\/v2\/posts\/6424\/revisions\/6428"}],"wp:featuredmedia":[{"embeddable":true,"href":"https:\/\/fokusisrael.ch\/it\/wp-json\/wp\/v2\/media\/6425"}],"wp:attachment":[{"href":"https:\/\/fokusisrael.ch\/it\/wp-json\/wp\/v2\/media?parent=6424"}],"wp:term":[{"taxonomy":"category","embeddable":true,"href":"https:\/\/fokusisrael.ch\/it\/wp-json\/wp\/v2\/categories?post=6424"},{"taxonomy":"post_tag","embeddable":true,"href":"https:\/\/fokusisrael.ch\/it\/wp-json\/wp\/v2\/tags?post=6424"}],"curies":[{"name":"wp","href":"https:\/\/api.w.org\/{rel}","templated":true}]}}