{"id":5785,"date":"2025-10-30T13:22:53","date_gmt":"2025-10-30T12:22:53","guid":{"rendered":"https:\/\/fokusisrael.ch\/senza-categoria\/da-heinrich-rothmund-a-beat-jans\/"},"modified":"2026-01-23T00:39:01","modified_gmt":"2026-01-22T23:39:01","slug":"da-heinrich-rothmund-a-beat-jans","status":"publish","type":"post","link":"https:\/\/fokusisrael.ch\/it\/notizie\/da-heinrich-rothmund-a-beat-jans\/","title":{"rendered":"Da Heinrich Rothmund a Beat Jans"},"content":{"rendered":"\n<p>Da Sacha Wigdorovits<\/p>\n\n<figure class=\"wp-block-image size-full is-style-default\"><img loading=\"lazy\" decoding=\"async\" width=\"1024\" height=\"600\" src=\"https:\/\/fokusisrael.ch\/wp-content\/uploads\/2025\/10\/Von-Heinrich-Rothmund-zu-Beat-Jans.jpg\" alt=\"Ivan Wigdorovits\" class=\"wp-image-5810\" srcset=\"https:\/\/fokusisrael.ch\/wp-content\/uploads\/2025\/10\/Von-Heinrich-Rothmund-zu-Beat-Jans.jpg 1024w, https:\/\/fokusisrael.ch\/wp-content\/uploads\/2025\/10\/Von-Heinrich-Rothmund-zu-Beat-Jans-300x176.jpg 300w, https:\/\/fokusisrael.ch\/wp-content\/uploads\/2025\/10\/Von-Heinrich-Rothmund-zu-Beat-Jans-768x450.jpg 768w\" sizes=\"auto, (max-width: 1024px) 100vw, 1024px\" \/><figcaption class=\"wp-element-caption\">In occasione del 100\u00b0 compleanno di Ivan Wigdorovits <\/figcaption><\/figure>\n\n<p>Oggi, 30 ottobre 2025, mio padre avrebbe compiuto 100 anni. Mio padre arriv\u00f2 in Svizzera dall&#8217;Ungheria come giovane studente nel 1947 per realizzare il suo desiderio pi\u00f9 ardente: Laurearsi in ingegneria elettronica presso il famoso Politecnico di Zurigo, cosa che poi fece. <\/p>\n\n<p>Mio padre aveva gi\u00e0 un forte legame con la Svizzera. Fu una lettera di protezione rilasciata dal viceconsole svizzero a Budapest, Carl Lutz, a salvargli la vita come ebreo nell&#8217;Ungheria occupata dai tedeschi. Finch\u00e9 non fu costretto a fuggire in clandestinit\u00e0 per salvarsi dai &#8220;crociati della freccia&#8221;, i nazisti ungheresi.  <\/p>\n\n<p>Il giorno successivo al suo arrivo alla stazione centrale di Zurigo, la vita di mio padre inizi\u00f2 a prendere una svolta: A Wettingen incontr\u00f2 Branka Frank, una giovane donna ebrea proveniente dalla Jugoslavia, mia madre.<\/p>\n\n<p>Arriv\u00f2 in Svizzera con sua madre, le sue due sorelle e altri familiari stretti nell&#8217;agosto del 1943. Come rifugiati clandestini, viaggiarono dall&#8217;Italia a Castasegna, nei Grigioni. Furono salvate da tre soldati svizzeri che le condussero in salvo in Svizzera dalla terra di nessuno vicino al confine italiano, gridando &#8220;Svizzera, Svizzera&#8221;.  <\/p>\n\n<p>Un quarto soldato, un giovane avvocato zurighese di nome Veith Wyler, li salv\u00f2 il giorno seguente dalla deportazione in Italia, all&#8217;epoca gi\u00e0 occupata dai tedeschi, e quindi da una morte certa.<\/p>\n\n<p>Questi quattro soldati svizzeri agirono contro gli ordini espliciti del Consiglio Federale. Proprio come Carl Lutz, che salv\u00f2 la vita di oltre 60.000 ebrei ungheresi con la sua politica di lettere di protezione, adottata in seguito anche dalla Svezia, aveva agito contro la politica ufficiale svizzera. <\/p>\n\n<p>Lo stesso fece a San Gallo il comandante della polizia locale Paul Gr\u00fcninger, che si oppose a questa politica disumana e salv\u00f2 dalla morte migliaia di rifugiati ebrei entrati illegalmente in Svizzera. Anche la popolazione di Diepoldsau ag\u00ec contro gli ordini del Consiglio Federale quando, nel 1942, blocc\u00f2 il confine con la Germania per impedire alla polizia di deportare 20 rifugiati ebrei. <\/p>\n\n<p>Tutti questi cittadini svizzeri si opposero alle politiche antiebraiche e filonaziste del Consiglio Federale per motivi di coscienza cristiana e umanit\u00e0. Su iniziativa dell&#8217;allora capo della polizia dell&#8217;immigrazione, Heinrich Rothmund, il Consiglio Federale aveva deciso nel 1938 di non accettare pi\u00f9 rifugiati ebrei.   <\/p>\n\n<p>In seguito, l&#8217;allora consigliere federale Eduard von Steiger difese questa politica filonazista con le famose parole: &#8220;La barca \u00e8 piena&#8221;.  <\/p>\n\n<p>Tuttavia, la motivazione ufficiale addotta all&#8217;epoca dal Consiglio Federale e dalla polizia per l&#8217;immigrazione era che le persone perseguitate per motivi &#8220;razziali&#8221; e non &#8220;politici&#8221; non dovevano essere riconosciute come rifugiati. Per facilitare l&#8217;attuazione di questa decisione, la Svizzera chiese al governo tedesco di apporre il cosiddetto &#8220;timbro ebraico&#8221; sui passaporti degli ebrei tedeschi. <\/p>\n\n<p>Oltre alla giustificazione legale secondo cui gli ebrei, in quanto &#8220;perseguitati razziali&#8221;, non erano veri e propri rifugiati, il Consiglio federale giustific\u00f2 la sua politica con il cinico argomento che accogliere troppi ebrei avrebbe diffuso l&#8217;antisemitismo in Svizzera.<\/p>\n\n<p>Come possiamo vedere oggi, questa politica non ha funzionato. Anche se in Svizzera vivono solo 18.000 ebrei &#8211; circa lo 0,2% della popolazione &#8211; oggi ci troviamo di fronte a un livello di antisemitismo senza precedenti nel nostro paese. <\/p>\n\n<p>Nelle strade e nelle universit\u00e0, si manifesta con appelli alla distruzione di Israele, mascherati da una richiesta &#8220;dal fiume al mare&#8221;. E gridando &#8220;Morte agli ebrei&#8221;, che ora vengono etichettati come &#8220;sionisti&#8221; per evitare di doverli chiamare ebrei.   <\/p>\n\n<p>Ma questo antisemitismo \u00e8 ancora una volta sostenuto e promosso da molti politici. Tuttavia, c&#8217;\u00e8 una differenza sostanziale rispetto agli anni Trenta e Quaranta. Allora erano i circoli nazional-conservatori filo-tedeschi a caratterizzare l&#8217;atteggiamento antisemita della Svizzera. Oggi, invece, sono i socialdemocratici e i verdi.   <\/p>\n\n<p>Naturalmente, questi partiti respingono fermamente l&#8217;accusa di essere antisemiti. Dopo tutto, le loro politiche non sono dirette contro gli ebrei in generale, ma &#8220;solo&#8221; contro Israele, dicono.   <\/p>\n\n<p>Questo \u00e8 un gioco di parole. Perch\u00e9 chiunque neghi all&#8217;unico Stato ebraico al mondo il diritto all&#8217;autodifesa contro i terroristi palestinesi nega agli ebrei il diritto di esistere. Non importa dove.  <\/p>\n\n<p>I politici di sinistra favorevoli alla Palestina hanno adottato l&#8217;ipocrisia dei loro predecessori borghesi favorevoli al nazismo. Mentre allora giustificavano la loro politica antiebraica sui rifugiati sostenendo di voler proteggere gli ebrei svizzeri dall&#8217;antisemitismo, oggi il consigliere federale del PS Beat Jans sostiene di voler accogliere i bambini feriti e le loro famiglie da Gaza, devastata dalla guerra, per motivi di umanit\u00e0. <\/p>\n\n<p>Se Jans fosse davvero interessato agli aiuti umanitari, avrebbe fatto in modo che i milioni di franchi che questa azione divora venissero utilizzati localmente e nei paesi vicini per le cure mediche, dove sarebbero molto pi\u00f9 efficaci. Per inciso, i bambini e gli adulti di Gaza sono sempre stati curati negli ospedali israeliani. Di solito gratuitamente.  <\/p>\n\n<p>Ma Jans non \u00e8 affatto interessato ad aiutare. Con la sua &#8220;vergognosa campagna di pubbliche relazioni&#8221; (Filippo Leutenegger, presidente cantonale FDP di Zurigo), vuole inviare un segnale di protesta contro Israele, che il suo partito, il PS, ha accusato a torto di commettere un &#8220;genocidio&#8221; contro i palestinesi. <\/p>\n\n<p>In questo modo, Jans fa un passo avanti rispetto ai suoi predecessori Eduard von Steiger e Giuseppe Motta e, come capo della polizia degli stranieri, Heinrich Rothmund. All&#8217;epoca si erano limitati a impedire che la Svizzera accogliesse gli ebrei perseguitati. Jans, invece, con gli adulti palestinesi che accompagnano i bambini da Gaza, accoglie i membri di un gruppo di popolazione il cui obiettivo dichiarato \u00e8 lo sterminio degli ebrei. E lo fa consapevolmente.   <\/p>\n\n<p>Mi mancano molto i miei genitori. Ma sono felice che loro, che in seguito sono diventati svizzeri grati e orgogliosi, non debbano pi\u00f9 vivere questa esperienza.   <\/p>\n\n<p>Questo articolo \u00e8 apparso anche su <a href=\"https:\/\/www.nebelspalter.ch\/themen\/2025\/10\/von-heinrich-rothmund-zu-beat-jans\" title=\"\">Nebelspalter.ch<\/a><\/p>\n\n<hr class=\"wp-block-separator has-alpha-channel-opacity\"\/>\n\n<p>Sacha Wigdorovits \u00e8 presidente dell&#8217;associazione Fokus Israel und Nahost, che gestisce il sito web fokusisrael.ch. Ha studiato storia, tedesco e psicologia sociale all&#8217;Universit\u00e0 di Zurigo e ha lavorato come corrispondente dagli Stati Uniti per la SonntagsZeitung, \u00e8 stato caporedattore di BLICK e cofondatore del giornale per pendolari 20minuten.   <\/p>\n\n<p><\/p>\n","protected":false},"excerpt":{"rendered":"<p>Da Sacha Wigdorovits Oggi, 30 ottobre 2025, mio padre avrebbe compiuto 100 anni. Mio padre arriv\u00f2 in Svizzera dall&#8217;Ungheria come giovane studente nel 1947 per realizzare il suo desiderio pi\u00f9 ardente: Laurearsi in ingegneria elettronica presso il famoso Politecnico di Zurigo, cosa che poi fece. Mio padre aveva gi\u00e0 un forte legame con la Svizzera. [&hellip;]<\/p>\n","protected":false},"author":2,"featured_media":5813,"comment_status":"closed","ping_status":"closed","sticky":false,"template":"","format":"standard","meta":{"_hide_socialbar":"","footnotes":""},"categories":[806],"tags":[1105,625,1333,1450,1465,7,647,1462,1460,1449,1002,1461,165,1459,93,663],"class_list":["post-5785","post","type-post","status-publish","format-standard","has-post-thumbnail","hentry","category-notizie","tag-analisi-proprie","tag-antisemitismo","tag-battere-jans","tag-carl-lutz","tag-cultura-del-ricordo","tag-gaza","tag-israele","tag-lumanita","tag-la-storia","tag-paul-grueninger","tag-politica","tag-politica-dei-rifugiati","tag-sacha-wigdorovits","tag-seconda-guerra-mondiale","tag-sp","tag-svizzera"],"aioseo_notices":[],"_links":{"self":[{"href":"https:\/\/fokusisrael.ch\/it\/wp-json\/wp\/v2\/posts\/5785","targetHints":{"allow":["GET"]}}],"collection":[{"href":"https:\/\/fokusisrael.ch\/it\/wp-json\/wp\/v2\/posts"}],"about":[{"href":"https:\/\/fokusisrael.ch\/it\/wp-json\/wp\/v2\/types\/post"}],"author":[{"embeddable":true,"href":"https:\/\/fokusisrael.ch\/it\/wp-json\/wp\/v2\/users\/2"}],"replies":[{"embeddable":true,"href":"https:\/\/fokusisrael.ch\/it\/wp-json\/wp\/v2\/comments?post=5785"}],"version-history":[{"count":4,"href":"https:\/\/fokusisrael.ch\/it\/wp-json\/wp\/v2\/posts\/5785\/revisions"}],"predecessor-version":[{"id":5823,"href":"https:\/\/fokusisrael.ch\/it\/wp-json\/wp\/v2\/posts\/5785\/revisions\/5823"}],"wp:featuredmedia":[{"embeddable":true,"href":"https:\/\/fokusisrael.ch\/it\/wp-json\/wp\/v2\/media\/5813"}],"wp:attachment":[{"href":"https:\/\/fokusisrael.ch\/it\/wp-json\/wp\/v2\/media?parent=5785"}],"wp:term":[{"taxonomy":"category","embeddable":true,"href":"https:\/\/fokusisrael.ch\/it\/wp-json\/wp\/v2\/categories?post=5785"},{"taxonomy":"post_tag","embeddable":true,"href":"https:\/\/fokusisrael.ch\/it\/wp-json\/wp\/v2\/tags?post=5785"}],"curies":[{"name":"wp","href":"https:\/\/api.w.org\/{rel}","templated":true}]}}