{"id":5592,"date":"2025-09-20T12:24:26","date_gmt":"2025-09-20T10:24:26","guid":{"rendered":"https:\/\/fokusisrael.ch\/?p=5592"},"modified":"2025-10-24T19:39:26","modified_gmt":"2025-10-24T17:39:26","slug":"la-morte-di-un-uomo-retto","status":"publish","type":"post","link":"https:\/\/fokusisrael.ch\/it\/notizie\/la-morte-di-un-uomo-retto\/","title":{"rendered":"La morte di un uomo retto"},"content":{"rendered":"\n<p>Da Sacha Wigdorovits<\/p>\n\n<p>C&#8217;\u00e8 un detto ebraico che recita: &#8220;Chi salva una vita salva un mondo intero&#8221;. A prima vista, pu\u00f2 sembrare strano iniziare il necrologio di Alfred Heer, il consigliere nazionale della SVP di Zurigo morto venerd\u00ec 19 settembre 2025 all&#8217;et\u00e0 di 64 anni, con queste parole.<\/p>\n\n<p>Ma \u00e8 giustificato da due punti di vista. In primo luogo, perch\u00e9 &#8220;Fredi Heer&#8221;, come era comunemente conosciuto, ha fatto tutto il possibile per salvare vite ebraiche grazie al suo instancabile e imperterrito impegno contro l&#8217;antisemitismo e a favore di Israele. In secondo luogo, perch\u00e9 il significato pi\u00f9 profondo di questa frase risiede anche nel fatto che ogni individuo conta nel nostro mondo.  <\/p>\n\n<p>Questo era pi\u00f9 vero per Fredi Heer che per la maggior parte di noi. Molti politici &#8211; e non &#8211; spesso nascondono le loro vere convinzioni perch\u00e9 temono le reazioni. Fredi Heer, invece, ha sempre sostenuto apertamente ci\u00f2 in cui credeva, senza curarsi delle conseguenze.    <\/p>\n\n<p>Questo significa giudicare le persone in base alle loro azioni senza pregiudizi. E prendere una posizione chiara contro l&#8217;odio, l&#8217;ingiustizia e la relativizzazione fuorviante, nonch\u00e9 contro le semplificazioni o le distorsioni demagogiche.   <\/p>\n\n<p>Fredi Heer non solo ha causato offese tra i suoi avversari politici, ma talvolta anche all&#8217;interno del suo stesso partito. Ma questo non lo ha scoraggiato. Fredi Heer \u00e8 sempre stato fedele alle sue convinzioni. Era un uomo onesto e coraggioso, come ce ne sono pochi.     <\/p>\n\n<p>Chiunque avesse Fredi Heer al suo fianco su un podio pubblico poteva affrontare qualsiasi dibattito verbale con fiducia. Fredi Heer conosceva bene l&#8217;argomento, aveva una lingua tagliente e non aveva paura. Il tipo di partner che vorresti in qualsiasi battaglia.  <\/p>\n\n<p>In Svizzera, anche noi ebrei ne abbiamo beneficiato, dato che Fredi Heer si \u00e8 sempre battuto contro l&#8217;antisemitismo, sia come politico che come presidente della Fondazione Audiatur. Soprattutto negli ultimi anni. <\/p>\n\n<p>Tuttavia, anche lo Stato di Israele ne ha beneficiato. In qualit\u00e0 di membro del Parlamento europeo, la voce di Fredi Heer si \u00e8 fatta sentire anche sulla scena internazionale. Non ha avuto paura di usare parole dure in seno al Consiglio d&#8217;Europa per criticare coloro che hanno cercato di mettere alla gogna Israele invece di Hamas dopo il massacro del 7 ottobre e la successiva guerra a Gaza.    <\/p>\n\n<p>Poco prima della sua morte improvvisa e inaspettata, ha criticato le sanzioni previste dall&#8217;UE contro Israele nella Weltwoche.<\/p>\n\n<p>E soprattutto, il nostro Paese nel suo complesso ne ha beneficiato. Perch\u00e9 \u00e8 di politici come Fredi Heer che possiamo fidarci. Questo si riflette anche nelle parole di apprezzamento e rispetto con cui gli ex avversari politici hanno reagito alla notizia della sua morte.  <\/p>\n\n<p>Questo riconoscimento era dovuto in particolare al carattere di Fredi Heer. Nonostante l&#8217;appassionata difesa delle sue convinzioni, Fredi Heer \u00e8 sempre rimasto aperto. Il suo modo di fare non era caratterizzato dall&#8217;arroganza, dalla presunzione e dall&#8217;atteggiamento da saputello, ma dalla disponibilit\u00e0, dalla modestia e dall&#8217;umorismo.  <\/p>\n\n<p>Fredi Heer era quello che in yiddish chiamiamo &#8220;un mensch&#8221;, e uno molto speciale. Per questo, per il suo impegno in Svizzera e per aver preso le difese di noi ebrei in un momento in cui ci\u00f2 non \u00e8 particolarmente popolare in questo paese, merita tutti i nostri ringraziamenti. <\/p>\n\n<hr class=\"wp-block-separator has-alpha-channel-opacity\"\/>\n\n<blockquote class=\"wp-block-quote is-layout-flow wp-block-quote-is-layout-flow\">\n<p>Sacha Wigdorovits \u00e8 presidente dell&#8217;associazione Fokus Israel und Nahost, che gestisce il sito web fokusisrael.ch. Ha studiato storia, tedesco e psicologia sociale all&#8217;Universit\u00e0 di Zurigo e ha lavorato come corrispondente dagli Stati Uniti per la SonntagsZeitung, \u00e8 stato caporedattore di BLICK e cofondatore del giornale per pendolari 20minuten.   <\/p>\n<\/blockquote>\n","protected":false},"excerpt":{"rendered":"<p>Da Sacha Wigdorovits C&#8217;\u00e8 un detto ebraico che recita: &#8220;Chi salva una vita salva un mondo intero&#8221;. A prima vista, pu\u00f2 sembrare strano iniziare il necrologio di Alfred Heer, il consigliere nazionale della SVP di Zurigo morto venerd\u00ec 19 settembre 2025 all&#8217;et\u00e0 di 64 anni, con queste parole. Ma \u00e8 giustificato da due punti di [&hellip;]<\/p>\n","protected":false},"author":2,"featured_media":4116,"comment_status":"closed","ping_status":"closed","sticky":false,"template":"","format":"standard","meta":{"_hide_socialbar":"","footnotes":""},"categories":[806],"tags":[1113,1219,1105,625,1221,1220,1227,1226,1223,647,1224,1222,1225,1218,1228],"class_list":["post-5592","post","type-post","status-publish","format-standard","has-post-thumbnail","hentry","category-notizie","tag-7-oktober","tag-alfred-heer","tag-analisi-proprie","tag-antisemitismo","tag-consiglio-deuropa","tag-consiglio-nazionale","tag-ebraismo","tag-fondazione-audiatur","tag-fredi-heer","tag-israele","tag-necrologio","tag-sanzioni-ue","tag-svizzera-politica","tag-svp","tag-un-umano"],"aioseo_notices":[],"_links":{"self":[{"href":"https:\/\/fokusisrael.ch\/it\/wp-json\/wp\/v2\/posts\/5592","targetHints":{"allow":["GET"]}}],"collection":[{"href":"https:\/\/fokusisrael.ch\/it\/wp-json\/wp\/v2\/posts"}],"about":[{"href":"https:\/\/fokusisrael.ch\/it\/wp-json\/wp\/v2\/types\/post"}],"author":[{"embeddable":true,"href":"https:\/\/fokusisrael.ch\/it\/wp-json\/wp\/v2\/users\/2"}],"replies":[{"embeddable":true,"href":"https:\/\/fokusisrael.ch\/it\/wp-json\/wp\/v2\/comments?post=5592"}],"version-history":[{"count":1,"href":"https:\/\/fokusisrael.ch\/it\/wp-json\/wp\/v2\/posts\/5592\/revisions"}],"predecessor-version":[{"id":5593,"href":"https:\/\/fokusisrael.ch\/it\/wp-json\/wp\/v2\/posts\/5592\/revisions\/5593"}],"wp:featuredmedia":[{"embeddable":true,"href":"https:\/\/fokusisrael.ch\/it\/wp-json\/wp\/v2\/media\/4116"}],"wp:attachment":[{"href":"https:\/\/fokusisrael.ch\/it\/wp-json\/wp\/v2\/media?parent=5592"}],"wp:term":[{"taxonomy":"category","embeddable":true,"href":"https:\/\/fokusisrael.ch\/it\/wp-json\/wp\/v2\/categories?post=5592"},{"taxonomy":"post_tag","embeddable":true,"href":"https:\/\/fokusisrael.ch\/it\/wp-json\/wp\/v2\/tags?post=5592"}],"curies":[{"name":"wp","href":"https:\/\/api.w.org\/{rel}","templated":true}]}}