{"id":5447,"date":"2025-09-12T11:03:34","date_gmt":"2025-09-12T09:03:34","guid":{"rendered":"https:\/\/fokusisrael.ch\/senza-categoria\/verlogenheit-ignoranz-und-israels-fehler\/"},"modified":"2025-10-15T15:52:46","modified_gmt":"2025-10-15T13:52:46","slug":"ipocrisia-ignoranza-ed-errori-di-israele","status":"publish","type":"post","link":"https:\/\/fokusisrael.ch\/it\/notizie\/ipocrisia-ignoranza-ed-errori-di-israele\/","title":{"rendered":"Ipocrisia, ignoranza ed errori di Israele"},"content":{"rendered":"\n<p>Di Sacha Wigdorovits<\/p>\n\n\n\n<p>Il sito <strong>BILD.de<\/strong> lo ha detto chiaramente: <em>\u00abSoldi al terrorismo invece che alla lotta contro il terrorismo\u00bb<\/em>, titolava il pi\u00f9 grande portale d\u2019informazione tedesco. Si riferiva alla decisione dell\u2019Unione Europea di sospendere i finanziamenti a Israele in seguito all\u2019attacco contro i cinque pi\u00f9 alti comandanti di Hamas in Qatar.<\/p>\n\n\n\n<p>\u00abNon esiste quasi nessuno Stato canaglia al mondo che l\u2019UE non coccoli e finanzi. Solo contro Israele la presidente della Commissione europea Ursula von der Leyen ora interviene, dichiarando di voler interrompere tutti i pagamenti bilaterali con lo Stato ebraico\u00bb, scrive BILD.de. \u00abQuesto significa che da ora in poi l\u2019UE invier\u00e0 le imposte dei propri cittadini a paesi governati da terroristi o che li sostengono \u2013 ma non a quello Stato che, pi\u00f9 di ogni altro, combatte i terroristi.\u00bb<\/p>\n\n\n\n<p>Tra gli esempi citati dal giornale figurano gli aiuti dell\u2019UE all\u2019Afghanistan (141 milioni di euro), all\u2019Iran (126 milioni, di cui 10 milioni solo quest\u2019anno) e all\u2019Autorit\u00e0 Palestinese, alla quale l\u2019UE ha promesso 620 milioni di euro per quest\u2019anno.<\/p>\n\n\n\n<p>Il commento del pi\u00f9 popolare e diffuso quotidiano tedesco si conclude con queste parole: \u00abL\u2019attuale politica di Ursula von der Leyen e dei suoi colleghi si inserisce nella lunga serie di errori dell\u2019UE. Invece di sanzionare la Russia, l\u2019Europa ha riempito la cassa di guerra di Putin. Invece di opporsi al regime degli ayatollah, l\u2019Europa gli ha versato miliardi. Nella lotta contro il terrorismo, l\u2019Europa si trova di nuovo dalla parte sbagliata della storia.\u00bb<\/p>\n\n\n\n<p>A ci\u00f2 non c\u2019\u00e8 molto da aggiungere. Se non che noi, in Svizzera, non siamo affatto migliori dell\u2019UE.<\/p>\n\n\n\n<p>Anche il <strong>Dipartimento federale degli affari esteri (DFAE)<\/strong>, a nome del nostro Paese, ha condannato duramente l\u2019attacco israeliano contro i cinque leader di Hamas a Doha, definendolo una \u00abviolazione inaccettabile della sovranit\u00e0 e dell\u2019integrit\u00e0 territoriale del Qatar\u00bb.<\/p>\n\n\n\n<p>Questo, per inciso, solo 24 ore dopo che lo stesso dipartimento era rimasto in silenzio quando, a Gerusalemme, due attentatori palestinesi avevano ucciso sei israeliani. Solo l\u2019ambasciatore svizzero in Israele, <strong>Simon Geissb\u00fchler<\/strong>, aveva espresso le proprie condoglianze alle vittime e alle loro famiglie \u2013 senza per\u00f2 condannare i terroristi palestinesi.<\/p>\n\n\n\n<p>L\u2019esempio dell\u2019UE e del DFAE \u2013 ormai fortemente influenzato dalla sinistra, e guidato da <strong>Ignazio Cassis<\/strong>, favorevole a Israele ma troppo debole per imporsi sui propri funzionari \u2013 dimostra l\u2019ipocrisia con cui i governi europei trattano Israele.<\/p>\n\n\n\n<p>Quando si parla dello Stato ebraico, si applicano doppi standard come in nessun altro caso. O l\u2019UE ha forse imposto ulteriori sanzioni alla Russia dopo che la Polonia, membro dell\u2019Unione, \u00e8 stata attaccata dai droni russi?<\/p>\n\n\n\n<p>E il Consiglio federale svizzero ha forse rimproverato la Russia per questa \u00abviolazione della sovranit\u00e0\u00bb polacca? No, il DFAE si \u00e8 limitato a esprimere la propria \u00abpreoccupazione\u00bb per l\u2019attacco.<\/p>\n\n\n\n<p>Le reazioni dell\u2019UE e della Svizzera all\u2019attacco israeliano in Qatar non sono solo ipocrite, ma anche segno di una straordinaria ignoranza e ingenuit\u00e0.<\/p>\n\n\n\n<p>Perch\u00e9 il Qatar non \u00e8 uno Stato innocente e inoffensivo. \u00c8, insieme all\u2019Iran, uno dei maggiori finanziatori mondiali del terrorismo e dell\u2019islamismo radicale.<\/p>\n\n\n\n<p>Senza il Qatar, Hamas non avrebbe mai potuto condurre la sua lunga campagna di terrore contro Israele.<\/p>\n\n\n\n<p>I leader supremi di Hamas \u2013 veri e propri assassini di massa \u2013 vivono a Doha, la capitale del Qatar, una vita da miliardari, finanziata anche con fondi dell\u2019UE, dell\u2019ONU e della Svizzera destinati ai palestinesi.<\/p>\n\n\n\n<p>E non \u00e8 tutto. Il Qatar \u00e8 anche il principale sponsor dei <strong>Fratelli Musulmani<\/strong>, il movimento da cui \u00e8 nata Hamas. Proprio per questo, dal 2017 al 2021, il Qatar \u00e8 stato boicottato dai suoi \u00abpaesi fratelli\u00bb arabi: Egitto, Arabia Saudita, Emirati Arabi Uniti e Bahrein.<\/p>\n\n\n\n<p>I Fratelli Musulmani sono attivi anche in Europa, compresa la Svizzera. Sotto la copertura di organizzazioni caritative, infiltrano e radicalizzano la comunit\u00e0 musulmana locale, con l\u2019obiettivo di islamizzare la nostra societ\u00e0 occidentale.<\/p>\n\n\n\n<p>Il Qatar gestisce anche l\u2019emittente televisiva <strong>Al Jazeera<\/strong>. Nella sua versione inglese si presenta moderata, ma nel canale in lingua araba \u00e8 un vero e proprio strumento di propaganda radicale del regime di Doha.<\/p>\n\n\n\n<p>Per questo, il Qatar rappresenta una minaccia non solo per Israele \u2013 che, tra l\u2019altro, non ha ancora riconosciuto ufficialmente \u2013 ma per tutto l\u2019Occidente. Anche per la Svizzera.<\/p>\n\n\n\n<p>I crimini russi in Ucraina \u2013 e ora anche in Polonia \u2013 non devono essere minimizzati. Ma nel lungo periodo, la minaccia che proviene dal Qatar \u00e8 altrettanto grande, se non addirittura maggiore, di quella russa.<\/p>\n\n\n\n<p>Il Qatar non pu\u00f2 minacciarci con armi o tecnologia, ma utilizza i suoi miliardi di petrodollari per infiltrare le nostre societ\u00e0, influenzare le nostre economie e comprare la nostra benevolenza politica.<\/p>\n\n\n\n<p>Esempi di ci\u00f2 sono l\u2019organizzazione dei <strong>Mondiali di calcio del 2022<\/strong>, l\u2019acquisto del club <strong>Paris Saint-Germain<\/strong>, gli investimenti in <strong>Volkswagen<\/strong> e nella <strong>Credit Suisse<\/strong>.<\/p>\n\n\n\n<p>Ma il pericolo pi\u00f9 grande, politicamente e socialmente, \u00e8 l\u2019infiltrazione dell\u2019Europa da parte di organizzazioni come i Fratelli Musulmani. Grazie al sostegno finanziario e alla benedizione del Qatar, possono condurre indisturbati la loro opera di indottrinamento e radicalizzazione islamista nel nostro continente.<\/p>\n\n\n\n<p>Il sovrano del Qatar, <strong>lo sceicco Tamim bin Hamad Al Thani<\/strong>, non agisce sotto i riflettori come fa Putin. Opera nell\u2019ombra, in linea con la frase di Bertolt Brecht: <em>\u00abSi vedono solo quelli alla luce, quelli nell\u2019oscurit\u00e0 non si vedono\u00bb.<\/em><\/p>\n\n\n\n<p>Il Qatar \u00e8 dunque il classico <strong>lupo travestito da agnello<\/strong>. In Europa non lo si \u00e8 ancora capito \u2013 o non lo si vuole capire \u2013 perch\u00e9 il flusso di dollari, il petrolio e il gas liquefatto provenienti dal Golfo fanno comodo.<\/p>\n\n\n\n<p>Ma Israele conosce bene il doppio gioco del Qatar e l\u2019agenda islamista che lo ispira. Neppure i presunti sforzi \u00abdisinteressati\u00bb dell\u2019emirato nei colloqui di cessate il fuoco con Hamas hanno cambiato questa realt\u00e0.<\/p>\n\n\n\n<p>Nell\u2019attacco contro i leader della banda di assassini di Hamas a Doha, Israele ha commesso un solo errore: <strong>non \u00e8 riuscito nel suo intento<\/strong>.<\/p>\n\n\n\n<hr class=\"wp-block-separator has-alpha-channel-opacity\"\/>\n\n\n\n<blockquote class=\"wp-block-quote is-layout-flow wp-block-quote-is-layout-flow\">\n<p><strong>Sacha Wigdorovits<\/strong> \u00e8 presidente dell\u2019associazione <em>Fokus Israel und Nahost<\/em>, che gestisce il sito fokusisrael.ch. Ha studiato storia, germanistica e psicologia sociale all\u2019Universit\u00e0 di Zurigo, \u00e8 stato corrispondente dagli Stati Uniti per la <em>SonntagsZeitung<\/em>, caporedattore del <em>BLICK<\/em> e cofondatore del quotidiano gratuito <em>20 Minuten<\/em>.<\/p>\n<\/blockquote>\n\n\n\n<p><\/p>\n","protected":false},"excerpt":{"rendered":"<p>L\u2019UE e la Svizzera condannano l\u2019attacco israeliano contro i leader di Hamas in Qatar \u2013 i critici denunciano un doppio standard e mettono in guardia contro il ruolo del Qatar nel sostegno al terrorismo.<\/p>\n","protected":false},"author":2,"featured_media":3515,"comment_status":"closed","ping_status":"closed","sticky":false,"template":"","format":"standard","meta":{"_hide_socialbar":"","footnotes":""},"categories":[806],"tags":[1103,1104,1105,812,1070,1106,1107,638,1074,647,1108,1075,891,813,1109],"class_list":["post-5447","post","type-post","status-publish","format-standard","has-post-thumbnail","hentry","category-notizie","tag-abraham-abkommen","tag-al-jazeera-2","tag-analisi-proprie","tag-conflitto-in-medio-oriente","tag-dfa-it","tag-eu","tag-finanzierung-terrorismus","tag-hamas-it","tag-ignazio-cassis-it","tag-israele","tag-muslimbruderschaft","tag-politica-estera-della-svizzera","tag-qatar-it","tag-terrorismo","tag-ursula-von-der-leyen"],"aioseo_notices":[],"_links":{"self":[{"href":"https:\/\/fokusisrael.ch\/it\/wp-json\/wp\/v2\/posts\/5447","targetHints":{"allow":["GET"]}}],"collection":[{"href":"https:\/\/fokusisrael.ch\/it\/wp-json\/wp\/v2\/posts"}],"about":[{"href":"https:\/\/fokusisrael.ch\/it\/wp-json\/wp\/v2\/types\/post"}],"author":[{"embeddable":true,"href":"https:\/\/fokusisrael.ch\/it\/wp-json\/wp\/v2\/users\/2"}],"replies":[{"embeddable":true,"href":"https:\/\/fokusisrael.ch\/it\/wp-json\/wp\/v2\/comments?post=5447"}],"version-history":[{"count":1,"href":"https:\/\/fokusisrael.ch\/it\/wp-json\/wp\/v2\/posts\/5447\/revisions"}],"predecessor-version":[{"id":5450,"href":"https:\/\/fokusisrael.ch\/it\/wp-json\/wp\/v2\/posts\/5447\/revisions\/5450"}],"wp:featuredmedia":[{"embeddable":true,"href":"https:\/\/fokusisrael.ch\/it\/wp-json\/wp\/v2\/media\/3515"}],"wp:attachment":[{"href":"https:\/\/fokusisrael.ch\/it\/wp-json\/wp\/v2\/media?parent=5447"}],"wp:term":[{"taxonomy":"category","embeddable":true,"href":"https:\/\/fokusisrael.ch\/it\/wp-json\/wp\/v2\/categories?post=5447"},{"taxonomy":"post_tag","embeddable":true,"href":"https:\/\/fokusisrael.ch\/it\/wp-json\/wp\/v2\/tags?post=5447"}],"curies":[{"name":"wp","href":"https:\/\/api.w.org\/{rel}","templated":true}]}}