{"id":11031,"date":"2026-09-03T17:20:48","date_gmt":"2026-09-03T15:20:48","guid":{"rendered":"https:\/\/fokusisrael.ch\/senza-categoria\/avigdor-lieberman-lex-alleato-e-nemico-giurato-di-netanyahu\/"},"modified":"2026-09-03T17:23:21","modified_gmt":"2026-09-03T15:23:21","slug":"avigdor-lieberman-lex-alleato-e-nemico-giurato-di-netanyahu","status":"publish","type":"post","link":"https:\/\/fokusisrael.ch\/it\/notizie\/avigdor-lieberman-lex-alleato-e-nemico-giurato-di-netanyahu\/","title":{"rendered":"Avigdor Lieberman: l&#8217;ex alleato e nemico giurato di Netanyahu"},"content":{"rendered":"\n<p class=\"wp-block-paragraph\"><strong>In vista delle elezioni parlamentari israeliane del 27 ottobre, FokusIsrael.ch ti presenta le principali figure politiche dello Stato ebraico. Questa settimana: Avigdor Lieberman del partito \u00abYisrael Beytenu\u00bb.<\/strong><\/p>\n\n<p class=\"wp-block-paragraph\">Di Jan Kapusnak<\/p>\n\n<p class=\"wp-block-paragraph\">Avigdor Lieberman ha trascorso la sua carriera politica nella destra, ma negli ultimi sette anni \u00e8 stato uno degli oppositori pi\u00f9 accaniti di Benjamin Netanyahu. Un tempo stretto confidente dell\u2019attuale primo ministro e suo ministro degli Esteri e della Difesa, nel 2019 Lieberman ha bloccato la formazione di una coalizione di governo e da allora si \u00e8 posizionato come sostenitore di una destra laica e nazionalista, che si distingue nettamente dal \u00abLikud\u00bb di Benjamin Netanyahu a causa della sua dipendenza dai partiti ultraortodossi.  <\/p>\n\n<p class=\"wp-block-paragraph\">A 68 anni, Lieberman \u00e8 una delle figure politiche israeliane in carica da pi\u00f9 tempo. Con il suo stile diretto e combattivo, coniuga posizioni rigide in materia di sicurezza e sui palestinesi con opinioni fortemente laiche su religione e Stato. Il suo partito \u00abYisrael Beytenu\u00bb (Israele \u00e8 la nostra casa) sostiene il servizio militare per tutti gli israeliani, il matrimonio civile, i trasporti pubblici durante lo Shabbat, l\u2019economia di libero mercato e la riduzione del potere politico dei partiti haredim (ultraortodossi). Questa combinazione ha permesso a Lieberman di conquistare un elettorato autonomo, che non si sente pienamente rappresentato n\u00e9 dal \u00abLikud\u00bb n\u00e9 dai partiti centristi israeliani.  <\/p>\n\n<p class=\"wp-block-paragraph\">Gli ultimi sondaggi elettorali, fatti il 26 agosto, davano a \u00abYisrael Beytenu\u00bb nove seggi nei sondaggi di Channel 13 e Walla e otto seggi in quello di i24NEWS. Questo rende il partito una componente stabile del fronte anti-Netanyahu.<\/p>\n\n<p class=\"wp-block-paragraph\"><strong>Dalla Moldavia alla destra israeliana <\/strong><\/p>\n\n<p class=\"wp-block-paragraph\">Lieberman \u00e8 nato nel 1958 a Kishinev (oggi Chi\u0219in\u0103u), in Moldavia, ed \u00e8 emigrato in Israele con la sua famiglia nel 1978. Ha studiato scienze politiche e relazioni internazionali all\u2019Universit\u00e0 Ebraica di Gerusalemme e si \u00e8 impegnato nella destra israeliana e in organizzazioni che rappresentano gli immigrati dall\u2019Unione Sovietica.<\/p>\n\n<p class=\"wp-block-paragraph\">L&#8217;ascesa di Lieberman era strettamente legata a quella di Netanyahu. Dal 1993 al 1996 \u00e8 stato direttore generale del Likud, aiutando Netanyahu a consolidare la sua leadership nel partito e a preparare la sua campagna vincente per la carica di primo ministro. Dopo la vittoria del 1996, Lieberman \u00e8 diventato direttore generale dell\u2019ufficio del primo ministro.<\/p>\n\n<p class=\"wp-block-paragraph\">Il rapporto tra Lieberman e Netanyahu \u00e8 diventato uno dei pi\u00f9 complicati della politica israeliana: fasi di stretta collaborazione si sono alternate a aspri scontri. Nel 1999 Lieberman ha fondato il suo partito: \u00abYisrael Beytenu\u00bb. All\u2019inizio il partito si identificava soprattutto con la grande comunit\u00e0 di immigrati di lingua russa arrivata negli anni \u201990 e univa una politica di sicurezza nazionalista a un approccio decisamente laico negli affari interni. Alle sue prime elezioni alla Knesset ha conquistato quattro seggi e si \u00e8 gradualmente espanso oltre il suo elettorato, inizialmente limitato agli immigrati russi, raggiungendo altri gruppi della popolazione. Nel 2009 \u00abYisrael Beytenu\u00bb ha raggiunto il suo apice con 15 seggi, diventando cos\u00ec la terza forza politica nel parlamento israeliano.  <\/p>\n\n<p class=\"wp-block-paragraph\"><strong>Falke, ma non un\u2019estrema destra convenzionale <\/strong><\/p>\n\n<p class=\"wp-block-paragraph\">Lieberman si \u00e8 costruito fin da subito la reputazione di uno dei politici israeliani pi\u00f9 intransigenti in materia di sicurezza. Nel 2005 si \u00e8 opposto al ritiro dall\u2019allora primo ministro Ariel Sharon da Gaza e ha ripetutamente chiesto che Israele reagisse in modo molto pi\u00f9 deciso contro Hamas e altri gruppi armati. <\/p>\n\n<p class=\"wp-block-paragraph\">Eppure, la posizione di Lieberman nei confronti dei palestinesi \u00e8 pi\u00f9 complessa di quanto lasci intendere l\u2019etichetta di \u00abestrema destra\u00bb. Lieberman ha accettato il principio della separazione territoriale e ha sostenuto un piano che prevede lo scambio sia di territori che di popolazioni: i grandi blocchi di insediamenti ebraici dovrebbero rimanere all\u2019interno di Israele, mentre alcune aree a forte presenza araba all\u2019interno di Israele dovrebbero diventare parte di un futuro Stato palestinese. La proposta \u00e8 stata pesantemente criticata, soprattutto dai cittadini arabi di Israele.  <\/p>\n\n<p class=\"wp-block-paragraph\">Ma l\u2019obiettivo di Lieberman \u00e8 diverso dalla visione annessionista dell\u2019attuale destra religiosa. Lui non punta a un dominio israeliano permanente su tutti i palestinesi; al contrario, sostiene una separazione che miri a massimizzare la maggioranza ebraica di Israele e, allo stesso tempo, a mantenere il controllo su territori strategicamente importanti.  <\/p>\n\n<p class=\"wp-block-paragraph\">La politica interna di Lieberman \u00e8 decisamente laica. Anche se vive nell\u2019insediamento di Nokdim, in Giudea e Samaria, ha pi\u00f9 volte contestato i partiti ultraortodossi su questioni come le esenzioni militari, il matrimonio, la conversione e l\u2019autorit\u00e0 religiosa. \u00abYisrael Beytenu\u00bb si definisce sionista, di destra e liberale e si batte per una costituzione che separi la religione dallo Stato. Questa insolita combinazione di nazionalismo in materia di sicurezza e laicit\u00e0 interna \u00e8 alla base della sopravvivenza politica di Lieberman. <\/p>\n\n<p class=\"wp-block-paragraph\"><strong>Ministro degli Esteri, ministro della Difesa \u2013 e alleato di Netanyahu <\/strong><\/p>\n\n<p class=\"wp-block-paragraph\">Per anni Lieberman ha fatto parte di governi guidati sia dal \u00abLikud\u00bb che dai partiti di centro. \u00c8 stato ministro delle Infrastrutture, dei Trasporti e degli Affari strategici, prima di diventare ministro degli Esteri sotto Netanyahu nel 2009. Nel 2013 \u00abYisrael Beytenu\u00bb si \u00e8 unito al \u00abLikud\u00bb per formare una lista elettorale comune. Nel 2016 Netanyahu ha nominato Lieberman ministro della Difesa, affidandogli cos\u00ec il dicastero pi\u00f9 strettamente legato alla sua immagine politica.  <\/p>\n\n<p class=\"wp-block-paragraph\">Il rapporto tra i due politici si \u00e8 per\u00f2 concluso in modo drammatico nel novembre 2018: Lieberman si \u00e8 dimesso dopo che il governo aveva accettato un cessate il fuoco al termine di un duro scontro con Hamas nella Striscia di Gaza. Ha condannato l\u2019accordo definendolo una \u00abcapitolazione davanti al terrorismo\u00bb e ha ritirato \u00abYisrael Beytenu\u00bb dalla coalizione.  <\/p>\n\n<p class=\"wp-block-paragraph\">Questo ritiro ha scatenato in Israele un periodo di instabilit\u00e0 politica che ha portato a ripetute elezioni anticipate. Ma la cosa pi\u00f9 importante \u00e8 stata che l\u2019uscita di Lieberman dalla coalizione di governo ha segnato la sua trasformazione da stretto alleato a principale avversario di Netanyahu e ha dato il via al suo continuo dominio. <\/p>\n\n<p class=\"wp-block-paragraph\"><strong>I cinque seggi che hanno cambiato la politica israeliana <\/strong><\/p>\n\n<p class=\"wp-block-paragraph\">Il momento politico decisivo per Lieberman \u00e8 arrivato dopo le elezioni dell\u2019aprile 2019. Netanyahu sembrava aver vinto un altro mandato, ma senza \u00abYisrael Beytenu\u00bb, che aveva conquistato cinque seggi, la sua coalizione arrivava solo a 60 deputati alla Knesset \u2013 uno in meno della maggioranza. Lieberman, per\u00f2, si \u00e8 rifiutato di unirsi alla fazione di Netanyahu finch\u00e9 questa non avesse approvato una legge per estendere il servizio militare obbligatorio agli uomini ultraortodossi. Dato che nessuna delle due parti ha ceduto, Netanyahu non \u00e8 riuscito a formare un governo e Israele ha dovuto andare di nuovo alle urne.  <\/p>\n\n<p class=\"wp-block-paragraph\">Questo scontro ha cambiato per sempre l\u2019identit\u00e0 politica di Lieberman. Per anni la sinistra israeliana lo ha considerato uno dei politici pi\u00f9 di estrema destra del Paese. Ora \u00e8 diventato indispensabile per i tentativi di rovesciare Netanyahu. Non si trattava certo di uno spostamento a sinistra: Lieberman \u00e8 rimasto un falco in materia di sicurezza e si \u00e8 rifiutato di affidarsi ai partiti arabi per formare un governo. La sua argomentazione era invece che Netanyahu avesse subordinato la destra laica ai partiti ultraortodossi \u00abShas\u00bb e \u00abGiudaismo Unito della Torah\u00bb, solo per salvare la sua coalizione. <\/p>\n\n<p class=\"wp-block-paragraph\"><strong>La fine dei dodici anni di governo di Netanyahu <\/strong><\/p>\n\n<p class=\"wp-block-paragraph\">Dopo quattro elezioni in due anni, Lieberman ha infine aderito alla coalizione straordinariamente ampia messa insieme da Yair Lapid e guidata inizialmente, nel giugno 2021, da Naftali Bennett. Il governo comprendeva partiti che andavano dalla destra nazionalista alla sinistra sionista e, per la prima volta nella storia di Israele, anche un partito arabo indipendente: Ra&#8217;am. Lieberman \u00e8 diventato ministro delle Finanze.  <\/p>\n\n<p class=\"wp-block-paragraph\">La nomina gli ha permesso di mettere in pratica il suo programma laico in materia di politica economica. Si \u00e8 impegnato a favore della partecipazione al mondo del lavoro, della riduzione della dipendenza dai sussidi statali e dell\u2019integrazione degli uomini haredi nel mondo del lavoro e nel servizio nazionale. Inoltre, ha promosso riforme orientate all\u2019economia di mercato per aumentare la concorrenza e abbattere le barriere alle importazioni. Il suo partito continua a presentare la liberalizzazione economica, insieme al servizio civile, come parte centrale del proprio programma.  <\/p>\n\n<p class=\"wp-block-paragraph\">La coalizione Bennett-Lapid, per\u00f2, \u00e8 durata solo diciotto mesi, e Netanyahu \u00e8 tornato al potere dopo le elezioni del 2022. Ma Lieberman era riuscito a ottenere qualcosa che solo pochi anni prima sembrava quasi impossibile: allontanare temporaneamente dalla carica il suo ex mentore politico. <\/p>\n\n<p class=\"wp-block-paragraph\"><strong>7 ottobre \u2013 il falco della sicurezza all\u2019opposizione <\/strong><\/p>\n\n<p class=\"wp-block-paragraph\">Il massacro del 7 ottobre ha rafforzato la tesi di Lieberman secondo cui Israele era stato troppo cauto nei confronti di Hamas. A differenza degli ex capi di Stato Maggiore Benny Gantz e Gadi Eisenkot, per\u00f2, non \u00e8 entrato a far parte del governo di emergenza di Netanyahu. Dall\u2019opposizione, Lieberman ha accusato il governo di aver fallito sia prima che durante la guerra. Ha invocato un atteggiamento decisamente pi\u00f9 aggressivo nei confronti dei nemici di Israele. Le sue critiche al governo non si sono limitate a Gaza. L\u2019Iran e la sua rete terroristica regionale occupano un posto centrale nel pensiero strategico di Lieberman. Per lui, lo scontro con il governo islamista dei mullah di Teheran \u00e8 una lotta su vasta scala che richiede la forza militare israeliana e alleanze regionali.  <\/p>\n\n<p class=\"wp-block-paragraph\">La sua posizione offre a Lieberman un vantaggio insolito tra gli avversari di Netanyahu. Lieberman pu\u00f2 attaccare il primo ministro da destra sulle questioni di sicurezza e l\u2019attuale coalizione di governo dal centro laico sulla politica interna \u2013 e allo stesso tempo continuare a guadagnare consensi tra gli israeliani di lingua russa. Questa combinazione ha contribuito a mantenere \u00abYisrael Beytenu\u00bb straordinariamente stabile, mentre altri partiti dell\u2019opposizione intorno a lui sono saliti alla ribalta e poi crollati. <\/p>\n\n<p class=\"wp-block-paragraph\"><strong>Il ribelle incallito della destra laica <\/strong><\/p>\n\n<p class=\"wp-block-paragraph\">Il punto di forza pi\u00f9 grande di Lieberman \u00e8 allo stesso tempo anche ci\u00f2 che lo limita. Ha un\u2019identit\u00e0 politica ben definita: falco, laico, nazionalista ed estremamente ostile ai privilegi degli ultraortodossi. Ma proprio questa identit\u00e0 lo limita. I conservatori religiosi diffidano del suo laicismo, gran parte del centro-sinistra \u00e8 a disagio per la sua retorica nei confronti degli arabi e il fatto che abbia fatto parte a lungo dei governi precedenti rende difficile presentarlo come una nuova alternativa.<\/p>\n\n<p class=\"wp-block-paragraph\">Ecco perch\u00e9 Lieberman non \u00e8 il candidato principale dell\u2019opposizione alla carica di primo ministro nelle prossime elezioni. La corsa si concentra su Gadi Eisenkot e sulla nuova alleanza tra Bennett e Lapid. Eppure, la politica israeliana ha pi\u00f9 volte premiato la capacit\u00e0 di Lieberman di rendersi indispensabile.  <\/p>\n\n<p class=\"wp-block-paragraph\">Ma con una previsione di nove o dieci seggi alle elezioni del 27 ottobre, \u00abYisrael Beytenu\u00bb, guidato da Avigdor Lieberman, potrebbe giocare di nuovo un ruolo decisivo nella Knesset, fortemente frammentata, per decidere chi diventer\u00e0 primo ministro israeliano. Sette anni fa, nel 2019, gli bastarono gi\u00e0 cinque seggi per impedire a Netanyahu di formare un governo.<\/p>\n\n<p class=\"wp-block-paragraph\"><strong>Ritratti gi\u00e0 pubblicati<\/strong><\/p>\n\n<p class=\"wp-block-paragraph\"><a href=\"https:\/\/fokusisrael.ch\/it\/notizie\/benjamin-netanyahu-da-burattinaio-a-burattino-ma-non-e-ancora-fuori-gioco\/\"><strong>Benjamin Netanyahu: da burattinaio a burattino \u2013 ma non ancora sconfitto &#8211; FokusIsrael<\/strong><\/a><strong><\/strong><\/p>\n\n<p class=\"wp-block-paragraph\"><a href=\"https:\/\/fokusisrael.ch\/it\/notizie\/bezalel-smotrich-da-attivista-marginale-a-figura-chiave-della-coalizione\/\"><strong>Bezalel Smotrich: Da attivista marginale a influente politico di coalizione \u2013 FokusIsrael<\/strong><\/a><\/p>\n\n<p class=\"wp-block-paragraph\"><a href=\"https:\/\/fokusisrael.ch\/it\/notizie\/itamar-ben-gvir-da-sostenitore-del-terrorismo-a-uomo-che-decide-chi-diventa-re\/\"><strong>Itamar Ben-Gvir: da sostenitore del terrorismo a kingmaker \u2013 FokusIsrael<\/strong><\/a><\/p>\n\n<p class=\"wp-block-paragraph\"><a href=\"https:\/\/fokusisrael.ch\/it\/notizie\/deri-goldknopf-gafni-leader-delle-minoranze-ultraortodosse-con-uninfluenza-enorme\/\"><strong>Deri, Goldknopf, Gafni: leader delle minoranze ultraortodosse con un\u2019influenza enorme &#8211; FokusIsrael<\/strong><\/a><\/p>\n\n<p class=\"wp-block-paragraph\"><a href=\"https:\/\/fokusisrael.ch\/it\/notizie\/gadi-eisenkot-lex-generale-che-vuole-sconfiggere-netanyahu\/\"><strong>Gadi Eisenkot: l\u2019ex generale che vuole sconfiggere Netanyahu &#8211; FokusIsrael<\/strong><\/a><\/p>\n\n<p class=\"wp-block-paragraph\"><a href=\"https:\/\/fokusisrael.ch\/it\/notizie\/naftali-bennett-riuscira-a-battere-il-primo-ministro-netanyahu-per-la-seconda-volta\/\"><strong>Riuscir\u00e0 Naftali Bennett a battere il primo ministro Netanyahu per la seconda volta? &#8211; FokusIsrael<\/strong><\/a><\/p>\n\n<p class=\"wp-block-paragraph\"><a href=\"https:\/\/fokusisrael.ch\/it\/notizie\/yair-lapid-da-star-televisiva-a-tenace-rivale-di-netanyahu\/\"><strong>Yair Lapid: da star televisiva a tenace rivale di Netanyahu &#8211; FokusIsrael<\/strong><\/a><\/p>\n\n<p class=\"wp-block-paragraph\"><a href=\"https:\/\/fokusisrael.ch\/it\/notizie\/benny-gantz-lex-generale-che-si-e-fidato-troppo-di-netanyahu-e-ora-lotta-per-la-sopravvivenza\/\"><strong>Benny Gantz: l\u2019ex generale che si \u00e8 fidato troppo di Netanyahu e ora lotta per la sua sopravvivenza politica &#8211; FokusIsrael<\/strong><\/a><strong><\/strong><\/p>\n\n<hr class=\"wp-block-separator has-alpha-channel-opacity\"\/>\n\n<p class=\"wp-block-paragraph\">Jan Kapusnak \u00e8 un analista politico e autore. Vive a Tel Aviv.<\/p>\n","protected":false},"excerpt":{"rendered":"<p>In vista delle elezioni parlamentari israeliane del 27 ottobre, FokusIsrael.ch ti presenta le principali figure politiche dello Stato ebraico. Questa settimana: Avigdor Lieberman del partito \u00abYisrael Beytenu\u00bb. Di Jan Kapusnak Avigdor Lieberman ha trascorso la sua carriera politica nella destra, ma negli ultimi sette anni \u00e8 stato uno degli oppositori pi\u00f9 accaniti di Benjamin Netanyahu. [&hellip;]<\/p>\n","protected":false},"author":2,"featured_media":11032,"comment_status":"closed","ping_status":"closed","sticky":false,"template":"","format":"standard","meta":{"_hide_socialbar":"","footnotes":""},"categories":[806],"tags":[1113,5975,950,5290,5976,5120,5282,5173,5006,1779,5175,637,638,1979,667,647,1653,1310,1215,5127,5977,5723,5978,3979,3973,3334,5169,3763,5119,656,5974],"class_list":["post-11031","post","type-post","status-publish","format-standard","has-post-thumbnail","hentry","category-notizie","tag-7-oktober","tag-avigdor-lieberman","tag-benjamin-netanyahu-it","tag-benny-gantz","tag-diritti-laici","tag-ebraismo-della-torah-unita","tag-elezioni-della-knesset-3","tag-elezioni-israeliane","tag-elezioni-parlamentari","tag-focusisraele","tag-gadi-eisenkot","tag-gaza-it","tag-hamas-it","tag-haredim","tag-iran-it","tag-israele","tag-jan-kapusnak","tag-knesset","tag-likud","tag-matrimonio-civile","tag-ministro-degli-esteri","tag-ministro-della-difesa","tag-ministro-delle-finanze","tag-naftali-bennett","tag-politica-israeliana","tag-religione-e-stato","tag-servizio-militare-obbligatorio","tag-shabbat","tag-shas","tag-sionismo","tag-yisrael-beytenu"],"aioseo_notices":[],"aioseo_head":"\n\t\t<!-- All in One SEO 5.0.1.1 - aioseo.com -->\n\t<meta name=\"description\" content=\"Avigdor Lieberman sfida Netanyahu da destra. Con \u00abYisrael Beytenu\u00bb si batte per la sicurezza, il secolarismo, il servizio militare obbligatorio e una riduzione del potere degli haredim.\" \/>\n\t<meta name=\"robots\" content=\"max-image-preview:large\" \/>\n\t<meta name=\"author\" content=\"Redaktion\"\/>\n\t<link rel=\"canonical\" href=\"https:\/\/fokusisrael.ch\/it\/notizie\/avigdor-lieberman-lex-alleato-e-nemico-giurato-di-netanyahu\/\" \/>\n\t<meta name=\"generator\" content=\"All in One SEO (AIOSEO) 5.0.1.1\" \/>\n\t\t<meta property=\"og:locale\" content=\"it_IT\" \/>\n\t\t<meta property=\"og:site_name\" content=\"FokusIsrael - FokusIsrael.ch ist eine ehrenamtlich t\u00e4tige, unabh\u00e4ngige Gruppierung aus der Schweiz\" \/>\n\t\t<meta property=\"og:type\" content=\"article\" \/>\n\t\t<meta property=\"og:title\" content=\"Avigdor Lieberman: l\u2019ex alleato e nemico giurato di Netanyahu - FokusIsrael\" \/>\n\t\t<meta property=\"og:description\" content=\"Avigdor Lieberman sfida Netanyahu da destra. Con \u00abYisrael Beytenu\u00bb si batte per la sicurezza, il secolarismo, il servizio militare obbligatorio e una riduzione del potere degli haredim.\" \/>\n\t\t<meta property=\"og:url\" content=\"https:\/\/fokusisrael.ch\/it\/notizie\/avigdor-lieberman-lex-alleato-e-nemico-giurato-di-netanyahu\/\" \/>\n\t\t<meta property=\"og:image\" content=\"https:\/\/fokusisrael.ch\/wp-content\/uploads\/2026\/09\/Avigdor-Liberman.webp\" \/>\n\t\t<meta property=\"og:image:secure_url\" content=\"https:\/\/fokusisrael.ch\/wp-content\/uploads\/2026\/09\/Avigdor-Liberman.webp\" \/>\n\t\t<meta property=\"og:image:width\" content=\"1024\" \/>\n\t\t<meta property=\"og:image:height\" content=\"600\" \/>\n\t\t<meta property=\"article:published_time\" content=\"2026-09-03T15:20:48+00:00\" \/>\n\t\t<meta property=\"article:modified_time\" content=\"2026-09-03T15:23:21+00:00\" \/>\n\t\t<meta name=\"twitter:card\" content=\"summary_large_image\" \/>\n\t\t<meta name=\"twitter:title\" content=\"Avigdor Lieberman: l\u2019ex alleato e nemico giurato di Netanyahu - FokusIsrael\" \/>\n\t\t<meta name=\"twitter:description\" content=\"Avigdor Lieberman sfida Netanyahu da destra. Con \u00abYisrael Beytenu\u00bb si batte per la sicurezza, il secolarismo, il servizio militare obbligatorio e una riduzione del potere degli haredim.\" \/>\n\t\t<meta name=\"twitter:image\" content=\"https:\/\/fokusisrael.ch\/wp-content\/uploads\/2026\/09\/Avigdor-Liberman.webp\" \/>\n\t\t<script type=\"application\/ld+json\" class=\"aioseo-schema\">\n\t\t\t{\"@context\":\"https:\\\/\\\/schema.org\",\"@graph\":[{\"@type\":\"BlogPosting\",\"@id\":\"https:\\\/\\\/fokusisrael.ch\\\/it\\\/notizie\\\/avigdor-lieberman-lex-alleato-e-nemico-giurato-di-netanyahu\\\/#blogposting\",\"name\":\"Avigdor Lieberman: l\\u2019ex alleato e nemico giurato di Netanyahu - FokusIsrael\",\"headline\":\"Avigdor Lieberman: l&#8217;ex alleato e nemico giurato di Netanyahu\",\"author\":{\"@id\":\"https:\\\/\\\/fokusisrael.ch\\\/it\\\/author\\\/redaktion\\\/#author\"},\"publisher\":{\"@id\":\"https:\\\/\\\/fokusisrael.ch\\\/it\\\/#organization\"},\"image\":{\"@type\":\"ImageObject\",\"url\":\"https:\\\/\\\/fokusisrael.ch\\\/wp-content\\\/uploads\\\/2026\\\/09\\\/Avigdor-Liberman.webp\",\"width\":1024,\"height\":600,\"caption\":\"Avigdor Liberman\"},\"datePublished\":\"2026-09-03T17:20:48+02:00\",\"dateModified\":\"2026-09-03T17:23:21+02:00\",\"inLanguage\":\"it-IT\",\"mainEntityOfPage\":{\"@id\":\"https:\\\/\\\/fokusisrael.ch\\\/it\\\/notizie\\\/avigdor-lieberman-lex-alleato-e-nemico-giurato-di-netanyahu\\\/#webpage\"},\"isPartOf\":{\"@id\":\"https:\\\/\\\/fokusisrael.ch\\\/it\\\/notizie\\\/avigdor-lieberman-lex-alleato-e-nemico-giurato-di-netanyahu\\\/#webpage\"},\"articleSection\":\"Notizie, 7. Oktober, Avigdor Lieberman, Benjamin Netanyahu, Benny Gantz, diritti laici, Ebraismo della Torah Unita, Elezioni della Knesset, elezioni israeliane, Elezioni parlamentari, FocusIsraele, Gadi Eisenkot, Gaza, Hamas, Haredim, Iran, Israele, Jan Kapusnak, Knesset, Likud, matrimonio civile, Ministro degli Esteri, Ministro della Difesa, Ministro delle Finanze, Naftali Bennett, Politica israeliana, Religione e Stato, Servizio militare obbligatorio, Shabbat, Shas, Sionismo, Yisrael Beytenu, Opzionale\"},{\"@type\":\"BreadcrumbList\",\"@id\":\"https:\\\/\\\/fokusisrael.ch\\\/it\\\/notizie\\\/avigdor-lieberman-lex-alleato-e-nemico-giurato-di-netanyahu\\\/#breadcrumblist\",\"itemListElement\":[{\"@type\":\"ListItem\",\"@id\":\"https:\\\/\\\/fokusisrael.ch\\\/it\\\/notizie\\\/#listItem\",\"position\":1,\"name\":\"Notizie\",\"item\":\"https:\\\/\\\/fokusisrael.ch\\\/it\\\/notizie\\\/\",\"nextItem\":{\"@type\":\"ListItem\",\"@id\":\"https:\\\/\\\/fokusisrael.ch\\\/it\\\/notizie\\\/avigdor-lieberman-lex-alleato-e-nemico-giurato-di-netanyahu\\\/#listItem\",\"name\":\"Avigdor Lieberman: l&#8217;ex alleato e nemico giurato di Netanyahu\"}},{\"@type\":\"ListItem\",\"@id\":\"https:\\\/\\\/fokusisrael.ch\\\/it\\\/notizie\\\/avigdor-lieberman-lex-alleato-e-nemico-giurato-di-netanyahu\\\/#listItem\",\"position\":2,\"name\":\"Avigdor Lieberman: l&#8217;ex alleato e nemico giurato di Netanyahu\",\"previousItem\":{\"@type\":\"ListItem\",\"@id\":\"https:\\\/\\\/fokusisrael.ch\\\/it\\\/notizie\\\/#listItem\",\"name\":\"Notizie\"}}]},{\"@type\":\"Organization\",\"@id\":\"https:\\\/\\\/fokusisrael.ch\\\/it\\\/#organization\",\"name\":\"FokusIsrael\",\"description\":\"FokusIsrael.ch ist eine ehrenamtlich t\\u00e4tige, unabh\\u00e4ngige Gruppierung aus der Schweiz\",\"url\":\"https:\\\/\\\/fokusisrael.ch\\\/it\\\/\",\"logo\":{\"@type\":\"ImageObject\",\"url\":\"http:\\\/\\\/fi.localhost\\\/wp-content\\\/uploads\\\/2025\\\/03\\\/fokusisrael_300.jpg\",\"@id\":\"https:\\\/\\\/fokusisrael.ch\\\/it\\\/notizie\\\/avigdor-lieberman-lex-alleato-e-nemico-giurato-di-netanyahu\\\/#organizationLogo\"},\"image\":{\"@id\":\"https:\\\/\\\/fokusisrael.ch\\\/it\\\/notizie\\\/avigdor-lieberman-lex-alleato-e-nemico-giurato-di-netanyahu\\\/#organizationLogo\"}},{\"@type\":\"Person\",\"@id\":\"https:\\\/\\\/fokusisrael.ch\\\/it\\\/author\\\/redaktion\\\/#author\",\"url\":\"https:\\\/\\\/fokusisrael.ch\\\/it\\\/author\\\/redaktion\\\/\",\"name\":\"Redaktion\"},{\"@type\":\"WebPage\",\"@id\":\"https:\\\/\\\/fokusisrael.ch\\\/it\\\/notizie\\\/avigdor-lieberman-lex-alleato-e-nemico-giurato-di-netanyahu\\\/#webpage\",\"url\":\"https:\\\/\\\/fokusisrael.ch\\\/it\\\/notizie\\\/avigdor-lieberman-lex-alleato-e-nemico-giurato-di-netanyahu\\\/\",\"name\":\"Avigdor Lieberman: l\\u2019ex alleato e nemico giurato di Netanyahu - FokusIsrael\",\"description\":\"Avigdor Lieberman sfida Netanyahu da destra. Con \\u00abYisrael Beytenu\\u00bb si batte per la sicurezza, il secolarismo, il servizio militare obbligatorio e una riduzione del potere degli haredim.\",\"inLanguage\":\"it-IT\",\"isPartOf\":{\"@id\":\"https:\\\/\\\/fokusisrael.ch\\\/it\\\/#website\"},\"breadcrumb\":{\"@id\":\"https:\\\/\\\/fokusisrael.ch\\\/it\\\/notizie\\\/avigdor-lieberman-lex-alleato-e-nemico-giurato-di-netanyahu\\\/#breadcrumblist\"},\"author\":{\"@id\":\"https:\\\/\\\/fokusisrael.ch\\\/it\\\/author\\\/redaktion\\\/#author\"},\"creator\":{\"@id\":\"https:\\\/\\\/fokusisrael.ch\\\/it\\\/author\\\/redaktion\\\/#author\"},\"image\":{\"@type\":\"ImageObject\",\"url\":\"https:\\\/\\\/fokusisrael.ch\\\/wp-content\\\/uploads\\\/2026\\\/09\\\/Avigdor-Liberman.webp\",\"@id\":\"https:\\\/\\\/fokusisrael.ch\\\/it\\\/notizie\\\/avigdor-lieberman-lex-alleato-e-nemico-giurato-di-netanyahu\\\/#mainImage\",\"width\":1024,\"height\":600,\"caption\":\"Avigdor Liberman\"},\"primaryImageOfPage\":{\"@id\":\"https:\\\/\\\/fokusisrael.ch\\\/it\\\/notizie\\\/avigdor-lieberman-lex-alleato-e-nemico-giurato-di-netanyahu\\\/#mainImage\"},\"datePublished\":\"2026-09-03T17:20:48+02:00\",\"dateModified\":\"2026-09-03T17:23:21+02:00\"},{\"@type\":\"WebSite\",\"@id\":\"https:\\\/\\\/fokusisrael.ch\\\/it\\\/#website\",\"url\":\"https:\\\/\\\/fokusisrael.ch\\\/it\\\/\",\"name\":\"FokusIsrael\",\"description\":\"FokusIsrael.ch ist eine ehrenamtlich t\\u00e4tige, unabh\\u00e4ngige Gruppierung aus der Schweiz\",\"inLanguage\":\"it-IT\",\"publisher\":{\"@id\":\"https:\\\/\\\/fokusisrael.ch\\\/it\\\/#organization\"}}]}\n\t\t<\/script>\n\t\t<!-- All in One SEO -->\n\n","aioseo_head_json":{"title":"Avigdor Lieberman: l\u2019ex alleato e nemico giurato di Netanyahu - FokusIsrael","description":"Avigdor Lieberman sfida Netanyahu da destra. Con \u00abYisrael Beytenu\u00bb si batte per la sicurezza, il secolarismo, il servizio militare obbligatorio e una riduzione del potere degli haredim.","canonical_url":"https:\/\/fokusisrael.ch\/it\/notizie\/avigdor-lieberman-lex-alleato-e-nemico-giurato-di-netanyahu\/","robots":"max-image-preview:large","keywords":"","webmasterTools":{"miscellaneous":""},"schema":{"@context":"https:\/\/schema.org","@graph":[{"@type":"BlogPosting","@id":"https:\/\/fokusisrael.ch\/it\/notizie\/avigdor-lieberman-lex-alleato-e-nemico-giurato-di-netanyahu\/#blogposting","name":"Avigdor Lieberman: l\u2019ex alleato e nemico giurato di Netanyahu - FokusIsrael","headline":"Avigdor Lieberman: l&#8217;ex alleato e nemico giurato di Netanyahu","author":{"@id":"https:\/\/fokusisrael.ch\/it\/author\/redaktion\/#author"},"publisher":{"@id":"https:\/\/fokusisrael.ch\/it\/#organization"},"image":{"@type":"ImageObject","url":"https:\/\/fokusisrael.ch\/wp-content\/uploads\/2026\/09\/Avigdor-Liberman.webp","width":1024,"height":600,"caption":"Avigdor Liberman"},"datePublished":"2026-09-03T17:20:48+02:00","dateModified":"2026-09-03T17:23:21+02:00","inLanguage":"it-IT","mainEntityOfPage":{"@id":"https:\/\/fokusisrael.ch\/it\/notizie\/avigdor-lieberman-lex-alleato-e-nemico-giurato-di-netanyahu\/#webpage"},"isPartOf":{"@id":"https:\/\/fokusisrael.ch\/it\/notizie\/avigdor-lieberman-lex-alleato-e-nemico-giurato-di-netanyahu\/#webpage"},"articleSection":"Notizie, 7. Oktober, Avigdor Lieberman, Benjamin Netanyahu, Benny Gantz, diritti laici, Ebraismo della Torah Unita, Elezioni della Knesset, elezioni israeliane, Elezioni parlamentari, FocusIsraele, Gadi Eisenkot, Gaza, Hamas, Haredim, Iran, Israele, Jan Kapusnak, Knesset, Likud, matrimonio civile, Ministro degli Esteri, Ministro della Difesa, Ministro delle Finanze, Naftali Bennett, Politica israeliana, Religione e Stato, Servizio militare obbligatorio, Shabbat, Shas, Sionismo, Yisrael Beytenu, Opzionale"},{"@type":"BreadcrumbList","@id":"https:\/\/fokusisrael.ch\/it\/notizie\/avigdor-lieberman-lex-alleato-e-nemico-giurato-di-netanyahu\/#breadcrumblist","itemListElement":[{"@type":"ListItem","@id":"https:\/\/fokusisrael.ch\/it\/notizie\/#listItem","position":1,"name":"Notizie","item":"https:\/\/fokusisrael.ch\/it\/notizie\/","nextItem":{"@type":"ListItem","@id":"https:\/\/fokusisrael.ch\/it\/notizie\/avigdor-lieberman-lex-alleato-e-nemico-giurato-di-netanyahu\/#listItem","name":"Avigdor Lieberman: l&#8217;ex alleato e nemico giurato di Netanyahu"}},{"@type":"ListItem","@id":"https:\/\/fokusisrael.ch\/it\/notizie\/avigdor-lieberman-lex-alleato-e-nemico-giurato-di-netanyahu\/#listItem","position":2,"name":"Avigdor Lieberman: l&#8217;ex alleato e nemico giurato di Netanyahu","previousItem":{"@type":"ListItem","@id":"https:\/\/fokusisrael.ch\/it\/notizie\/#listItem","name":"Notizie"}}]},{"@type":"Organization","@id":"https:\/\/fokusisrael.ch\/it\/#organization","name":"FokusIsrael","description":"FokusIsrael.ch ist eine ehrenamtlich t\u00e4tige, unabh\u00e4ngige Gruppierung aus der Schweiz","url":"https:\/\/fokusisrael.ch\/it\/","logo":{"@type":"ImageObject","url":"http:\/\/fi.localhost\/wp-content\/uploads\/2025\/03\/fokusisrael_300.jpg","@id":"https:\/\/fokusisrael.ch\/it\/notizie\/avigdor-lieberman-lex-alleato-e-nemico-giurato-di-netanyahu\/#organizationLogo"},"image":{"@id":"https:\/\/fokusisrael.ch\/it\/notizie\/avigdor-lieberman-lex-alleato-e-nemico-giurato-di-netanyahu\/#organizationLogo"}},{"@type":"Person","@id":"https:\/\/fokusisrael.ch\/it\/author\/redaktion\/#author","url":"https:\/\/fokusisrael.ch\/it\/author\/redaktion\/","name":"Redaktion"},{"@type":"WebPage","@id":"https:\/\/fokusisrael.ch\/it\/notizie\/avigdor-lieberman-lex-alleato-e-nemico-giurato-di-netanyahu\/#webpage","url":"https:\/\/fokusisrael.ch\/it\/notizie\/avigdor-lieberman-lex-alleato-e-nemico-giurato-di-netanyahu\/","name":"Avigdor Lieberman: l\u2019ex alleato e nemico giurato di Netanyahu - FokusIsrael","description":"Avigdor Lieberman sfida Netanyahu da destra. Con \u00abYisrael Beytenu\u00bb si batte per la sicurezza, il secolarismo, il servizio militare obbligatorio e una riduzione del potere degli haredim.","inLanguage":"it-IT","isPartOf":{"@id":"https:\/\/fokusisrael.ch\/it\/#website"},"breadcrumb":{"@id":"https:\/\/fokusisrael.ch\/it\/notizie\/avigdor-lieberman-lex-alleato-e-nemico-giurato-di-netanyahu\/#breadcrumblist"},"author":{"@id":"https:\/\/fokusisrael.ch\/it\/author\/redaktion\/#author"},"creator":{"@id":"https:\/\/fokusisrael.ch\/it\/author\/redaktion\/#author"},"image":{"@type":"ImageObject","url":"https:\/\/fokusisrael.ch\/wp-content\/uploads\/2026\/09\/Avigdor-Liberman.webp","@id":"https:\/\/fokusisrael.ch\/it\/notizie\/avigdor-lieberman-lex-alleato-e-nemico-giurato-di-netanyahu\/#mainImage","width":1024,"height":600,"caption":"Avigdor Liberman"},"primaryImageOfPage":{"@id":"https:\/\/fokusisrael.ch\/it\/notizie\/avigdor-lieberman-lex-alleato-e-nemico-giurato-di-netanyahu\/#mainImage"},"datePublished":"2026-09-03T17:20:48+02:00","dateModified":"2026-09-03T17:23:21+02:00"},{"@type":"WebSite","@id":"https:\/\/fokusisrael.ch\/it\/#website","url":"https:\/\/fokusisrael.ch\/it\/","name":"FokusIsrael","description":"FokusIsrael.ch ist eine ehrenamtlich t\u00e4tige, unabh\u00e4ngige Gruppierung aus der Schweiz","inLanguage":"it-IT","publisher":{"@id":"https:\/\/fokusisrael.ch\/it\/#organization"}}]},"og:locale":"it_IT","og:site_name":"FokusIsrael - FokusIsrael.ch ist eine ehrenamtlich t\u00e4tige, unabh\u00e4ngige Gruppierung aus der Schweiz","og:type":"article","og:title":"Avigdor Lieberman: l\u2019ex alleato e nemico giurato di Netanyahu - FokusIsrael","og:description":"Avigdor Lieberman sfida Netanyahu da destra. Con \u00abYisrael Beytenu\u00bb si batte per la sicurezza, il secolarismo, il servizio militare obbligatorio e una riduzione del potere degli haredim.","og:url":"https:\/\/fokusisrael.ch\/it\/notizie\/avigdor-lieberman-lex-alleato-e-nemico-giurato-di-netanyahu\/","og:image":"https:\/\/fokusisrael.ch\/wp-content\/uploads\/2026\/09\/Avigdor-Liberman.webp","og:image:secure_url":"https:\/\/fokusisrael.ch\/wp-content\/uploads\/2026\/09\/Avigdor-Liberman.webp","og:image:width":1024,"og:image:height":600,"article:published_time":"2026-09-03T15:20:48+00:00","article:modified_time":"2026-09-03T15:23:21+00:00","twitter:card":"summary_large_image","twitter:title":"Avigdor Lieberman: l\u2019ex alleato e nemico giurato di Netanyahu - FokusIsrael","twitter:description":"Avigdor Lieberman sfida Netanyahu da destra. Con \u00abYisrael Beytenu\u00bb si batte per la sicurezza, il secolarismo, il servizio militare obbligatorio e una riduzione del potere degli haredim.","twitter:image":"https:\/\/fokusisrael.ch\/wp-content\/uploads\/2026\/09\/Avigdor-Liberman.webp"},"aioseo_meta_data":{"post_id":"11031","title":null,"description":"Avigdor Lieberman sfida Netanyahu da destra. Con \u00abYisrael Beytenu\u00bb si batte per la sicurezza, il secolarismo, il servizio militare obbligatorio e una riduzione del potere degli haredim.","keywords":null,"keyphrases":{"focus":{"keyphrase":"","score":0,"analysis":{"keyphraseInTitle":{"score":0,"maxScore":9,"error":1}}},"additional":[]},"primary_term":null,"canonical_url":null,"og_title":null,"og_description":null,"og_object_type":"default","og_image_type":"default","og_image_url":null,"og_image_width":null,"og_image_height":null,"og_image_custom_url":null,"og_image_custom_fields":null,"og_video":"","og_custom_url":null,"og_article_section":null,"og_article_tags":null,"twitter_use_og":false,"twitter_card":"default","twitter_image_type":"default","twitter_image_url":null,"twitter_image_custom_url":null,"twitter_image_custom_fields":null,"twitter_title":null,"twitter_description":null,"schema":{"blockGraphs":[],"customGraphs":[],"default":{"data":{"Article":[],"Course":[],"Dataset":[],"FAQPage":[],"Movie":[],"Person":[],"Product":[],"ProductReview":[],"Car":[],"Recipe":[],"Service":[],"SoftwareApplication":[],"WebPage":[]},"graphName":"BlogPosting","isEnabled":true},"graphs":[]},"schema_type":"default","schema_type_options":null,"pillar_content":false,"robots_default":true,"robots_noindex":false,"robots_noarchive":false,"robots_nosnippet":false,"robots_nofollow":false,"robots_noimageindex":false,"robots_noodp":false,"robots_notranslate":false,"robots_max_snippet":"-1","robots_max_videopreview":"-1","robots_max_imagepreview":"large","priority":null,"frequency":"default","local_seo":null,"breadcrumb_settings":null,"limit_modified_date":false,"ai":{"faqs":[],"keyPoints":[],"schemas":[],"titles":[],"descriptions":[],"socialPosts":{"email":{"subject":"","preview":"","content":""},"linkedin":[],"twitter":[],"facebook":[],"instagram":[]}},"created":"2026-09-03 15:21:27","updated":"2026-09-03 15:23:53","seo_analyzer_scan_date":null,"focus_keyword":null,"additional_keywords":null,"truseo_locale":null},"aioseo_breadcrumb":"<div class=\"aioseo-breadcrumbs\"><span class=\"aioseo-breadcrumb\">\n\t\t\t<a href=\"https:\/\/fokusisrael.ch\/it\/notizie\/\" title=\"Notizie\">Notizie<\/a>\n\t\t<\/span><span class=\"aioseo-breadcrumb-separator\">\u00bb<\/span><span class=\"aioseo-breadcrumb\">\n\t\t\tAvigdor Lieberman: l\u2019ex alleato e nemico giurato di Netanyahu\n\t\t<\/span><\/div>","aioseo_breadcrumb_json":[{"label":"Notizie","link":"https:\/\/fokusisrael.ch\/it\/notizie\/"},{"label":"Avigdor Lieberman: l&#8217;ex alleato e nemico giurato di Netanyahu","link":"https:\/\/fokusisrael.ch\/it\/notizie\/avigdor-lieberman-lex-alleato-e-nemico-giurato-di-netanyahu\/"}],"_links":{"self":[{"href":"https:\/\/fokusisrael.ch\/it\/wp-json\/wp\/v2\/posts\/11031","targetHints":{"allow":["GET"]}}],"collection":[{"href":"https:\/\/fokusisrael.ch\/it\/wp-json\/wp\/v2\/posts"}],"about":[{"href":"https:\/\/fokusisrael.ch\/it\/wp-json\/wp\/v2\/types\/post"}],"author":[{"embeddable":true,"href":"https:\/\/fokusisrael.ch\/it\/wp-json\/wp\/v2\/users\/2"}],"replies":[{"embeddable":true,"href":"https:\/\/fokusisrael.ch\/it\/wp-json\/wp\/v2\/comments?post=11031"}],"version-history":[{"count":1,"href":"https:\/\/fokusisrael.ch\/it\/wp-json\/wp\/v2\/posts\/11031\/revisions"}],"predecessor-version":[{"id":11033,"href":"https:\/\/fokusisrael.ch\/it\/wp-json\/wp\/v2\/posts\/11031\/revisions\/11033"}],"wp:featuredmedia":[{"embeddable":true,"href":"https:\/\/fokusisrael.ch\/it\/wp-json\/wp\/v2\/media\/11032"}],"wp:attachment":[{"href":"https:\/\/fokusisrael.ch\/it\/wp-json\/wp\/v2\/media?parent=11031"}],"wp:term":[{"taxonomy":"category","embeddable":true,"href":"https:\/\/fokusisrael.ch\/it\/wp-json\/wp\/v2\/categories?post=11031"},{"taxonomy":"post_tag","embeddable":true,"href":"https:\/\/fokusisrael.ch\/it\/wp-json\/wp\/v2\/tags?post=11031"}],"curies":[{"name":"wp","href":"https:\/\/api.w.org\/{rel}","templated":true}]}}