{"id":11001,"date":"2026-09-03T16:56:45","date_gmt":"2026-09-03T14:56:45","guid":{"rendered":"https:\/\/fokusisrael.ch\/senza-categoria\/niente-sionisti-a-sion-la-dichiarazione-antisemita-dei-giovani-verdi\/"},"modified":"2026-09-03T17:40:05","modified_gmt":"2026-09-03T15:40:05","slug":"niente-sionisti-a-sion-la-dichiarazione-antisemita-dei-giovani-verdi","status":"publish","type":"post","link":"https:\/\/fokusisrael.ch\/it\/notizie\/niente-sionisti-a-sion-la-dichiarazione-antisemita-dei-giovani-verdi\/","title":{"rendered":"\u00abNiente sionisti a Sion\u00bb: antisemitismo con il logo verde"},"content":{"rendered":"\n<p class=\"wp-block-paragraph\"><strong>I Giovani Verdi stanno diffondendo uno slogan antisemita che incita all\u2019esclusione.<\/strong><strong> <\/strong><strong>Il loro boicottaggio colpisce proprio le calciatrici israeliane.<\/strong><strong> <\/strong><strong>Il post contiene informazioni false e deve avere delle conseguenze.<\/strong><\/p>\n\n<p class=\"wp-block-paragraph\">Di David Spuler<\/p>\n\n<p class=\"wp-block-paragraph\">I Giovani Verdi svizzeri pubblicano un appello con lo slogan \u00abNiente sionisti a Sion!\u00bb. Chiedono il boicottaggio di Israele e si oppongono alla partita internazionale di calcio femminile Svizzera-Israele del 13 ottobre 2026.<\/p>\n\n<p class=\"wp-block-paragraph\">Questo post non \u00e8 una gaffe politica ai margini di una campagna per il resto ben riuscita. Mette in luce un problema fondamentale: un\u2019organizzazione che si definisce aperta, libera e impegnata nella lotta contro l\u2019emarginazione diffonde uno slogan antisemita di esclusione e lo spaccia per una presa di posizione morale.<\/p>\n\n<p class=\"wp-block-paragraph\">L\u2019antisionismo \u00e8 antisemitismo. Chi vuole tenere lontani i sionisti da Sion non critica il governo israeliano. Dichiarano indesiderate delle persone solo perch\u00e9 riconoscono il diritto del popolo ebraico all\u2019autodeterminazione nazionale.<\/p>\n\n<h2 class=\"wp-block-heading\"><strong>Il partito che si autodefinisce \u00abcontro l\u2019emarginazione\u00bb emargina<\/strong><\/h2>\n\n<p class=\"wp-block-paragraph\">Nel proprio programma di partito, i Giovani Verdi dichiarano di sostenere \u00abla coesione sociale, l\u2019apertura, la pace e la giustizia sociale\u00bb. Dicono di volersi impegnare contro \u00abla discriminazione, l\u2019emarginazione e il razzismo\u00bb. <a href=\"https:\/\/jungegruene.ch\/fileadmin\/canton-filemounts\/CH\/Dokumente\/Parteiprogramm\/Parteiprogramm_Junge_Gruene_Schweiz.pdf\">Programma di partito dei Giovani Verdi svizzeri<\/a><\/p>\n\n<p class=\"wp-block-paragraph\">\u00abNiente sionisti a Sion\u00bb \u00e8 l\u2019esatto contrario di tutto questo.<\/p>\n\n<p class=\"wp-block-paragraph\">Lo slogan non indica nessuna decisione concreta, nessuna persona responsabile e nessuna azione verificabile. \u00c8 diretto contro un intero gruppo politico e identitario. I sionisti non dovrebbero essere benvenuti. La loro convinzione che anche il popolo ebraico abbia diritto all\u2019autodeterminazione e a uno Stato proprio dovrebbe renderli degli emarginati.<\/p>\n\n<p class=\"wp-block-paragraph\">Con questo, i Giovani Verdi smentiscono il loro stesso programma di partito in quattro parole. La loro presunta apertura finisce con il sionismo. La loro lotta contro l\u2019emarginazione si ferma agli ebrei. La loro tanto decantata diversit\u00e0 sembra valere solo per chi rientra nella loro visione ideologica del mondo.<\/p>\n\n<p class=\"wp-block-paragraph\">Questa non \u00e8 politica progressista. \u00c8 antisemitismo con il logo verde.<\/p>\n\n<h2 class=\"wp-block-heading\"><strong>Il sionismo non \u00e8 Netanyahu<\/strong><\/h2>\n\n<p class=\"wp-block-paragraph\">Il termine \u00absionista\u00bb non \u00e8 sinonimo di sostenitore dell\u2019attuale governo israeliano. I sionisti possono essere di sinistra o di destra, religiosi o laici, conservatori o socialisti. Possono sostenere il governo israeliano oppure combatterlo con decisione.<\/p>\n\n<p class=\"wp-block-paragraph\">Ci\u00f2 che li accomuna \u00e8 la convinzione che il popolo ebraico abbia diritto all\u2019autodeterminazione nazionale e che Israele possa esistere come Stato ebraico. Chi grida \u00abNiente sionisti\u00bb, quindi, non si oppone a un governo: si oppone al principio fondamentale dell\u2019autodeterminazione ebraica.<\/p>\n\n<p class=\"wp-block-paragraph\">I Giovani Verdi avrebbero potuto criticare il governo di Netanyahu. Avrebbero potuto citare singoli ministri, partiti o decisioni politiche. Ma non l\u2019hanno fatto. Hanno scelto consapevolmente un bersaglio molto pi\u00f9 ampio: i sionisti. Questa scelta di parole non \u00e8 un\u2019imprecisione. \u00c8 il cuore del messaggio.<\/p>\n\n<h2 class=\"wp-block-heading\"><strong>Proprio le calciatrici israeliane finiscono per diventare il bersaglio<\/strong><\/h2>\n\n<p class=\"wp-block-paragraph\">L\u2019occasione immediata \u00e8 la partita di ritorno del primo turno dei playoff per i Mondiali di calcio femminile del 2027. La nazionale svizzera affronter\u00e0 Israele marted\u00ec 13 ottobre 2026 alle 19.30 allo Stade de Tourbillon di Sion. L\u2019accoppiamento \u00e8 stato determinato tramite un sorteggio regolare della Federcalcio europea UEFA.<\/p>\n\n<p class=\"wp-block-paragraph\">Le giocatrici israeliane sono atlete. Non fanno parte del governo israeliano. Non approvano leggi n\u00e9 comandano un esercito. Eppure, secondo i Giovani Verdi, dovrebbero essere escluse da una competizione sportiva internazionale.<\/p>\n\n<p class=\"wp-block-paragraph\">Questo mette in luce anche il doppio standard del presunto femminismo di questo partito di giovani. Finch\u00e9 le donne si adattano alla loro narrativa politica, si chiedono visibilit\u00e0, partecipazione e parit\u00e0 di diritti. Ma appena le donne sono israeliane e rappresentano lo Stato ebraico, non dovrebbero pi\u00f9 poter partecipare.<\/p>\n\n<p class=\"wp-block-paragraph\">Le donne israeliane non vengono trattate come individui, ma come uno schermo su cui proiettare qualcosa. Le loro prestazioni sportive non contano. Le loro convinzioni personali non contano. Basta che sulla loro maglia ci sia scritto \u201cIsraele\u201d. Questa \u00e8 emarginazione collettiva, non una politica di parit\u00e0.<\/p>\n\n<h2 class=\"wp-block-heading\"><strong>La FSV non \u00e8 il Consiglio federale<\/strong><\/h2>\n\n<p class=\"wp-block-paragraph\">I Giovani Verdi sostengono che, organizzando la partita, \u00abla Svizzera\u00bb si schieri dalla parte di Israele.<\/p>\n\n<p class=\"wp-block-paragraph\">Anche questo \u00e8 un deliberato accostamento di livelli diversi. La Federazione svizzera di calcio (SFV) non \u00e8 un\u2019autorit\u00e0 federale. Una partita UEFA in programma non \u00e8 una dichiarazione di sostegno in materia di politica estera. La partecipazione di una nazionale a una competizione sportiva non significa che il Paese ospitante approvi tutte le decisioni del governo in questione.<\/p>\n\n<p class=\"wp-block-paragraph\">Secondo la logica dei Giovani Verdi, ogni partita di calcio sarebbe una dichiarazione diplomatica. Le atlete verrebbero ritenute personalmente responsabili di tutte le azioni del loro Stato. Questa logica non solo \u00e8 sbagliata, ma distrugge proprio quelle libert\u00e0 individuali che i Giovani Verdi dicono di voler difendere.<\/p>\n\n<h2 class=\"wp-block-heading\"><strong>I<\/strong><strong>I Giovani Verdi dicono bugie<\/strong><strong><\/strong><\/h2>\n\n<p class=\"wp-block-paragraph\">Per giustificare il loro appello al boicottaggio, i Giovani Verdi sostengono che la Corte internazionale di giustizia (CIJ) abbia riconosciuto un genocidio commesso da Israele. Questo \u00e8 falso e non corrisponde alla realt\u00e0. L\u2019ex procuratore capo della Corte, Karim Khan, ha addirittura dichiarato esplicitamente pochi mesi fa di non aver trovato, nel corso delle sue indagini, alcuna prova di un genocidio commesso da Israele a Gaza.<\/p>\n\n<p class=\"wp-block-paragraph\">Il procedimento \u00e8 ancora in corso. I Giovani Verdi trasformano cos\u00ec delle misure cautelari in una sentenza che sostengono sia definitiva. Ma una sentenza del genere non c\u2019\u00e8 ancora. Un\u2019organizzazione politica come i Giovani Verdi, che muove accuse cos\u00ec gravi, dovrebbe conoscere la differenza.<\/p>\n\n<h2 class=\"wp-block-heading\"><strong>Questo <\/strong><strong>appello antisemita <\/strong><strong>appello <\/strong><strong>deve avere delle conseguenze<\/strong><\/h2>\n\n<p class=\"wp-block-paragraph\">I Giovani Verdi devono ritirare il post e scusarsi pubblicamente. Non cancellarlo in silenzio, non riformularlo a posteriori, non relativizzarlo con un\u2019altra dichiarazione. Devono riconoscere che \u00abNiente sionisti\u00bb \u00e8 uno slogan antisemita che esclude.<\/p>\n\n<p class=\"wp-block-paragraph\">Anche i Verdi svizzeri, in quanto partito madre, devono dare una spiegazione. Chi esige a gran voce di prendere posizione contro ogni altra forma di emarginazione collettiva non pu\u00f2 tacere di fronte all\u2019antisemitismo del proprio partito giovanile.<\/p>\n\n<p class=\"wp-block-paragraph\">\u00c8 necessaria anche una valutazione giuridica. Le autorit\u00e0 competenti devono chiarire se un appello pubblico a tenere lontano da una citt\u00e0 svizzera o da un evento sportivo un gruppo di persone legato all\u2019autodeterminazione ebraica superi i limiti di legge, in particolare la norma penale contro il razzismo di cui all\u2019articolo<sup>261bis<\/sup> del Codice penale svizzero. La libert\u00e0 di espressione tutela le critiche pi\u00f9 aspre. Ma non \u00e8 un lasciapassare per la discriminazione e l\u2019emarginazione pubblica.<\/p>\n\n<p class=\"wp-block-paragraph\">Se la legge vigente non dovesse coprire a sufficienza queste espressioni sostitutive, anche questa lacuna va discussa a livello politico. L\u2019antisemitismo non deve passare inosservato solo perch\u00e9 al posto di \u00abebrei\u00bb si usa la parola \u00absionisti\u00bb.<\/p>\n\n<h2 class=\"wp-block-heading\"><strong>La risposta va data allo stadio<\/strong><\/h2>\n\n<p class=\"wp-block-paragraph\">Luned\u00ec 14 settembre 2026, alle 14:00, inizier\u00e0 la vendita pubblica dei biglietti. Chiunque abbia un briciolo di decenza dovrebbe assicurarsi un biglietto. Il 13 ottobre lo Stade de Tourbillon dovrebbe essere pieno di gente che si oppone in modo pacifico e inequivocabile allo slogan antisemita dei Giovani Verdi. Con bandiere svizzere. Con bandiere israeliane. Con rispetto per entrambe le squadre. Senza violenza e senza intimidazioni.<\/p>\n\n<p class=\"wp-block-paragraph\">Perch\u00e9 il messaggio deve essere chiaro e ben visibile: le atlete israeliane sono benvenute in Svizzera. L\u2019autodeterminazione ebraica non \u00e8 un motivo di esclusione. L\u2019antisemitismo rimane antisemitismo \u2013 anche se viene da un partito che si ritiene particolarmente tollerante.<\/p>\n\n<hr class=\"wp-block-separator has-alpha-channel-opacity\"\/>\n\n<p class=\"wp-block-paragraph\">David Spuler \u00e8 un analista politico specializzato in politica svizzera, Israele e Medio Oriente. Ha una formazione accademica in scienze politiche, filosofia ed economia (PPE) e al momento sta approfondendo i suoi studi di scienze politiche a Zurigo.<\/p>\n\n<p class=\"wp-block-paragraph\"><\/p>\n","protected":false},"excerpt":{"rendered":"<p>I Giovani Verdi stanno diffondendo uno slogan antisemita che incita all\u2019esclusione. Il loro boicottaggio colpisce proprio le calciatrici israeliane. Il post contiene informazioni false e deve avere delle conseguenze. Di David Spuler I Giovani Verdi svizzeri pubblicano un appello con lo slogan \u00abNiente sionisti a Sion!\u00bb. Chiedono il boicottaggio di Israele e si oppongono alla [&hellip;]<\/p>\n","protected":false},"author":2,"featured_media":11002,"comment_status":"closed","ping_status":"closed","sticky":false,"template":"","format":"standard","meta":{"_hide_socialbar":"","footnotes":""},"categories":[806],"tags":[1417,625,1441,3898,4348,691,950,3712,5956,5237,5950,5954,1779,637,5952,5951,647,5957,3187,3895,5953,656,5958,5955],"class_list":["post-11001","post","type-post","status-publish","format-standard","has-post-thumbnail","hentry","category-notizie","tag-accusa-di-genocidio","tag-antisemitismo","tag-antisionismo","tag-articolo-261bis","tag-autodeterminazione-ebraica","tag-bds-it","tag-benjamin-netanyahu-it","tag-boicottare-israele","tag-calcio-femminile","tag-corte-internazionale-di-giustizia","tag-david-spuler","tag-federazione-svizzera-di-calcio","tag-focusisraele","tag-gaza-it","tag-giovani-verdi","tag-i-verdi-svizzeri","tag-israele","tag-mondiali-femminili-2027","tag-politica-svizzera","tag-reato-antirazzismo","tag-sion","tag-sionismo","tag-stade-de-tourbillon","tag-svizzera-israele"],"aioseo_notices":[],"aioseo_head":"\n\t\t<!-- All in One SEO 5.0.1.1 - aioseo.com -->\n\t<meta name=\"description\" content=\"I Giovani Verdi chiedono \u00abNiente sionisti a Sion\u00bb e il boicottaggio delle calciatrici israeliane. L\u2019appello solleva interrogativi sull\u2019antisemitismo e l\u2019emarginazione.\" \/>\n\t<meta name=\"robots\" content=\"max-image-preview:large\" \/>\n\t<meta name=\"author\" content=\"Redaktion\"\/>\n\t<link rel=\"canonical\" href=\"https:\/\/fokusisrael.ch\/it\/notizie\/niente-sionisti-a-sion-la-dichiarazione-antisemita-dei-giovani-verdi\/\" \/>\n\t<meta name=\"generator\" content=\"All in One SEO (AIOSEO) 5.0.1.1\" \/>\n\t\t<meta property=\"og:locale\" content=\"it_IT\" \/>\n\t\t<meta property=\"og:site_name\" content=\"FokusIsrael - FokusIsrael.ch ist eine ehrenamtlich t\u00e4tige, unabh\u00e4ngige Gruppierung aus der Schweiz\" \/>\n\t\t<meta property=\"og:type\" content=\"article\" \/>\n\t\t<meta property=\"og:title\" content=\"\u00abNiente sionisti a Sion\u00bb: antisemitismo con il logo verde - FokusIsrael\" \/>\n\t\t<meta property=\"og:description\" content=\"I Giovani Verdi chiedono \u00abNiente sionisti a Sion\u00bb e il boicottaggio delle calciatrici israeliane. L\u2019appello solleva interrogativi sull\u2019antisemitismo e l\u2019emarginazione.\" \/>\n\t\t<meta property=\"og:url\" content=\"https:\/\/fokusisrael.ch\/it\/notizie\/niente-sionisti-a-sion-la-dichiarazione-antisemita-dei-giovani-verdi\/\" \/>\n\t\t<meta property=\"og:image\" content=\"https:\/\/fokusisrael.ch\/wp-content\/uploads\/2026\/09\/Zionisten-in-Sion.webp\" \/>\n\t\t<meta property=\"og:image:secure_url\" content=\"https:\/\/fokusisrael.ch\/wp-content\/uploads\/2026\/09\/Zionisten-in-Sion.webp\" \/>\n\t\t<meta property=\"og:image:width\" content=\"1024\" \/>\n\t\t<meta property=\"og:image:height\" content=\"600\" \/>\n\t\t<meta property=\"article:published_time\" content=\"2026-09-03T14:56:45+00:00\" \/>\n\t\t<meta property=\"article:modified_time\" content=\"2026-09-03T15:40:05+00:00\" \/>\n\t\t<meta name=\"twitter:card\" content=\"summary_large_image\" \/>\n\t\t<meta name=\"twitter:title\" content=\"\u00abNiente sionisti a Sion\u00bb: antisemitismo con il logo verde - FokusIsrael\" \/>\n\t\t<meta name=\"twitter:description\" content=\"I Giovani Verdi chiedono \u00abNiente sionisti a Sion\u00bb e il boicottaggio delle calciatrici israeliane. L\u2019appello solleva interrogativi sull\u2019antisemitismo e l\u2019emarginazione.\" \/>\n\t\t<meta name=\"twitter:image\" content=\"https:\/\/fokusisrael.ch\/wp-content\/uploads\/2026\/09\/Zionisten-in-Sion.webp\" \/>\n\t\t<script type=\"application\/ld+json\" class=\"aioseo-schema\">\n\t\t\t{\"@context\":\"https:\\\/\\\/schema.org\",\"@graph\":[{\"@type\":\"BlogPosting\",\"@id\":\"https:\\\/\\\/fokusisrael.ch\\\/it\\\/notizie\\\/niente-sionisti-a-sion-la-dichiarazione-antisemita-dei-giovani-verdi\\\/#blogposting\",\"name\":\"\\u00abNiente sionisti a Sion\\u00bb: antisemitismo con il logo verde - FokusIsrael\",\"headline\":\"\\u00abNiente sionisti a Sion\\u00bb: antisemitismo con il logo verde\",\"author\":{\"@id\":\"https:\\\/\\\/fokusisrael.ch\\\/it\\\/author\\\/redaktion\\\/#author\"},\"publisher\":{\"@id\":\"https:\\\/\\\/fokusisrael.ch\\\/it\\\/#organization\"},\"image\":{\"@type\":\"ImageObject\",\"url\":\"https:\\\/\\\/fokusisrael.ch\\\/wp-content\\\/uploads\\\/2026\\\/09\\\/Zionisten-in-Sion.webp\",\"width\":1024,\"height\":600,\"caption\":\"Post dei Giovani Verdi Svizzeri\"},\"datePublished\":\"2026-09-03T16:56:45+02:00\",\"dateModified\":\"2026-09-03T17:40:05+02:00\",\"inLanguage\":\"it-IT\",\"mainEntityOfPage\":{\"@id\":\"https:\\\/\\\/fokusisrael.ch\\\/it\\\/notizie\\\/niente-sionisti-a-sion-la-dichiarazione-antisemita-dei-giovani-verdi\\\/#webpage\"},\"isPartOf\":{\"@id\":\"https:\\\/\\\/fokusisrael.ch\\\/it\\\/notizie\\\/niente-sionisti-a-sion-la-dichiarazione-antisemita-dei-giovani-verdi\\\/#webpage\"},\"articleSection\":\"Notizie, Accusa di genocidio, Antisemitismo, Antisionismo, Articolo 261bis, Autodeterminazione ebraica, BDS, Benjamin Netanyahu, Boicottare Israele, Calcio femminile, Corte internazionale di giustizia, David Spuler, Federazione svizzera di calcio, FocusIsraele, Gaza, Giovani Verdi, I Verdi svizzeri, Israele, Mondiali femminili 2027, Politica svizzera, Reato antirazzismo, Sion, Sionismo, Stade de Tourbillon, Svizzera Israele, Opzionale\"},{\"@type\":\"BreadcrumbList\",\"@id\":\"https:\\\/\\\/fokusisrael.ch\\\/it\\\/notizie\\\/niente-sionisti-a-sion-la-dichiarazione-antisemita-dei-giovani-verdi\\\/#breadcrumblist\",\"itemListElement\":[{\"@type\":\"ListItem\",\"@id\":\"https:\\\/\\\/fokusisrael.ch\\\/it\\\/notizie\\\/#listItem\",\"position\":1,\"name\":\"Notizie\",\"item\":\"https:\\\/\\\/fokusisrael.ch\\\/it\\\/notizie\\\/\",\"nextItem\":{\"@type\":\"ListItem\",\"@id\":\"https:\\\/\\\/fokusisrael.ch\\\/it\\\/notizie\\\/niente-sionisti-a-sion-la-dichiarazione-antisemita-dei-giovani-verdi\\\/#listItem\",\"name\":\"\\u00abNiente sionisti a Sion\\u00bb: antisemitismo con il logo verde\"}},{\"@type\":\"ListItem\",\"@id\":\"https:\\\/\\\/fokusisrael.ch\\\/it\\\/notizie\\\/niente-sionisti-a-sion-la-dichiarazione-antisemita-dei-giovani-verdi\\\/#listItem\",\"position\":2,\"name\":\"\\u00abNiente sionisti a Sion\\u00bb: antisemitismo con il logo verde\",\"previousItem\":{\"@type\":\"ListItem\",\"@id\":\"https:\\\/\\\/fokusisrael.ch\\\/it\\\/notizie\\\/#listItem\",\"name\":\"Notizie\"}}]},{\"@type\":\"Organization\",\"@id\":\"https:\\\/\\\/fokusisrael.ch\\\/it\\\/#organization\",\"name\":\"FokusIsrael\",\"description\":\"FokusIsrael.ch ist eine ehrenamtlich t\\u00e4tige, unabh\\u00e4ngige Gruppierung aus der Schweiz\",\"url\":\"https:\\\/\\\/fokusisrael.ch\\\/it\\\/\",\"logo\":{\"@type\":\"ImageObject\",\"url\":\"http:\\\/\\\/fi.localhost\\\/wp-content\\\/uploads\\\/2025\\\/03\\\/fokusisrael_300.jpg\",\"@id\":\"https:\\\/\\\/fokusisrael.ch\\\/it\\\/notizie\\\/niente-sionisti-a-sion-la-dichiarazione-antisemita-dei-giovani-verdi\\\/#organizationLogo\"},\"image\":{\"@id\":\"https:\\\/\\\/fokusisrael.ch\\\/it\\\/notizie\\\/niente-sionisti-a-sion-la-dichiarazione-antisemita-dei-giovani-verdi\\\/#organizationLogo\"}},{\"@type\":\"Person\",\"@id\":\"https:\\\/\\\/fokusisrael.ch\\\/it\\\/author\\\/redaktion\\\/#author\",\"url\":\"https:\\\/\\\/fokusisrael.ch\\\/it\\\/author\\\/redaktion\\\/\",\"name\":\"Redaktion\"},{\"@type\":\"WebPage\",\"@id\":\"https:\\\/\\\/fokusisrael.ch\\\/it\\\/notizie\\\/niente-sionisti-a-sion-la-dichiarazione-antisemita-dei-giovani-verdi\\\/#webpage\",\"url\":\"https:\\\/\\\/fokusisrael.ch\\\/it\\\/notizie\\\/niente-sionisti-a-sion-la-dichiarazione-antisemita-dei-giovani-verdi\\\/\",\"name\":\"\\u00abNiente sionisti a Sion\\u00bb: antisemitismo con il logo verde - FokusIsrael\",\"description\":\"I Giovani Verdi chiedono \\u00abNiente sionisti a Sion\\u00bb e il boicottaggio delle calciatrici israeliane. L\\u2019appello solleva interrogativi sull\\u2019antisemitismo e l\\u2019emarginazione.\",\"inLanguage\":\"it-IT\",\"isPartOf\":{\"@id\":\"https:\\\/\\\/fokusisrael.ch\\\/it\\\/#website\"},\"breadcrumb\":{\"@id\":\"https:\\\/\\\/fokusisrael.ch\\\/it\\\/notizie\\\/niente-sionisti-a-sion-la-dichiarazione-antisemita-dei-giovani-verdi\\\/#breadcrumblist\"},\"author\":{\"@id\":\"https:\\\/\\\/fokusisrael.ch\\\/it\\\/author\\\/redaktion\\\/#author\"},\"creator\":{\"@id\":\"https:\\\/\\\/fokusisrael.ch\\\/it\\\/author\\\/redaktion\\\/#author\"},\"image\":{\"@type\":\"ImageObject\",\"url\":\"https:\\\/\\\/fokusisrael.ch\\\/wp-content\\\/uploads\\\/2026\\\/09\\\/Zionisten-in-Sion.webp\",\"@id\":\"https:\\\/\\\/fokusisrael.ch\\\/it\\\/notizie\\\/niente-sionisti-a-sion-la-dichiarazione-antisemita-dei-giovani-verdi\\\/#mainImage\",\"width\":1024,\"height\":600,\"caption\":\"Post dei Giovani Verdi Svizzeri\"},\"primaryImageOfPage\":{\"@id\":\"https:\\\/\\\/fokusisrael.ch\\\/it\\\/notizie\\\/niente-sionisti-a-sion-la-dichiarazione-antisemita-dei-giovani-verdi\\\/#mainImage\"},\"datePublished\":\"2026-09-03T16:56:45+02:00\",\"dateModified\":\"2026-09-03T17:40:05+02:00\"},{\"@type\":\"WebSite\",\"@id\":\"https:\\\/\\\/fokusisrael.ch\\\/it\\\/#website\",\"url\":\"https:\\\/\\\/fokusisrael.ch\\\/it\\\/\",\"name\":\"FokusIsrael\",\"description\":\"FokusIsrael.ch ist eine ehrenamtlich t\\u00e4tige, unabh\\u00e4ngige Gruppierung aus der Schweiz\",\"inLanguage\":\"it-IT\",\"publisher\":{\"@id\":\"https:\\\/\\\/fokusisrael.ch\\\/it\\\/#organization\"}}]}\n\t\t<\/script>\n\t\t<!-- All in One SEO -->\n\n","aioseo_head_json":{"title":"\u00abNiente sionisti a Sion\u00bb: antisemitismo con il logo verde - FokusIsrael","description":"I Giovani Verdi chiedono \u00abNiente sionisti a Sion\u00bb e il boicottaggio delle calciatrici israeliane. L\u2019appello solleva interrogativi sull\u2019antisemitismo e l\u2019emarginazione.","canonical_url":"https:\/\/fokusisrael.ch\/it\/notizie\/niente-sionisti-a-sion-la-dichiarazione-antisemita-dei-giovani-verdi\/","robots":"max-image-preview:large","keywords":"","webmasterTools":{"miscellaneous":""},"schema":{"@context":"https:\/\/schema.org","@graph":[{"@type":"BlogPosting","@id":"https:\/\/fokusisrael.ch\/it\/notizie\/niente-sionisti-a-sion-la-dichiarazione-antisemita-dei-giovani-verdi\/#blogposting","name":"\u00abNiente sionisti a Sion\u00bb: antisemitismo con il logo verde - FokusIsrael","headline":"\u00abNiente sionisti a Sion\u00bb: antisemitismo con il logo verde","author":{"@id":"https:\/\/fokusisrael.ch\/it\/author\/redaktion\/#author"},"publisher":{"@id":"https:\/\/fokusisrael.ch\/it\/#organization"},"image":{"@type":"ImageObject","url":"https:\/\/fokusisrael.ch\/wp-content\/uploads\/2026\/09\/Zionisten-in-Sion.webp","width":1024,"height":600,"caption":"Post dei Giovani Verdi Svizzeri"},"datePublished":"2026-09-03T16:56:45+02:00","dateModified":"2026-09-03T17:40:05+02:00","inLanguage":"it-IT","mainEntityOfPage":{"@id":"https:\/\/fokusisrael.ch\/it\/notizie\/niente-sionisti-a-sion-la-dichiarazione-antisemita-dei-giovani-verdi\/#webpage"},"isPartOf":{"@id":"https:\/\/fokusisrael.ch\/it\/notizie\/niente-sionisti-a-sion-la-dichiarazione-antisemita-dei-giovani-verdi\/#webpage"},"articleSection":"Notizie, Accusa di genocidio, Antisemitismo, Antisionismo, Articolo 261bis, Autodeterminazione ebraica, BDS, Benjamin Netanyahu, Boicottare Israele, Calcio femminile, Corte internazionale di giustizia, David Spuler, Federazione svizzera di calcio, FocusIsraele, Gaza, Giovani Verdi, I Verdi svizzeri, Israele, Mondiali femminili 2027, Politica svizzera, Reato antirazzismo, Sion, Sionismo, Stade de Tourbillon, Svizzera Israele, Opzionale"},{"@type":"BreadcrumbList","@id":"https:\/\/fokusisrael.ch\/it\/notizie\/niente-sionisti-a-sion-la-dichiarazione-antisemita-dei-giovani-verdi\/#breadcrumblist","itemListElement":[{"@type":"ListItem","@id":"https:\/\/fokusisrael.ch\/it\/notizie\/#listItem","position":1,"name":"Notizie","item":"https:\/\/fokusisrael.ch\/it\/notizie\/","nextItem":{"@type":"ListItem","@id":"https:\/\/fokusisrael.ch\/it\/notizie\/niente-sionisti-a-sion-la-dichiarazione-antisemita-dei-giovani-verdi\/#listItem","name":"\u00abNiente sionisti a Sion\u00bb: antisemitismo con il logo verde"}},{"@type":"ListItem","@id":"https:\/\/fokusisrael.ch\/it\/notizie\/niente-sionisti-a-sion-la-dichiarazione-antisemita-dei-giovani-verdi\/#listItem","position":2,"name":"\u00abNiente sionisti a Sion\u00bb: antisemitismo con il logo verde","previousItem":{"@type":"ListItem","@id":"https:\/\/fokusisrael.ch\/it\/notizie\/#listItem","name":"Notizie"}}]},{"@type":"Organization","@id":"https:\/\/fokusisrael.ch\/it\/#organization","name":"FokusIsrael","description":"FokusIsrael.ch ist eine ehrenamtlich t\u00e4tige, unabh\u00e4ngige Gruppierung aus der Schweiz","url":"https:\/\/fokusisrael.ch\/it\/","logo":{"@type":"ImageObject","url":"http:\/\/fi.localhost\/wp-content\/uploads\/2025\/03\/fokusisrael_300.jpg","@id":"https:\/\/fokusisrael.ch\/it\/notizie\/niente-sionisti-a-sion-la-dichiarazione-antisemita-dei-giovani-verdi\/#organizationLogo"},"image":{"@id":"https:\/\/fokusisrael.ch\/it\/notizie\/niente-sionisti-a-sion-la-dichiarazione-antisemita-dei-giovani-verdi\/#organizationLogo"}},{"@type":"Person","@id":"https:\/\/fokusisrael.ch\/it\/author\/redaktion\/#author","url":"https:\/\/fokusisrael.ch\/it\/author\/redaktion\/","name":"Redaktion"},{"@type":"WebPage","@id":"https:\/\/fokusisrael.ch\/it\/notizie\/niente-sionisti-a-sion-la-dichiarazione-antisemita-dei-giovani-verdi\/#webpage","url":"https:\/\/fokusisrael.ch\/it\/notizie\/niente-sionisti-a-sion-la-dichiarazione-antisemita-dei-giovani-verdi\/","name":"\u00abNiente sionisti a Sion\u00bb: antisemitismo con il logo verde - FokusIsrael","description":"I Giovani Verdi chiedono \u00abNiente sionisti a Sion\u00bb e il boicottaggio delle calciatrici israeliane. L\u2019appello solleva interrogativi sull\u2019antisemitismo e l\u2019emarginazione.","inLanguage":"it-IT","isPartOf":{"@id":"https:\/\/fokusisrael.ch\/it\/#website"},"breadcrumb":{"@id":"https:\/\/fokusisrael.ch\/it\/notizie\/niente-sionisti-a-sion-la-dichiarazione-antisemita-dei-giovani-verdi\/#breadcrumblist"},"author":{"@id":"https:\/\/fokusisrael.ch\/it\/author\/redaktion\/#author"},"creator":{"@id":"https:\/\/fokusisrael.ch\/it\/author\/redaktion\/#author"},"image":{"@type":"ImageObject","url":"https:\/\/fokusisrael.ch\/wp-content\/uploads\/2026\/09\/Zionisten-in-Sion.webp","@id":"https:\/\/fokusisrael.ch\/it\/notizie\/niente-sionisti-a-sion-la-dichiarazione-antisemita-dei-giovani-verdi\/#mainImage","width":1024,"height":600,"caption":"Post dei Giovani Verdi Svizzeri"},"primaryImageOfPage":{"@id":"https:\/\/fokusisrael.ch\/it\/notizie\/niente-sionisti-a-sion-la-dichiarazione-antisemita-dei-giovani-verdi\/#mainImage"},"datePublished":"2026-09-03T16:56:45+02:00","dateModified":"2026-09-03T17:40:05+02:00"},{"@type":"WebSite","@id":"https:\/\/fokusisrael.ch\/it\/#website","url":"https:\/\/fokusisrael.ch\/it\/","name":"FokusIsrael","description":"FokusIsrael.ch ist eine ehrenamtlich t\u00e4tige, unabh\u00e4ngige Gruppierung aus der Schweiz","inLanguage":"it-IT","publisher":{"@id":"https:\/\/fokusisrael.ch\/it\/#organization"}}]},"og:locale":"it_IT","og:site_name":"FokusIsrael - FokusIsrael.ch ist eine ehrenamtlich t\u00e4tige, unabh\u00e4ngige Gruppierung aus der Schweiz","og:type":"article","og:title":"\u00abNiente sionisti a Sion\u00bb: antisemitismo con il logo verde - FokusIsrael","og:description":"I Giovani Verdi chiedono \u00abNiente sionisti a Sion\u00bb e il boicottaggio delle calciatrici israeliane. L\u2019appello solleva interrogativi sull\u2019antisemitismo e l\u2019emarginazione.","og:url":"https:\/\/fokusisrael.ch\/it\/notizie\/niente-sionisti-a-sion-la-dichiarazione-antisemita-dei-giovani-verdi\/","og:image":"https:\/\/fokusisrael.ch\/wp-content\/uploads\/2026\/09\/Zionisten-in-Sion.webp","og:image:secure_url":"https:\/\/fokusisrael.ch\/wp-content\/uploads\/2026\/09\/Zionisten-in-Sion.webp","og:image:width":1024,"og:image:height":600,"article:published_time":"2026-09-03T14:56:45+00:00","article:modified_time":"2026-09-03T15:40:05+00:00","twitter:card":"summary_large_image","twitter:title":"\u00abNiente sionisti a Sion\u00bb: antisemitismo con il logo verde - FokusIsrael","twitter:description":"I Giovani Verdi chiedono \u00abNiente sionisti a Sion\u00bb e il boicottaggio delle calciatrici israeliane. L\u2019appello solleva interrogativi sull\u2019antisemitismo e l\u2019emarginazione.","twitter:image":"https:\/\/fokusisrael.ch\/wp-content\/uploads\/2026\/09\/Zionisten-in-Sion.webp"},"aioseo_meta_data":{"post_id":"11001","title":null,"description":"I Giovani Verdi chiedono \u00abNiente sionisti a Sion\u00bb e il boicottaggio delle calciatrici israeliane. L\u2019appello solleva interrogativi sull\u2019antisemitismo e l\u2019emarginazione.","keywords":null,"keyphrases":{"focus":{"keyphrase":"","score":0,"analysis":{"keyphraseInTitle":{"score":0,"maxScore":9,"error":1}}},"additional":[]},"primary_term":null,"canonical_url":null,"og_title":null,"og_description":null,"og_object_type":"default","og_image_type":"default","og_image_url":null,"og_image_width":null,"og_image_height":null,"og_image_custom_url":null,"og_image_custom_fields":null,"og_video":"","og_custom_url":null,"og_article_section":null,"og_article_tags":null,"twitter_use_og":false,"twitter_card":"default","twitter_image_type":"default","twitter_image_url":null,"twitter_image_custom_url":null,"twitter_image_custom_fields":null,"twitter_title":null,"twitter_description":null,"schema":{"blockGraphs":[],"customGraphs":[],"default":{"data":{"Article":[],"Course":[],"Dataset":[],"FAQPage":[],"Movie":[],"Person":[],"Product":[],"ProductReview":[],"Car":[],"Recipe":[],"Service":[],"SoftwareApplication":[],"WebPage":[]},"graphName":"BlogPosting","isEnabled":true},"graphs":[]},"schema_type":"default","schema_type_options":null,"pillar_content":false,"robots_default":true,"robots_noindex":false,"robots_noarchive":false,"robots_nosnippet":false,"robots_nofollow":false,"robots_noimageindex":false,"robots_noodp":false,"robots_notranslate":false,"robots_max_snippet":"-1","robots_max_videopreview":"-1","robots_max_imagepreview":"large","priority":null,"frequency":"default","local_seo":null,"breadcrumb_settings":null,"limit_modified_date":false,"ai":{"faqs":[],"keyPoints":[],"schemas":[],"titles":[],"descriptions":[],"socialPosts":{"email":{"subject":"","preview":"","content":""},"linkedin":[],"twitter":[],"facebook":[],"instagram":[]}},"created":"2026-09-03 14:57:22","updated":"2026-09-03 15:41:06","seo_analyzer_scan_date":null,"focus_keyword":null,"additional_keywords":null,"truseo_locale":null},"aioseo_breadcrumb":"<div class=\"aioseo-breadcrumbs\"><span class=\"aioseo-breadcrumb\">\n\t\t\t<a href=\"https:\/\/fokusisrael.ch\/it\/notizie\/\" title=\"Notizie\">Notizie<\/a>\n\t\t<\/span><span class=\"aioseo-breadcrumb-separator\">\u00bb<\/span><span class=\"aioseo-breadcrumb\">\n\t\t\t\u00abNiente sionisti a Sion\u00bb: antisemitismo con il logo verde\n\t\t<\/span><\/div>","aioseo_breadcrumb_json":[{"label":"Notizie","link":"https:\/\/fokusisrael.ch\/it\/notizie\/"},{"label":"\u00abNiente sionisti a Sion\u00bb: antisemitismo con il logo verde","link":"https:\/\/fokusisrael.ch\/it\/notizie\/niente-sionisti-a-sion-la-dichiarazione-antisemita-dei-giovani-verdi\/"}],"_links":{"self":[{"href":"https:\/\/fokusisrael.ch\/it\/wp-json\/wp\/v2\/posts\/11001","targetHints":{"allow":["GET"]}}],"collection":[{"href":"https:\/\/fokusisrael.ch\/it\/wp-json\/wp\/v2\/posts"}],"about":[{"href":"https:\/\/fokusisrael.ch\/it\/wp-json\/wp\/v2\/types\/post"}],"author":[{"embeddable":true,"href":"https:\/\/fokusisrael.ch\/it\/wp-json\/wp\/v2\/users\/2"}],"replies":[{"embeddable":true,"href":"https:\/\/fokusisrael.ch\/it\/wp-json\/wp\/v2\/comments?post=11001"}],"version-history":[{"count":5,"href":"https:\/\/fokusisrael.ch\/it\/wp-json\/wp\/v2\/posts\/11001\/revisions"}],"predecessor-version":[{"id":11051,"href":"https:\/\/fokusisrael.ch\/it\/wp-json\/wp\/v2\/posts\/11001\/revisions\/11051"}],"wp:featuredmedia":[{"embeddable":true,"href":"https:\/\/fokusisrael.ch\/it\/wp-json\/wp\/v2\/media\/11002"}],"wp:attachment":[{"href":"https:\/\/fokusisrael.ch\/it\/wp-json\/wp\/v2\/media?parent=11001"}],"wp:term":[{"taxonomy":"category","embeddable":true,"href":"https:\/\/fokusisrael.ch\/it\/wp-json\/wp\/v2\/categories?post=11001"},{"taxonomy":"post_tag","embeddable":true,"href":"https:\/\/fokusisrael.ch\/it\/wp-json\/wp\/v2\/tags?post=11001"}],"curies":[{"name":"wp","href":"https:\/\/api.w.org\/{rel}","templated":true}]}}