{"id":10964,"date":"2026-09-03T16:21:30","date_gmt":"2026-09-03T14:21:30","guid":{"rendered":"https:\/\/fokusisrael.ch\/senza-categoria\/guerra-di-sterminio-contro-israele-senza-israele-il-museo-nazionale-reagisce\/"},"modified":"2026-09-03T16:22:07","modified_gmt":"2026-09-03T14:22:07","slug":"guerra-di-sterminio-contro-israele-senza-israele-il-museo-nazionale-reagisce","status":"publish","type":"post","link":"https:\/\/fokusisrael.ch\/it\/notizie\/guerra-di-sterminio-contro-israele-senza-israele-il-museo-nazionale-reagisce\/","title":{"rendered":"Guerra di sterminio contro Israele senza Israele \u2013 il Museo Nazionale reagisce"},"content":{"rendered":"\n<p class=\"wp-block-paragraph\"><strong>Al Museo Nazionale di Zurigo \u00e8 attualmente in corso la mostra \u00abNoi e la guerra\u00bb. Tra le altre cose, affronta il tema dei flussi di rifugiati causati dai conflitti bellici. In relazione alla prima guerra arabo-israeliana <\/strong><strong>del 1948\u20131949<\/strong><strong>, durante la quale cinque eserciti arabi cercarono di annientare lo Stato ebraico appena fondato, il Museo Nazionale ha sostituito il riferimento a Israele con \u00abPalestina\u00bb. Questo nonostante tale Stato non esista ancora oggi e la guerra si sia svolta sul territorio israeliano. A seguito dell\u2019intervento di FokusIsrael.ch, i responsabili si sono dichiarati disposti a correggere la voce.<\/strong><\/p>\n\n<p class=\"wp-block-paragraph\">Di Sacha Wigdorovits<\/p>\n\n<p class=\"wp-block-paragraph\">Nella mostra \u00abNoi e la guerra\u00bb, il Museo Nazionale di Zurigo illustra i flussi di rifugiati svizzeri e internazionali a partire dal XVI secolo, causati dai conflitti bellici. Tra questi, oltre alla Prima guerra mondiale (1914\u201318) e alla Seconda guerra mondiale (1939\u201345)<strong> <\/strong>, ci sono ad esempio la rivolta ungherese (1956), la rivolta tibetana (1959\u201365) e la Primavera di Praga (1968). Questi eventi sono illustrati su una grande linea del tempo.<\/p>\n\n<p class=\"wp-block-paragraph\">Tra la Seconda guerra mondiale e la rivolta ungherese, l\u00ec si registra anche la prima guerra arabo-israeliana. Inizi\u00f2 nel 1948, subito dopo la proclamazione dello Stato ebraico, quando gli eserciti di Egitto, Giordania, Siria, Libano e Iraq invasero Israele per distruggere il nuovo Stato. Nel 1949 la guerra si concluse con <strong>accordi di cessate il fuoco<\/strong>.<\/p>\n\n<p class=\"wp-block-paragraph\">Sul pannello riassuntivo del Museo Nazionale, che illustra tutti i principali eventi bellici dal 1500 in poi, questa voce \u00e8 riportata come segue:<\/p>\n\n<p class=\"wp-block-paragraph\"><strong>1948\u2013<\/strong><\/p>\n\n<p class=\"wp-block-paragraph\"><strong>Palestina e Gaza <\/strong><\/p>\n\n<p class=\"wp-block-paragraph\"><strong>Conflitto in Medio Oriente <\/strong><\/p>\n\n<p class=\"wp-block-paragraph\"><strong>Violenza bellica <\/strong><\/p>\n\n<p class=\"wp-block-paragraph\">Questa affermazione \u00e8 sbagliata sotto diversi aspetti. \u00c8 vero che, in seguito alla guerra contro Israele del 1948 e del 1949, circa 700&#8217;000 arabi sono fuggiti \u2013 in parte perch\u00e9 i loro leader, come il Gran Muft\u00ec di Gerusalemme, Mohammed Amin al-Husseini, in parte perch\u00e9 sono stati cacciati dalle forze armate israeliane, ma:<\/p>\n\n<ul class=\"wp-block-list\">\n<li>Questa fuga non continua ancora oggi, come suggerisce l\u2019indicazione temporale \u00ab1948\u2013\u00bb. Anzi, si \u00e8 svolta in un arco di tempo ben definito, tra il 1948 e il 1949.<\/li>\n\n\n\n<li>Il flusso di profughi non \u00e8 partito dalla \u00abPalestina e da Gaza\u00bb. Innanzitutto perch\u00e9, dalla fine dell\u2019omonimo mandato britannico della Societ\u00e0 delle Nazioni, non esisteva pi\u00f9 un territorio chiamato \u00abPalestina\u00bb. Il territorio si chiamava ufficialmente \u00abIsraele\u00bb, come si vede anche dalla mappa dell\u2019ONU di allora. In secondo luogo, perch\u00e9 non c\u2019\u00e8 stata alcuna fuga da \u00abGaza\u00bb, ma, al contrario, i profughi sono fuggiti verso Gaza (e in Cisgiordania), dove sono rimasti fino ad oggi.<\/li>\n\n\n\n<li>Il nome corretto per quel conflitto \u00e8 \u00abPrima guerra arabo-israeliana\u00bb o \u00abGuerra arabo-israeliana\u00bb. Il termine \u00abconflitto mediorientale\u00bb in questo contesto \u00e8 fuorviante e anacronistico, perch\u00e9 in tutti i successivi conflitti armati tra Israele e i suoi vicini arabi \u2013 per esempio nella crisi di Suez (1956), la Guerra dei Sei Giorni (1967) e la Guerra dello Yom Kippur (1973) \u2013 non si sono pi\u00f9 verificati flussi di profughi di quella portata. (Senza contare che nel 1948 il termine \u00abconflitto mediorientale\u00bb non era ancora in uso; lo \u00e8 diventato solo a partire dal 1967.)<\/li>\n<\/ul>\n\n<p class=\"wp-block-paragraph\"><strong>Preferenze politiche al posto dei fatti storici?<\/strong><\/p>\n\n<p class=\"wp-block-paragraph\">L\u2019accumularsi di tutti questi errori ha dato l\u2019impressione che, nel descrivere il conflitto armato del 1948-49, i curatori della mostra non si siano basati sui fatti storici, ma sulle loro preferenze politiche (filopalestinesi).<\/p>\n\n<p class=\"wp-block-paragraph\">Su richiesta di FokusIsrael.ch, il Museo Nazionale ha negato che le preferenze politiche abbiano influenzato la formulazione. Ha tuttavia ammesso \u00abche, nel contesto del murale, questo termine (\u201cPalestina\u201d, ndr) \u00e8 storicamente vago e pu\u00f2 dare adito a fraintendimenti\u00bb. Per questo motivo, promette il museo, \u00abmodificheremo la voce sulla tabella cronologica\u00bb. <\/p>\n\n<p class=\"wp-block-paragraph\">\u00c8 una cosa positiva, soprattutto perch\u00e9 la modifica \u00e8 semplice. Per correttezza, e per essere in linea con le altre voci della linea temporale, basterebbe scrivere:<\/p>\n\n<p class=\"wp-block-paragraph\"><strong>1948-1949<\/strong><\/p>\n\n<p class=\"wp-block-paragraph\"><strong>Israele<\/strong><\/p>\n\n<p class=\"wp-block-paragraph\"><strong>Prima guerra arabo-israeliana<\/strong><\/p>\n\n<p class=\"wp-block-paragraph\"><strong>Violenza bellica<\/strong><\/p>\n\n<p class=\"wp-block-paragraph\">In questo modo il Museo nazionale dimostrerebbe di dedicarsi alla rielaborazione storica e non a una politica (anti-israeliana).<\/p>\n\n<figure class=\"wp-block-image size-large\"><img loading=\"lazy\" decoding=\"async\" width=\"710\" height=\"1024\" src=\"https:\/\/fokusisrael.ch\/wp-content\/uploads\/2026\/09\/Offizielle-UN-Waffenstillstandslandkarte-1-710x1024.jpg\" alt=\"\" class=\"wp-image-10951\" srcset=\"https:\/\/fokusisrael.ch\/wp-content\/uploads\/2026\/09\/Offizielle-UN-Waffenstillstandslandkarte-1-710x1024.jpg 710w, https:\/\/fokusisrael.ch\/wp-content\/uploads\/2026\/09\/Offizielle-UN-Waffenstillstandslandkarte-1-208x300.jpg 208w, https:\/\/fokusisrael.ch\/wp-content\/uploads\/2026\/09\/Offizielle-UN-Waffenstillstandslandkarte-1-768x1108.jpg 768w, https:\/\/fokusisrael.ch\/wp-content\/uploads\/2026\/09\/Offizielle-UN-Waffenstillstandslandkarte-1-1065x1536.jpg 1065w, https:\/\/fokusisrael.ch\/wp-content\/uploads\/2026\/09\/Offizielle-UN-Waffenstillstandslandkarte-1.jpg 1283w\" sizes=\"auto, (max-width: 710px) 100vw, 710px\" \/><figcaption class=\"wp-element-caption\">L\u2019area raffigurata nell\u2019originale \u00e8 espressamente indicata come Israele, non come \u00abPalestina\u00bb.<\/figcaption><\/figure>\n\n<hr class=\"wp-block-separator has-alpha-channel-opacity\"\/>\n\n<p class=\"wp-block-paragraph\">Sacha Wigdorovits \u00e8 presidente dell\u2019associazione Fokus Israel und Nahost, che gestisce il sito web fokusisrael.ch. Ha studiato storia, germanistica e psicologia sociale all\u2019Universit\u00e0 di Zurigo e ha lavorato, tra l\u2019altro, come corrispondente dagli Stati Uniti per la SonntagsZeitung, \u00e8 stato caporedattore del BLICK e cofondatore del quotidiano per pendolari 20minuten. <\/p>\n","protected":false},"excerpt":{"rendered":"<p>Al Museo Nazionale di Zurigo \u00e8 attualmente in corso la mostra \u00abNoi e la guerra\u00bb. Tra le altre cose, affronta il tema dei flussi di rifugiati causati dai conflitti bellici. In relazione alla prima guerra arabo-israeliana del 1948\u20131949, durante la quale cinque eserciti arabi cercarono di annientare lo Stato ebraico appena fondato, il Museo Nazionale [&hellip;]<\/p>\n","protected":false},"author":2,"featured_media":10966,"comment_status":"closed","ping_status":"closed","sticky":false,"template":"","format":"standard","meta":{"_hide_socialbar":"","footnotes":""},"categories":[806],"tags":[812,5921,5918,1779,7,5913,5916,647,5914,5915,5861,5909,5910,5912,1488,5922,5911,5919,165,5920,633],"class_list":["post-10964","post","type-post","status-publish","format-standard","has-post-thumbnail","hentry","category-notizie","tag-conflitto-in-medio-oriente","tag-dibattito-sui-musei","tag-distorsione-della-storia","tag-focusisraele","tag-gaza","tag-guerra-arabo-israeliana","tag-guerra-dindipendenza","tag-israele","tag-israele-1948","tag-la-fondazione-dello-stato-di-israele","tag-mohammed-amin-al-husseini","tag-museo-cantonale-di-zurigo","tag-museo-nazionale-svizzero","tag-noi-e-la-guerra","tag-palestina","tag-politica-culturale-svizzera","tag-prima-guerra-arabo-israeliana","tag-rifugiati-palestinesi","tag-sacha-wigdorovits","tag-storiografia","tag-zurigo"],"aioseo_notices":[],"aioseo_head":"\n\t\t<!-- All in One SEO 5.0.1.1 - aioseo.com -->\n\t<meta name=\"description\" content=\"Il Museo cantonale di Zurigo ha definito la guerra del 1948 \u00abPalestina e Gaza\u00bb. A seguito delle critiche mosse da FokusIsrael.ch, il museo intende correggere la voce.\" \/>\n\t<meta name=\"robots\" content=\"max-image-preview:large\" \/>\n\t<meta name=\"author\" content=\"Redaktion\"\/>\n\t<link rel=\"canonical\" href=\"https:\/\/fokusisrael.ch\/it\/notizie\/guerra-di-sterminio-contro-israele-senza-israele-il-museo-nazionale-reagisce\/\" \/>\n\t<meta name=\"generator\" content=\"All in One SEO (AIOSEO) 5.0.1.1\" \/>\n\t\t<meta property=\"og:locale\" content=\"it_IT\" \/>\n\t\t<meta property=\"og:site_name\" content=\"FokusIsrael - FokusIsrael.ch ist eine ehrenamtlich t\u00e4tige, unabh\u00e4ngige Gruppierung aus der Schweiz\" \/>\n\t\t<meta property=\"og:type\" content=\"article\" \/>\n\t\t<meta property=\"og:title\" content=\"Guerra di sterminio contro Israele senza Israele \u2013 il Museo Nazionale reagisce - FokusIsrael\" \/>\n\t\t<meta property=\"og:description\" content=\"Il Museo cantonale di Zurigo ha definito la guerra del 1948 \u00abPalestina e Gaza\u00bb. A seguito delle critiche mosse da FokusIsrael.ch, il museo intende correggere la voce.\" \/>\n\t\t<meta property=\"og:url\" content=\"https:\/\/fokusisrael.ch\/it\/notizie\/guerra-di-sterminio-contro-israele-senza-israele-il-museo-nazionale-reagisce\/\" \/>\n\t\t<meta property=\"og:image\" content=\"https:\/\/fokusisrael.ch\/wp-content\/uploads\/2026\/09\/Landesmuseeum-1.webp\" \/>\n\t\t<meta property=\"og:image:secure_url\" content=\"https:\/\/fokusisrael.ch\/wp-content\/uploads\/2026\/09\/Landesmuseeum-1.webp\" \/>\n\t\t<meta property=\"og:image:width\" content=\"1024\" \/>\n\t\t<meta property=\"og:image:height\" content=\"600\" \/>\n\t\t<meta property=\"article:published_time\" content=\"2026-09-03T14:21:30+00:00\" \/>\n\t\t<meta property=\"article:modified_time\" content=\"2026-09-03T14:22:07+00:00\" \/>\n\t\t<meta name=\"twitter:card\" content=\"summary_large_image\" \/>\n\t\t<meta name=\"twitter:title\" content=\"Guerra di sterminio contro Israele senza Israele \u2013 il Museo Nazionale reagisce - FokusIsrael\" \/>\n\t\t<meta name=\"twitter:description\" content=\"Il Museo cantonale di Zurigo ha definito la guerra del 1948 \u00abPalestina e Gaza\u00bb. A seguito delle critiche mosse da FokusIsrael.ch, il museo intende correggere la voce.\" \/>\n\t\t<meta name=\"twitter:image\" content=\"https:\/\/fokusisrael.ch\/wp-content\/uploads\/2026\/09\/Landesmuseeum-1.webp\" \/>\n\t\t<script type=\"application\/ld+json\" class=\"aioseo-schema\">\n\t\t\t{\"@context\":\"https:\\\/\\\/schema.org\",\"@graph\":[{\"@type\":\"BlogPosting\",\"@id\":\"https:\\\/\\\/fokusisrael.ch\\\/it\\\/notizie\\\/guerra-di-sterminio-contro-israele-senza-israele-il-museo-nazionale-reagisce\\\/#blogposting\",\"name\":\"Guerra di sterminio contro Israele senza Israele \\u2013 il Museo Nazionale reagisce - FokusIsrael\",\"headline\":\"Guerra di sterminio contro Israele senza Israele \\u2013 il Museo Nazionale reagisce\",\"author\":{\"@id\":\"https:\\\/\\\/fokusisrael.ch\\\/it\\\/author\\\/redaktion\\\/#author\"},\"publisher\":{\"@id\":\"https:\\\/\\\/fokusisrael.ch\\\/it\\\/#organization\"},\"image\":{\"@type\":\"ImageObject\",\"url\":\"https:\\\/\\\/fokusisrael.ch\\\/wp-content\\\/uploads\\\/2026\\\/09\\\/Landesmuseeum-1.webp\",\"width\":1024,\"height\":600,\"caption\":\"Il Museo Nazionale usa termini sbagliati e poi li corregge.\"},\"datePublished\":\"2026-09-03T16:21:30+02:00\",\"dateModified\":\"2026-09-03T16:22:07+02:00\",\"inLanguage\":\"it-IT\",\"mainEntityOfPage\":{\"@id\":\"https:\\\/\\\/fokusisrael.ch\\\/it\\\/notizie\\\/guerra-di-sterminio-contro-israele-senza-israele-il-museo-nazionale-reagisce\\\/#webpage\"},\"isPartOf\":{\"@id\":\"https:\\\/\\\/fokusisrael.ch\\\/it\\\/notizie\\\/guerra-di-sterminio-contro-israele-senza-israele-il-museo-nazionale-reagisce\\\/#webpage\"},\"articleSection\":\"Notizie, Conflitto in Medio Oriente, Dibattito sui musei, Distorsione della storia, FocusIsraele, Gaza, Guerra arabo-israeliana, Guerra d'indipendenza, Israele, Israele 1948, La fondazione dello Stato di Israele, Mohammed Amin al-Husseini, Museo cantonale di Zurigo, Museo Nazionale Svizzero, Noi e la guerra, Palestina, Politica culturale svizzera, Prima guerra arabo-israeliana, rifugiati palestinesi, Sacha Wigdorovits, Storiografia, Zurigo, Opzionale\"},{\"@type\":\"BreadcrumbList\",\"@id\":\"https:\\\/\\\/fokusisrael.ch\\\/it\\\/notizie\\\/guerra-di-sterminio-contro-israele-senza-israele-il-museo-nazionale-reagisce\\\/#breadcrumblist\",\"itemListElement\":[{\"@type\":\"ListItem\",\"@id\":\"https:\\\/\\\/fokusisrael.ch\\\/it\\\/notizie\\\/#listItem\",\"position\":1,\"name\":\"Notizie\",\"item\":\"https:\\\/\\\/fokusisrael.ch\\\/it\\\/notizie\\\/\",\"nextItem\":{\"@type\":\"ListItem\",\"@id\":\"https:\\\/\\\/fokusisrael.ch\\\/it\\\/notizie\\\/guerra-di-sterminio-contro-israele-senza-israele-il-museo-nazionale-reagisce\\\/#listItem\",\"name\":\"Guerra di sterminio contro Israele senza Israele \\u2013 il Museo Nazionale reagisce\"}},{\"@type\":\"ListItem\",\"@id\":\"https:\\\/\\\/fokusisrael.ch\\\/it\\\/notizie\\\/guerra-di-sterminio-contro-israele-senza-israele-il-museo-nazionale-reagisce\\\/#listItem\",\"position\":2,\"name\":\"Guerra di sterminio contro Israele senza Israele \\u2013 il Museo Nazionale reagisce\",\"previousItem\":{\"@type\":\"ListItem\",\"@id\":\"https:\\\/\\\/fokusisrael.ch\\\/it\\\/notizie\\\/#listItem\",\"name\":\"Notizie\"}}]},{\"@type\":\"Organization\",\"@id\":\"https:\\\/\\\/fokusisrael.ch\\\/it\\\/#organization\",\"name\":\"FokusIsrael\",\"description\":\"FokusIsrael.ch ist eine ehrenamtlich t\\u00e4tige, unabh\\u00e4ngige Gruppierung aus der Schweiz\",\"url\":\"https:\\\/\\\/fokusisrael.ch\\\/it\\\/\",\"logo\":{\"@type\":\"ImageObject\",\"url\":\"http:\\\/\\\/fi.localhost\\\/wp-content\\\/uploads\\\/2025\\\/03\\\/fokusisrael_300.jpg\",\"@id\":\"https:\\\/\\\/fokusisrael.ch\\\/it\\\/notizie\\\/guerra-di-sterminio-contro-israele-senza-israele-il-museo-nazionale-reagisce\\\/#organizationLogo\"},\"image\":{\"@id\":\"https:\\\/\\\/fokusisrael.ch\\\/it\\\/notizie\\\/guerra-di-sterminio-contro-israele-senza-israele-il-museo-nazionale-reagisce\\\/#organizationLogo\"}},{\"@type\":\"Person\",\"@id\":\"https:\\\/\\\/fokusisrael.ch\\\/it\\\/author\\\/redaktion\\\/#author\",\"url\":\"https:\\\/\\\/fokusisrael.ch\\\/it\\\/author\\\/redaktion\\\/\",\"name\":\"Redaktion\"},{\"@type\":\"WebPage\",\"@id\":\"https:\\\/\\\/fokusisrael.ch\\\/it\\\/notizie\\\/guerra-di-sterminio-contro-israele-senza-israele-il-museo-nazionale-reagisce\\\/#webpage\",\"url\":\"https:\\\/\\\/fokusisrael.ch\\\/it\\\/notizie\\\/guerra-di-sterminio-contro-israele-senza-israele-il-museo-nazionale-reagisce\\\/\",\"name\":\"Guerra di sterminio contro Israele senza Israele \\u2013 il Museo Nazionale reagisce - FokusIsrael\",\"description\":\"Il Museo cantonale di Zurigo ha definito la guerra del 1948 \\u00abPalestina e Gaza\\u00bb. A seguito delle critiche mosse da FokusIsrael.ch, il museo intende correggere la voce.\",\"inLanguage\":\"it-IT\",\"isPartOf\":{\"@id\":\"https:\\\/\\\/fokusisrael.ch\\\/it\\\/#website\"},\"breadcrumb\":{\"@id\":\"https:\\\/\\\/fokusisrael.ch\\\/it\\\/notizie\\\/guerra-di-sterminio-contro-israele-senza-israele-il-museo-nazionale-reagisce\\\/#breadcrumblist\"},\"author\":{\"@id\":\"https:\\\/\\\/fokusisrael.ch\\\/it\\\/author\\\/redaktion\\\/#author\"},\"creator\":{\"@id\":\"https:\\\/\\\/fokusisrael.ch\\\/it\\\/author\\\/redaktion\\\/#author\"},\"image\":{\"@type\":\"ImageObject\",\"url\":\"https:\\\/\\\/fokusisrael.ch\\\/wp-content\\\/uploads\\\/2026\\\/09\\\/Landesmuseeum-1.webp\",\"@id\":\"https:\\\/\\\/fokusisrael.ch\\\/it\\\/notizie\\\/guerra-di-sterminio-contro-israele-senza-israele-il-museo-nazionale-reagisce\\\/#mainImage\",\"width\":1024,\"height\":600,\"caption\":\"Il Museo Nazionale usa termini sbagliati e poi li corregge.\"},\"primaryImageOfPage\":{\"@id\":\"https:\\\/\\\/fokusisrael.ch\\\/it\\\/notizie\\\/guerra-di-sterminio-contro-israele-senza-israele-il-museo-nazionale-reagisce\\\/#mainImage\"},\"datePublished\":\"2026-09-03T16:21:30+02:00\",\"dateModified\":\"2026-09-03T16:22:07+02:00\"},{\"@type\":\"WebSite\",\"@id\":\"https:\\\/\\\/fokusisrael.ch\\\/it\\\/#website\",\"url\":\"https:\\\/\\\/fokusisrael.ch\\\/it\\\/\",\"name\":\"FokusIsrael\",\"description\":\"FokusIsrael.ch ist eine ehrenamtlich t\\u00e4tige, unabh\\u00e4ngige Gruppierung aus der Schweiz\",\"inLanguage\":\"it-IT\",\"publisher\":{\"@id\":\"https:\\\/\\\/fokusisrael.ch\\\/it\\\/#organization\"}}]}\n\t\t<\/script>\n\t\t<!-- All in One SEO -->\n\n","aioseo_head_json":{"title":"Guerra di sterminio contro Israele senza Israele \u2013 il Museo Nazionale reagisce - FokusIsrael","description":"Il Museo cantonale di Zurigo ha definito la guerra del 1948 \u00abPalestina e Gaza\u00bb. A seguito delle critiche mosse da FokusIsrael.ch, il museo intende correggere la voce.","canonical_url":"https:\/\/fokusisrael.ch\/it\/notizie\/guerra-di-sterminio-contro-israele-senza-israele-il-museo-nazionale-reagisce\/","robots":"max-image-preview:large","keywords":"","webmasterTools":{"miscellaneous":""},"schema":{"@context":"https:\/\/schema.org","@graph":[{"@type":"BlogPosting","@id":"https:\/\/fokusisrael.ch\/it\/notizie\/guerra-di-sterminio-contro-israele-senza-israele-il-museo-nazionale-reagisce\/#blogposting","name":"Guerra di sterminio contro Israele senza Israele \u2013 il Museo Nazionale reagisce - FokusIsrael","headline":"Guerra di sterminio contro Israele senza Israele \u2013 il Museo Nazionale reagisce","author":{"@id":"https:\/\/fokusisrael.ch\/it\/author\/redaktion\/#author"},"publisher":{"@id":"https:\/\/fokusisrael.ch\/it\/#organization"},"image":{"@type":"ImageObject","url":"https:\/\/fokusisrael.ch\/wp-content\/uploads\/2026\/09\/Landesmuseeum-1.webp","width":1024,"height":600,"caption":"Il Museo Nazionale usa termini sbagliati e poi li corregge."},"datePublished":"2026-09-03T16:21:30+02:00","dateModified":"2026-09-03T16:22:07+02:00","inLanguage":"it-IT","mainEntityOfPage":{"@id":"https:\/\/fokusisrael.ch\/it\/notizie\/guerra-di-sterminio-contro-israele-senza-israele-il-museo-nazionale-reagisce\/#webpage"},"isPartOf":{"@id":"https:\/\/fokusisrael.ch\/it\/notizie\/guerra-di-sterminio-contro-israele-senza-israele-il-museo-nazionale-reagisce\/#webpage"},"articleSection":"Notizie, Conflitto in Medio Oriente, Dibattito sui musei, Distorsione della storia, FocusIsraele, Gaza, Guerra arabo-israeliana, Guerra d'indipendenza, Israele, Israele 1948, La fondazione dello Stato di Israele, Mohammed Amin al-Husseini, Museo cantonale di Zurigo, Museo Nazionale Svizzero, Noi e la guerra, Palestina, Politica culturale svizzera, Prima guerra arabo-israeliana, rifugiati palestinesi, Sacha Wigdorovits, Storiografia, Zurigo, Opzionale"},{"@type":"BreadcrumbList","@id":"https:\/\/fokusisrael.ch\/it\/notizie\/guerra-di-sterminio-contro-israele-senza-israele-il-museo-nazionale-reagisce\/#breadcrumblist","itemListElement":[{"@type":"ListItem","@id":"https:\/\/fokusisrael.ch\/it\/notizie\/#listItem","position":1,"name":"Notizie","item":"https:\/\/fokusisrael.ch\/it\/notizie\/","nextItem":{"@type":"ListItem","@id":"https:\/\/fokusisrael.ch\/it\/notizie\/guerra-di-sterminio-contro-israele-senza-israele-il-museo-nazionale-reagisce\/#listItem","name":"Guerra di sterminio contro Israele senza Israele \u2013 il Museo Nazionale reagisce"}},{"@type":"ListItem","@id":"https:\/\/fokusisrael.ch\/it\/notizie\/guerra-di-sterminio-contro-israele-senza-israele-il-museo-nazionale-reagisce\/#listItem","position":2,"name":"Guerra di sterminio contro Israele senza Israele \u2013 il Museo Nazionale reagisce","previousItem":{"@type":"ListItem","@id":"https:\/\/fokusisrael.ch\/it\/notizie\/#listItem","name":"Notizie"}}]},{"@type":"Organization","@id":"https:\/\/fokusisrael.ch\/it\/#organization","name":"FokusIsrael","description":"FokusIsrael.ch ist eine ehrenamtlich t\u00e4tige, unabh\u00e4ngige Gruppierung aus der Schweiz","url":"https:\/\/fokusisrael.ch\/it\/","logo":{"@type":"ImageObject","url":"http:\/\/fi.localhost\/wp-content\/uploads\/2025\/03\/fokusisrael_300.jpg","@id":"https:\/\/fokusisrael.ch\/it\/notizie\/guerra-di-sterminio-contro-israele-senza-israele-il-museo-nazionale-reagisce\/#organizationLogo"},"image":{"@id":"https:\/\/fokusisrael.ch\/it\/notizie\/guerra-di-sterminio-contro-israele-senza-israele-il-museo-nazionale-reagisce\/#organizationLogo"}},{"@type":"Person","@id":"https:\/\/fokusisrael.ch\/it\/author\/redaktion\/#author","url":"https:\/\/fokusisrael.ch\/it\/author\/redaktion\/","name":"Redaktion"},{"@type":"WebPage","@id":"https:\/\/fokusisrael.ch\/it\/notizie\/guerra-di-sterminio-contro-israele-senza-israele-il-museo-nazionale-reagisce\/#webpage","url":"https:\/\/fokusisrael.ch\/it\/notizie\/guerra-di-sterminio-contro-israele-senza-israele-il-museo-nazionale-reagisce\/","name":"Guerra di sterminio contro Israele senza Israele \u2013 il Museo Nazionale reagisce - FokusIsrael","description":"Il Museo cantonale di Zurigo ha definito la guerra del 1948 \u00abPalestina e Gaza\u00bb. A seguito delle critiche mosse da FokusIsrael.ch, il museo intende correggere la voce.","inLanguage":"it-IT","isPartOf":{"@id":"https:\/\/fokusisrael.ch\/it\/#website"},"breadcrumb":{"@id":"https:\/\/fokusisrael.ch\/it\/notizie\/guerra-di-sterminio-contro-israele-senza-israele-il-museo-nazionale-reagisce\/#breadcrumblist"},"author":{"@id":"https:\/\/fokusisrael.ch\/it\/author\/redaktion\/#author"},"creator":{"@id":"https:\/\/fokusisrael.ch\/it\/author\/redaktion\/#author"},"image":{"@type":"ImageObject","url":"https:\/\/fokusisrael.ch\/wp-content\/uploads\/2026\/09\/Landesmuseeum-1.webp","@id":"https:\/\/fokusisrael.ch\/it\/notizie\/guerra-di-sterminio-contro-israele-senza-israele-il-museo-nazionale-reagisce\/#mainImage","width":1024,"height":600,"caption":"Il Museo Nazionale usa termini sbagliati e poi li corregge."},"primaryImageOfPage":{"@id":"https:\/\/fokusisrael.ch\/it\/notizie\/guerra-di-sterminio-contro-israele-senza-israele-il-museo-nazionale-reagisce\/#mainImage"},"datePublished":"2026-09-03T16:21:30+02:00","dateModified":"2026-09-03T16:22:07+02:00"},{"@type":"WebSite","@id":"https:\/\/fokusisrael.ch\/it\/#website","url":"https:\/\/fokusisrael.ch\/it\/","name":"FokusIsrael","description":"FokusIsrael.ch ist eine ehrenamtlich t\u00e4tige, unabh\u00e4ngige Gruppierung aus der Schweiz","inLanguage":"it-IT","publisher":{"@id":"https:\/\/fokusisrael.ch\/it\/#organization"}}]},"og:locale":"it_IT","og:site_name":"FokusIsrael - FokusIsrael.ch ist eine ehrenamtlich t\u00e4tige, unabh\u00e4ngige Gruppierung aus der Schweiz","og:type":"article","og:title":"Guerra di sterminio contro Israele senza Israele \u2013 il Museo Nazionale reagisce - FokusIsrael","og:description":"Il Museo cantonale di Zurigo ha definito la guerra del 1948 \u00abPalestina e Gaza\u00bb. A seguito delle critiche mosse da FokusIsrael.ch, il museo intende correggere la voce.","og:url":"https:\/\/fokusisrael.ch\/it\/notizie\/guerra-di-sterminio-contro-israele-senza-israele-il-museo-nazionale-reagisce\/","og:image":"https:\/\/fokusisrael.ch\/wp-content\/uploads\/2026\/09\/Landesmuseeum-1.webp","og:image:secure_url":"https:\/\/fokusisrael.ch\/wp-content\/uploads\/2026\/09\/Landesmuseeum-1.webp","og:image:width":1024,"og:image:height":600,"article:published_time":"2026-09-03T14:21:30+00:00","article:modified_time":"2026-09-03T14:22:07+00:00","twitter:card":"summary_large_image","twitter:title":"Guerra di sterminio contro Israele senza Israele \u2013 il Museo Nazionale reagisce - FokusIsrael","twitter:description":"Il Museo cantonale di Zurigo ha definito la guerra del 1948 \u00abPalestina e Gaza\u00bb. A seguito delle critiche mosse da FokusIsrael.ch, il museo intende correggere la voce.","twitter:image":"https:\/\/fokusisrael.ch\/wp-content\/uploads\/2026\/09\/Landesmuseeum-1.webp"},"aioseo_meta_data":{"post_id":"10964","title":null,"description":"Il Museo cantonale di Zurigo ha definito la guerra del 1948 \u00abPalestina e Gaza\u00bb. A seguito delle critiche mosse da FokusIsrael.ch, il museo intende correggere la voce.","keywords":null,"keyphrases":{"focus":{"keyphrase":"","score":0,"analysis":{"keyphraseInTitle":{"score":0,"maxScore":9,"error":1}}},"additional":[]},"primary_term":null,"canonical_url":null,"og_title":null,"og_description":null,"og_object_type":"default","og_image_type":"default","og_image_url":null,"og_image_width":null,"og_image_height":null,"og_image_custom_url":null,"og_image_custom_fields":null,"og_video":"","og_custom_url":null,"og_article_section":null,"og_article_tags":null,"twitter_use_og":false,"twitter_card":"default","twitter_image_type":"default","twitter_image_url":null,"twitter_image_custom_url":null,"twitter_image_custom_fields":null,"twitter_title":null,"twitter_description":null,"schema":{"blockGraphs":[],"customGraphs":[],"default":{"data":{"Article":[],"Course":[],"Dataset":[],"FAQPage":[],"Movie":[],"Person":[],"Product":[],"ProductReview":[],"Car":[],"Recipe":[],"Service":[],"SoftwareApplication":[],"WebPage":[]},"graphName":"BlogPosting","isEnabled":true},"graphs":[]},"schema_type":"default","schema_type_options":null,"pillar_content":false,"robots_default":true,"robots_noindex":false,"robots_noarchive":false,"robots_nosnippet":false,"robots_nofollow":false,"robots_noimageindex":false,"robots_noodp":false,"robots_notranslate":false,"robots_max_snippet":"-1","robots_max_videopreview":"-1","robots_max_imagepreview":"large","priority":null,"frequency":"default","local_seo":null,"breadcrumb_settings":null,"limit_modified_date":false,"ai":{"faqs":[],"keyPoints":[],"schemas":[],"titles":[],"descriptions":[],"socialPosts":{"email":{"subject":"","preview":"","content":""},"linkedin":[],"twitter":[],"facebook":[],"instagram":[]}},"created":"2026-09-03 14:22:07","updated":"2026-09-03 14:22:28","seo_analyzer_scan_date":null,"focus_keyword":null,"additional_keywords":null,"truseo_locale":null},"aioseo_breadcrumb":"<div class=\"aioseo-breadcrumbs\"><span class=\"aioseo-breadcrumb\">\n\t\t\t<a href=\"https:\/\/fokusisrael.ch\/it\/notizie\/\" title=\"Notizie\">Notizie<\/a>\n\t\t<\/span><span class=\"aioseo-breadcrumb-separator\">\u00bb<\/span><span class=\"aioseo-breadcrumb\">\n\t\t\tGuerra di sterminio contro Israele senza Israele \u2013 il Museo Nazionale reagisce\n\t\t<\/span><\/div>","aioseo_breadcrumb_json":[{"label":"Notizie","link":"https:\/\/fokusisrael.ch\/it\/notizie\/"},{"label":"Guerra di sterminio contro Israele senza Israele \u2013 il Museo Nazionale reagisce","link":"https:\/\/fokusisrael.ch\/it\/notizie\/guerra-di-sterminio-contro-israele-senza-israele-il-museo-nazionale-reagisce\/"}],"_links":{"self":[{"href":"https:\/\/fokusisrael.ch\/it\/wp-json\/wp\/v2\/posts\/10964","targetHints":{"allow":["GET"]}}],"collection":[{"href":"https:\/\/fokusisrael.ch\/it\/wp-json\/wp\/v2\/posts"}],"about":[{"href":"https:\/\/fokusisrael.ch\/it\/wp-json\/wp\/v2\/types\/post"}],"author":[{"embeddable":true,"href":"https:\/\/fokusisrael.ch\/it\/wp-json\/wp\/v2\/users\/2"}],"replies":[{"embeddable":true,"href":"https:\/\/fokusisrael.ch\/it\/wp-json\/wp\/v2\/comments?post=10964"}],"version-history":[{"count":1,"href":"https:\/\/fokusisrael.ch\/it\/wp-json\/wp\/v2\/posts\/10964\/revisions"}],"predecessor-version":[{"id":10967,"href":"https:\/\/fokusisrael.ch\/it\/wp-json\/wp\/v2\/posts\/10964\/revisions\/10967"}],"wp:featuredmedia":[{"embeddable":true,"href":"https:\/\/fokusisrael.ch\/it\/wp-json\/wp\/v2\/media\/10966"}],"wp:attachment":[{"href":"https:\/\/fokusisrael.ch\/it\/wp-json\/wp\/v2\/media?parent=10964"}],"wp:term":[{"taxonomy":"category","embeddable":true,"href":"https:\/\/fokusisrael.ch\/it\/wp-json\/wp\/v2\/categories?post=10964"},{"taxonomy":"post_tag","embeddable":true,"href":"https:\/\/fokusisrael.ch\/it\/wp-json\/wp\/v2\/tags?post=10964"}],"curies":[{"name":"wp","href":"https:\/\/api.w.org\/{rel}","templated":true}]}}