{"id":10912,"date":"2026-09-03T12:51:57","date_gmt":"2026-09-03T10:51:57","guid":{"rendered":"https:\/\/fokusisrael.ch\/senza-categoria\/hannah-arendt-in-unintervista-con-fokusisrael-ch-quando-vieni-attaccato-in-quanto-ebreo-devi-difenderti-in-quanto-ebreo\/"},"modified":"2026-09-03T12:54:29","modified_gmt":"2026-09-03T10:54:29","slug":"hannah-arendt-in-unintervista-con-fokusisrael-ch-quando-vieni-attaccato-in-quanto-ebreo-devi-difenderti-in-quanto-ebreo","status":"publish","type":"post","link":"https:\/\/fokusisrael.ch\/it\/notizie\/hannah-arendt-in-unintervista-con-fokusisrael-ch-quando-vieni-attaccato-in-quanto-ebreo-devi-difenderti-in-quanto-ebreo\/","title":{"rendered":"Hannah Arendt in un\u2019intervista con FokusIsrael.ch: \u00abQuando vieni attaccato in quanto ebreo, devi difenderti in quanto ebreo\u00bb"},"content":{"rendered":"\n<p class=\"wp-block-paragraph\"><strong><u>Informazioni sulla persona<\/u><\/strong><\/p>\n\n<p class=\"wp-block-paragraph\">Hannah Arendt (1906\u20131975) \u00e8 stata una delle pensatrici politiche pi\u00f9 acute e polemiche del XX secolo. Diffidava di ogni forma di seguace intellettuale. Contro l\u2019ideologia, l\u2019autorit\u00e0 e la pressione del gruppo, lei puntava sulla responsabilit\u00e0 personale e sul \u00abpensare senza ringhiere\u00bb: il coraggio di giudicare in modo radicalmente autonomo. Cresciuta a K\u00f6nigsberg, studi\u00f2 filosofia, teologia e greco, tra l\u2019altro con Martin Heidegger e Karl Jaspers. Nel 1933 Hannah Arendt fugg\u00ec dai nazisti rifugiandosi a Parigi. Dopo lo scoppio della Seconda guerra mondiale e l\u2019invasione della Francia da parte della Wehrmacht, fu internata nel campo di Gurs, ironicamente proprio a causa delle sue origini tedesche. Riusc\u00ec per\u00f2 a fuggire. Nel 1941 raggiunse gli Stati Uniti, dove nel 1951 \u2013 dopo 18 anni di apolidia \u2013 ottenne la cittadinanza americana. Dall\u2019esperienza della fuga e dell\u2019assenza di diritti nacque la sua concezione del \u00abdiritto di avere diritti\u00bb: i diritti hanno bisogno di una comunit\u00e0 politica che li garantisca.<\/p>\n\n<p class=\"wp-block-paragraph\">A New York, Arendt ha lavorato inizialmente come giornalista e redattrice, poi per la Jewish Cultural Reconstruction, un\u2019organizzazione che, dopo l\u2019Olocausto, si occupava di recuperare e ridistribuire libri e beni culturali ebraici che erano stati rubati. In seguito ha insegnato in diverse universit\u00e0 americane, dal 1963 come professoressa a Chicago e dal 1967 come University Professor alla New School for Social Research di New York. In \u00abElementi e origini del dominio totale\u00bb (1951) ha analizzato i meccanismi del dominio totalitario, mentre in \u00abVita activa\u00bb (1958) ha approfondito i temi della libert\u00e0, dell\u2019azione e della pluralit\u00e0. A portarla alla fama mondiale, e al centro di uno scandalo, fu \u00abEichmann a Gerusalemme\u00bb (1963), il suo resoconto sul processo contro il criminale di guerra nazista Adolf Eichmann, che aveva seguito nel 1961 a Gerusalemme per conto del New Yorker. La sua formula della \u00abbanalit\u00e0 del male\u00bb \u00e8 diventata famosa tanto quanto fraintesa. Con l\u2019aiuto dell\u2019intelligenza artificiale, FokusIsrael.ch ha parlato con Hannah Arendt di Eichmann e dei Consigli ebraici, del suo legame di una vita con Heidegger, della resistenza e di Israele, della responsabilit\u00e0 politica \u2013 e degli abissi del potere.<\/p>\n\n<p class=\"wp-block-paragraph\"><strong>Hannah Arendt, ti mancherebbe l\u2019\u00abAhavat Israel\u00bb, cio\u00e8 l\u2019amore per il popolo ebraico. \u00c8 quello che ti ha rimproverato lo storico della religione Gershom Scholem dopo la tua serie di articoli sul *New Yorker* sul processo ad Adolf Eichmann. Ha ragione?  <\/strong><\/p>\n\n<p class=\"wp-block-paragraph\"><strong>Hannah Arendt:<\/strong> S\u00ec. Non \u00abamo\u00bb nessun collettivo, n\u00e9 quello tedesco, n\u00e9 quello francese, n\u00e9 quello americano, n\u00e9 la classe operaia n\u00e9 altro. In realt\u00e0 amo solo i miei amici e per il resto sono del tutto incapace di provare qualsiasi altro tipo di amore. Un amore per gli ebrei mi sembrerebbe sospetto, dato che io stessa sono, per natura e di fatto, ebrea.<\/p>\n\n<p class=\"wp-block-paragraph\"><strong>Anche quando si tratta dello sterminio degli ebrei? Hai raccontato del processo in modo freddo e distaccato \u2013 hai persino riso.<\/strong><\/p>\n\n<p class=\"wp-block-paragraph\"><strong>Hannah Arendt:<\/strong> Ridevo della grottesca presunzione di Eichmann. Non era n\u00e9 Iago n\u00e9 Macbeth. Nonostante gli sforzi del pubblico ministero, tutti potevano vedere che quell\u2019uomo non era un mostro. Era davvero molto difficile non sospettare che si trattasse di un buffone. Era piuttosto la pura mancanza di riflessione \u2013 che non \u00e8 affatto la stessa cosa della stupidit\u00e0 \u2013 a predestinarlo a diventare uno dei pi\u00f9 grandi criminali della storia. La sua incapacit\u00e0 di pensare si manifestava proprio nel fatto che non riusciva a mettersi nei panni di un altro.<\/p>\n\n<p class=\"wp-block-paragraph\"><strong>La banalit\u00e0 del male\u2026<\/strong><\/p>\n\n<p class=\"wp-block-paragraph\"><strong>Hannah Arendt:<\/strong> Era banale l\u2019uomo, non quello che faceva. I crimini erano atroci. La cosa inquietante era che il colpevole non possedeva alcuna statura demoniaca. Era un funzionario. Il funzionario si convince di non agire affatto. Si limita a eseguire gli ordini e scarica la responsabilit\u00e0 verso l\u2019alto, sempre un piano pi\u00f9 in alto, finch\u00e9 alla fine non ricade pi\u00f9 su nessuno. Questo \u00e8 il \u00abdominio del nessuno\u00bb.<\/p>\n\n<p class=\"wp-block-paragraph\"><strong>Oggi sappiamo che questo \u00abbuffone\u00bb era un nazista convinto e un antisemita fanatico. In Argentina si vantava del suo ruolo. Lo hai sottovalutato?<\/strong><\/p>\n\n<p class=\"wp-block-paragraph\"><strong>Hannah Arendt:<\/strong> Davanti a me c&#8217;era l&#8217;uomo nella teca di vetro, ma fonti successive mostrano un Eichmann diverso. Bisogna prenderne atto. I fatti sono pi\u00f9 ostinati delle teorie \u2013 per fortuna. Ma fanatismo e mancanza di riflessione non si escludono a vicenda. Una mente pu\u00f2 essere piena di slogan nazisti eppure incapace di pensare.<\/p>\n\n<p class=\"wp-block-paragraph\"><strong>Seguendo l\u2019esempio di Kant, nei tuoi scritti sottolinei con forza che nessuno ha il diritto di obbedire, poich\u00e9 l\u2019obbedienza rimane sempre una scelta. Ma non \u00e8 forse chiedere troppo pretendere che chi vive in una dittatura disobbedisca per motivi morali?<\/strong><\/p>\n\n<p class=\"wp-block-paragraph\"><strong>Hannah Arendt:<\/strong> Non tutti sono obbligati a essere eroi. Ma ognuno rimane responsabile delle proprie azioni. \u00abAvevo paura\u00bb pu\u00f2 essere vero. \u00abPer questo non ero responsabile\u00bb \u00e8 un\u2019altra cosa. Dal punto di vista politico, l\u2019obbedienza non esiste. L\u2019obbedienza all\u2019autorit\u00e0 politica \u00e8 sempre anche consenso e sostegno.<\/p>\n\n<p class=\"wp-block-paragraph\"><strong>Per quanto riguarda i Consigli ebraici, sei molto severa nei confronti di persone che non potevano agire liberamente.<\/strong><\/p>\n\n<p class=\"wp-block-paragraph\"><strong>Hannah Arendt:<\/strong> La verit\u00e0 storica non \u00e8 di conforto. I funzionari ebrei fornivano ai nazisti elenchi di nomi e patrimoni, organizzavano i trasporti e diventavano cos\u00ec parte della struttura amministrativa. Il ruolo dei leader ebrei nella distruzione del proprio popolo \u00e8 senza dubbio il capitolo pi\u00f9 cupo di tutta questa storia gi\u00e0 di per s\u00e9 cupa.<\/p>\n\n<p class=\"wp-block-paragraph\"><strong>Il pi\u00f9 cupo? Le vittime \u2013 non i carnefici?<\/strong><\/p>\n\n<p class=\"wp-block-paragraph\"><strong>Hannah Arendt:<\/strong> Stai confondendo responsabilit\u00e0 e colpa. La colpa dello sterminio era dei nazisti e dei loro collaboratori. La cosa pi\u00f9 cupa, per me, \u00e8 stata che sono riusciti a coinvolgere persino le organizzazioni degli stessi perseguitati nel loro apparato di sterminio: \u00e8 l\u00ec che si \u00e8 manifestata la totalit\u00e0 del crollo morale che i nazisti avevano provocato in Europa. La loro colpa di assassini non viene per questo condivisa.  <\/p>\n\n<p class=\"wp-block-paragraph\"><strong>Nel caso di Martin Heidegger, per\u00f2, questo metro di giudizio sembra vacillare. Nel 1933 si iscrisse al NSDAP e ne fece parte fino al 1945. Ciononostante, sei rimasto legato a lui per tutta la vita e dopo la guerra hai contribuito alla sua riabilitazione intellettuale.<\/strong><\/p>\n\n<p class=\"wp-block-paragraph\"><strong>Hannah Arendt:<\/strong> \u00c8 un\u2019obiezione scomoda \u2013 quindi probabilmente valida. Un giudizio politico su un\u2019azione non \u00e8 la stessa cosa di un giudizio su una persona nella sua interezza. Nel 1933 Heidegger ha fallito politicamente in modo davvero clamoroso. Ma questo non significa che un grande filosofo smetta per questo di essere un grande filosofo. Il pensiero e la capacit\u00e0 di giudizio politico non sono la stessa cosa \u2013 Heidegger ne \u00e8 un esempio lampante. <\/p>\n\n<p class=\"wp-block-paragraph\"><strong>Tu stessa hai detto del 1933: \u00abDa quel momento in poi ero responsabile.\u00bb<\/strong><\/p>\n\n<p class=\"wp-block-paragraph\">Con l\u2019incendio del Reichstag e gli arresti illegali, per me era chiaro: lo Stato di diritto veniva distrutto. Non potevo pi\u00f9 restare a guardare. Per l\u2019Associazione Sionista per la Germania raccoglievo materiale sull\u2019antisemitismo nazista e nascondevo i rifugiati nel nostro appartamento. Sono stata scoperta e arrestata dalla Gestapo. Mi hanno accusata di \u00abpropaganda di orrori\u00bb [ride]. Per fortuna sono stata rilasciata dopo otto giorni e sono fuggita subito a Parigi. L\u00ec ho lavorato, tra le altre cose, per la Jugend-Aliyah, che portava bambini e ragazzi ebrei in Palestina. Ma il vero shock \u00e8 arrivato dopo, con Auschwitz, con la \u00abfabbricazione dei cadaveri\u00bb. \u00c8 stato come se si fosse aperto un abisso. Tutto il resto, pensavi, si sarebbe potuto in qualche modo rimediare in politica, prima o poi. Questo no.<\/p>\n\n<p class=\"wp-block-paragraph\"><strong>Molti invece non si resero conto \u2013 o non vollero rendersi conto \u2013 di ci\u00f2 che stava accadendo. Com\u2019\u00e8 possibile?<\/strong><\/p>\n\n<p class=\"wp-block-paragraph\"><strong>Hannah Arendt: Soprattutto <\/strong>gli intellettuali credevano ancora che si potessero comprendere i nazisti, o addirittura \u00abdomarli\u00bb, con le vecchie categorie politiche. Inventarono teorie molto interessanti su Hitler e finirono nella trappola delle loro stesse idee. Che i nazisti fossero i nostri nemici, lo si sapeva gi\u00e0 molto prima del 1933. D&#8217;altronde Hitler non ne aveva fatto un segreto. Io ho preso i nazisti in parola. Quando vieni attaccato in quanto ebreo, devi difenderti in quanto ebreo \u2013 non come cittadino del mondo astratto, ma in modo concreto. <\/p>\n\n<p class=\"wp-block-paragraph\"><strong>Hai sostenuto l\u2019idea dell\u2019autodifesa ebraica anche sul piano politico: hai chiesto un esercito ebraico. Allo stesso tempo, per\u00f2, nutrivi diffidenza nei confronti di uno Stato nazionale ebraico sovrano. Perch\u00e9 gli ebrei dovrebbero combattere, ma non poter governare da soli?<\/strong><\/p>\n\n<p class=\"wp-block-paragraph\"><strong>Hannah Arendt:<\/strong> Gli ebrei dovrebbero combattere Hitler in quanto ebrei \u2013 sotto la propria bandiera e non passare alla storia solo come vittime. E ovviamente gli ebrei hanno bisogno di una patria tutta loro. L\u2019unica domanda \u00e8: quale forma politica dovrebbe avere? Temevo uno Stato ebraico che, circondato dai nemici, vivesse perennemente in guerra e finisse per dipendere dal sostegno di una grande potenza straniera per la propria esistenza.<\/p>\n\n<p class=\"wp-block-paragraph\"><strong>Hanno sostenuto l\u2019idea di una federazione ebraico-araba, una comunit\u00e0 binazionale, e, basandosi su argomentazioni puramente laiche, hanno puntato su una convivenza pacifica. Ma se alcune parti del mondo arabo, spinte da un odio religioso distruttivo, rifiutano la semplice esistenza di Israele, la ragione politica non era forse il tuo punto cieco in questo caso?<\/strong><\/p>\n\n<p class=\"wp-block-paragraph\"><strong>Hannah Arendt:<\/strong> La politica presuppone che si discuta di interessi, territori e compromessi. Chi rivendica un mandato divino di distruzione esce da questo spazio politico: vuole cancellare la pluralit\u00e0 del mondo. Contro questo non serve nessun argomento, ma solo un&#8217;autodifesa risoluta. Con Dio, dopotutto, \u00e8 difficile negoziare i confini. <\/p>\n\n<p class=\"wp-block-paragraph\"><strong>Oggi anche in Israele gli estremisti religiosi hanno un\u2019influenza politica notevole. Quanto \u00e8 grande il pericolo per il Paese?<\/strong><\/p>\n\n<p class=\"wp-block-paragraph\"><strong>Hannah Arendt:<\/strong> La mancata separazione tra religione e Stato in Israele \u00e8 disastrosa. Sottopone i diritti dell\u2019individuo alla sua appartenenza religiosa. Dove la collettivit\u00e0 decide al posto del cittadino, l\u2019appartenenza diventa dominio. Nel diritto di famiglia questo si vede particolarmente bene. Una comunit\u00e0 politica, per\u00f2, deve trattare i propri cittadini come cittadini \u2013 non prima di tutto come membri di una comunit\u00e0 religiosa.<\/p>\n\n<p class=\"wp-block-paragraph\"><strong>Tu diffidi di ogni concentrazione di potere. Proprio negli Stati Uniti oggi si discute sui limiti del potere presidenziale. Questo ti preoccupa? <\/strong><\/p>\n\n<p class=\"wp-block-paragraph\"><strong>Hannah Arendt:<\/strong> Certo. La grande scoperta politica dell\u2019America \u00e8 stata che il potere va limitato dal potere stesso. Quando l\u2019indipendenza della magistratura e il controllo reciproco delle istituzioni vengono meno, la libert\u00e0 politica \u00e8 la prima a svanire. Non perch\u00e9 ogni presidente diventi un tiranno, ma perch\u00e9 una repubblica non pu\u00f2 fare affidamento sul fatto che lui non lo diventi.<\/p>\n\n<p class=\"wp-block-paragraph\"><strong>E cosa succede se il potere non conosce pi\u00f9 alcun limite?<\/strong><\/p>\n\n<p class=\"wp-block-paragraph\"><strong>Hannah Arendt:<\/strong> Anche un potere senza limiti non \u00e8 necessariamente totalitario. Il tiranno vuole dominare il cittadino per assicurarsi il proprio potere, ma gli lascia una vita privata apolitica. Il totalitarismo vuole cambiare l\u2019uomo stesso.<strong> <\/strong>Distrugge sistematicamente tutti i legami e con essi il mondo comune \u2013 lo spazio <em>tra<\/em> le persone in cui possono, in primo luogo, dialogare, giudicare e agire insieme.<\/p>\n\n<p class=\"wp-block-paragraph\"><strong>Vedi segni di questo oggi?<\/strong><\/p>\n\n<p class=\"wp-block-paragraph\"><strong>Hannah Arendt:<\/strong> La situazione diventa pericolosa quando le persone si isolano, i fatti perdono la loro validit\u00e0 e le ideologie sostituiscono la realt\u00e0 con una logica chiusa in se stessa. Il suddito ideale di un regime totalitario non \u00e8 il fanatico convinto, ma chi non fa pi\u00f9 distinzione tra realt\u00e0 e finzione, tra vero e falso.<\/p>\n\n<p class=\"wp-block-paragraph\"><strong>Nota<\/strong>: questa intervista si basa sugli scritti e sulle dichiarazioni tramandate di Hannah Arendt, individuate e riprodotte con l\u2019aiuto dell\u2019intelligenza artificiale. Nella nostra serie \u00abConversazioni con le leggende\u00bb parliamo con personalit\u00e0 ormai scomparse del mondo della politica, della religione, della scienza e della cultura che hanno avuto un ruolo importante per l\u2019ebraismo e Israele. Vogliamo cos\u00ec far conoscere loro e le loro idee al pubblico di oggi. Finora sono state pubblicate interviste con<\/p>\n\n<p class=\"wp-block-paragraph\"><a href=\"https:\/\/fokusisrael.ch\/it\/notizie\/theodor-herzl-a-fokusisrael-ch-ho-sempre-detto-che-lo-stato-doveva-essere-laico\/\">Theodor Herzl<\/a>, il fondatore del sionismo moderno <\/p>\n\n<p class=\"wp-block-paragraph\"><a href=\"https:\/\/fokusisrael.ch\/it\/notizie\/chaim-weizmann-a-fokusisrael-ch-il-futuro-puo-basarsi-solo-sulla-cooperazione-con-gli-arabi\/\">Chaim Weizmann<\/a>, il primo presidente di Israele <\/p>\n\n<p class=\"wp-block-paragraph\"><a href=\"https:\/\/fokusisrael.ch\/it\/notizie\/david-ben-gurion-a-fokusisrael-ch-avevamo-un-vantaggio-stavamo-combattendo-per-la-nostra-esistenza\/\">David Ben-Gurion, il primo primo ministro di Israele<\/a><\/p>\n\n<p class=\"wp-block-paragraph\"><a href=\"https:\/\/fokusisrael.ch\/it\/notizie\/golda-meir-a-fokusisrael-ch-il-governo-dovrebbe-avere-unindagine-indipendente-sul-7-ottobre\/\">Golda Meir<\/a>, l\u2019unica donna ad aver ricoperto finora la carica di primo ministro di Israele<\/p>\n\n<p class=\"wp-block-paragraph\"><a href=\"https:\/\/fokusisrael.ch\/it\/notizie\/anwar-sadat-a-fokusisrael-ch-paradossalmente-sono-andato-in-guerra-per-fare-la-pace\/\">Anwar Sadat, il presidente egiziano<\/a> che nel 1977 si rec\u00f2 a Gerusalemme per stringere la pace con Israele<\/p>\n\n<p class=\"wp-block-paragraph\"><a href=\"https:\/\/fokusisrael.ch\/it\/notizie\/mose-a-fokusisrael-ch-in-tempi-di-minaccia-esistenziale-combattere-e-un-dovere-collettivo\/\">Mos\u00e8, che guid\u00f2 il popolo ebraico fuori dalla schiavit\u00f9 egiziana verso la libert\u00e0<\/a><\/p>\n\n<p class=\"wp-block-paragraph\"><a href=\"https:\/\/fokusisrael.ch\/it\/notizie\/maimonide-a-fokusisrael-ch-molti-oggi-cercano-lestasi-nella-religione-invece-della-conoscenza\/\">Maimonide<\/a>, il grande studioso ebreo vissuto tra il XII e il XIII secolo<\/p>\n\n<p class=\"wp-block-paragraph\"><a href=\"https:\/\/fokusisrael.ch\/it\/notizie\/il-rabbino-jonathan-sacks-a-fokusisrael-ch-lantisemitismo-inizia-con-gli-ebrei-ma-non-finisce-mai-con-loro\/\">Lord Jonathan Sacks<\/a>, l\u2019ex gran rabbino britannico<\/p>\n\n<p class=\"wp-block-paragraph\"><a href=\"https:\/\/fokusisrael.ch\/it\/notizie\/sigmund-freud-lantisemitismo-e-una-ricca-collezione-di-proiezioni-inconsce\/\">Sigmund Freud, il fondatore della psicoanalisi<\/a><\/p>\n\n<p class=\"wp-block-paragraph\"><a href=\"https:\/\/fokusisrael.ch\/it\/notizie\/albert-einstein-il-sionismo-e-la-strada-per-lautodeterminazione-del-popolo-ebraico\/\">Albert Einstein, il fondatore della teoria della relativit\u00e0<\/a><\/p>\n\n<p class=\"wp-block-paragraph\"><a href=\"https:\/\/fokusisrael.ch\/it\/notizie\/robert-oppenheimer-hai-aiutato-israele-a-costruire-la-bomba-atomica\/\">Robert Oppenheimer<\/a>, il \u00abpadre della bomba atomica\u00bb<\/p>\n\n<p class=\"wp-block-paragraph\"><a href=\"https:\/\/fokusisrael.ch\/it\/notizie\/hedy-lamarr-la-cosa-che-mi-fa-piu-male-e-non-aver-detto-ai-miei-figli-la-verita-sulle-loro-origini\/\">Hedy Lamarr<\/a>, icona di Hollywood e inventrice<\/p>\n\n<p class=\"wp-block-paragraph\"><a href=\"https:\/\/fokusisrael.ch\/it\/notizie\/estee-lauder-su-fokusisrael-ch-lantisemitismo-raramente-inizia-con-la-violenza-inizia-con-il-silenzio\/\">Est\u00e9e Lauder<\/a>, imprenditrice e fondatrice di un colosso mondiale<\/p>\n\n<p class=\"wp-block-paragraph\"><a href=\"https:\/\/fokusisrael.ch\/it\/notizie\/milton-friedman-su-fokusisrael-ch-mi-auguro-che-israele-rimanga-sempre-una-societa-libera-e-democratica\/\">Milton Friedman<\/a>, premio Nobel per l\u2019economia<\/p>\n\n<p class=\"wp-block-paragraph\"><a href=\"https:\/\/fokusisrael.ch\/it\/notizie\/levi-strauss-sul-futuro-degli-ebrei-negli-stati-uniti-e-in-europa-non-dobbiamo-lasciarci-cacciare\/\">Levi Strauss<\/a>, l\u2019inventore dei jeans<\/p>\n\n<p class=\"wp-block-paragraph\"><a href=\"https:\/\/fokusisrael.ch\/it\/notizie\/elie-wiesel-in-unintervista-a-fokusisrael-ch-ad-auschwitz-ho-accusato-dio-non-lho-rinnegato\/\">Elie Wiesel<\/a>, scrittore e vincitore del Premio Nobel per la Pace<\/p>\n\n<p class=\"wp-block-paragraph\"><a href=\"https:\/\/fokusisrael.ch\/it\/notizie\/primo-levi-in-unintervista-a-fokusisrael-ch-e-successo-quindi-puo-succedere-di-nuovo\/\">Primo Levi<\/a>, il chimico e scrittore italiano<\/p>\n\n<p class=\"wp-block-paragraph\"><a href=\"https:\/\/fokusisrael.ch\/it\/notizie\/theodor-adorno-in-unintervista-con-fokusisrael-ch-lantisemitismo-e-la-voce-che-circola-sugli-ebrei\/\">Theodor Adorno<\/a>, il filosofo e sociologo tedesco<\/p>\n\n<p class=\"wp-block-paragraph\"><a href=\"https:\/\/fokusisrael.ch\/it\/notizie\/martin-buber-in-unintervista-con-fokusisrael-ch-i-popoli-non-dialogano-piu-davvero-e-questa-la-patologia-del-momento\/\">Martin Buber<\/a>, filosofo, studioso di religione e scrittore.<\/p>\n\n<p class=\"wp-block-paragraph\"><\/p>\n","protected":false},"excerpt":{"rendered":"<p>Informazioni sulla persona Hannah Arendt (1906\u20131975) \u00e8 stata una delle pensatrici politiche pi\u00f9 acute e polemiche del XX secolo. Diffidava di ogni forma di seguace intellettuale. Contro l\u2019ideologia, l\u2019autorit\u00e0 e la pressione del gruppo, lei puntava sulla responsabilit\u00e0 personale e sul \u00abpensare senza ringhiere\u00bb: il coraggio di giudicare in modo radicalmente autonomo. Cresciuta a K\u00f6nigsberg, [&hellip;]<\/p>\n","protected":false},"author":2,"featured_media":10913,"comment_status":"closed","ping_status":"closed","sticky":false,"template":"","format":"standard","meta":{"_hide_socialbar":"","footnotes":""},"categories":[806],"tags":[5837,5849,625,5848,5838,5845,5429,1227,5839,5850,1779,5844,1179,5835,5846,3331,647,5842,5836,5841,2343,1691,5847,5843,2457,1693,656,2309,5840],"class_list":["post-10912","post","type-post","status-publish","format-standard","has-post-thumbnail","hentry","category-notizie","tag-adolf-eichmann","tag-aliyah-dei-giovani","tag-antisemitismo","tag-apolidia","tag-autodifesa-ebraica","tag-consigli-ebraici","tag-conversazioni-con-le-leggende","tag-ebraismo","tag-eichmann-a-gerusalemme","tag-filosofia-politica","tag-focusisraele","tag-gershom-scholem","tag-gerusalemme","tag-hannah-arendt","tag-il-diritto-di-avere-dei-diritti","tag-intervista-fittizia","tag-israele","tag-karl-jaspers","tag-la-banalita-del-male","tag-martin-heidegger","tag-nazionalsocialismo","tag-olocausto","tag-pensare-senza-limiti","tag-regime-totalitario","tag-responsabilita-politica","tag-shoah","tag-sionismo","tag-storia-ebraica","tag-totalitarismo"],"aioseo_notices":[],"aioseo_head":"\n\t\t<!-- All in One SEO 5.0.1.1 - aioseo.com -->\n\t<meta name=\"description\" content=\"Hannah Arendt su Eichmann, la \u00abbanalit\u00e0 del male\u00bb, l\u2019autodifesa ebraica, Israele e la responsabilit\u00e0 del singolo di fronte al potere e all\u2019ideologia.\" \/>\n\t<meta name=\"robots\" content=\"max-image-preview:large\" \/>\n\t<meta name=\"author\" content=\"Redaktion\"\/>\n\t<link rel=\"canonical\" href=\"https:\/\/fokusisrael.ch\/it\/notizie\/hannah-arendt-in-unintervista-con-fokusisrael-ch-quando-vieni-attaccato-in-quanto-ebreo-devi-difenderti-in-quanto-ebreo\/\" \/>\n\t<meta name=\"generator\" content=\"All in One SEO (AIOSEO) 5.0.1.1\" \/>\n\t\t<meta property=\"og:locale\" content=\"it_IT\" \/>\n\t\t<meta property=\"og:site_name\" content=\"FokusIsrael - FokusIsrael.ch ist eine ehrenamtlich t\u00e4tige, unabh\u00e4ngige Gruppierung aus der Schweiz\" \/>\n\t\t<meta property=\"og:type\" content=\"article\" \/>\n\t\t<meta property=\"og:title\" content=\"Hannah Arendt in un\u2019intervista con FokusIsrael.ch: \u00abQuando vieni attaccato in quanto ebreo, devi difenderti in quanto ebreo\u00bb - FokusIsrael\" \/>\n\t\t<meta property=\"og:description\" content=\"Hannah Arendt su Eichmann, la \u00abbanalit\u00e0 del male\u00bb, l\u2019autodifesa ebraica, Israele e la responsabilit\u00e0 del singolo di fronte al potere e all\u2019ideologia.\" \/>\n\t\t<meta property=\"og:url\" content=\"https:\/\/fokusisrael.ch\/it\/notizie\/hannah-arendt-in-unintervista-con-fokusisrael-ch-quando-vieni-attaccato-in-quanto-ebreo-devi-difenderti-in-quanto-ebreo\/\" \/>\n\t\t<meta property=\"og:image\" content=\"https:\/\/fokusisrael.ch\/wp-content\/uploads\/2026\/09\/Hannah-Arendt.png\" \/>\n\t\t<meta property=\"og:image:secure_url\" content=\"https:\/\/fokusisrael.ch\/wp-content\/uploads\/2026\/09\/Hannah-Arendt.png\" \/>\n\t\t<meta property=\"og:image:width\" content=\"1024\" \/>\n\t\t<meta property=\"og:image:height\" content=\"600\" \/>\n\t\t<meta property=\"article:published_time\" content=\"2026-09-03T10:51:57+00:00\" \/>\n\t\t<meta property=\"article:modified_time\" content=\"2026-09-03T10:54:29+00:00\" \/>\n\t\t<meta name=\"twitter:card\" content=\"summary_large_image\" \/>\n\t\t<meta name=\"twitter:title\" content=\"Hannah Arendt in un\u2019intervista con FokusIsrael.ch: \u00abQuando vieni attaccato in quanto ebreo, devi difenderti in quanto ebreo\u00bb - FokusIsrael\" \/>\n\t\t<meta name=\"twitter:description\" content=\"Hannah Arendt su Eichmann, la \u00abbanalit\u00e0 del male\u00bb, l\u2019autodifesa ebraica, Israele e la responsabilit\u00e0 del singolo di fronte al potere e all\u2019ideologia.\" \/>\n\t\t<meta name=\"twitter:image\" content=\"https:\/\/fokusisrael.ch\/wp-content\/uploads\/2026\/09\/Hannah-Arendt.png\" \/>\n\t\t<script type=\"application\/ld+json\" class=\"aioseo-schema\">\n\t\t\t{\"@context\":\"https:\\\/\\\/schema.org\",\"@graph\":[{\"@type\":\"BlogPosting\",\"@id\":\"https:\\\/\\\/fokusisrael.ch\\\/it\\\/notizie\\\/hannah-arendt-in-unintervista-con-fokusisrael-ch-quando-vieni-attaccato-in-quanto-ebreo-devi-difenderti-in-quanto-ebreo\\\/#blogposting\",\"name\":\"Hannah Arendt in un\\u2019intervista con FokusIsrael.ch: \\u00abQuando vieni attaccato in quanto ebreo, devi difenderti in quanto ebreo\\u00bb - FokusIsrael\",\"headline\":\"Hannah Arendt in un\\u2019intervista con FokusIsrael.ch: \\u00abQuando vieni attaccato in quanto ebreo, devi difenderti in quanto ebreo\\u00bb\",\"author\":{\"@id\":\"https:\\\/\\\/fokusisrael.ch\\\/it\\\/author\\\/redaktion\\\/#author\"},\"publisher\":{\"@id\":\"https:\\\/\\\/fokusisrael.ch\\\/it\\\/#organization\"},\"image\":{\"@type\":\"ImageObject\",\"url\":\"https:\\\/\\\/fokusisrael.ch\\\/wp-content\\\/uploads\\\/2026\\\/09\\\/Hannah-Arendt.png\",\"width\":1024,\"height\":600,\"caption\":\"Hannah Arendt in un'intervista immaginaria con FokusIsrael\"},\"datePublished\":\"2026-09-03T12:51:57+02:00\",\"dateModified\":\"2026-09-03T12:54:29+02:00\",\"inLanguage\":\"it-IT\",\"mainEntityOfPage\":{\"@id\":\"https:\\\/\\\/fokusisrael.ch\\\/it\\\/notizie\\\/hannah-arendt-in-unintervista-con-fokusisrael-ch-quando-vieni-attaccato-in-quanto-ebreo-devi-difenderti-in-quanto-ebreo\\\/#webpage\"},\"isPartOf\":{\"@id\":\"https:\\\/\\\/fokusisrael.ch\\\/it\\\/notizie\\\/hannah-arendt-in-unintervista-con-fokusisrael-ch-quando-vieni-attaccato-in-quanto-ebreo-devi-difenderti-in-quanto-ebreo\\\/#webpage\"},\"articleSection\":\"Notizie, Adolf Eichmann, Aliyah dei giovani, Antisemitismo, Apolidia, autodifesa ebraica, Consigli ebraici, Conversazioni con le leggende, Ebraismo, Eichmann a Gerusalemme, filosofia politica, FocusIsraele, Gershom Scholem, Gerusalemme, Hannah Arendt, Il diritto di avere dei diritti, intervista fittizia, Israele, Karl Jaspers, La banalit\\u00e0 del male, Martin Heidegger, Nazionalsocialismo, Olocausto, Pensare senza limiti, regime totalitario, Responsabilit\\u00e0 politica, Shoah, Sionismo, Storia ebraica, Totalitarismo, Opzionale\"},{\"@type\":\"BreadcrumbList\",\"@id\":\"https:\\\/\\\/fokusisrael.ch\\\/it\\\/notizie\\\/hannah-arendt-in-unintervista-con-fokusisrael-ch-quando-vieni-attaccato-in-quanto-ebreo-devi-difenderti-in-quanto-ebreo\\\/#breadcrumblist\",\"itemListElement\":[{\"@type\":\"ListItem\",\"@id\":\"https:\\\/\\\/fokusisrael.ch\\\/it\\\/notizie\\\/#listItem\",\"position\":1,\"name\":\"Notizie\",\"item\":\"https:\\\/\\\/fokusisrael.ch\\\/it\\\/notizie\\\/\",\"nextItem\":{\"@type\":\"ListItem\",\"@id\":\"https:\\\/\\\/fokusisrael.ch\\\/it\\\/notizie\\\/hannah-arendt-in-unintervista-con-fokusisrael-ch-quando-vieni-attaccato-in-quanto-ebreo-devi-difenderti-in-quanto-ebreo\\\/#listItem\",\"name\":\"Hannah Arendt in un\\u2019intervista con FokusIsrael.ch: \\u00abQuando vieni attaccato in quanto ebreo, devi difenderti in quanto ebreo\\u00bb\"}},{\"@type\":\"ListItem\",\"@id\":\"https:\\\/\\\/fokusisrael.ch\\\/it\\\/notizie\\\/hannah-arendt-in-unintervista-con-fokusisrael-ch-quando-vieni-attaccato-in-quanto-ebreo-devi-difenderti-in-quanto-ebreo\\\/#listItem\",\"position\":2,\"name\":\"Hannah Arendt in un\\u2019intervista con FokusIsrael.ch: \\u00abQuando vieni attaccato in quanto ebreo, devi difenderti in quanto ebreo\\u00bb\",\"previousItem\":{\"@type\":\"ListItem\",\"@id\":\"https:\\\/\\\/fokusisrael.ch\\\/it\\\/notizie\\\/#listItem\",\"name\":\"Notizie\"}}]},{\"@type\":\"Organization\",\"@id\":\"https:\\\/\\\/fokusisrael.ch\\\/it\\\/#organization\",\"name\":\"FokusIsrael\",\"description\":\"FokusIsrael.ch ist eine ehrenamtlich t\\u00e4tige, unabh\\u00e4ngige Gruppierung aus der Schweiz\",\"url\":\"https:\\\/\\\/fokusisrael.ch\\\/it\\\/\",\"logo\":{\"@type\":\"ImageObject\",\"url\":\"http:\\\/\\\/fi.localhost\\\/wp-content\\\/uploads\\\/2025\\\/03\\\/fokusisrael_300.jpg\",\"@id\":\"https:\\\/\\\/fokusisrael.ch\\\/it\\\/notizie\\\/hannah-arendt-in-unintervista-con-fokusisrael-ch-quando-vieni-attaccato-in-quanto-ebreo-devi-difenderti-in-quanto-ebreo\\\/#organizationLogo\"},\"image\":{\"@id\":\"https:\\\/\\\/fokusisrael.ch\\\/it\\\/notizie\\\/hannah-arendt-in-unintervista-con-fokusisrael-ch-quando-vieni-attaccato-in-quanto-ebreo-devi-difenderti-in-quanto-ebreo\\\/#organizationLogo\"}},{\"@type\":\"Person\",\"@id\":\"https:\\\/\\\/fokusisrael.ch\\\/it\\\/author\\\/redaktion\\\/#author\",\"url\":\"https:\\\/\\\/fokusisrael.ch\\\/it\\\/author\\\/redaktion\\\/\",\"name\":\"Redaktion\"},{\"@type\":\"WebPage\",\"@id\":\"https:\\\/\\\/fokusisrael.ch\\\/it\\\/notizie\\\/hannah-arendt-in-unintervista-con-fokusisrael-ch-quando-vieni-attaccato-in-quanto-ebreo-devi-difenderti-in-quanto-ebreo\\\/#webpage\",\"url\":\"https:\\\/\\\/fokusisrael.ch\\\/it\\\/notizie\\\/hannah-arendt-in-unintervista-con-fokusisrael-ch-quando-vieni-attaccato-in-quanto-ebreo-devi-difenderti-in-quanto-ebreo\\\/\",\"name\":\"Hannah Arendt in un\\u2019intervista con FokusIsrael.ch: \\u00abQuando vieni attaccato in quanto ebreo, devi difenderti in quanto ebreo\\u00bb - FokusIsrael\",\"description\":\"Hannah Arendt su Eichmann, la \\u00abbanalit\\u00e0 del male\\u00bb, l\\u2019autodifesa ebraica, Israele e la responsabilit\\u00e0 del singolo di fronte al potere e all\\u2019ideologia.\",\"inLanguage\":\"it-IT\",\"isPartOf\":{\"@id\":\"https:\\\/\\\/fokusisrael.ch\\\/it\\\/#website\"},\"breadcrumb\":{\"@id\":\"https:\\\/\\\/fokusisrael.ch\\\/it\\\/notizie\\\/hannah-arendt-in-unintervista-con-fokusisrael-ch-quando-vieni-attaccato-in-quanto-ebreo-devi-difenderti-in-quanto-ebreo\\\/#breadcrumblist\"},\"author\":{\"@id\":\"https:\\\/\\\/fokusisrael.ch\\\/it\\\/author\\\/redaktion\\\/#author\"},\"creator\":{\"@id\":\"https:\\\/\\\/fokusisrael.ch\\\/it\\\/author\\\/redaktion\\\/#author\"},\"image\":{\"@type\":\"ImageObject\",\"url\":\"https:\\\/\\\/fokusisrael.ch\\\/wp-content\\\/uploads\\\/2026\\\/09\\\/Hannah-Arendt.png\",\"@id\":\"https:\\\/\\\/fokusisrael.ch\\\/it\\\/notizie\\\/hannah-arendt-in-unintervista-con-fokusisrael-ch-quando-vieni-attaccato-in-quanto-ebreo-devi-difenderti-in-quanto-ebreo\\\/#mainImage\",\"width\":1024,\"height\":600,\"caption\":\"Hannah Arendt in un'intervista immaginaria con FokusIsrael\"},\"primaryImageOfPage\":{\"@id\":\"https:\\\/\\\/fokusisrael.ch\\\/it\\\/notizie\\\/hannah-arendt-in-unintervista-con-fokusisrael-ch-quando-vieni-attaccato-in-quanto-ebreo-devi-difenderti-in-quanto-ebreo\\\/#mainImage\"},\"datePublished\":\"2026-09-03T12:51:57+02:00\",\"dateModified\":\"2026-09-03T12:54:29+02:00\"},{\"@type\":\"WebSite\",\"@id\":\"https:\\\/\\\/fokusisrael.ch\\\/it\\\/#website\",\"url\":\"https:\\\/\\\/fokusisrael.ch\\\/it\\\/\",\"name\":\"FokusIsrael\",\"description\":\"FokusIsrael.ch ist eine ehrenamtlich t\\u00e4tige, unabh\\u00e4ngige Gruppierung aus der Schweiz\",\"inLanguage\":\"it-IT\",\"publisher\":{\"@id\":\"https:\\\/\\\/fokusisrael.ch\\\/it\\\/#organization\"}}]}\n\t\t<\/script>\n\t\t<!-- All in One SEO -->\n\n","aioseo_head_json":{"title":"Hannah Arendt in un\u2019intervista con FokusIsrael.ch: \u00abQuando vieni attaccato in quanto ebreo, devi difenderti in quanto ebreo\u00bb - FokusIsrael","description":"Hannah Arendt su Eichmann, la \u00abbanalit\u00e0 del male\u00bb, l\u2019autodifesa ebraica, Israele e la responsabilit\u00e0 del singolo di fronte al potere e all\u2019ideologia.","canonical_url":"https:\/\/fokusisrael.ch\/it\/notizie\/hannah-arendt-in-unintervista-con-fokusisrael-ch-quando-vieni-attaccato-in-quanto-ebreo-devi-difenderti-in-quanto-ebreo\/","robots":"max-image-preview:large","keywords":"","webmasterTools":{"miscellaneous":""},"schema":{"@context":"https:\/\/schema.org","@graph":[{"@type":"BlogPosting","@id":"https:\/\/fokusisrael.ch\/it\/notizie\/hannah-arendt-in-unintervista-con-fokusisrael-ch-quando-vieni-attaccato-in-quanto-ebreo-devi-difenderti-in-quanto-ebreo\/#blogposting","name":"Hannah Arendt in un\u2019intervista con FokusIsrael.ch: \u00abQuando vieni attaccato in quanto ebreo, devi difenderti in quanto ebreo\u00bb - FokusIsrael","headline":"Hannah Arendt in un\u2019intervista con FokusIsrael.ch: \u00abQuando vieni attaccato in quanto ebreo, devi difenderti in quanto ebreo\u00bb","author":{"@id":"https:\/\/fokusisrael.ch\/it\/author\/redaktion\/#author"},"publisher":{"@id":"https:\/\/fokusisrael.ch\/it\/#organization"},"image":{"@type":"ImageObject","url":"https:\/\/fokusisrael.ch\/wp-content\/uploads\/2026\/09\/Hannah-Arendt.png","width":1024,"height":600,"caption":"Hannah Arendt in un'intervista immaginaria con FokusIsrael"},"datePublished":"2026-09-03T12:51:57+02:00","dateModified":"2026-09-03T12:54:29+02:00","inLanguage":"it-IT","mainEntityOfPage":{"@id":"https:\/\/fokusisrael.ch\/it\/notizie\/hannah-arendt-in-unintervista-con-fokusisrael-ch-quando-vieni-attaccato-in-quanto-ebreo-devi-difenderti-in-quanto-ebreo\/#webpage"},"isPartOf":{"@id":"https:\/\/fokusisrael.ch\/it\/notizie\/hannah-arendt-in-unintervista-con-fokusisrael-ch-quando-vieni-attaccato-in-quanto-ebreo-devi-difenderti-in-quanto-ebreo\/#webpage"},"articleSection":"Notizie, Adolf Eichmann, Aliyah dei giovani, Antisemitismo, Apolidia, autodifesa ebraica, Consigli ebraici, Conversazioni con le leggende, Ebraismo, Eichmann a Gerusalemme, filosofia politica, FocusIsraele, Gershom Scholem, Gerusalemme, Hannah Arendt, Il diritto di avere dei diritti, intervista fittizia, Israele, Karl Jaspers, La banalit\u00e0 del male, Martin Heidegger, Nazionalsocialismo, Olocausto, Pensare senza limiti, regime totalitario, Responsabilit\u00e0 politica, Shoah, Sionismo, Storia ebraica, Totalitarismo, Opzionale"},{"@type":"BreadcrumbList","@id":"https:\/\/fokusisrael.ch\/it\/notizie\/hannah-arendt-in-unintervista-con-fokusisrael-ch-quando-vieni-attaccato-in-quanto-ebreo-devi-difenderti-in-quanto-ebreo\/#breadcrumblist","itemListElement":[{"@type":"ListItem","@id":"https:\/\/fokusisrael.ch\/it\/notizie\/#listItem","position":1,"name":"Notizie","item":"https:\/\/fokusisrael.ch\/it\/notizie\/","nextItem":{"@type":"ListItem","@id":"https:\/\/fokusisrael.ch\/it\/notizie\/hannah-arendt-in-unintervista-con-fokusisrael-ch-quando-vieni-attaccato-in-quanto-ebreo-devi-difenderti-in-quanto-ebreo\/#listItem","name":"Hannah Arendt in un\u2019intervista con FokusIsrael.ch: \u00abQuando vieni attaccato in quanto ebreo, devi difenderti in quanto ebreo\u00bb"}},{"@type":"ListItem","@id":"https:\/\/fokusisrael.ch\/it\/notizie\/hannah-arendt-in-unintervista-con-fokusisrael-ch-quando-vieni-attaccato-in-quanto-ebreo-devi-difenderti-in-quanto-ebreo\/#listItem","position":2,"name":"Hannah Arendt in un\u2019intervista con FokusIsrael.ch: \u00abQuando vieni attaccato in quanto ebreo, devi difenderti in quanto ebreo\u00bb","previousItem":{"@type":"ListItem","@id":"https:\/\/fokusisrael.ch\/it\/notizie\/#listItem","name":"Notizie"}}]},{"@type":"Organization","@id":"https:\/\/fokusisrael.ch\/it\/#organization","name":"FokusIsrael","description":"FokusIsrael.ch ist eine ehrenamtlich t\u00e4tige, unabh\u00e4ngige Gruppierung aus der Schweiz","url":"https:\/\/fokusisrael.ch\/it\/","logo":{"@type":"ImageObject","url":"http:\/\/fi.localhost\/wp-content\/uploads\/2025\/03\/fokusisrael_300.jpg","@id":"https:\/\/fokusisrael.ch\/it\/notizie\/hannah-arendt-in-unintervista-con-fokusisrael-ch-quando-vieni-attaccato-in-quanto-ebreo-devi-difenderti-in-quanto-ebreo\/#organizationLogo"},"image":{"@id":"https:\/\/fokusisrael.ch\/it\/notizie\/hannah-arendt-in-unintervista-con-fokusisrael-ch-quando-vieni-attaccato-in-quanto-ebreo-devi-difenderti-in-quanto-ebreo\/#organizationLogo"}},{"@type":"Person","@id":"https:\/\/fokusisrael.ch\/it\/author\/redaktion\/#author","url":"https:\/\/fokusisrael.ch\/it\/author\/redaktion\/","name":"Redaktion"},{"@type":"WebPage","@id":"https:\/\/fokusisrael.ch\/it\/notizie\/hannah-arendt-in-unintervista-con-fokusisrael-ch-quando-vieni-attaccato-in-quanto-ebreo-devi-difenderti-in-quanto-ebreo\/#webpage","url":"https:\/\/fokusisrael.ch\/it\/notizie\/hannah-arendt-in-unintervista-con-fokusisrael-ch-quando-vieni-attaccato-in-quanto-ebreo-devi-difenderti-in-quanto-ebreo\/","name":"Hannah Arendt in un\u2019intervista con FokusIsrael.ch: \u00abQuando vieni attaccato in quanto ebreo, devi difenderti in quanto ebreo\u00bb - FokusIsrael","description":"Hannah Arendt su Eichmann, la \u00abbanalit\u00e0 del male\u00bb, l\u2019autodifesa ebraica, Israele e la responsabilit\u00e0 del singolo di fronte al potere e all\u2019ideologia.","inLanguage":"it-IT","isPartOf":{"@id":"https:\/\/fokusisrael.ch\/it\/#website"},"breadcrumb":{"@id":"https:\/\/fokusisrael.ch\/it\/notizie\/hannah-arendt-in-unintervista-con-fokusisrael-ch-quando-vieni-attaccato-in-quanto-ebreo-devi-difenderti-in-quanto-ebreo\/#breadcrumblist"},"author":{"@id":"https:\/\/fokusisrael.ch\/it\/author\/redaktion\/#author"},"creator":{"@id":"https:\/\/fokusisrael.ch\/it\/author\/redaktion\/#author"},"image":{"@type":"ImageObject","url":"https:\/\/fokusisrael.ch\/wp-content\/uploads\/2026\/09\/Hannah-Arendt.png","@id":"https:\/\/fokusisrael.ch\/it\/notizie\/hannah-arendt-in-unintervista-con-fokusisrael-ch-quando-vieni-attaccato-in-quanto-ebreo-devi-difenderti-in-quanto-ebreo\/#mainImage","width":1024,"height":600,"caption":"Hannah Arendt in un'intervista immaginaria con FokusIsrael"},"primaryImageOfPage":{"@id":"https:\/\/fokusisrael.ch\/it\/notizie\/hannah-arendt-in-unintervista-con-fokusisrael-ch-quando-vieni-attaccato-in-quanto-ebreo-devi-difenderti-in-quanto-ebreo\/#mainImage"},"datePublished":"2026-09-03T12:51:57+02:00","dateModified":"2026-09-03T12:54:29+02:00"},{"@type":"WebSite","@id":"https:\/\/fokusisrael.ch\/it\/#website","url":"https:\/\/fokusisrael.ch\/it\/","name":"FokusIsrael","description":"FokusIsrael.ch ist eine ehrenamtlich t\u00e4tige, unabh\u00e4ngige Gruppierung aus der Schweiz","inLanguage":"it-IT","publisher":{"@id":"https:\/\/fokusisrael.ch\/it\/#organization"}}]},"og:locale":"it_IT","og:site_name":"FokusIsrael - FokusIsrael.ch ist eine ehrenamtlich t\u00e4tige, unabh\u00e4ngige Gruppierung aus der Schweiz","og:type":"article","og:title":"Hannah Arendt in un\u2019intervista con FokusIsrael.ch: \u00abQuando vieni attaccato in quanto ebreo, devi difenderti in quanto ebreo\u00bb - FokusIsrael","og:description":"Hannah Arendt su Eichmann, la \u00abbanalit\u00e0 del male\u00bb, l\u2019autodifesa ebraica, Israele e la responsabilit\u00e0 del singolo di fronte al potere e all\u2019ideologia.","og:url":"https:\/\/fokusisrael.ch\/it\/notizie\/hannah-arendt-in-unintervista-con-fokusisrael-ch-quando-vieni-attaccato-in-quanto-ebreo-devi-difenderti-in-quanto-ebreo\/","og:image":"https:\/\/fokusisrael.ch\/wp-content\/uploads\/2026\/09\/Hannah-Arendt.png","og:image:secure_url":"https:\/\/fokusisrael.ch\/wp-content\/uploads\/2026\/09\/Hannah-Arendt.png","og:image:width":1024,"og:image:height":600,"article:published_time":"2026-09-03T10:51:57+00:00","article:modified_time":"2026-09-03T10:54:29+00:00","twitter:card":"summary_large_image","twitter:title":"Hannah Arendt in un\u2019intervista con FokusIsrael.ch: \u00abQuando vieni attaccato in quanto ebreo, devi difenderti in quanto ebreo\u00bb - FokusIsrael","twitter:description":"Hannah Arendt su Eichmann, la \u00abbanalit\u00e0 del male\u00bb, l\u2019autodifesa ebraica, Israele e la responsabilit\u00e0 del singolo di fronte al potere e all\u2019ideologia.","twitter:image":"https:\/\/fokusisrael.ch\/wp-content\/uploads\/2026\/09\/Hannah-Arendt.png"},"aioseo_meta_data":{"post_id":"10912","title":null,"description":"Hannah Arendt su Eichmann, la \u00abbanalit\u00e0 del male\u00bb, l\u2019autodifesa ebraica, Israele e la responsabilit\u00e0 del singolo di fronte al potere e all\u2019ideologia.","keywords":null,"keyphrases":{"focus":{"keyphrase":"","score":0,"analysis":{"keyphraseInTitle":{"score":0,"maxScore":9,"error":1}}},"additional":[]},"primary_term":null,"canonical_url":null,"og_title":null,"og_description":null,"og_object_type":"default","og_image_type":"default","og_image_url":null,"og_image_width":null,"og_image_height":null,"og_image_custom_url":null,"og_image_custom_fields":null,"og_video":"","og_custom_url":null,"og_article_section":null,"og_article_tags":null,"twitter_use_og":false,"twitter_card":"default","twitter_image_type":"default","twitter_image_url":null,"twitter_image_custom_url":null,"twitter_image_custom_fields":null,"twitter_title":null,"twitter_description":null,"schema":{"blockGraphs":[],"customGraphs":[],"default":{"data":{"Article":[],"Course":[],"Dataset":[],"FAQPage":[],"Movie":[],"Person":[],"Product":[],"ProductReview":[],"Car":[],"Recipe":[],"Service":[],"SoftwareApplication":[],"WebPage":[]},"graphName":"BlogPosting","isEnabled":true},"graphs":[]},"schema_type":"default","schema_type_options":null,"pillar_content":false,"robots_default":true,"robots_noindex":false,"robots_noarchive":false,"robots_nosnippet":false,"robots_nofollow":false,"robots_noimageindex":false,"robots_noodp":false,"robots_notranslate":false,"robots_max_snippet":"-1","robots_max_videopreview":"-1","robots_max_imagepreview":"large","priority":null,"frequency":"default","local_seo":null,"breadcrumb_settings":null,"limit_modified_date":false,"ai":{"faqs":[],"keyPoints":[],"schemas":[],"titles":[],"descriptions":[],"socialPosts":{"email":{"subject":"","preview":"","content":""},"linkedin":[],"twitter":[],"facebook":[],"instagram":[]}},"created":"2026-09-03 10:52:38","updated":"2026-09-03 10:55:37","seo_analyzer_scan_date":null,"focus_keyword":null,"additional_keywords":null,"truseo_locale":null},"aioseo_breadcrumb":"<div class=\"aioseo-breadcrumbs\"><span class=\"aioseo-breadcrumb\">\n\t\t\t<a href=\"https:\/\/fokusisrael.ch\/it\/notizie\/\" title=\"Notizie\">Notizie<\/a>\n\t\t<\/span><span class=\"aioseo-breadcrumb-separator\">\u00bb<\/span><span class=\"aioseo-breadcrumb\">\n\t\t\tHannah Arendt in un\u2019intervista con FokusIsrael.ch: \u00abQuando vieni attaccato in quanto ebreo, devi difenderti in quanto ebreo\u00bb\n\t\t<\/span><\/div>","aioseo_breadcrumb_json":[{"label":"Notizie","link":"https:\/\/fokusisrael.ch\/it\/notizie\/"},{"label":"Hannah Arendt in un\u2019intervista con FokusIsrael.ch: \u00abQuando vieni attaccato in quanto ebreo, devi difenderti in quanto ebreo\u00bb","link":"https:\/\/fokusisrael.ch\/it\/notizie\/hannah-arendt-in-unintervista-con-fokusisrael-ch-quando-vieni-attaccato-in-quanto-ebreo-devi-difenderti-in-quanto-ebreo\/"}],"_links":{"self":[{"href":"https:\/\/fokusisrael.ch\/it\/wp-json\/wp\/v2\/posts\/10912","targetHints":{"allow":["GET"]}}],"collection":[{"href":"https:\/\/fokusisrael.ch\/it\/wp-json\/wp\/v2\/posts"}],"about":[{"href":"https:\/\/fokusisrael.ch\/it\/wp-json\/wp\/v2\/types\/post"}],"author":[{"embeddable":true,"href":"https:\/\/fokusisrael.ch\/it\/wp-json\/wp\/v2\/users\/2"}],"replies":[{"embeddable":true,"href":"https:\/\/fokusisrael.ch\/it\/wp-json\/wp\/v2\/comments?post=10912"}],"version-history":[{"count":2,"href":"https:\/\/fokusisrael.ch\/it\/wp-json\/wp\/v2\/posts\/10912\/revisions"}],"predecessor-version":[{"id":10917,"href":"https:\/\/fokusisrael.ch\/it\/wp-json\/wp\/v2\/posts\/10912\/revisions\/10917"}],"wp:featuredmedia":[{"embeddable":true,"href":"https:\/\/fokusisrael.ch\/it\/wp-json\/wp\/v2\/media\/10913"}],"wp:attachment":[{"href":"https:\/\/fokusisrael.ch\/it\/wp-json\/wp\/v2\/media?parent=10912"}],"wp:term":[{"taxonomy":"category","embeddable":true,"href":"https:\/\/fokusisrael.ch\/it\/wp-json\/wp\/v2\/categories?post=10912"},{"taxonomy":"post_tag","embeddable":true,"href":"https:\/\/fokusisrael.ch\/it\/wp-json\/wp\/v2\/tags?post=10912"}],"curies":[{"name":"wp","href":"https:\/\/api.w.org\/{rel}","templated":true}]}}