{"id":5728,"count":1,"description":"","link":"https:\/\/fokusisrael.ch\/fr\/thema\/unite-nationale\/","name":"Unit\u00e9 nationale","slug":"unite-nationale","taxonomy":"post_tag","meta":[],"aioseo_head":"\n\t\t<!-- All in One SEO 5.0.1.1 - aioseo.com -->\n\t<meta name=\"robots\" content=\"max-image-preview:large\" \/>\n\t<link rel=\"canonical\" href=\"https:\/\/fokusisrael.ch\/fr\/thema\/unite-nationale\/\" \/>\n\t<meta name=\"generator\" content=\"All in One SEO (AIOSEO) 5.0.1.1\" \/>\n\t\t<script type=\"application\/ld+json\" class=\"aioseo-schema\">\n\t\t\t{\"@context\":\"https:\\\/\\\/schema.org\",\"@graph\":[{\"@type\":\"BreadcrumbList\",\"@id\":\"https:\\\/\\\/fokusisrael.ch\\\/fr\\\/wp-json\\\/wp\\\/v2\\\/tags\\\/5728\\\/#breadcrumblist\",\"itemListElement\":[{\"@type\":\"ListItem\",\"@id\":\"https:\\\/\\\/fokusisrael.ch\\\/fr\\\/thema\\\/unite-nationale\\\/#listItem\",\"position\":1,\"name\":\"Unit\\u00e9 nationale\"}]},{\"@type\":\"CollectionPage\",\"@id\":\"https:\\\/\\\/fokusisrael.ch\\\/fr\\\/wp-json\\\/wp\\\/v2\\\/tags\\\/5728\\\/#collectionpage\",\"url\":\"https:\\\/\\\/fokusisrael.ch\\\/fr\\\/wp-json\\\/wp\\\/v2\\\/tags\\\/5728\\\/\",\"name\":\"Unit\\u00e9 nationale - FokusIsrael\",\"inLanguage\":\"fr-FR\",\"isPartOf\":{\"@id\":\"https:\\\/\\\/fokusisrael.ch\\\/fr\\\/#website\"},\"breadcrumb\":{\"@id\":\"https:\\\/\\\/fokusisrael.ch\\\/fr\\\/wp-json\\\/wp\\\/v2\\\/tags\\\/5728\\\/#breadcrumblist\"}},{\"@type\":\"Organization\",\"@id\":\"https:\\\/\\\/fokusisrael.ch\\\/fr\\\/#organization\",\"name\":\"FokusIsrael\",\"description\":\"FokusIsrael.ch est un collectif suisse engag\\u00e9 \\u00e0 titre b\\u00e9n\\u00e9vole et de mani\\u00e8re ind\\u00e9pendante.\",\"url\":\"https:\\\/\\\/fokusisrael.ch\\\/fr\\\/\",\"logo\":{\"@type\":\"ImageObject\",\"url\":\"http:\\\/\\\/fi.localhost\\\/wp-content\\\/uploads\\\/2025\\\/03\\\/fokusisrael_300.jpg\",\"@id\":\"https:\\\/\\\/fokusisrael.ch\\\/fr\\\/wp-json\\\/wp\\\/v2\\\/tags\\\/5728\\\/#organizationLogo\"},\"image\":{\"@id\":\"https:\\\/\\\/fokusisrael.ch\\\/fr\\\/wp-json\\\/wp\\\/v2\\\/tags\\\/5728\\\/#organizationLogo\"}},{\"@type\":\"WebSite\",\"@id\":\"https:\\\/\\\/fokusisrael.ch\\\/fr\\\/#website\",\"url\":\"https:\\\/\\\/fokusisrael.ch\\\/fr\\\/\",\"name\":\"FokusIsrael\",\"description\":\"FokusIsrael.ch est un collectif suisse engag\\u00e9 \\u00e0 titre b\\u00e9n\\u00e9vole et de mani\\u00e8re ind\\u00e9pendante.\",\"inLanguage\":\"fr-FR\",\"publisher\":{\"@id\":\"https:\\\/\\\/fokusisrael.ch\\\/fr\\\/#organization\"}}]}\n\t\t<\/script>\n\t\t<!-- All in One SEO -->\n\n","aioseo_head_json":{"title":"Unit\u00e9 nationale - FokusIsrael","description":"","canonical_url":"https:\/\/fokusisrael.ch\/fr\/thema\/unite-nationale\/","robots":"max-image-preview:large","keywords":"","webmasterTools":{"miscellaneous":""},"schema":{"@context":"https:\/\/schema.org","@graph":[{"@type":"BreadcrumbList","@id":"https:\/\/fokusisrael.ch\/fr\/wp-json\/wp\/v2\/tags\/5728\/#breadcrumblist","itemListElement":[{"@type":"ListItem","@id":"https:\/\/fokusisrael.ch\/fr\/thema\/unite-nationale\/#listItem","position":1,"name":"Unit\u00e9 nationale"}]},{"@type":"CollectionPage","@id":"https:\/\/fokusisrael.ch\/fr\/wp-json\/wp\/v2\/tags\/5728\/#collectionpage","url":"https:\/\/fokusisrael.ch\/fr\/wp-json\/wp\/v2\/tags\/5728\/","name":"Unit\u00e9 nationale - FokusIsrael","inLanguage":"fr-FR","isPartOf":{"@id":"https:\/\/fokusisrael.ch\/fr\/#website"},"breadcrumb":{"@id":"https:\/\/fokusisrael.ch\/fr\/wp-json\/wp\/v2\/tags\/5728\/#breadcrumblist"}},{"@type":"Organization","@id":"https:\/\/fokusisrael.ch\/fr\/#organization","name":"FokusIsrael","description":"FokusIsrael.ch est un collectif suisse engag\u00e9 \u00e0 titre b\u00e9n\u00e9vole et de mani\u00e8re ind\u00e9pendante.","url":"https:\/\/fokusisrael.ch\/fr\/","logo":{"@type":"ImageObject","url":"http:\/\/fi.localhost\/wp-content\/uploads\/2025\/03\/fokusisrael_300.jpg","@id":"https:\/\/fokusisrael.ch\/fr\/wp-json\/wp\/v2\/tags\/5728\/#organizationLogo"},"image":{"@id":"https:\/\/fokusisrael.ch\/fr\/wp-json\/wp\/v2\/tags\/5728\/#organizationLogo"}},{"@type":"WebSite","@id":"https:\/\/fokusisrael.ch\/fr\/#website","url":"https:\/\/fokusisrael.ch\/fr\/","name":"FokusIsrael","description":"FokusIsrael.ch est un collectif suisse engag\u00e9 \u00e0 titre b\u00e9n\u00e9vole et de mani\u00e8re ind\u00e9pendante.","inLanguage":"fr-FR","publisher":{"@id":"https:\/\/fokusisrael.ch\/fr\/#organization"}}]}},"aioseo_breadcrumb":"<div class=\"aioseo-breadcrumbs\"><span class=\"aioseo-breadcrumb\">\n\t\t\tUnit\u00e9 nationale\n\t\t<\/span><\/div>","aioseo_breadcrumb_json":[{"label":"Unit\u00e9 nationale","link":"https:\/\/fokusisrael.ch\/fr\/thema\/unite-nationale\/"}],"_links":{"self":[{"href":"https:\/\/fokusisrael.ch\/fr\/wp-json\/wp\/v2\/tags\/5728","targetHints":{"allow":["GET"]}}],"collection":[{"href":"https:\/\/fokusisrael.ch\/fr\/wp-json\/wp\/v2\/tags"}],"about":[{"href":"https:\/\/fokusisrael.ch\/fr\/wp-json\/wp\/v2\/taxonomies\/post_tag"}],"wp:post_type":[{"href":"https:\/\/fokusisrael.ch\/fr\/wp-json\/wp\/v2\/posts?tags=5728"},{"href":"https:\/\/fokusisrael.ch\/fr\/wp-json\/wp\/v2\/pages?tags=5728"}],"curies":[{"name":"wp","href":"https:\/\/api.w.org\/{rel}","templated":true}]}}