{"id":9863,"date":"2026-07-10T18:27:01","date_gmt":"2026-07-10T16:27:01","guid":{"rendered":"https:\/\/fokusisrael.ch\/non-categorise\/benjamin-netanyahu-de-marionnettiste-a-marionnette-mais-pas-encore-vaincu\/"},"modified":"2026-07-10T18:54:13","modified_gmt":"2026-07-10T16:54:13","slug":"benjamin-netanyahu-de-marionnettiste-a-marionnette-mais-pas-encore-vaincu","status":"publish","type":"post","link":"https:\/\/fokusisrael.ch\/fr\/actualites\/benjamin-netanyahu-de-marionnettiste-a-marionnette-mais-pas-encore-vaincu\/","title":{"rendered":"Benjamin Netanyahu : de marionnettiste \u00e0 marionnette \u2013 mais pas encore vaincu"},"content":{"rendered":"\n<p class=\"wp-block-paragraph\"><strong>\u00c0 l&rsquo;approche des \u00e9lections l\u00e9gislatives isra\u00e9liennes, qui devront se tenir au plus tard le 27 octobre 2026, FokusIsrael.ch vous pr\u00e9sentera les principaux dirigeants politiques du pays. Nous commen\u00e7ons par le Premier ministre Benjamin Netanyahu. <\/strong><\/p>\n\n<p class=\"guestpost__author__link wp-block-paragraph\">Par Jan Kapusnak <a href=\"#author\" title=\"\">i<\/a><\/p>\n\n<p class=\"wp-block-paragraph\">Benjamin Netanyahu est le Premier ministre isra\u00e9lien <a href=\"https:\/\/en.idi.org.il\/articles\/64732\">ayant exerc\u00e9 le plus longtemps<\/a>, avec pr\u00e8s de dix-neuf ans au pouvoir. Il a dirig\u00e9 le Likoud pendant vingt-sept ans au total, ce qui fait de lui la figure embl\u00e9matique du plus grand parti de droite d&rsquo;Isra\u00ebl et l&rsquo;homme politique le plus exp\u00e9riment\u00e9 du pays. <\/p>\n\n<p class=\"wp-block-paragraph\">Le Likoud \u00e9tait autrefois un parti <a href=\"https:\/\/en.idi.org.il\/israeli-elections-and-parties\/parties\/likud\">national-lib\u00e9ral<\/a>, ax\u00e9 sur la s\u00e9curit\u00e9, qui d\u00e9fendait le libre march\u00e9 et un \u00c9tat limit\u00e9. Cependant, M. Netanyahu a transform\u00e9 le Likoud en un parti centr\u00e9 sur sa propre personne, o\u00f9 sa survie politique prime sur l\u2019int\u00e9r\u00eat national. Le parti est devenu plus populiste, illib\u00e9ral et anti-institutionnel, polarisant la soci\u00e9t\u00e9 par le biais de guerres culturelles et d\u2019attaques contre la d\u00e9mocratie, tout en n\u00e9gligeant l\u2019\u00e9ducation, les transports et le co\u00fbt de la vie.  <\/p>\n\n<p class=\"wp-block-paragraph\">Ce changement n\u2019\u00e9tait pas uniquement d\u2019ordre id\u00e9ologique. Le Likoud, autrefois un parti marqu\u00e9 par des personnalit\u00e9s fortes et des d\u00e9bats internes, est devenu un parti de fid\u00e8les o\u00f9 toute opposition interne peut s\u2019av\u00e9rer politiquement fatale. Des personnalit\u00e9s telles que <a href=\"https:\/\/www.timesofisrael.com\/former-defense-minister-yaalon-officially-quits-likud\/\">Moshe Ya\u2019alon,<\/a> <a href=\"https:\/\/www.timesofisrael.com\/likuds-gideon-saar-expected-to-form-his-own-party-in-challenge-to-netanyahu\/\">Gideon Sa\u2019ar<\/a>, Moshe Kahlon, Dan Meridor, <a href=\"https:\/\/www.timesofisrael.com\/gallant-resigns-from-knesset-denounces-imminent-bill-to-exempt-haredim-from-idf\/\">Yoav Gallant<\/a> et <a href=\"https:\/\/www.timesofisrael.com\/joining-legion-of-likud-castoffs-edelstein-may-not-yet-be-clear-of-netanyahus-pull\">Yuli Edelstein<\/a> ont soit quitt\u00e9 le parti, soit \u00e9t\u00e9 \u00e9cart\u00e9es. Les ministres se comportent de moins en moins comme des hommes politiques ind\u00e9pendants et de plus en plus comme ses marionnettes.   <\/p>\n\n<h2 class=\"wp-block-heading\"><strong>Des promesses non tenues<\/strong><\/h2>\n\n<p class=\"wp-block-paragraph\">Pendant des d\u00e9cennies, l\u2019image de Netanyahu s\u2019est appuy\u00e9e sur une seule promesse : lui seul pouvait prot\u00e9ger Isra\u00ebl. Il \u00e9tait \u00ab M. S\u00e9curit\u00e9 \u00bb, le dirigeant qui pr\u00e9tendait mieux comprendre le Hamas, le Hezbollah et l\u2019Iran que ses rivaux, tout en qualifiant d\u2019anciens chefs de l\u2019arm\u00e9e isra\u00e9lienne, tels que Benny Gantz et Gadi Eisenkot, de faibles ou d\u2019inaptes \u00e0 diriger. <\/p>\n\n<p class=\"wp-block-paragraph\">Puis vint le 7 octobre 2023. Le pire massacre de Juifs depuis l\u2019Holocauste s\u2019est produit sous le mandat de Netanyahou. Le Hamas a r\u00e9duit \u00e0 n\u00e9ant les hypoth\u00e8ses de dissuasion militaire, de sup\u00e9riorit\u00e9 en mati\u00e8re de renseignement, de technologie frontali\u00e8re et de stabilit\u00e9 financ\u00e9e par le Qatar sur lesquelles reposait sa doctrine de s\u00e9curit\u00e9.  <\/p>\n\n<p class=\"wp-block-paragraph\">Netanyahu a promis<a href=\"https:\/\/www.timesofisrael.com\/pm-absolute-victory-within-reach-surrender-to-hamas-demands-would-bring-disaster\/\">une \u00ab victoire absolue \u00bb<\/a>sur le Hamas, d\u00e9clarant en f\u00e9vrier 2024 qu\u2019Isra\u00ebl \u00e9tait \u00ab \u00e0 deux doigts \u00bb de l\u2019obtenir et que la guerre serait remport\u00e9e en quelques mois. Il s\u2019est \u00e9galement engag\u00e9 \u00e0 \u00e9liminer les menaces \u00e9manant du Hezbollah et de l\u2019Iran. Isra\u00ebl a effectivement inflig\u00e9 de lourds dommages : le Hamas a \u00e9t\u00e9 consid\u00e9rablement affaibli, le Hezbollah a \u00e9t\u00e9 durement touch\u00e9, et le programme de missiles ainsi que les installations nucl\u00e9aires de l\u2019Iran ont \u00e9t\u00e9 endommag\u00e9s. Mais aucune de ces menaces n\u2019a \u00e9t\u00e9 \u00e9limin\u00e9e, et le nord d\u2019Isra\u00ebl, en particulier, est rest\u00e9 en danger.   <\/p>\n\n<p class=\"wp-block-paragraph\">Les pressions am\u00e9ricaines ont peut-\u00eatre limit\u00e9 la libert\u00e9 d\u2019action d\u2019Isra\u00ebl, mais cela a \u00e9galement affaibli le discours de Netanyahou : celui-ci pr\u00e9sentait depuis longtemps Trump comme son alli\u00e9 le plus proche et la garantie ultime de sa s\u00e9curit\u00e9. Apr\u00e8s le m\u00e9morandum controvers\u00e9 conclu avec l\u2019Iran, de nombreux Isra\u00e9liens se sont sentis trahis ; en juillet 2026, <a href=\"https:\/\/www.timesofisrael.com\/poll-in-new-low-just-28-of-israelis-think-trump-prioritizing-israels-security\/\">seuls 28 %<\/a> d\u2019entre eux estimaient que Trump agissait principalement dans l\u2019int\u00e9r\u00eat de la s\u00e9curit\u00e9 d\u2019Isra\u00ebl. <\/p>\n\n<h2 class=\"wp-block-heading\"><strong>Absence d&rsquo;assumation des responsabilit\u00e9s concernant le 7 octobre<\/strong><\/h2>\n\n<p class=\"wp-block-paragraph\">Le refus de M. Netanyahu d\u2019assumer la responsabilit\u00e9 des \u00e9v\u00e9nements du 7 octobre est devenu un enjeu central des \u00e9lections de 2026. Les hauts responsables de l\u2019arm\u00e9e isra\u00e9lienne (IDF) et du Shin Bet ont assum\u00e9 leurs responsabilit\u00e9s ou <a href=\"https:\/\/www.reuters.com\/world\/middle-east\/israeli-chief-staff-submit-resignation-defence-minister-israeli-media-says-2025-01-21\">ont d\u00e9missionn\u00e9<\/a>; M. Netanyahu, lui, ne l\u2019a pas fait. Au lieu de soutenir la cr\u00e9ation d\u2019une commission d\u2019enqu\u00eate nationale <a href=\"https:\/\/en.idi.org.il\/articles\/64955\">ind\u00e9pendante<\/a>, lui et sa coalition ont insist\u00e9 pour mettre en place une commission <a href=\"https:\/\/www.timesofisrael.com\/knesset-passes-controversial-politically-appointed-oct-7-probe-in-1st-reading\">compos\u00e9e de membres nomm\u00e9s pour des raisons politiques<\/a>, destin\u00e9e \u00e0 diluer les responsabilit\u00e9s et \u00e0 rejeter la faute sur le pass\u00e9 : sur <a href=\"https:\/\/www.wsj.com\/world\/middle-east\/israelis-divided-over-how-to-investigate-failures-leading-to-oct-7-7bbcba5e\">les accords d\u2019Oslo<\/a>, sur le d\u00e9sengagement de Gaza, sur les responsables de la s\u00e9curit\u00e9 qui, selon le camp de Netanyahou, l\u2019auraient d\u00e9lib\u00e9r\u00e9ment induit en erreur, ainsi que sur les manifestants oppos\u00e9s \u00e0 sa r\u00e9forme judiciaire.  <\/p>\n\n<p class=\"wp-block-paragraph\">Netanyahu avait laiss\u00e9 entendre que cette guerre sur plusieurs fronts mettrait un frein aux conflits internes les plus clivants en Isra\u00ebl, mais son gouvernement n\u2019a jamais renonc\u00e9 \u00e0 cette r\u00e9forme. Celle-ci \u00e9tait pr\u00e9sent\u00e9e comme un rem\u00e8de \u00e0 l\u2019activisme judiciaire : elle visait \u00e0 limiter les pouvoirs de la Cour supr\u00eame, \u00e0 affaiblir le procureur g\u00e9n\u00e9ral et \u00e0 renforcer le contr\u00f4le politique sur les nominations judiciaires. Ses opposants y voyaient une tentative de supprimer les freins et contrepoids.  <\/p>\n\n<p class=\"wp-block-paragraph\">Le danger n&rsquo;\u00e9tait plus seulement th\u00e9orique. Cette semaine, le gouvernement de Netanyahou a d\u00e9clar\u00e9 qu&rsquo;il <a href=\"https:\/\/www.reuters.com\/world\/middle-east\/netanyahu-government-challenge-supreme-court-reignites-judicial-row-2026-07-06\">ignorerait<\/a> les d\u00e9cisions de la Haute Cour qui ne correspondaient pas \u00e0 son programme id\u00e9ologique, ce qui a pouss\u00e9 le pr\u00e9sident Isaac Herzog \u00e0 avertir que le non-respect des d\u00e9cisions de justice constituait une \u00ab<a href=\"https:\/\/www.timesofisrael.com\/liveblog_entry\/president-herzog-says-disobeying-high-court-rulings-is-a-red-line\/\">ligne rouge<\/a> \u00bb. Dans un pays d\u00e9pourvu de constitution \u00e9crite, la crise rev\u00eatait un caract\u00e8re particuli\u00e8rement grave.  <\/p>\n\n<p class=\"wp-block-paragraph\">Cette vision du monde s&rsquo;est renforc\u00e9e \u00e0 mesure que les enqu\u00eates se resserraient autour de M. Netanyahu et de son entourage. Netanyahu est jug\u00e9 depuis 2020 pour des faits de corruption, de fraude et d\u2019abus de confiance. Il nie toute malversation et qualifie ces poursuites de pers\u00e9cution politique. Son camp d\u00e9peint les juges, les procureurs, les journalistes, les \u00ab gauchistes \u00bb et les responsables de la s\u00e9curit\u00e9 comme un<a href=\"https:\/\/www.nbcnews.com\/news\/world\/israel-hamas-war-netanyahu-deep-state-court-investigation-oct-7-attack-rcna194650\">\u00ab \u00c9tat profond \u00bb<\/a>hostile, d\u00e9termin\u00e9 \u00e0 le destituer.   <\/p>\n\n<p class=\"wp-block-paragraph\">D\u2019autres scandales ont jet\u00e9 de l\u2019huile sur le feu. Dans l\u2019affaire \u00ab Qatargate \u00bb, <a href=\"https:\/\/www.jpost.com\/israel-news\/article-896665\">des proches conseillers de Netanyahu<\/a> \u2013 dont Jonatan Urich et Eli Feldstein \u2013 ont fait l\u2019objet d\u2019une enqu\u00eate pour des liens pr\u00e9sum\u00e9s avec des int\u00e9r\u00eats qatariens, alors que Doha jouait le r\u00f4le de m\u00e9diateur dans les n\u00e9gociations sur les otages et le cessez-le-feu avec le Hamas. Dans l\u2019\u00ab affaire des fuites du BILD \u00bb, des renseignements classifi\u00e9s concernant la strat\u00e9gie de n\u00e9gociation du Hamas ont \u00e9t\u00e9 divulgu\u00e9s au journal allemand BILD peu apr\u00e8s l\u2019assassinat de six otages isra\u00e9liens \u00e0 Gaza. Eli Feldstein a \u00e9t\u00e9 mis en examen, et Jonatan Urich a par la suite \u00e9t\u00e9 inculp\u00e9 pour avoir divulgu\u00e9 des informations classifi\u00e9es dans l\u2019intention de <a href=\"https:\/\/www.timesofisrael.com\/pms-aide-urich-charged-with-leaking-classified-info-with-intent-to-harm-state-security\">porter atteinte \u00e0 la s\u00e9curit\u00e9 de l\u2019\u00c9tat<\/a>. Eli Feldstein a affirm\u00e9 que cette fuite visait \u00e0 influencer l\u2019opinion publique et \u00e0 r\u00e9duire la pression exerc\u00e9e sur M. Netanyahu concernant les n\u00e9gociations sur les otages, ce qui a renforc\u00e9 le soup\u00e7on selon lequel le sort des otages n\u2019\u00e9tait pas sa v\u00e9ritable priorit\u00e9.    <\/p>\n\n<h2 class=\"wp-block-heading\"><strong>La d\u00e9pendance vis-\u00e0-vis des Haredim et de l&rsquo;extr\u00eame droite<\/strong><\/h2>\n\n<p class=\"wp-block-paragraph\">La d\u00e9pendance de M. Netanyahu vis-\u00e0-vis des partis ultra-orthodoxes est tout aussi n\u00e9faste. Apr\u00e8s des ann\u00e9es de guerre et de service de r\u00e9serve, les Forces de d\u00e9fense d\u2019Isra\u00ebl (FDI) ont besoin de davantage de soldats. Pourtant, M. Netanyahu continue de prot\u00e9ger les exemptions de service militaire accord\u00e9es aux Haredim, m\u00eame apr\u00e8s que la Cour supr\u00eame <a href=\"https:\/\/www.reuters.com\/world\/middle-east\/israel-supreme-court-rules-religious-seminary-students-must-be-drafted-military-2024-06-25\/\">a jug\u00e9<\/a> qu\u2019elles n\u2019avaient aucun fondement juridique \u2013 ce qui explique en partie pourquoi les partis ultra-orthodoxes partagent son hostilit\u00e9 envers la Cour. Les manifestations des Haredim contre la conscription ont <a href=\"https:\/\/www.jpost.com\/israel-news\/politics-and-diplomacy\/article-899137\">bloqu\u00e9<\/a> \u00e0 plusieurs reprises des routes et perturb\u00e9 les transports, provoquant la col\u00e8re de nombreux Isra\u00e9liens bloqu\u00e9s pendant des heures. Sa coalition a pr\u00e9sent\u00e9 un projet de loi visant \u00e0 consacrer le <a href=\"https:\/\/www.ynetnews.com\/article\/bk4rhetxge\">statut particulier des \u00e9tudiants des yeshivas<\/a> et, dans des versions ant\u00e9rieures, \u00e0 placer l\u2019\u00e9tude de la Torah au m\u00eame niveau que le service militaire. Pour de nombreux Isra\u00e9liens qui servent sous les drapeaux, paient des imp\u00f4ts et supportent le fardeau de la guerre, cet arrangement leur semble profond\u00e9ment injuste.     <\/p>\n\n<p class=\"wp-block-paragraph\">Netanyahu a \u00e9galement l\u00e9gitim\u00e9 l\u2019extr\u00eame droite, par le biais d\u2019un discours pr\u00f4nant l\u2019annexion et en faisant entrer Itamar Ben-Gvir et Bezalel Smotrich, jusqu\u2019alors en marge, au sein du gouvernement. Leurs d\u00e9clarations ont suscit\u00e9 l\u2019indignation en Isra\u00ebl et <a href=\"https:\/\/apnews.com\/article\/israel-palestinians-britain-settlements-sanctions-e9ab86f5561af8afbdbf34709efe504e\">\u00e0 l\u2019\u00e9tranger<\/a>, tandis que leur influence sur la police et la politique en Cisjordanie a transform\u00e9 <a href=\"https:\/\/www.reuters.com\/world\/middle-east\/western-powers-press-israel-rein-settlers-halt-expansion-2026-05-22\/\">la violence des colons<\/a> en un risque diplomatique et s\u00e9curitaire. Netanyahu a tol\u00e9r\u00e9 cette situation car l\u2019extr\u00eame droite \u00e9tait indispensable \u00e0 sa coalition. Lorsque le probl\u00e8me est devenu plus difficile \u00e0 ignorer, il a reproch\u00e9 aux tribunaux d\u2019\u00eatre trop indulgents envers les colons violents.   <\/p>\n\n<h2 class=\"wp-block-heading\"><strong>Impopulaire \u2013 mais pas encore vaincu<\/strong><\/h2>\n\n<p class=\"wp-block-paragraph\">Tout cela jette une ombre m\u00eame sur les v\u00e9ritables r\u00e9alisations de Netanyahou. Il a contribu\u00e9 \u00e0 renforcer les liens entre Isra\u00ebl et l&rsquo;Inde et a \u00e9largi les relations avec certaines parties du monde arabe sunnite gr\u00e2ce aux accords d&rsquo;Abraham conclus avec les \u00c9mirats arabes unis, Bahre\u00efn, le Maroc et le Soudan. <\/p>\n\n<p class=\"wp-block-paragraph\">Netanyahu est profond\u00e9ment <a href=\"https:\/\/en.idi.org.il\/articles\/64665\">impopulaire<\/a> en Isra\u00ebl : un sondage r\u00e9alis\u00e9 en juin par l\u2019Institut isra\u00e9lien pour la d\u00e9mocratie a r\u00e9v\u00e9l\u00e9 que 61 % des Isra\u00e9liens ne souhaitaient pas qu\u2019il se pr\u00e9sente \u00e0 nouveau. <a href=\"https:\/\/www.jpost.com\/israel-news\/politics-and-diplomacy\/article-901932\">Des sondages r\u00e9cents montrent que<\/a> le parti Yashar de Gadi Eisenkot, son principal rival, est \u00e0 \u00e9galit\u00e9, voire devance le Likoud \u2013 ce qui rev\u00eat une forte symbolique, puisque M. Eisenkot fait partie de ces anciens g\u00e9n\u00e9raux que M. Netanyahu a longtemps \u00e9cart\u00e9s. <\/p>\n\n<p class=\"wp-block-paragraph\">Pour autant, les \u00e9lections isra\u00e9liennes se remportent gr\u00e2ce \u00e0 l\u2019arithm\u00e9tique des coalitions, et non en arrivant en t\u00eate. Le bloc de Netanyahou <a href=\"https:\/\/www.wsj.com\/world\/middle-east\/former-general-emerges-as-netanyahus-chief-rival-in-israeli-elections-224b2601\">recueille dans les sondages moins que<\/a> les 61 si\u00e8ges n\u00e9cessaires pour obtenir la majorit\u00e9 \u00e0 la Knesset, mais l\u2019opposition pourrait elle aussi avoir du mal \u00e0 en former une. Il pourrait en r\u00e9sulter une nouvelle impasse, comme celle de 2019-2022. C\u2019est pourquoi M. Netanyahu reste dangereux : m\u00eame affaibli, il sait comment dominer la droite, bloquer les alternatives et survivre \u00e0 la paralysie. Ce scrutin ne concerne donc pas seulement son avenir ; il s\u2019agit de savoir si la d\u00e9mocratie isra\u00e9lienne peut \u00e9chapper au syst\u00e8me qu\u2019il a construit autour de sa propre survie.    <\/p>\n\n<hr class=\"wp-block-separator has-alpha-channel-opacity\"\/>\n\n<p class=\"wp-block-paragraph\">Jan Kapusnak est analyste politique et auteur. Il vit \u00e0 Tel-Aviv. <\/p>\n\n<p class=\"wp-block-paragraph\" id=\"author\"><\/p>\n","protected":false},"excerpt":{"rendered":"<p>\u00c0 l&rsquo;approche des \u00e9lections l\u00e9gislatives isra\u00e9liennes, qui devront se tenir au plus tard le 27 octobre 2026, FokusIsrael.ch vous pr\u00e9sentera les principaux dirigeants politiques du pays. Nous commen\u00e7ons par le Premier ministre Benjamin Netanyahu. Par Jan Kapusnak i Benjamin Netanyahu est le Premier ministre isra\u00e9lien ayant exerc\u00e9 le plus longtemps, avec pr\u00e8s de dix-neuf ans [&hellip;]<\/p>\n","protected":false},"author":2,"featured_media":2306,"comment_status":"closed","ping_status":"closed","sticky":false,"template":"","format":"standard","meta":{"_hide_socialbar":"","footnotes":""},"categories":[428],"tags":[1098,923,4938,372,1644],"class_list":["post-9863","post","type-post","status-publish","format-standard","has-post-thumbnail","hentry","category-actualites","tag-analyses-propres","tag-benjamin-netanyahu-fr","tag-elections-a-la-knesset","tag-israel-fr","tag-jan-kapusnak"],"aioseo_notices":[],"aioseo_head":"\n\t\t<!-- All in One SEO 5.0.1.1 - aioseo.com -->\n\t<meta name=\"description\" content=\"Netanyahu \u00e0 l&#039;approche des \u00e9lections de 2026 : pourquoi l&#039;homme politique le plus puissant d&#039;Isra\u00ebl est affaibli mais reste dangereux en raison de ses tactiques de coalition.\" \/>\n\t<meta name=\"robots\" content=\"max-image-preview:large\" \/>\n\t<meta name=\"author\" content=\"Redaktion\"\/>\n\t<link rel=\"canonical\" href=\"https:\/\/fokusisrael.ch\/fr\/actualites\/benjamin-netanyahu-de-marionnettiste-a-marionnette-mais-pas-encore-vaincu\/\" \/>\n\t<meta name=\"generator\" content=\"All in One SEO (AIOSEO) 5.0.1.1\" \/>\n\t\t<meta property=\"og:locale\" content=\"fr_FR\" \/>\n\t\t<meta property=\"og:site_name\" content=\"FokusIsrael - FokusIsrael.ch est un collectif suisse engag\u00e9 \u00e0 titre b\u00e9n\u00e9vole et de mani\u00e8re ind\u00e9pendante.\" \/>\n\t\t<meta property=\"og:type\" content=\"article\" \/>\n\t\t<meta property=\"og:title\" content=\"Benjamin Netanyahu : de marionnettiste \u00e0 marionnette \u2013 mais pas encore vaincu - FokusIsrael\" \/>\n\t\t<meta property=\"og:description\" content=\"Netanyahu \u00e0 l&#039;approche des \u00e9lections de 2026 : pourquoi l&#039;homme politique le plus puissant d&#039;Isra\u00ebl est affaibli mais reste dangereux en raison de ses tactiques de coalition.\" \/>\n\t\t<meta property=\"og:url\" content=\"https:\/\/fokusisrael.ch\/fr\/actualites\/benjamin-netanyahu-de-marionnettiste-a-marionnette-mais-pas-encore-vaincu\/\" \/>\n\t\t<meta property=\"og:image\" content=\"https:\/\/fokusisrael.ch\/wp-content\/uploads\/2025\/03\/netanyahu.jpg\" \/>\n\t\t<meta property=\"og:image:secure_url\" content=\"https:\/\/fokusisrael.ch\/wp-content\/uploads\/2025\/03\/netanyahu.jpg\" \/>\n\t\t<meta property=\"og:image:width\" content=\"1024\" \/>\n\t\t<meta property=\"og:image:height\" content=\"600\" \/>\n\t\t<meta property=\"article:published_time\" content=\"2026-07-10T16:27:01+00:00\" \/>\n\t\t<meta property=\"article:modified_time\" content=\"2026-07-10T16:54:13+00:00\" \/>\n\t\t<meta name=\"twitter:card\" content=\"summary_large_image\" \/>\n\t\t<meta name=\"twitter:title\" content=\"Benjamin Netanyahu : de marionnettiste \u00e0 marionnette \u2013 mais pas encore vaincu - FokusIsrael\" \/>\n\t\t<meta name=\"twitter:description\" content=\"Netanyahu \u00e0 l&#039;approche des \u00e9lections de 2026 : pourquoi l&#039;homme politique le plus puissant d&#039;Isra\u00ebl est affaibli mais reste dangereux en raison de ses tactiques de coalition.\" \/>\n\t\t<meta name=\"twitter:image\" content=\"https:\/\/fokusisrael.ch\/wp-content\/uploads\/2025\/03\/netanyahu.jpg\" \/>\n\t\t<script type=\"application\/ld+json\" class=\"aioseo-schema\">\n\t\t\t{\"@context\":\"https:\\\/\\\/schema.org\",\"@graph\":[{\"@type\":\"BlogPosting\",\"@id\":\"https:\\\/\\\/fokusisrael.ch\\\/fr\\\/actualites\\\/benjamin-netanyahu-de-marionnettiste-a-marionnette-mais-pas-encore-vaincu\\\/#blogposting\",\"name\":\"Benjamin Netanyahu : de marionnettiste \\u00e0 marionnette \\u2013 mais pas encore vaincu - FokusIsrael\",\"headline\":\"Benjamin Netanyahu : de marionnettiste \\u00e0 marionnette \\u2013 mais pas encore vaincu\",\"author\":{\"@id\":\"https:\\\/\\\/fokusisrael.ch\\\/fr\\\/author\\\/redaktion\\\/#author\"},\"publisher\":{\"@id\":\"https:\\\/\\\/fokusisrael.ch\\\/fr\\\/#organization\"},\"image\":{\"@type\":\"ImageObject\",\"url\":\"https:\\\/\\\/fokusisrael.ch\\\/wp-content\\\/uploads\\\/2025\\\/03\\\/netanyahu.jpg\",\"width\":1024,\"height\":600,\"caption\":\"Benjamin Netanyahu\"},\"datePublished\":\"2026-07-10T18:27:01+02:00\",\"dateModified\":\"2026-07-10T18:54:13+02:00\",\"inLanguage\":\"fr-FR\",\"mainEntityOfPage\":{\"@id\":\"https:\\\/\\\/fokusisrael.ch\\\/fr\\\/actualites\\\/benjamin-netanyahu-de-marionnettiste-a-marionnette-mais-pas-encore-vaincu\\\/#webpage\"},\"isPartOf\":{\"@id\":\"https:\\\/\\\/fokusisrael.ch\\\/fr\\\/actualites\\\/benjamin-netanyahu-de-marionnettiste-a-marionnette-mais-pas-encore-vaincu\\\/#webpage\"},\"articleSection\":\"Actualit\\u00e9s, Analyses propres, Benjamin Netanyahu, \\u00e9lections \\u00e0 la Knesset, Isra\\u00ebl, Jan Kapusnak, Facultatif\"},{\"@type\":\"BreadcrumbList\",\"@id\":\"https:\\\/\\\/fokusisrael.ch\\\/fr\\\/actualites\\\/benjamin-netanyahu-de-marionnettiste-a-marionnette-mais-pas-encore-vaincu\\\/#breadcrumblist\",\"itemListElement\":[{\"@type\":\"ListItem\",\"@id\":\"https:\\\/\\\/fokusisrael.ch\\\/fr\\\/actualites\\\/#listItem\",\"position\":1,\"name\":\"Actualit\\u00e9s\",\"item\":\"https:\\\/\\\/fokusisrael.ch\\\/fr\\\/actualites\\\/\",\"nextItem\":{\"@type\":\"ListItem\",\"@id\":\"https:\\\/\\\/fokusisrael.ch\\\/fr\\\/actualites\\\/benjamin-netanyahu-de-marionnettiste-a-marionnette-mais-pas-encore-vaincu\\\/#listItem\",\"name\":\"Benjamin Netanyahu : de marionnettiste \\u00e0 marionnette \\u2013 mais pas encore vaincu\"}},{\"@type\":\"ListItem\",\"@id\":\"https:\\\/\\\/fokusisrael.ch\\\/fr\\\/actualites\\\/benjamin-netanyahu-de-marionnettiste-a-marionnette-mais-pas-encore-vaincu\\\/#listItem\",\"position\":2,\"name\":\"Benjamin Netanyahu : de marionnettiste \\u00e0 marionnette \\u2013 mais pas encore vaincu\",\"previousItem\":{\"@type\":\"ListItem\",\"@id\":\"https:\\\/\\\/fokusisrael.ch\\\/fr\\\/actualites\\\/#listItem\",\"name\":\"Actualit\\u00e9s\"}}]},{\"@type\":\"Organization\",\"@id\":\"https:\\\/\\\/fokusisrael.ch\\\/fr\\\/#organization\",\"name\":\"FokusIsrael\",\"description\":\"FokusIsrael.ch est un collectif suisse engag\\u00e9 \\u00e0 titre b\\u00e9n\\u00e9vole et de mani\\u00e8re ind\\u00e9pendante.\",\"url\":\"https:\\\/\\\/fokusisrael.ch\\\/fr\\\/\",\"logo\":{\"@type\":\"ImageObject\",\"url\":\"http:\\\/\\\/fi.localhost\\\/wp-content\\\/uploads\\\/2025\\\/03\\\/fokusisrael_300.jpg\",\"@id\":\"https:\\\/\\\/fokusisrael.ch\\\/fr\\\/actualites\\\/benjamin-netanyahu-de-marionnettiste-a-marionnette-mais-pas-encore-vaincu\\\/#organizationLogo\"},\"image\":{\"@id\":\"https:\\\/\\\/fokusisrael.ch\\\/fr\\\/actualites\\\/benjamin-netanyahu-de-marionnettiste-a-marionnette-mais-pas-encore-vaincu\\\/#organizationLogo\"}},{\"@type\":\"Person\",\"@id\":\"https:\\\/\\\/fokusisrael.ch\\\/fr\\\/author\\\/redaktion\\\/#author\",\"url\":\"https:\\\/\\\/fokusisrael.ch\\\/fr\\\/author\\\/redaktion\\\/\",\"name\":\"Redaktion\"},{\"@type\":\"WebPage\",\"@id\":\"https:\\\/\\\/fokusisrael.ch\\\/fr\\\/actualites\\\/benjamin-netanyahu-de-marionnettiste-a-marionnette-mais-pas-encore-vaincu\\\/#webpage\",\"url\":\"https:\\\/\\\/fokusisrael.ch\\\/fr\\\/actualites\\\/benjamin-netanyahu-de-marionnettiste-a-marionnette-mais-pas-encore-vaincu\\\/\",\"name\":\"Benjamin Netanyahu : de marionnettiste \\u00e0 marionnette \\u2013 mais pas encore vaincu - FokusIsrael\",\"description\":\"Netanyahu \\u00e0 l'approche des \\u00e9lections de 2026 : pourquoi l'homme politique le plus puissant d'Isra\\u00ebl est affaibli mais reste dangereux en raison de ses tactiques de coalition.\",\"inLanguage\":\"fr-FR\",\"isPartOf\":{\"@id\":\"https:\\\/\\\/fokusisrael.ch\\\/fr\\\/#website\"},\"breadcrumb\":{\"@id\":\"https:\\\/\\\/fokusisrael.ch\\\/fr\\\/actualites\\\/benjamin-netanyahu-de-marionnettiste-a-marionnette-mais-pas-encore-vaincu\\\/#breadcrumblist\"},\"author\":{\"@id\":\"https:\\\/\\\/fokusisrael.ch\\\/fr\\\/author\\\/redaktion\\\/#author\"},\"creator\":{\"@id\":\"https:\\\/\\\/fokusisrael.ch\\\/fr\\\/author\\\/redaktion\\\/#author\"},\"image\":{\"@type\":\"ImageObject\",\"url\":\"https:\\\/\\\/fokusisrael.ch\\\/wp-content\\\/uploads\\\/2025\\\/03\\\/netanyahu.jpg\",\"@id\":\"https:\\\/\\\/fokusisrael.ch\\\/fr\\\/actualites\\\/benjamin-netanyahu-de-marionnettiste-a-marionnette-mais-pas-encore-vaincu\\\/#mainImage\",\"width\":1024,\"height\":600,\"caption\":\"Benjamin Netanyahu\"},\"primaryImageOfPage\":{\"@id\":\"https:\\\/\\\/fokusisrael.ch\\\/fr\\\/actualites\\\/benjamin-netanyahu-de-marionnettiste-a-marionnette-mais-pas-encore-vaincu\\\/#mainImage\"},\"datePublished\":\"2026-07-10T18:27:01+02:00\",\"dateModified\":\"2026-07-10T18:54:13+02:00\"},{\"@type\":\"WebSite\",\"@id\":\"https:\\\/\\\/fokusisrael.ch\\\/fr\\\/#website\",\"url\":\"https:\\\/\\\/fokusisrael.ch\\\/fr\\\/\",\"name\":\"FokusIsrael\",\"description\":\"FokusIsrael.ch est un collectif suisse engag\\u00e9 \\u00e0 titre b\\u00e9n\\u00e9vole et de mani\\u00e8re ind\\u00e9pendante.\",\"inLanguage\":\"fr-FR\",\"publisher\":{\"@id\":\"https:\\\/\\\/fokusisrael.ch\\\/fr\\\/#organization\"}}]}\n\t\t<\/script>\n\t\t<!-- All in One SEO -->\n\n","aioseo_head_json":{"title":"Benjamin Netanyahu : de marionnettiste \u00e0 marionnette \u2013 mais pas encore vaincu - FokusIsrael","description":"Netanyahu \u00e0 l'approche des \u00e9lections de 2026 : pourquoi l'homme politique le plus puissant d'Isra\u00ebl est affaibli mais reste dangereux en raison de ses tactiques de coalition.","canonical_url":"https:\/\/fokusisrael.ch\/fr\/actualites\/benjamin-netanyahu-de-marionnettiste-a-marionnette-mais-pas-encore-vaincu\/","robots":"max-image-preview:large","keywords":"","webmasterTools":{"miscellaneous":""},"schema":{"@context":"https:\/\/schema.org","@graph":[{"@type":"BlogPosting","@id":"https:\/\/fokusisrael.ch\/fr\/actualites\/benjamin-netanyahu-de-marionnettiste-a-marionnette-mais-pas-encore-vaincu\/#blogposting","name":"Benjamin Netanyahu : de marionnettiste \u00e0 marionnette \u2013 mais pas encore vaincu - FokusIsrael","headline":"Benjamin Netanyahu : de marionnettiste \u00e0 marionnette \u2013 mais pas encore vaincu","author":{"@id":"https:\/\/fokusisrael.ch\/fr\/author\/redaktion\/#author"},"publisher":{"@id":"https:\/\/fokusisrael.ch\/fr\/#organization"},"image":{"@type":"ImageObject","url":"https:\/\/fokusisrael.ch\/wp-content\/uploads\/2025\/03\/netanyahu.jpg","width":1024,"height":600,"caption":"Benjamin Netanyahu"},"datePublished":"2026-07-10T18:27:01+02:00","dateModified":"2026-07-10T18:54:13+02:00","inLanguage":"fr-FR","mainEntityOfPage":{"@id":"https:\/\/fokusisrael.ch\/fr\/actualites\/benjamin-netanyahu-de-marionnettiste-a-marionnette-mais-pas-encore-vaincu\/#webpage"},"isPartOf":{"@id":"https:\/\/fokusisrael.ch\/fr\/actualites\/benjamin-netanyahu-de-marionnettiste-a-marionnette-mais-pas-encore-vaincu\/#webpage"},"articleSection":"Actualit\u00e9s, Analyses propres, Benjamin Netanyahu, \u00e9lections \u00e0 la Knesset, Isra\u00ebl, Jan Kapusnak, Facultatif"},{"@type":"BreadcrumbList","@id":"https:\/\/fokusisrael.ch\/fr\/actualites\/benjamin-netanyahu-de-marionnettiste-a-marionnette-mais-pas-encore-vaincu\/#breadcrumblist","itemListElement":[{"@type":"ListItem","@id":"https:\/\/fokusisrael.ch\/fr\/actualites\/#listItem","position":1,"name":"Actualit\u00e9s","item":"https:\/\/fokusisrael.ch\/fr\/actualites\/","nextItem":{"@type":"ListItem","@id":"https:\/\/fokusisrael.ch\/fr\/actualites\/benjamin-netanyahu-de-marionnettiste-a-marionnette-mais-pas-encore-vaincu\/#listItem","name":"Benjamin Netanyahu : de marionnettiste \u00e0 marionnette \u2013 mais pas encore vaincu"}},{"@type":"ListItem","@id":"https:\/\/fokusisrael.ch\/fr\/actualites\/benjamin-netanyahu-de-marionnettiste-a-marionnette-mais-pas-encore-vaincu\/#listItem","position":2,"name":"Benjamin Netanyahu : de marionnettiste \u00e0 marionnette \u2013 mais pas encore vaincu","previousItem":{"@type":"ListItem","@id":"https:\/\/fokusisrael.ch\/fr\/actualites\/#listItem","name":"Actualit\u00e9s"}}]},{"@type":"Organization","@id":"https:\/\/fokusisrael.ch\/fr\/#organization","name":"FokusIsrael","description":"FokusIsrael.ch est un collectif suisse engag\u00e9 \u00e0 titre b\u00e9n\u00e9vole et de mani\u00e8re ind\u00e9pendante.","url":"https:\/\/fokusisrael.ch\/fr\/","logo":{"@type":"ImageObject","url":"http:\/\/fi.localhost\/wp-content\/uploads\/2025\/03\/fokusisrael_300.jpg","@id":"https:\/\/fokusisrael.ch\/fr\/actualites\/benjamin-netanyahu-de-marionnettiste-a-marionnette-mais-pas-encore-vaincu\/#organizationLogo"},"image":{"@id":"https:\/\/fokusisrael.ch\/fr\/actualites\/benjamin-netanyahu-de-marionnettiste-a-marionnette-mais-pas-encore-vaincu\/#organizationLogo"}},{"@type":"Person","@id":"https:\/\/fokusisrael.ch\/fr\/author\/redaktion\/#author","url":"https:\/\/fokusisrael.ch\/fr\/author\/redaktion\/","name":"Redaktion"},{"@type":"WebPage","@id":"https:\/\/fokusisrael.ch\/fr\/actualites\/benjamin-netanyahu-de-marionnettiste-a-marionnette-mais-pas-encore-vaincu\/#webpage","url":"https:\/\/fokusisrael.ch\/fr\/actualites\/benjamin-netanyahu-de-marionnettiste-a-marionnette-mais-pas-encore-vaincu\/","name":"Benjamin Netanyahu : de marionnettiste \u00e0 marionnette \u2013 mais pas encore vaincu - FokusIsrael","description":"Netanyahu \u00e0 l'approche des \u00e9lections de 2026 : pourquoi l'homme politique le plus puissant d'Isra\u00ebl est affaibli mais reste dangereux en raison de ses tactiques de coalition.","inLanguage":"fr-FR","isPartOf":{"@id":"https:\/\/fokusisrael.ch\/fr\/#website"},"breadcrumb":{"@id":"https:\/\/fokusisrael.ch\/fr\/actualites\/benjamin-netanyahu-de-marionnettiste-a-marionnette-mais-pas-encore-vaincu\/#breadcrumblist"},"author":{"@id":"https:\/\/fokusisrael.ch\/fr\/author\/redaktion\/#author"},"creator":{"@id":"https:\/\/fokusisrael.ch\/fr\/author\/redaktion\/#author"},"image":{"@type":"ImageObject","url":"https:\/\/fokusisrael.ch\/wp-content\/uploads\/2025\/03\/netanyahu.jpg","@id":"https:\/\/fokusisrael.ch\/fr\/actualites\/benjamin-netanyahu-de-marionnettiste-a-marionnette-mais-pas-encore-vaincu\/#mainImage","width":1024,"height":600,"caption":"Benjamin Netanyahu"},"primaryImageOfPage":{"@id":"https:\/\/fokusisrael.ch\/fr\/actualites\/benjamin-netanyahu-de-marionnettiste-a-marionnette-mais-pas-encore-vaincu\/#mainImage"},"datePublished":"2026-07-10T18:27:01+02:00","dateModified":"2026-07-10T18:54:13+02:00"},{"@type":"WebSite","@id":"https:\/\/fokusisrael.ch\/fr\/#website","url":"https:\/\/fokusisrael.ch\/fr\/","name":"FokusIsrael","description":"FokusIsrael.ch est un collectif suisse engag\u00e9 \u00e0 titre b\u00e9n\u00e9vole et de mani\u00e8re ind\u00e9pendante.","inLanguage":"fr-FR","publisher":{"@id":"https:\/\/fokusisrael.ch\/fr\/#organization"}}]},"og:locale":"fr_FR","og:site_name":"FokusIsrael - FokusIsrael.ch est un collectif suisse engag\u00e9 \u00e0 titre b\u00e9n\u00e9vole et de mani\u00e8re ind\u00e9pendante.","og:type":"article","og:title":"Benjamin Netanyahu : de marionnettiste \u00e0 marionnette \u2013 mais pas encore vaincu - FokusIsrael","og:description":"Netanyahu \u00e0 l'approche des \u00e9lections de 2026 : pourquoi l'homme politique le plus puissant d'Isra\u00ebl est affaibli mais reste dangereux en raison de ses tactiques de coalition.","og:url":"https:\/\/fokusisrael.ch\/fr\/actualites\/benjamin-netanyahu-de-marionnettiste-a-marionnette-mais-pas-encore-vaincu\/","og:image":"https:\/\/fokusisrael.ch\/wp-content\/uploads\/2025\/03\/netanyahu.jpg","og:image:secure_url":"https:\/\/fokusisrael.ch\/wp-content\/uploads\/2025\/03\/netanyahu.jpg","og:image:width":1024,"og:image:height":600,"article:published_time":"2026-07-10T16:27:01+00:00","article:modified_time":"2026-07-10T16:54:13+00:00","twitter:card":"summary_large_image","twitter:title":"Benjamin Netanyahu : de marionnettiste \u00e0 marionnette \u2013 mais pas encore vaincu - FokusIsrael","twitter:description":"Netanyahu \u00e0 l'approche des \u00e9lections de 2026 : pourquoi l'homme politique le plus puissant d'Isra\u00ebl est affaibli mais reste dangereux en raison de ses tactiques de coalition.","twitter:image":"https:\/\/fokusisrael.ch\/wp-content\/uploads\/2025\/03\/netanyahu.jpg"},"aioseo_meta_data":{"post_id":"9863","title":null,"description":"Netanyahu \u00e0 l'approche des \u00e9lections de 2026 : pourquoi l'homme politique le plus puissant d'Isra\u00ebl est affaibli mais reste dangereux en raison de ses tactiques de coalition.","keywords":null,"keyphrases":{"focus":{"keyphrase":"","score":0,"analysis":{"keyphraseInTitle":{"score":0,"maxScore":9,"error":1}}},"additional":[]},"primary_term":null,"canonical_url":null,"og_title":null,"og_description":null,"og_object_type":"default","og_image_type":"default","og_image_url":null,"og_image_width":null,"og_image_height":null,"og_image_custom_url":null,"og_image_custom_fields":null,"og_video":"","og_custom_url":null,"og_article_section":null,"og_article_tags":null,"twitter_use_og":false,"twitter_card":"default","twitter_image_type":"default","twitter_image_url":null,"twitter_image_custom_url":null,"twitter_image_custom_fields":null,"twitter_title":null,"twitter_description":null,"schema":{"blockGraphs":[],"customGraphs":[],"default":{"data":{"Article":[],"Course":[],"Dataset":[],"FAQPage":[],"Movie":[],"Person":[],"Product":[],"ProductReview":[],"Car":[],"Recipe":[],"Service":[],"SoftwareApplication":[],"WebPage":[]},"graphName":"BlogPosting","isEnabled":true},"graphs":[]},"schema_type":"default","schema_type_options":null,"pillar_content":false,"robots_default":true,"robots_noindex":false,"robots_noarchive":false,"robots_nosnippet":false,"robots_nofollow":false,"robots_noimageindex":false,"robots_noodp":false,"robots_notranslate":false,"robots_max_snippet":"-1","robots_max_videopreview":"-1","robots_max_imagepreview":"large","priority":null,"frequency":"default","local_seo":null,"breadcrumb_settings":null,"limit_modified_date":false,"ai":{"faqs":[],"keyPoints":[],"schemas":[],"titles":[],"descriptions":[],"socialPosts":{"email":{"subject":"","preview":"","content":""},"linkedin":[],"twitter":[],"facebook":[],"instagram":[]}},"created":"2026-07-10 16:39:47","updated":"2026-07-10 16:55:12","seo_analyzer_scan_date":null,"focus_keyword":null,"additional_keywords":null,"truseo_locale":null},"aioseo_breadcrumb":"<div class=\"aioseo-breadcrumbs\"><span class=\"aioseo-breadcrumb\">\n\t\t\t<a href=\"https:\/\/fokusisrael.ch\/fr\/actualites\/\" title=\"Actualit\u00e9s\">Actualit\u00e9s<\/a>\n\t\t<\/span><span class=\"aioseo-breadcrumb-separator\">\u00bb<\/span><span class=\"aioseo-breadcrumb\">\n\t\t\tBenjamin Netanyahu : de marionnettiste \u00e0 marionnette \u2013 mais pas encore vaincu\n\t\t<\/span><\/div>","aioseo_breadcrumb_json":[{"label":"Actualit\u00e9s","link":"https:\/\/fokusisrael.ch\/fr\/actualites\/"},{"label":"Benjamin Netanyahu : de marionnettiste \u00e0 marionnette \u2013 mais pas encore vaincu","link":"https:\/\/fokusisrael.ch\/fr\/actualites\/benjamin-netanyahu-de-marionnettiste-a-marionnette-mais-pas-encore-vaincu\/"}],"_links":{"self":[{"href":"https:\/\/fokusisrael.ch\/fr\/wp-json\/wp\/v2\/posts\/9863","targetHints":{"allow":["GET"]}}],"collection":[{"href":"https:\/\/fokusisrael.ch\/fr\/wp-json\/wp\/v2\/posts"}],"about":[{"href":"https:\/\/fokusisrael.ch\/fr\/wp-json\/wp\/v2\/types\/post"}],"author":[{"embeddable":true,"href":"https:\/\/fokusisrael.ch\/fr\/wp-json\/wp\/v2\/users\/2"}],"replies":[{"embeddable":true,"href":"https:\/\/fokusisrael.ch\/fr\/wp-json\/wp\/v2\/comments?post=9863"}],"version-history":[{"count":1,"href":"https:\/\/fokusisrael.ch\/fr\/wp-json\/wp\/v2\/posts\/9863\/revisions"}],"predecessor-version":[{"id":9864,"href":"https:\/\/fokusisrael.ch\/fr\/wp-json\/wp\/v2\/posts\/9863\/revisions\/9864"}],"wp:featuredmedia":[{"embeddable":true,"href":"https:\/\/fokusisrael.ch\/fr\/wp-json\/wp\/v2\/media\/2306"}],"wp:attachment":[{"href":"https:\/\/fokusisrael.ch\/fr\/wp-json\/wp\/v2\/media?parent=9863"}],"wp:term":[{"taxonomy":"category","embeddable":true,"href":"https:\/\/fokusisrael.ch\/fr\/wp-json\/wp\/v2\/categories?post=9863"},{"taxonomy":"post_tag","embeddable":true,"href":"https:\/\/fokusisrael.ch\/fr\/wp-json\/wp\/v2\/tags?post=9863"}],"curies":[{"name":"wp","href":"https:\/\/api.w.org\/{rel}","templated":true}]}}