{"id":9825,"date":"2026-07-08T19:07:53","date_gmt":"2026-07-08T17:07:53","guid":{"rendered":"https:\/\/fokusisrael.ch\/non-categorise\/milton-friedman-sur-fokusisrael-ch-je-souhaite-quisrael-reste-toujours-une-societe-libre-et-democratique\/"},"modified":"2026-07-08T19:11:47","modified_gmt":"2026-07-08T17:11:47","slug":"milton-friedman-sur-fokusisrael-ch-je-souhaite-quisrael-reste-toujours-une-societe-libre-et-democratique","status":"publish","type":"post","link":"https:\/\/fokusisrael.ch\/fr\/actualites\/milton-friedman-sur-fokusisrael-ch-je-souhaite-quisrael-reste-toujours-une-societe-libre-et-democratique\/","title":{"rendered":"Milton Friedman sur FokusIsrael.ch : \u00ab Je souhaite qu&rsquo;Isra\u00ebl reste toujours une soci\u00e9t\u00e9 libre et d\u00e9mocratique \u00bb"},"content":{"rendered":"\n<p class=\"wp-block-paragraph\"><strong><u>\u00c0 propos de la personne<\/u><\/strong><strong><\/strong><\/p>\n\n<p class=\"wp-block-paragraph\">Milton Friedman est n\u00e9 le 31 juillet 1912 \u00e0 Brooklyn, New York, fils d\u2019immigr\u00e9s juifs d\u2019Europe de l\u2019Est. Ses parents ne disposaient que de moyens modestes et tenaient un petit commerce. Ces exp\u00e9riences ont fa\u00e7onn\u00e9 sa conception de l\u2019esprit d\u2019entreprise, du travail acharn\u00e9 et de l\u2019importance des opportunit\u00e9s \u00e9conomiques. Milton Friedman est consid\u00e9r\u00e9 comme l\u2019un des \u00e9conomistes les plus \u00e9minents du XXe si\u00e8cle. Aux c\u00f4t\u00e9s de son \u00e9pouse Rose Friedman, elle-m\u00eame \u00e9conomiste de renom et co-auteure de nombreux ouvrages, il s\u2019est engag\u00e9 en faveur d\u2019une soci\u00e9t\u00e9 plac\u00e9e sous le signe de la libert\u00e9 individuelle, de la responsabilit\u00e9 personnelle et de la concurrence. Apr\u00e8s ses \u00e9tudes d\u2019\u00e9conomie, Friedman a enseign\u00e9 pendant de nombreuses ann\u00e9es \u00e0 l\u2019universit\u00e9 de Chicago, o\u00f9 il est devenu l\u2019une des figures marquantes de ce qu\u2019on appelle l\u2019\u00ab \u00e9cole de Chicago \u00bb. Ses recherches sur la politique mon\u00e9taire, l\u2019inflation et la th\u00e9orie de la consommation ont profond\u00e9ment transform\u00e9 l\u2019\u00e9conomie. Ses travaux scientifiques lui ont valu le prix Nobel d\u2019\u00e9conomie en 1976. Parmi les contributions les plus c\u00e9l\u00e8bres de Milton Friedman figure \u00e9galement son engagement en faveur de la suppression du service militaire obligatoire aux \u00c9tats-Unis. Milton Friedman est d\u00e9c\u00e9d\u00e9 le 16 novembre 2006 \u00e0 San Francisco, \u00e0 l\u2019\u00e2ge de 94 ans. \u00c0 l\u2019aide de l\u2019intelligence artificielle, FokusIsrael.ch a interview\u00e9 Milton Friedman et l\u2019a interrog\u00e9 sur ses convictions scientifiques, ses origines juives, l\u2019antis\u00e9mitisme et Isra\u00ebl.          <\/p>\n\n<p class=\"wp-block-paragraph\">Par Isabelle Arnau<\/p>\n\n<p class=\"wp-block-paragraph\"><strong>Monsieur Friedman, vous \u00eates n\u00e9 \u00e0 Brooklyn, fils d&rsquo;immigr\u00e9s juifs. Que ressentez-vous lorsque vous constatez la mont\u00e9e de l&rsquo;antis\u00e9mitisme dans les universit\u00e9s am\u00e9ricaines et dans la rue ? <\/strong><\/p>\n\n<p class=\"wp-block-paragraph\"><strong>Milton Friedman<\/strong>: Cela m\u2019attriste, mais cela ne me laisse malheureusement pas sans voix. L\u2019histoire se r\u00e9p\u00e8te rarement \u00e0 l\u2019identique, mais les pr\u00e9jug\u00e9s prennent toujours de nouvelles formes. Mes parents sont venus en Am\u00e9rique parce qu\u2019ils croyaient qu\u2019ici, les gens \u00e9taient jug\u00e9s en fonction de leurs m\u00e9rites. C\u2019\u00e9tait la grande promesse de l\u2019Am\u00e9rique. L\u2019antis\u00e9mitisme d\u00e9truit pr\u00e9cis\u00e9ment cette promesse. Une soci\u00e9t\u00e9 libre repose sur le fait que chacun jouisse des m\u00eames droits, ind\u00e9pendamment de sa religion ou de son origine. Si les Juifs doivent \u00e0 nouveau se demander s\u2019ils peuvent porter visiblement une kippa ou une \u00e9toile de David, ce n\u2019est pas un probl\u00e8me juif. C\u2019est un probl\u00e8me de libert\u00e9.       <\/p>\n\n<p class=\"wp-block-paragraph\"><strong>De nombreuses familles juives quittent New York ou, du moins, envisagent de le faire. Elles affirment que le climat politique a chang\u00e9 et qu&rsquo;elles ne se sentent plus suffisamment prot\u00e9g\u00e9es sous la nouvelle administration municipale. Qu&rsquo;est-ce que cela vous inspire ?  <\/strong><\/p>\n\n<p class=\"wp-block-paragraph\"><strong>Milton Friedman<\/strong>: Cela me bouleverse. Depuis des g\u00e9n\u00e9rations, New York a \u00e9t\u00e9 un lieu d\u2019espoir pour les immigrants juifs \u2013 y compris pour ma famille. Quiconque quitte une ville dans le but d\u2019am\u00e9liorer sa situation \u00e9conomique fait un choix libre. Mais quitter une ville parce qu\u2019on ne se sent plus en s\u00e9curit\u00e9 en tant que Juif ou parce qu\u2019on a l\u2019impression que les dirigeants politiques ne prennent pas ses pr\u00e9occupations au s\u00e9rieux, c\u2019est tout autre chose. Un gouvernement doit affirmer sans ambigu\u00eft\u00e9 que l\u2019antis\u00e9mitisme n\u2019a pas sa place et que les citoyens juifs m\u00e9ritent la m\u00eame protection et la m\u00eame s\u00e9curit\u00e9 que tous les autres. Lorsque cette confiance est perdue, une ville perd bien plus que des habitants. Elle perd ses rep\u00e8res moraux. La confiance est facile \u00e0 perdre, mais extr\u00eamement difficile \u00e0 regagner.       <strong><\/strong><\/p>\n\n<p class=\"wp-block-paragraph\"><strong>Quelle importance rev\u00eat Isra\u00ebl \u00e0 vos yeux ?<\/strong><\/p>\n\n<p class=\"wp-block-paragraph\"><strong>Milton Friedman :<\/strong> Isra\u00ebl est bien plus qu\u2019un simple \u00c9tat. Pour de nombreux Juifs, c\u2019est la certitude qu\u2019il existe un lieu o\u00f9 ils n\u2019ont pas \u00e0 mendier leur existence. Dans le m\u00eame temps, je souhaite qu\u2019Isra\u00ebl reste toujours une soci\u00e9t\u00e9 libre et d\u00e9mocratique. La force ne se manifeste pas seulement sur le champ de bataille, mais aussi \u00e0 travers des tribunaux ind\u00e9pendants, des m\u00e9dias libres et une \u00e9conomie dynamique.   <\/p>\n\n<p class=\"wp-block-paragraph\"><strong>Que conseilleriez-vous aujourd&rsquo;hui au gouvernement isra\u00e9lien ?<\/strong><\/p>\n\n<p class=\"wp-block-paragraph\"><strong>Milton Friedman<\/strong>: La s\u00e9curit\u00e9 est prioritaire. Sans s\u00e9curit\u00e9, il n\u2019y a ni investissements ni prosp\u00e9rit\u00e9. Dans le m\u00eame temps, il ne faut jamais oublier que la libert\u00e9 constitue un avantage strat\u00e9gique. Les d\u00e9mocraties peuvent parfois para\u00eetre lentes et d\u00e9sorganis\u00e9es. C\u2019est pr\u00e9cis\u00e9ment l\u00e0 que r\u00e9side leur force. Les personnes capables de penser et d\u2019agir librement d\u00e9veloppent des id\u00e9es auxquelles aucun gouvernement n\u2019aurait jamais pens\u00e9.     <\/p>\n\n<p class=\"wp-block-paragraph\"><strong>De nos jours, beaucoup de gens portent un regard critique sur les milliardaires. Partagez-vous ce point de vue ? <\/strong><\/p>\n\n<p class=\"wp-block-paragraph\">Milton Friedman : Non. Ce qui m&rsquo;int\u00e9resse moins, c&rsquo;est de savoir \u00e0 quel point quelqu&rsquo;un est riche, mais plut\u00f4t comment il est devenu riche. A-t-il convaincu les gens d&rsquo;acheter ses produits de leur plein gr\u00e9 ? Ou doit-il son succ\u00e8s \u00e0 des privil\u00e8ges politiques ? Ce sont l\u00e0 deux choses totalement diff\u00e9rentes. La concurrence est le meilleur garde-fou du pouvoir \u00e9conomique. La politique s&rsquo;en charge souvent bien moins bien.      <\/p>\n\n<p class=\"wp-block-paragraph\"><strong>Le capitalisme a-t-il d\u00e9j\u00e0 connu ses meilleures ann\u00e9es ?<\/strong><\/p>\n\n<p class=\"wp-block-paragraph\"><strong>Milton Friedman :<\/strong> Cela fait plus de cinquante ans que l\u2019on me pose cette question. Le capitalisme ne r\u00e9ussit pas parce qu\u2019il est parfait. Il r\u00e9ussit parce qu\u2019il permet aux gens de tirer les le\u00e7ons de leurs erreurs. Aucun ministre de l&rsquo;\u00c9conomie n&rsquo;est aussi avis\u00e9 que des millions de personnes qui prennent chaque jour leurs propres d\u00e9cisions. C&rsquo;est pourquoi j&rsquo;ai si souvent pris l&rsquo;exemple du simple crayon : personne ne planifie sa fabrication \u2013 et pourtant, cela fonctionne.    <\/p>\n\n<p class=\"wp-block-paragraph\"><strong>Quels conseils donneriez-vous aux jeunes entrepreneurs ?<\/strong><\/p>\n\n<p class=\"wp-block-paragraph\"><strong>Milton Friedman<\/strong>: N\u2019attendez pas que les conditions soient parfaites. Mes parents auraient pu attendre ind\u00e9finiment. Travaillez dur, r\u00e9solvez de vrais probl\u00e8mes et traitez vos clients avec \u00e9quit\u00e9. Le profit n\u2019est pas un d\u00e9faut. Il montre que vous avez cr\u00e9\u00e9 de la valeur pour autrui.    <\/p>\n\n<p class=\"wp-block-paragraph\"><strong>Quel a \u00e9t\u00e9 pour vous le moment le plus \u00e9mouvant de votre carri\u00e8re, et de quoi \u00eates-vous particuli\u00e8rement fier ?<\/strong><\/p>\n\n<p class=\"wp-block-paragraph\"><strong>Milton Friedman :<\/strong> Le prix Nobel a bien s\u00fbr \u00e9t\u00e9 un grand honneur. Mais ce qui m\u2019a encore plus \u00e9mu, c\u2019est la suppression du service militaire obligatoire aux \u00c9tats-Unis. J\u2019avais plaid\u00e9 pendant des ann\u00e9es pour qu\u2019une soci\u00e9t\u00e9 libre ne contraigne pas ses citoyens \u00e0 effectuer leur service militaire, d\u00e8s lors qu\u2019une arm\u00e9e de volontaires \u00e9tait possible. Constater que des id\u00e9es peuvent r\u00e9ellement changer la politique comptait davantage pour moi que n\u2019importe quelle distinction.   <\/p>\n\n<p class=\"wp-block-paragraph\"><strong>Seriez-vous \u00e9galement pr\u00eat \u00e0 vous engager dans le service militaire volontaire en Isra\u00ebl ?<\/strong><\/p>\n\n<p class=\"wp-block-paragraph\"><strong>Milton Friedman : Oui <\/strong>, en principe, je militerais \u00e9galement en faveur de la suppression du service militaire obligatoire en Isra\u00ebl \u2013 pour les m\u00eames raisons que celles que j\u2019ai avanc\u00e9es aux \u00c9tats-Unis. Le recrutement forc\u00e9 des jeunes est une forme de travail involontaire qui porte atteinte aux libert\u00e9s fondamentales. Je reconnais toutefois la situation particuli\u00e8re d\u2019Isra\u00ebl. Un petit pays \u00e0 la population relativement peu nombreuse, situ\u00e9 dans une r\u00e9gion confront\u00e9e \u00e0 des menaces existentielles, ne se trouve pas dans la m\u00eame situation que les \u00c9tats-Unis en temps de paix ou lors de conflits limit\u00e9s. Lorsque la s\u00e9curit\u00e9 de l\u2019\u00c9tat est directement menac\u00e9e et qu\u2019un tr\u00e8s grand nombre de forces est n\u00e9cessaire, le service militaire obligatoire peut constituer un mal n\u00e9cessaire \u2013 tout comme je l\u2019ai accept\u00e9 pour les \u00c9tats-Unis pendant la Seconde Guerre mondiale.    <\/p>\n\n<p class=\"wp-block-paragraph\">Je conseillerais n\u00e9anmoins vivement \u00e0 Isra\u00ebl de s&rsquo;orienter, dans la mesure du possible, vers un mod\u00e8le plus professionnel et fond\u00e9 sur le volontariat. Une arm\u00e9e reposant sur le volontariat et le m\u00e9rite renforce en fin de compte le soutien de la soci\u00e9t\u00e9 et la dynamique \u00e9conomique \u2013 un atout dont Isra\u00ebl, en tant que pays innovant, pourrait particuli\u00e8rement bien tirer parti. <\/p>\n\n<p class=\"wp-block-paragraph\"><strong>Que pensez-vous du fait que les juifs ultra-orthodoxes en Isra\u00ebl ne soient pas tenus d&rsquo;effectuer leur service militaire ?<\/strong><\/p>\n\n<p class=\"wp-block-paragraph\"><strong>Milton Friedman : Je <\/strong>consid\u00e8re cette d\u00e9rogation comme erron\u00e9e et injuste. Le fait qu\u2019un groupe important de citoyens soit exempt\u00e9, en raison de son appartenance religieuse, d\u2019une charge que tous les autres doivent supporter est contraire au principe d\u2019\u00e9galit\u00e9 devant la loi. Cela engendre du ressentiment, sape la coh\u00e9sion sociale et fausse consid\u00e9rablement les incitations. D\u2019un point de vue \u00e9conomique, l\u2019exemption des ultra-orthodoxes du service militaire pose un double probl\u00e8me : d&rsquo;une part, elle p\u00e8se de mani\u00e8re disproportionn\u00e9e sur la population active et celle effectuant son service, entra\u00eene des p\u00e9riodes de service de r\u00e9serve plus longues et affaiblit ainsi la puissance \u00e9conomique. D&rsquo;autre part, en raison de cette d\u00e9rogation, de nombreux membres de la communaut\u00e9 ultra-orthodoxe restent en marge du march\u00e9 du travail r\u00e9gulier.    <\/p>\n\n<p class=\"wp-block-paragraph\">Une soci\u00e9t\u00e9 dans laquelle une part croissante de la population ne sert pas la nation et ne participe pas pleinement \u00e0 la vie \u00e9conomique affaiblit, \u00e0 long terme, sa propre capacit\u00e9 de survie. Les convictions religieuses m\u00e9ritent le respect tant qu\u2019elles ne portent pas atteinte aux droits d\u2019autrui. Mais le droit \u00e0 la libert\u00e9 de conscience ne signifie pas le droit de faire porter \u00e0 autrui le fardeau de sa propre s\u00e9curit\u00e9. Quiconque vit en Isra\u00ebl et b\u00e9n\u00e9ficie de sa protection devrait, sous quelque forme que ce soit, apporter une contribution \u00e9quitable.   <\/p>\n\n<p class=\"wp-block-paragraph\"><strong>Est-il vrai qu&rsquo;un simple crayon figure parmi vos outils p\u00e9dagogiques pr\u00e9f\u00e9r\u00e9s ?<\/strong><\/p>\n\n<p class=\"wp-block-paragraph\"><strong>Milton Friedman<\/strong>: Oui, et beaucoup d\u2019\u00e9tudiants ont d\u2019abord trouv\u00e9 cela \u00e9trange. J\u2019ai brandi un simple crayon et j\u2019ai demand\u00e9 : \u00ab Qui parmi vous serait capable de fabriquer ce crayon tout seul ? \u00bb Personne n\u2019en \u00e9tait capable. Le bois, le graphite, le m\u00e9tal et le vernis proviennent de diff\u00e9rentes r\u00e9gions du monde. Des millions de personnes travaillent ensemble sans s\u2019\u00eatre jamais rencontr\u00e9es. C\u2019est pr\u00e9cis\u00e9ment l\u00e0 que r\u00e9side la force d\u2019une \u00e9conomie de march\u00e9 libre. Un crayon explique souvent mieux le capitalisme qu\u2019un gros manuel.     <\/p>\n\n<p class=\"wp-block-paragraph\"><strong>On vous consid\u00e8re comme un enseignant passionn\u00e9. Pourquoi est-ce si important pour vous ? <\/strong><\/p>\n\n<p class=\"wp-block-paragraph\"><strong>Milton Friedman<\/strong>: Parce que les bonnes id\u00e9es n\u2019ont d\u2019impact que si les gens les comprennent. Je n\u2019ai jamais \u00e9crit uniquement pour des professeurs. C\u2019est pourquoi j\u2019ai r\u00e9dig\u00e9 des livres destin\u00e9s \u00e0 un large public et j\u2019ai m\u00eame produit par la suite une s\u00e9rie t\u00e9l\u00e9vis\u00e9e. Certains scientifiques recherchaient avant tout la reconnaissance de leurs pairs. Je voulais qu\u2019un chauffeur de taxi, une vendeuse ou un entrepreneur puissent comprendre mes id\u00e9es tout aussi bien qu\u2019un \u00e9conomiste.    <\/p>\n\n<p class=\"wp-block-paragraph\"><strong>Votre \u00e9pouse Rose est \u00e9galement votre plus proche collaboratrice scientifique. Ensemble, vous avez intitul\u00e9 votre autobiographie \u00ab Two Lucky People (Deux personnes chanceuses) \u00bb. Pourquoi ?  <\/strong><\/p>\n\n<p class=\"wp-block-paragraph\"><strong>Milton Friedman<\/strong>: Parce que nous avons en effet tous deux eu beaucoup de chance. Non pas parce que tout nous est tomb\u00e9 tout cuit dans le bec \u2013 bien au contraire. Nos parents \u00e9taient des immigr\u00e9s, nous avons connu des moments difficiles et avons d\u00fb travailler dur. Pour nous, la chance avait une autre signification : nous avons eu le privil\u00e8ge de vivre dans une soci\u00e9t\u00e9 libre, de suivre nos centres d\u2019int\u00e9r\u00eat et de fa\u00e7onner nous-m\u00eames notre vie. Rose \u00e9tait bien plus que ma femme. Elle \u00e9tait ma critique la plus acerbe, ma meilleure interlocutrice et souvent la premi\u00e8re \u00e0 rep\u00e9rer une erreur de raisonnement. De nombreuses id\u00e9es qui ont ensuite \u00e9t\u00e9 associ\u00e9es \u00e0 mon nom sont n\u00e9es de nos longues conversations \u00e0 table ou lors de nos promenades. Dans \u00ab Two Lucky People \u00bb, nous \u00e9crivons en substance que le plus grand bonheur ne r\u00e9sidait pas dans la r\u00e9ussite, mais dans la libert\u00e9 de pouvoir suivre ses propres convictions. Je n\u2019aurais pas pu r\u00eaver d\u2019une meilleure compagne.        <\/p>\n\n<p class=\"wp-block-paragraph\"><strong>Vous avez la r\u00e9putation de savoir expliquer simplement des sujets complexes. Est-ce intentionnel ? <\/strong><\/p>\n\n<p class=\"wp-block-paragraph\"><strong>Milton Friedman :<\/strong> Absolument. Si l\u2019on ne parvient pas \u00e0 expliquer quelque chose simplement, c\u2019est g\u00e9n\u00e9ralement que l\u2019on ne l\u2019a pas encore pleinement compris soi-m\u00eame. L\u2019\u00e9conomie n\u2019est pas une science \u00e9sot\u00e9rique. Elle traite des \u00eatres humains, de leurs d\u00e9cisions et des cons\u00e9quences de ces d\u00e9cisions. C\u2019est pourquoi je pr\u00e9f\u00e8re utiliser des exemples tir\u00e9s de la vie quotidienne plut\u00f4t que des formules compliqu\u00e9es. Tout le monde comprend ce qu\u2019est un crayon, une miche de pain ou une petite entreprise familiale.     <\/p>\n\n<p class=\"wp-block-paragraph\"><strong>L&rsquo;une de vos citations les plus c\u00e9l\u00e8bres est : \u00ab There is no such thing as a free lunch \u00bb, ce qui signifie en substance : \u00ab Rien n&rsquo;est gratuit \u00bb. Pourquoi cette phrase vous accompagne-t-elle encore aujourd&rsquo;hui ? <\/strong><\/p>\n\n<p class=\"wp-block-paragraph\"><strong>Milton Friedman :<\/strong> Parce qu\u2019il exprime une v\u00e9rit\u00e9 simple. Les gens adorent le mot \u00ab gratuit \u00bb. Les \u00e9conomistes savent qu\u2019en r\u00e9alit\u00e9, ce mot n\u2019existe pratiquement pas. Chaque d\u00e9cision a un prix, m\u00eame si c\u2019est quelqu\u2019un d\u2019autre qui le paie. C\u2019est peut-\u00eatre pour cela que je suis devenu \u00e9conomiste. Fils d\u2019un petit commer\u00e7ant, j\u2019ai compris tr\u00e8s t\u00f4t qu\u2019\u00e0 la fin de la journ\u00e9e, les comptes devaient \u00eatre \u00e9quilibr\u00e9s. On peut reporter les factures, mais on ne peut pas les faire dispara\u00eetre. Cela n\u2019a pas chang\u00e9 jusqu\u2019\u00e0 aujourd\u2019hui.       <\/p>\n\n<p class=\"wp-block-paragraph\"><strong>Quel message souhaitez-vous transmettre aux gens ?<\/strong><\/p>\n\n<p class=\"wp-block-paragraph\"><strong>Milton Friedman :<\/strong> La libert\u00e9 ne va jamais de soi. Chaque g\u00e9n\u00e9ration doit la d\u00e9fendre \u00e0 nouveau \u2013 non seulement contre les dictatures, mais aussi contre la tentation, bien qu\u2019anim\u00e9e de bonnes intentions, de laisser l\u2019\u00c9tat prendre de plus en plus de d\u00e9cisions. Faites un peu plus confiance aux gens et un peu moins \u00e0 la politique. Telle \u00e9tait ma conviction il y a cinquante ans. Et elle le serait encore aujourd\u2019hui.    <\/p>\n\n<p class=\"wp-block-paragraph\"><strong><em>Note<\/em><\/strong><em>: Cet entretien a \u00e9t\u00e9 r\u00e9alis\u00e9 \u00e0 l&rsquo;aide de l&rsquo;IA. Il s&rsquo;appuie sur des d\u00e9clarations de Milton Friedman et sur des documents le concernant. Au cours des prochaines semaines, nous m\u00e8nerons, avec l\u2019aide de l\u2019IA, des entretiens avec d\u2019autres personnalit\u00e9s issues de domaines tr\u00e8s vari\u00e9s \u2013 politique, religion, science, culture \u2013 qui ont jou\u00e9 un r\u00f4le important pour le juda\u00efsme et Isra\u00ebl, afin de les faire mieux conna\u00eetre, ainsi que leurs id\u00e9es, au public d\u2019aujourd\u2019hui. Les interviews de ce type que nous avons men\u00e9es jusqu\u2019\u00e0 pr\u00e9sent concernaient le fondateur du sionisme moderne,     <\/em><a href=\"https:\/\/fokusisrael.ch\/fr\/actualites\/chaim-weizmann-a-fokusisrael-ch-lavenir-ne-peut-reposer-que-sur-la-cooperation-avec-les-arabes\/\"><em>Chaim Weizmann<\/em><\/a><em>, premier pr\u00e9sident d&rsquo;Isra\u00ebl, <\/em><a href=\"https:\/\/fokusisrael.ch\/fr\/actualites\/david-ben-gourion-a-fokusisrael-ch-nous-avions-un-avantage-nous-luttions-pour-notre-existence\/\"><em>David Ben-Gurion, premier Premier ministre d\u2019Isra\u00ebl<\/em><\/a><em>, la seule femme \u00e0 avoir occup\u00e9 jusqu\u2019\u00e0 pr\u00e9sent le poste de <\/em><a href=\"https:\/\/fokusisrael.ch\/fr\/actualites\/golda-meir-a-fokusisrael-ch-le-gouvernement-devrait-faire-enqueter-de-maniere-independante-sur-le-7-octobre\/\"><em>, Golda Meir<\/em><\/a>,<a href=\"https:\/\/fokusisrael.ch\/fr\/actualites\/anwar-sadat-a-fokusisrael-ch-paradoxalement-je-suis-parti-en-guerre-pour-faire-la-paix\/\"><em>Anwar Sadat, le pr\u00e9sident \u00e9gyptien<\/em><\/a><em>, qui s\u2019est rendu \u00e0 J\u00e9rusalem en 1977 pour conclure la paix avec Isra\u00ebl, <\/em><a href=\"https:\/\/fokusisrael.ch\/fr\/actualites\/moise-a-fokusisrael-ch-en-periode-de-menace-existentielle-le-combat-est-un-devoir-collectif\/\"><em>Mo\u00efse, qui a conduit le peuple juif de l\u2019esclavage en \u00c9gypte vers la libert\u00e9<\/em><\/a>,<em>  avec celui qui v\u00e9cut aux XIIe et XIIIe si\u00e8cles    <\/em><a href=\"https:\/\/fokusisrael.ch\/fr\/actualites\/maimonide-a-fokusisrael-ch-beaucoup-cherchent-aujourdhui-dans-la-religion-lextase-plutot-que-la-connaissance\/\"><em>le grand savant juif Ma\u00efmonide<\/em><\/a><em>, avec lequel <\/em><a href=\"https:\/\/fokusisrael.ch\/fr\/actualites\/le-rabbin-jonathan-sacks-a-fokusisrael-ch-lantisemitisme-commence-avec-les-juifs-mais-ne-se-termine-jamais-avec-eux\/\"><em>ancien grand rabbin de Grande-Bretagne, Lord Jonathan Sacks<\/em><\/a><em>, <\/em><a href=\"https:\/\/fokusisrael.ch\/fr\/actualites\/sigmund-freud-lantisemitisme-est-une-riche-collection-de-projections-inconscientes\/\"><em>Sigmund Freud, le fondateur de la psychanalyse<\/em><\/a>, <a href=\"https:\/\/fokusisrael.ch\/fr\/actualites\/albert-einstein-le-sionisme-est-la-voie-de-lautodetermination-du-peuple-juif\/\"><em>Albert Einstein, le fondateur de la th\u00e9orie de la relativit\u00e9<\/em><\/a>, <a href=\"https:\/\/fokusisrael.ch\/fr\/actualites\/robert-oppenheimer-avez-vous-aide-israel-a-fabriquer-la-bombe-atomique\/\"><em>Robert Oppenheimer<\/em><\/a><em>, le \u00ab p\u00e8re de la bombe atomique \u00bb, l\u2019ic\u00f4ne hollywoodienne et inventrice <\/em><a href=\"https:\/\/fokusisrael.ch\/fr\/actualites\/hedy-lamarr-ce-qui-me-fait-le-plus-de-peine-cest-de-ne-pas-avoir-dit-la-verite-a-mes-enfants-sur-leurs-origines\/\"><em>Hedy Lamarr<\/em><\/a> <em>et l\u2019entrepreneuse <\/em><a href=\"https:\/\/fokusisrael.ch\/fr\/actualites\/estee-lauder-sadresse-a-fokusisrael-ch-lantisemitisme-commence-rarement-par-la-violence-il-commence-par-le-silence\/\"><em>Est\u00e9e Lauder<\/em><\/a><em>.<\/em><\/p>\n","protected":false},"excerpt":{"rendered":"<p>\u00c0 propos de la personne Milton Friedman est n\u00e9 le 31 juillet 1912 \u00e0 Brooklyn, New York, fils d\u2019immigr\u00e9s juifs d\u2019Europe de l\u2019Est. Ses parents ne disposaient que de moyens modestes et tenaient un petit commerce. Ces exp\u00e9riences ont fa\u00e7onn\u00e9 sa conception de l\u2019esprit d\u2019entreprise, du travail acharn\u00e9 et de l\u2019importance des opportunit\u00e9s \u00e9conomiques. Milton [&hellip;]<\/p>\n","protected":false},"author":2,"featured_media":9826,"comment_status":"closed","ping_status":"closed","sticky":false,"template":"","format":"standard","meta":{"_hide_socialbar":"","footnotes":""},"categories":[428],"tags":[3323,3012,372,4929],"class_list":["post-9825","post","type-post","status-publish","format-standard","has-post-thumbnail","hentry","category-actualites","tag-interview-fictive","tag-isabelle-arnau","tag-israel-fr","tag-milton-friedman"],"aioseo_notices":[],"aioseo_head":"\n\t\t<!-- All in One SEO 5.0.1.1 - aioseo.com -->\n\t<meta name=\"description\" content=\"Milton Friedman dans une interview accord\u00e9e \u00e0 KI sur la libert\u00e9, Isra\u00ebl, l&#039;antis\u00e9mitisme et le capitalisme : pourquoi les soci\u00e9t\u00e9s libres doivent d\u00e9fendre leurs rep\u00e8res moraux.\" \/>\n\t<meta name=\"robots\" content=\"max-image-preview:large\" \/>\n\t<meta name=\"author\" content=\"Redaktion\"\/>\n\t<link rel=\"canonical\" href=\"https:\/\/fokusisrael.ch\/fr\/actualites\/milton-friedman-sur-fokusisrael-ch-je-souhaite-quisrael-reste-toujours-une-societe-libre-et-democratique\/\" \/>\n\t<meta name=\"generator\" content=\"All in One SEO (AIOSEO) 5.0.1.1\" \/>\n\t\t<meta property=\"og:locale\" content=\"fr_FR\" \/>\n\t\t<meta property=\"og:site_name\" content=\"FokusIsrael - FokusIsrael.ch est un collectif suisse engag\u00e9 \u00e0 titre b\u00e9n\u00e9vole et de mani\u00e8re ind\u00e9pendante.\" \/>\n\t\t<meta property=\"og:type\" content=\"article\" \/>\n\t\t<meta property=\"og:title\" content=\"Milton Friedman sur FokusIsrael.ch : \u00ab Je souhaite qu\u2019Isra\u00ebl reste toujours une soci\u00e9t\u00e9 libre et d\u00e9mocratique \u00bb - FokusIsrael\" \/>\n\t\t<meta property=\"og:description\" content=\"Milton Friedman dans une interview accord\u00e9e \u00e0 KI sur la libert\u00e9, Isra\u00ebl, l&#039;antis\u00e9mitisme et le capitalisme : pourquoi les soci\u00e9t\u00e9s libres doivent d\u00e9fendre leurs rep\u00e8res moraux.\" \/>\n\t\t<meta property=\"og:url\" content=\"https:\/\/fokusisrael.ch\/fr\/actualites\/milton-friedman-sur-fokusisrael-ch-je-souhaite-quisrael-reste-toujours-une-societe-libre-et-democratique\/\" \/>\n\t\t<meta property=\"og:image\" content=\"https:\/\/fokusisrael.ch\/wp-content\/uploads\/2026\/07\/milton-friedman.png\" \/>\n\t\t<meta property=\"og:image:secure_url\" content=\"https:\/\/fokusisrael.ch\/wp-content\/uploads\/2026\/07\/milton-friedman.png\" \/>\n\t\t<meta property=\"og:image:width\" content=\"1280\" \/>\n\t\t<meta property=\"og:image:height\" content=\"751\" \/>\n\t\t<meta property=\"article:published_time\" content=\"2026-07-08T17:07:53+00:00\" \/>\n\t\t<meta property=\"article:modified_time\" content=\"2026-07-08T17:11:47+00:00\" \/>\n\t\t<meta name=\"twitter:card\" content=\"summary_large_image\" \/>\n\t\t<meta name=\"twitter:title\" content=\"Milton Friedman sur FokusIsrael.ch : \u00ab Je souhaite qu\u2019Isra\u00ebl reste toujours une soci\u00e9t\u00e9 libre et d\u00e9mocratique \u00bb - FokusIsrael\" \/>\n\t\t<meta name=\"twitter:description\" content=\"Milton Friedman dans une interview accord\u00e9e \u00e0 KI sur la libert\u00e9, Isra\u00ebl, l&#039;antis\u00e9mitisme et le capitalisme : pourquoi les soci\u00e9t\u00e9s libres doivent d\u00e9fendre leurs rep\u00e8res moraux.\" \/>\n\t\t<meta name=\"twitter:image\" content=\"https:\/\/fokusisrael.ch\/wp-content\/uploads\/2026\/07\/milton-friedman.png\" \/>\n\t\t<script type=\"application\/ld+json\" class=\"aioseo-schema\">\n\t\t\t{\"@context\":\"https:\\\/\\\/schema.org\",\"@graph\":[{\"@type\":\"BlogPosting\",\"@id\":\"https:\\\/\\\/fokusisrael.ch\\\/fr\\\/actualites\\\/milton-friedman-sur-fokusisrael-ch-je-souhaite-quisrael-reste-toujours-une-societe-libre-et-democratique\\\/#blogposting\",\"name\":\"Milton Friedman sur FokusIsrael.ch : \\u00ab Je souhaite qu\\u2019Isra\\u00ebl reste toujours une soci\\u00e9t\\u00e9 libre et d\\u00e9mocratique \\u00bb - FokusIsrael\",\"headline\":\"Milton Friedman sur FokusIsrael.ch : \\u00ab Je souhaite qu&rsquo;Isra\\u00ebl reste toujours une soci\\u00e9t\\u00e9 libre et d\\u00e9mocratique \\u00bb\",\"author\":{\"@id\":\"https:\\\/\\\/fokusisrael.ch\\\/fr\\\/author\\\/redaktion\\\/#author\"},\"publisher\":{\"@id\":\"https:\\\/\\\/fokusisrael.ch\\\/fr\\\/#organization\"},\"image\":{\"@type\":\"ImageObject\",\"url\":\"https:\\\/\\\/fokusisrael.ch\\\/wp-content\\\/uploads\\\/2026\\\/07\\\/milton-friedman.png\",\"width\":1280,\"height\":751,\"caption\":\"Milton Friedman dans une interview accord\\u00e9e \\u00e0 FokusIsrael\"},\"datePublished\":\"2026-07-08T19:07:53+02:00\",\"dateModified\":\"2026-07-08T19:11:47+02:00\",\"inLanguage\":\"fr-FR\",\"mainEntityOfPage\":{\"@id\":\"https:\\\/\\\/fokusisrael.ch\\\/fr\\\/actualites\\\/milton-friedman-sur-fokusisrael-ch-je-souhaite-quisrael-reste-toujours-une-societe-libre-et-democratique\\\/#webpage\"},\"isPartOf\":{\"@id\":\"https:\\\/\\\/fokusisrael.ch\\\/fr\\\/actualites\\\/milton-friedman-sur-fokusisrael-ch-je-souhaite-quisrael-reste-toujours-une-societe-libre-et-democratique\\\/#webpage\"},\"articleSection\":\"Actualit\\u00e9s, interview fictive, Isabelle Arnau, Isra\\u00ebl, Milton Friedman, Facultatif\"},{\"@type\":\"BreadcrumbList\",\"@id\":\"https:\\\/\\\/fokusisrael.ch\\\/fr\\\/actualites\\\/milton-friedman-sur-fokusisrael-ch-je-souhaite-quisrael-reste-toujours-une-societe-libre-et-democratique\\\/#breadcrumblist\",\"itemListElement\":[{\"@type\":\"ListItem\",\"@id\":\"https:\\\/\\\/fokusisrael.ch\\\/fr\\\/actualites\\\/#listItem\",\"position\":1,\"name\":\"Actualit\\u00e9s\",\"item\":\"https:\\\/\\\/fokusisrael.ch\\\/fr\\\/actualites\\\/\",\"nextItem\":{\"@type\":\"ListItem\",\"@id\":\"https:\\\/\\\/fokusisrael.ch\\\/fr\\\/actualites\\\/milton-friedman-sur-fokusisrael-ch-je-souhaite-quisrael-reste-toujours-une-societe-libre-et-democratique\\\/#listItem\",\"name\":\"Milton Friedman sur FokusIsrael.ch : \\u00ab Je souhaite qu&rsquo;Isra\\u00ebl reste toujours une soci\\u00e9t\\u00e9 libre et d\\u00e9mocratique \\u00bb\"}},{\"@type\":\"ListItem\",\"@id\":\"https:\\\/\\\/fokusisrael.ch\\\/fr\\\/actualites\\\/milton-friedman-sur-fokusisrael-ch-je-souhaite-quisrael-reste-toujours-une-societe-libre-et-democratique\\\/#listItem\",\"position\":2,\"name\":\"Milton Friedman sur FokusIsrael.ch : \\u00ab Je souhaite qu&rsquo;Isra\\u00ebl reste toujours une soci\\u00e9t\\u00e9 libre et d\\u00e9mocratique \\u00bb\",\"previousItem\":{\"@type\":\"ListItem\",\"@id\":\"https:\\\/\\\/fokusisrael.ch\\\/fr\\\/actualites\\\/#listItem\",\"name\":\"Actualit\\u00e9s\"}}]},{\"@type\":\"Organization\",\"@id\":\"https:\\\/\\\/fokusisrael.ch\\\/fr\\\/#organization\",\"name\":\"FokusIsrael\",\"description\":\"FokusIsrael.ch est un collectif suisse engag\\u00e9 \\u00e0 titre b\\u00e9n\\u00e9vole et de mani\\u00e8re ind\\u00e9pendante.\",\"url\":\"https:\\\/\\\/fokusisrael.ch\\\/fr\\\/\",\"logo\":{\"@type\":\"ImageObject\",\"url\":\"http:\\\/\\\/fi.localhost\\\/wp-content\\\/uploads\\\/2025\\\/03\\\/fokusisrael_300.jpg\",\"@id\":\"https:\\\/\\\/fokusisrael.ch\\\/fr\\\/actualites\\\/milton-friedman-sur-fokusisrael-ch-je-souhaite-quisrael-reste-toujours-une-societe-libre-et-democratique\\\/#organizationLogo\"},\"image\":{\"@id\":\"https:\\\/\\\/fokusisrael.ch\\\/fr\\\/actualites\\\/milton-friedman-sur-fokusisrael-ch-je-souhaite-quisrael-reste-toujours-une-societe-libre-et-democratique\\\/#organizationLogo\"}},{\"@type\":\"Person\",\"@id\":\"https:\\\/\\\/fokusisrael.ch\\\/fr\\\/author\\\/redaktion\\\/#author\",\"url\":\"https:\\\/\\\/fokusisrael.ch\\\/fr\\\/author\\\/redaktion\\\/\",\"name\":\"Redaktion\"},{\"@type\":\"WebPage\",\"@id\":\"https:\\\/\\\/fokusisrael.ch\\\/fr\\\/actualites\\\/milton-friedman-sur-fokusisrael-ch-je-souhaite-quisrael-reste-toujours-une-societe-libre-et-democratique\\\/#webpage\",\"url\":\"https:\\\/\\\/fokusisrael.ch\\\/fr\\\/actualites\\\/milton-friedman-sur-fokusisrael-ch-je-souhaite-quisrael-reste-toujours-une-societe-libre-et-democratique\\\/\",\"name\":\"Milton Friedman sur FokusIsrael.ch : \\u00ab Je souhaite qu\\u2019Isra\\u00ebl reste toujours une soci\\u00e9t\\u00e9 libre et d\\u00e9mocratique \\u00bb - FokusIsrael\",\"description\":\"Milton Friedman dans une interview accord\\u00e9e \\u00e0 KI sur la libert\\u00e9, Isra\\u00ebl, l'antis\\u00e9mitisme et le capitalisme : pourquoi les soci\\u00e9t\\u00e9s libres doivent d\\u00e9fendre leurs rep\\u00e8res moraux.\",\"inLanguage\":\"fr-FR\",\"isPartOf\":{\"@id\":\"https:\\\/\\\/fokusisrael.ch\\\/fr\\\/#website\"},\"breadcrumb\":{\"@id\":\"https:\\\/\\\/fokusisrael.ch\\\/fr\\\/actualites\\\/milton-friedman-sur-fokusisrael-ch-je-souhaite-quisrael-reste-toujours-une-societe-libre-et-democratique\\\/#breadcrumblist\"},\"author\":{\"@id\":\"https:\\\/\\\/fokusisrael.ch\\\/fr\\\/author\\\/redaktion\\\/#author\"},\"creator\":{\"@id\":\"https:\\\/\\\/fokusisrael.ch\\\/fr\\\/author\\\/redaktion\\\/#author\"},\"image\":{\"@type\":\"ImageObject\",\"url\":\"https:\\\/\\\/fokusisrael.ch\\\/wp-content\\\/uploads\\\/2026\\\/07\\\/milton-friedman.png\",\"@id\":\"https:\\\/\\\/fokusisrael.ch\\\/fr\\\/actualites\\\/milton-friedman-sur-fokusisrael-ch-je-souhaite-quisrael-reste-toujours-une-societe-libre-et-democratique\\\/#mainImage\",\"width\":1280,\"height\":751,\"caption\":\"Milton Friedman dans une interview accord\\u00e9e \\u00e0 FokusIsrael\"},\"primaryImageOfPage\":{\"@id\":\"https:\\\/\\\/fokusisrael.ch\\\/fr\\\/actualites\\\/milton-friedman-sur-fokusisrael-ch-je-souhaite-quisrael-reste-toujours-une-societe-libre-et-democratique\\\/#mainImage\"},\"datePublished\":\"2026-07-08T19:07:53+02:00\",\"dateModified\":\"2026-07-08T19:11:47+02:00\"},{\"@type\":\"WebSite\",\"@id\":\"https:\\\/\\\/fokusisrael.ch\\\/fr\\\/#website\",\"url\":\"https:\\\/\\\/fokusisrael.ch\\\/fr\\\/\",\"name\":\"FokusIsrael\",\"description\":\"FokusIsrael.ch est un collectif suisse engag\\u00e9 \\u00e0 titre b\\u00e9n\\u00e9vole et de mani\\u00e8re ind\\u00e9pendante.\",\"inLanguage\":\"fr-FR\",\"publisher\":{\"@id\":\"https:\\\/\\\/fokusisrael.ch\\\/fr\\\/#organization\"}}]}\n\t\t<\/script>\n\t\t<!-- All in One SEO -->\n\n","aioseo_head_json":{"title":"Milton Friedman sur FokusIsrael.ch : \u00ab Je souhaite qu\u2019Isra\u00ebl reste toujours une soci\u00e9t\u00e9 libre et d\u00e9mocratique \u00bb - FokusIsrael","description":"Milton Friedman dans une interview accord\u00e9e \u00e0 KI sur la libert\u00e9, Isra\u00ebl, l'antis\u00e9mitisme et le capitalisme : pourquoi les soci\u00e9t\u00e9s libres doivent d\u00e9fendre leurs rep\u00e8res moraux.","canonical_url":"https:\/\/fokusisrael.ch\/fr\/actualites\/milton-friedman-sur-fokusisrael-ch-je-souhaite-quisrael-reste-toujours-une-societe-libre-et-democratique\/","robots":"max-image-preview:large","keywords":"","webmasterTools":{"miscellaneous":""},"schema":{"@context":"https:\/\/schema.org","@graph":[{"@type":"BlogPosting","@id":"https:\/\/fokusisrael.ch\/fr\/actualites\/milton-friedman-sur-fokusisrael-ch-je-souhaite-quisrael-reste-toujours-une-societe-libre-et-democratique\/#blogposting","name":"Milton Friedman sur FokusIsrael.ch : \u00ab Je souhaite qu\u2019Isra\u00ebl reste toujours une soci\u00e9t\u00e9 libre et d\u00e9mocratique \u00bb - FokusIsrael","headline":"Milton Friedman sur FokusIsrael.ch : \u00ab Je souhaite qu&rsquo;Isra\u00ebl reste toujours une soci\u00e9t\u00e9 libre et d\u00e9mocratique \u00bb","author":{"@id":"https:\/\/fokusisrael.ch\/fr\/author\/redaktion\/#author"},"publisher":{"@id":"https:\/\/fokusisrael.ch\/fr\/#organization"},"image":{"@type":"ImageObject","url":"https:\/\/fokusisrael.ch\/wp-content\/uploads\/2026\/07\/milton-friedman.png","width":1280,"height":751,"caption":"Milton Friedman dans une interview accord\u00e9e \u00e0 FokusIsrael"},"datePublished":"2026-07-08T19:07:53+02:00","dateModified":"2026-07-08T19:11:47+02:00","inLanguage":"fr-FR","mainEntityOfPage":{"@id":"https:\/\/fokusisrael.ch\/fr\/actualites\/milton-friedman-sur-fokusisrael-ch-je-souhaite-quisrael-reste-toujours-une-societe-libre-et-democratique\/#webpage"},"isPartOf":{"@id":"https:\/\/fokusisrael.ch\/fr\/actualites\/milton-friedman-sur-fokusisrael-ch-je-souhaite-quisrael-reste-toujours-une-societe-libre-et-democratique\/#webpage"},"articleSection":"Actualit\u00e9s, interview fictive, Isabelle Arnau, Isra\u00ebl, Milton Friedman, Facultatif"},{"@type":"BreadcrumbList","@id":"https:\/\/fokusisrael.ch\/fr\/actualites\/milton-friedman-sur-fokusisrael-ch-je-souhaite-quisrael-reste-toujours-une-societe-libre-et-democratique\/#breadcrumblist","itemListElement":[{"@type":"ListItem","@id":"https:\/\/fokusisrael.ch\/fr\/actualites\/#listItem","position":1,"name":"Actualit\u00e9s","item":"https:\/\/fokusisrael.ch\/fr\/actualites\/","nextItem":{"@type":"ListItem","@id":"https:\/\/fokusisrael.ch\/fr\/actualites\/milton-friedman-sur-fokusisrael-ch-je-souhaite-quisrael-reste-toujours-une-societe-libre-et-democratique\/#listItem","name":"Milton Friedman sur FokusIsrael.ch : \u00ab Je souhaite qu&rsquo;Isra\u00ebl reste toujours une soci\u00e9t\u00e9 libre et d\u00e9mocratique \u00bb"}},{"@type":"ListItem","@id":"https:\/\/fokusisrael.ch\/fr\/actualites\/milton-friedman-sur-fokusisrael-ch-je-souhaite-quisrael-reste-toujours-une-societe-libre-et-democratique\/#listItem","position":2,"name":"Milton Friedman sur FokusIsrael.ch : \u00ab Je souhaite qu&rsquo;Isra\u00ebl reste toujours une soci\u00e9t\u00e9 libre et d\u00e9mocratique \u00bb","previousItem":{"@type":"ListItem","@id":"https:\/\/fokusisrael.ch\/fr\/actualites\/#listItem","name":"Actualit\u00e9s"}}]},{"@type":"Organization","@id":"https:\/\/fokusisrael.ch\/fr\/#organization","name":"FokusIsrael","description":"FokusIsrael.ch est un collectif suisse engag\u00e9 \u00e0 titre b\u00e9n\u00e9vole et de mani\u00e8re ind\u00e9pendante.","url":"https:\/\/fokusisrael.ch\/fr\/","logo":{"@type":"ImageObject","url":"http:\/\/fi.localhost\/wp-content\/uploads\/2025\/03\/fokusisrael_300.jpg","@id":"https:\/\/fokusisrael.ch\/fr\/actualites\/milton-friedman-sur-fokusisrael-ch-je-souhaite-quisrael-reste-toujours-une-societe-libre-et-democratique\/#organizationLogo"},"image":{"@id":"https:\/\/fokusisrael.ch\/fr\/actualites\/milton-friedman-sur-fokusisrael-ch-je-souhaite-quisrael-reste-toujours-une-societe-libre-et-democratique\/#organizationLogo"}},{"@type":"Person","@id":"https:\/\/fokusisrael.ch\/fr\/author\/redaktion\/#author","url":"https:\/\/fokusisrael.ch\/fr\/author\/redaktion\/","name":"Redaktion"},{"@type":"WebPage","@id":"https:\/\/fokusisrael.ch\/fr\/actualites\/milton-friedman-sur-fokusisrael-ch-je-souhaite-quisrael-reste-toujours-une-societe-libre-et-democratique\/#webpage","url":"https:\/\/fokusisrael.ch\/fr\/actualites\/milton-friedman-sur-fokusisrael-ch-je-souhaite-quisrael-reste-toujours-une-societe-libre-et-democratique\/","name":"Milton Friedman sur FokusIsrael.ch : \u00ab Je souhaite qu\u2019Isra\u00ebl reste toujours une soci\u00e9t\u00e9 libre et d\u00e9mocratique \u00bb - FokusIsrael","description":"Milton Friedman dans une interview accord\u00e9e \u00e0 KI sur la libert\u00e9, Isra\u00ebl, l'antis\u00e9mitisme et le capitalisme : pourquoi les soci\u00e9t\u00e9s libres doivent d\u00e9fendre leurs rep\u00e8res moraux.","inLanguage":"fr-FR","isPartOf":{"@id":"https:\/\/fokusisrael.ch\/fr\/#website"},"breadcrumb":{"@id":"https:\/\/fokusisrael.ch\/fr\/actualites\/milton-friedman-sur-fokusisrael-ch-je-souhaite-quisrael-reste-toujours-une-societe-libre-et-democratique\/#breadcrumblist"},"author":{"@id":"https:\/\/fokusisrael.ch\/fr\/author\/redaktion\/#author"},"creator":{"@id":"https:\/\/fokusisrael.ch\/fr\/author\/redaktion\/#author"},"image":{"@type":"ImageObject","url":"https:\/\/fokusisrael.ch\/wp-content\/uploads\/2026\/07\/milton-friedman.png","@id":"https:\/\/fokusisrael.ch\/fr\/actualites\/milton-friedman-sur-fokusisrael-ch-je-souhaite-quisrael-reste-toujours-une-societe-libre-et-democratique\/#mainImage","width":1280,"height":751,"caption":"Milton Friedman dans une interview accord\u00e9e \u00e0 FokusIsrael"},"primaryImageOfPage":{"@id":"https:\/\/fokusisrael.ch\/fr\/actualites\/milton-friedman-sur-fokusisrael-ch-je-souhaite-quisrael-reste-toujours-une-societe-libre-et-democratique\/#mainImage"},"datePublished":"2026-07-08T19:07:53+02:00","dateModified":"2026-07-08T19:11:47+02:00"},{"@type":"WebSite","@id":"https:\/\/fokusisrael.ch\/fr\/#website","url":"https:\/\/fokusisrael.ch\/fr\/","name":"FokusIsrael","description":"FokusIsrael.ch est un collectif suisse engag\u00e9 \u00e0 titre b\u00e9n\u00e9vole et de mani\u00e8re ind\u00e9pendante.","inLanguage":"fr-FR","publisher":{"@id":"https:\/\/fokusisrael.ch\/fr\/#organization"}}]},"og:locale":"fr_FR","og:site_name":"FokusIsrael - FokusIsrael.ch est un collectif suisse engag\u00e9 \u00e0 titre b\u00e9n\u00e9vole et de mani\u00e8re ind\u00e9pendante.","og:type":"article","og:title":"Milton Friedman sur FokusIsrael.ch : \u00ab Je souhaite qu\u2019Isra\u00ebl reste toujours une soci\u00e9t\u00e9 libre et d\u00e9mocratique \u00bb - FokusIsrael","og:description":"Milton Friedman dans une interview accord\u00e9e \u00e0 KI sur la libert\u00e9, Isra\u00ebl, l'antis\u00e9mitisme et le capitalisme : pourquoi les soci\u00e9t\u00e9s libres doivent d\u00e9fendre leurs rep\u00e8res moraux.","og:url":"https:\/\/fokusisrael.ch\/fr\/actualites\/milton-friedman-sur-fokusisrael-ch-je-souhaite-quisrael-reste-toujours-une-societe-libre-et-democratique\/","og:image":"https:\/\/fokusisrael.ch\/wp-content\/uploads\/2026\/07\/milton-friedman.png","og:image:secure_url":"https:\/\/fokusisrael.ch\/wp-content\/uploads\/2026\/07\/milton-friedman.png","og:image:width":1280,"og:image:height":751,"article:published_time":"2026-07-08T17:07:53+00:00","article:modified_time":"2026-07-08T17:11:47+00:00","twitter:card":"summary_large_image","twitter:title":"Milton Friedman sur FokusIsrael.ch : \u00ab Je souhaite qu\u2019Isra\u00ebl reste toujours une soci\u00e9t\u00e9 libre et d\u00e9mocratique \u00bb - FokusIsrael","twitter:description":"Milton Friedman dans une interview accord\u00e9e \u00e0 KI sur la libert\u00e9, Isra\u00ebl, l'antis\u00e9mitisme et le capitalisme : pourquoi les soci\u00e9t\u00e9s libres doivent d\u00e9fendre leurs rep\u00e8res moraux.","twitter:image":"https:\/\/fokusisrael.ch\/wp-content\/uploads\/2026\/07\/milton-friedman.png"},"aioseo_meta_data":{"post_id":"9825","title":null,"description":"Milton Friedman dans une interview accord\u00e9e \u00e0 KI sur la libert\u00e9, Isra\u00ebl, l'antis\u00e9mitisme et le capitalisme : pourquoi les soci\u00e9t\u00e9s libres doivent d\u00e9fendre leurs rep\u00e8res moraux.","keywords":null,"keyphrases":{"focus":{"keyphrase":"","score":0,"analysis":{"keyphraseInTitle":{"score":0,"maxScore":9,"error":1}}},"additional":[]},"primary_term":null,"canonical_url":null,"og_title":null,"og_description":null,"og_object_type":"default","og_image_type":"default","og_image_url":null,"og_image_width":null,"og_image_height":null,"og_image_custom_url":null,"og_image_custom_fields":null,"og_video":"","og_custom_url":null,"og_article_section":null,"og_article_tags":null,"twitter_use_og":false,"twitter_card":"default","twitter_image_type":"default","twitter_image_url":null,"twitter_image_custom_url":null,"twitter_image_custom_fields":null,"twitter_title":null,"twitter_description":null,"schema":{"blockGraphs":[],"customGraphs":[],"default":{"data":{"Article":[],"Course":[],"Dataset":[],"FAQPage":[],"Movie":[],"Person":[],"Product":[],"ProductReview":[],"Car":[],"Recipe":[],"Service":[],"SoftwareApplication":[],"WebPage":[]},"graphName":"BlogPosting","isEnabled":true},"graphs":[]},"schema_type":"default","schema_type_options":null,"pillar_content":false,"robots_default":true,"robots_noindex":false,"robots_noarchive":false,"robots_nosnippet":false,"robots_nofollow":false,"robots_noimageindex":false,"robots_noodp":false,"robots_notranslate":false,"robots_max_snippet":"-1","robots_max_videopreview":"-1","robots_max_imagepreview":"large","priority":null,"frequency":"default","local_seo":null,"breadcrumb_settings":null,"limit_modified_date":false,"ai":{"faqs":[],"keyPoints":[],"schemas":[],"titles":[],"descriptions":[],"socialPosts":{"email":{"subject":"","preview":"","content":""},"linkedin":[],"twitter":[],"facebook":[],"instagram":[]}},"created":"2026-07-08 17:08:28","updated":"2026-07-08 17:13:14","seo_analyzer_scan_date":null,"focus_keyword":null,"additional_keywords":null,"truseo_locale":null},"aioseo_breadcrumb":"<div class=\"aioseo-breadcrumbs\"><span class=\"aioseo-breadcrumb\">\n\t\t\t<a href=\"https:\/\/fokusisrael.ch\/fr\/actualites\/\" title=\"Actualit\u00e9s\">Actualit\u00e9s<\/a>\n\t\t<\/span><span class=\"aioseo-breadcrumb-separator\">\u00bb<\/span><span class=\"aioseo-breadcrumb\">\n\t\t\tMilton Friedman sur FokusIsrael.ch : \u00ab Je souhaite qu\u2019Isra\u00ebl reste toujours une soci\u00e9t\u00e9 libre et d\u00e9mocratique \u00bb\n\t\t<\/span><\/div>","aioseo_breadcrumb_json":[{"label":"Actualit\u00e9s","link":"https:\/\/fokusisrael.ch\/fr\/actualites\/"},{"label":"Milton Friedman sur FokusIsrael.ch : \u00ab Je souhaite qu&rsquo;Isra\u00ebl reste toujours une soci\u00e9t\u00e9 libre et d\u00e9mocratique \u00bb","link":"https:\/\/fokusisrael.ch\/fr\/actualites\/milton-friedman-sur-fokusisrael-ch-je-souhaite-quisrael-reste-toujours-une-societe-libre-et-democratique\/"}],"_links":{"self":[{"href":"https:\/\/fokusisrael.ch\/fr\/wp-json\/wp\/v2\/posts\/9825","targetHints":{"allow":["GET"]}}],"collection":[{"href":"https:\/\/fokusisrael.ch\/fr\/wp-json\/wp\/v2\/posts"}],"about":[{"href":"https:\/\/fokusisrael.ch\/fr\/wp-json\/wp\/v2\/types\/post"}],"author":[{"embeddable":true,"href":"https:\/\/fokusisrael.ch\/fr\/wp-json\/wp\/v2\/users\/2"}],"replies":[{"embeddable":true,"href":"https:\/\/fokusisrael.ch\/fr\/wp-json\/wp\/v2\/comments?post=9825"}],"version-history":[{"count":1,"href":"https:\/\/fokusisrael.ch\/fr\/wp-json\/wp\/v2\/posts\/9825\/revisions"}],"predecessor-version":[{"id":9827,"href":"https:\/\/fokusisrael.ch\/fr\/wp-json\/wp\/v2\/posts\/9825\/revisions\/9827"}],"wp:featuredmedia":[{"embeddable":true,"href":"https:\/\/fokusisrael.ch\/fr\/wp-json\/wp\/v2\/media\/9826"}],"wp:attachment":[{"href":"https:\/\/fokusisrael.ch\/fr\/wp-json\/wp\/v2\/media?parent=9825"}],"wp:term":[{"taxonomy":"category","embeddable":true,"href":"https:\/\/fokusisrael.ch\/fr\/wp-json\/wp\/v2\/categories?post=9825"},{"taxonomy":"post_tag","embeddable":true,"href":"https:\/\/fokusisrael.ch\/fr\/wp-json\/wp\/v2\/tags?post=9825"}],"curies":[{"name":"wp","href":"https:\/\/api.w.org\/{rel}","templated":true}]}}