{"id":8956,"date":"2026-04-30T20:18:17","date_gmt":"2026-04-30T18:18:17","guid":{"rendered":"https:\/\/fokusisrael.ch\/non-categorise\/le-parlement-suisse-resiste-aux-pressions-de-la-gauche-pas-de-reconnaissance-de-la-palestine-a-ce-stade\/"},"modified":"2026-04-30T22:40:13","modified_gmt":"2026-04-30T20:40:13","slug":"le-parlement-suisse-resiste-aux-pressions-de-la-gauche-pas-de-reconnaissance-de-la-palestine-a-ce-stade","status":"publish","type":"post","link":"https:\/\/fokusisrael.ch\/fr\/actualites\/le-parlement-suisse-resiste-aux-pressions-de-la-gauche-pas-de-reconnaissance-de-la-palestine-a-ce-stade\/","title":{"rendered":"Palestine : le Parlement suisse prend la bonne d\u00e9cision politique et morale"},"content":{"rendered":"\n<p><strong><u>R\u00e9sum\u00e9<\/u><\/strong><\/p>\n\n<ul class=\"wp-block-list\">\n<li><strong>La repr\u00e9sentation populaire du Parlement suisse (Conseil national) a rejet\u00e9 cette semaine une proposition visant \u00e0 reconna\u00eetre l&rsquo;Etat de Palestine \u00e0 l&rsquo;heure actuelle.<\/strong><\/li>\n\n\n\n<li><strong>Le rejet a \u00e9t\u00e9 obtenu par 116 voix contre 66, principalement gr\u00e2ce aux voix de la majorit\u00e9 bourgeoise du Parlement.<\/strong><\/li>\n\n\n\n<li><strong>En 2025 d\u00e9j\u00e0, la repr\u00e9sentation des cantons (Conseil des Etats) avait clairement rejet\u00e9 la m\u00eame intervention par 27 voix contre 17.<\/strong><\/li>\n\n\n\n<li><strong>Le gouvernement suisse (Conseil f\u00e9d\u00e9ral), qui est responsable de la reconnaissance par l&rsquo;\u00c9tat, s&rsquo;y oppose \u00e9galement \u00e0 ce stade.<\/strong><\/li>\n\n\n\n<li><strong>Le rejet est mat\u00e9riellement correct. En effet, la Cisjordanie et Gaza ne remplissent pas les conditions d&rsquo;un \u00c9tat. Politiquement, reconna\u00eetre aujourd&rsquo;hui l&rsquo;\u00c9tat de Palestine reviendrait \u00e0 r\u00e9compenser le Hamas pour le massacre du 7 octobre 2023.  <\/strong><\/li>\n\n\n\n<li><strong>Pour les m\u00eames raisons, plusieurs autres pays d&rsquo;Europe centrale ainsi que les \u00c9tats-Unis, entre autres, s&rsquo;opposent \u00e0 la reconnaissance de la Palestine \u00e0 l&rsquo;heure actuelle.<\/strong><\/li>\n<\/ul>\n\n<p>Par Sacha Wigdorovits<\/p>\n\n<p>En 1988, \u00e0 l&rsquo;\u00e9poque du bloc de l&rsquo;Est domin\u00e9 par l&rsquo;<a href=\"https:\/\/fokusisrael.ch\/fr\/actualites\/comment-lunion-sovietique-a-fait-de-lantisionisme-un-credo-mondial\/\">Union sovi\u00e9tique antisioniste<\/a>, la Pologne, la Hongrie, la Roumanie et la Bulgarie ont reconnu la Palestine en tant qu&rsquo;\u00c9tat. Au cours de la r\u00e9cente guerre de Gaza, de nombreux autres pays se sont joints \u00e0 eux pour protester contre la conduite de la guerre par Isra\u00ebl, qu&rsquo;ils jugent inacceptable. Parmi les grands pays europ\u00e9ens, on trouve l&rsquo;Espagne, la France et le Royaume-Uni. Au total, 157 des 193 pays membres de l&rsquo;ONU reconnaissent aujourd&rsquo;hui la Palestine.   <\/p>\n\n<p>Mais d&rsquo;autres pays europ\u00e9ens, asiatiques et am\u00e9ricains importants ne sont pas encore pr\u00eats \u00e0 reconna\u00eetre la Palestine en tant qu&rsquo;\u00c9tat. Il s&rsquo;agit notamment de l&rsquo;Allemagne, de l&rsquo;Italie, de l&rsquo;Autriche, des Pays-Bas, du Danemark, de la Finlande, de la Gr\u00e8ce, des \u00c9tats-Unis et du Japon. <\/p>\n\n<p>L&rsquo;ann\u00e9e derni\u00e8re, le Conseil des Etats et maintenant le Conseil national ont d\u00fb se pencher sur la reconnaissance de l&rsquo;Etat de Palestine par la Suisse en raison d&rsquo;une initiative cantonale du canton de Gen\u00e8ve. Gen\u00e8ve avait demand\u00e9 cette reconnaissance. Tout comme le gouvernement national, qui s&rsquo;oppose \u00e0 la reconnaissance actuelle de la Palestine, le canton romand n&rsquo;a pas trouv\u00e9 d&rsquo;\u00e9cho favorable au Parlement : les deux chambres ont rejet\u00e9 la demande \u00e0 une nette majorit\u00e9. Le r\u00e9sultat a \u00e9t\u00e9 de 27 contre 17 au Conseil des Etats et de 116 contre 66 au Conseil national.   <\/p>\n\n<p><strong>Une entit\u00e9 dysfonctionnelle &#8211; un mauvais signal pour le Hamas<\/strong><\/p>\n\n<p>Au Conseil national, Erich Vontobel (UDF Zurich) en a donn\u00e9 les principales raisons :  <\/p>\n\n<ul class=\"wp-block-list\">\n<li>Il existe de s\u00e9rieux doutes en droit international. En effet, la reconnaissance d&rsquo;un \u00c9tat pr\u00e9suppose l&rsquo;existence d&rsquo;un territoire, d&rsquo;un peuple et d&rsquo;un pouvoir d&rsquo;\u00c9tat op\u00e9rationnel. Ces conditions ne sont pas remplies dans le cas de la Palestine.  <\/li>\n\n\n\n<li>Une reconnaissance de la Palestine par l&rsquo;Etat dans la situation actuelle enverrait un signal probl\u00e9matique. La bande de Gaza reste sous le contr\u00f4le du Hamas, qui s&rsquo;oppose au processus de paix, cherche ouvertement \u00e0 d\u00e9truire Isra\u00ebl et est consid\u00e9r\u00e9 comme une organisation terroriste par la Suisse. <\/li>\n<\/ul>\n\n<p>Les deux arguments sont corrects. Ni la Cisjordanie, contr\u00f4l\u00e9e par l&rsquo;OLP par l&rsquo;interm\u00e9diaire de l&rsquo;Autorit\u00e9 palestinienne (AP), ni la bande de Gaza, toujours contr\u00f4l\u00e9e par le Hamas, ne remplissent, m\u00eame de loin, les conditions d&rsquo;un \u00c9tat. Les deux territoires sont dirig\u00e9s par des autorit\u00e9s qui n&rsquo;ont aucune l\u00e9gitimit\u00e9 d\u00e9mocratique et qui sont corrompues (en particulier l&rsquo;Autorit\u00e9 palestinienne en Cisjordanie).    <\/p>\n\n<p>Dans la bande de Gaza (Hamas), il n&rsquo;existe aucune volont\u00e9 de reconna\u00eetre le droit \u00e0 l&rsquo;existence du voisin isra\u00e9lien, mais on cherche au contraire \u00e0 le d\u00e9truire par tous les moyens. En Cisjordanie \u00e9galement, de tels fantasmes d&rsquo;extermination existent toujours, m\u00eame s&rsquo;ils y sont moins ouvertement exprim\u00e9s. <\/p>\n\n<p>A l&rsquo;instar des gouvernements fran\u00e7ais et britannique l&rsquo;ann\u00e9e derni\u00e8re, les partisans de l&rsquo;initiative cantonale (gauche-verts) au Parlement critiquent la conduite de la guerre par Isra\u00ebl dans la bande de Gaza. En reconnaissant la Palestine, ils veulent donc faire pression sur l&rsquo;\u00c9tat juif et le punir en quelque sorte.   <\/p>\n\n<p>Cette approche est extr\u00eamement injuste et amorale. La guerre \u00e0 Gaza n&rsquo;a pas \u00e9t\u00e9 provoqu\u00e9e par Isra\u00ebl, mais par l&rsquo;organisation terroriste Hamas, qui a envahi Isra\u00ebl le 7 octobre 2023 et a commis un massacre qui a fait plus de 1 200 victimes, des enfants en bas \u00e2ge aux personnes \u00e2g\u00e9es.   <\/p>\n\n<p>De plus, c&rsquo;est le Hamas qui a utilis\u00e9 la population de Gaza comme bouclier pendant la guerre. Il ne s&rsquo;est pas content\u00e9 d&rsquo;accepter la mort de nombreux civils. Il l&rsquo;a sciemment provoqu\u00e9e afin de l&rsquo;utiliser \u00e0 des fins de propagande. Ces deux faits sont amplement prouv\u00e9s par les d\u00e9clarations des dirigeants du Hamas. R\u00e9compenser aujourd&rsquo;hui ce comportement inhumain par la reconnaissance d&rsquo;un \u00c9tat serait monstrueux et extr\u00eamement cynique.    <\/p>\n\n<p>De plus, Isra\u00ebl ne se laisse pas impressionner par de telles proclamations politiques, surtout lorsqu&rsquo;elles proviennent d&rsquo;Europe. Au contraire, plus Isra\u00ebl est mis au pied du mur et isol\u00e9 par les Europ\u00e9ens, plus il se replie sur lui-m\u00eame, s&rsquo;unit et r\u00e9siste aux tentatives de pression.   <\/p>\n\n<p>Cela ne fait que renforcer l&rsquo;actuel gouvernement isra\u00e9lien d&rsquo;extr\u00eame droite et rend ainsi encore plus difficile la r\u00e9solution de la question palestinienne. M\u00eame un gouvernement de centre-droit, qui a de bonnes chances d&rsquo;arriver au pouvoir lors des \u00e9lections d&rsquo;octobre, ne se laisserait pas impressionner par la pression (unilat\u00e9rale) de l&rsquo;Europe.   <\/p>\n\n<p>Le seul pays qui peut faire pression sur Isra\u00ebl sur le plan politique, ce sont les \u00c9tats-Unis &#8211; et ils s&rsquo;opposent \u00e0 la reconnaissance de la Palestine si elle n&rsquo;est pas li\u00e9e \u00e0 un accord de paix qui garantit le droit d&rsquo;Isra\u00ebl \u00e0 exister. Lors du d\u00e9bat parlementaire actuel, le ministre suisse des Affaires \u00e9trang\u00e8res, le conseiller f\u00e9d\u00e9ral Ignazio Cassis, a avanc\u00e9 exactement les m\u00eames arguments. Il s&rsquo;est donc \u00e0 nouveau oppos\u00e9, au nom du gouvernement national, \u00e0 la reconnaissance unilat\u00e9rale actuelle de la Palestine en tant qu&rsquo;\u00c9tat.  <\/p>\n\n<p><strong>R\u00e9f\u00e9rendum probable en 2027 &#8211; rejet \u00e9galement<\/strong><\/p>\n\n<p>Le rejet par le Conseil national ne devrait pas mettre un terme \u00e0 la question de savoir si la Suisse doit reconna\u00eetre la Palestine en tant qu&rsquo;Etat. En effet, une initiative populaire de la gauche et des Verts est toujours en suspens et demande que cette reconnaissance soit inscrite dans la Constitution f\u00e9d\u00e9rale. Si elle obtient les 100 000 signatures n\u00e9cessaires, elle devrait \u00eatre soumise au vote en 2027.  <\/p>\n\n<p>Selon un sondage publi\u00e9 par la NZZ am Sonntag en novembre 2025, cette initiative aurait de bonnes chances d&rsquo;\u00eatre accept\u00e9e, au moins au niveau populaire. Ainsi, 57% des personnes interrog\u00e9es se sont prononc\u00e9es en faveur de la reconnaissance de la Palestine par l&rsquo;\u00c9tat, 33% s&rsquo;y sont oppos\u00e9es et 10% \u00e9taient ind\u00e9cises. L&rsquo;initiative populaire a surtout marqu\u00e9 des points chez les femmes et en Suisse romande<s>,<\/s> ainsi que, bien s\u00fbr, chez les Verts de gauche.  <\/p>\n\n<p>Mais en Suisse, seules les initiatives constitutionnelles sont autoris\u00e9es, et pour \u00eatre adopt\u00e9es, elles doivent obtenir non seulement la majorit\u00e9 du peuple, mais aussi celle des cantons. Compte tenu du fait que la majorit\u00e9 des cantons suisses sont bourgeois, l&rsquo;initiative populaire pour la reconnaissance de la Palestine devrait donc \u00e9chouer. Les deux d\u00e9cisions n\u00e9gatives du Conseil des Etats et du Conseil national en sont le meilleur indicateur.  <\/p>\n\n<hr class=\"wp-block-separator has-alpha-channel-opacity\"\/>\n\n<p>Sacha Wigdorovits est pr\u00e9sident de l&rsquo;association Fokus Israel und Nahost, qui g\u00e8re le site web fokusisrael.ch. Il a \u00e9tudi\u00e9 l&rsquo;histoire, la germanistique et la psychologie sociale \u00e0 l&rsquo;universit\u00e9 de Zurich et a travaill\u00e9, entre autres, comme correspondant aux \u00c9tats-Unis pour la SonntagsZeitung, a \u00e9t\u00e9 r\u00e9dacteur en chef du BLICK et cofondateur du journal pour pendulaires 20minuten.   <\/p>\n","protected":false},"excerpt":{"rendered":"<p>R\u00e9sum\u00e9 Par Sacha Wigdorovits En 1988, \u00e0 l&rsquo;\u00e9poque du bloc de l&rsquo;Est domin\u00e9 par l&rsquo;Union sovi\u00e9tique antisioniste, la Pologne, la Hongrie, la Roumanie et la Bulgarie ont reconnu la Palestine en tant qu&rsquo;\u00c9tat. Au cours de la r\u00e9cente guerre de Gaza, de nombreux autres pays se sont joints \u00e0 eux pour protester contre la conduite [&hellip;]<\/p>\n","protected":false},"author":2,"featured_media":8957,"comment_status":"closed","ping_status":"closed","sticky":false,"template":"","format":"standard","meta":{"_hide_socialbar":"","footnotes":""},"categories":[428],"tags":[1112,1098,1157,383,485,3625,1344,1231,922,379,393,1079,3626,372,1480,3627,2654,3624,454,396,820],"class_list":["post-8956","post","type-post","status-publish","format-standard","has-post-thumbnail","hentry","category-actualites","tag-7-oktober","tag-analyses-propres","tag-autorite-palestinienne","tag-cisjordanie","tag-conflit-au-proche-orient","tag-conseil-des-etats","tag-conseil-federal","tag-conseil-national","tag-droit-international-public","tag-gaza-fr","tag-hamas-fr","tag-ignazio-cassis-fr","tag-initiative-cantonale-geneve","tag-israel-fr","tag-palestine","tag-parlement-suisse-2","tag-politique-etrangere-de-la-suisse","tag-reconnaissance-de-la-palestine","tag-sacha-wigdorovits-fr","tag-suisse","tag-terrorisme"],"aioseo_notices":[],"_links":{"self":[{"href":"https:\/\/fokusisrael.ch\/fr\/wp-json\/wp\/v2\/posts\/8956","targetHints":{"allow":["GET"]}}],"collection":[{"href":"https:\/\/fokusisrael.ch\/fr\/wp-json\/wp\/v2\/posts"}],"about":[{"href":"https:\/\/fokusisrael.ch\/fr\/wp-json\/wp\/v2\/types\/post"}],"author":[{"embeddable":true,"href":"https:\/\/fokusisrael.ch\/fr\/wp-json\/wp\/v2\/users\/2"}],"replies":[{"embeddable":true,"href":"https:\/\/fokusisrael.ch\/fr\/wp-json\/wp\/v2\/comments?post=8956"}],"version-history":[{"count":2,"href":"https:\/\/fokusisrael.ch\/fr\/wp-json\/wp\/v2\/posts\/8956\/revisions"}],"predecessor-version":[{"id":8964,"href":"https:\/\/fokusisrael.ch\/fr\/wp-json\/wp\/v2\/posts\/8956\/revisions\/8964"}],"wp:featuredmedia":[{"embeddable":true,"href":"https:\/\/fokusisrael.ch\/fr\/wp-json\/wp\/v2\/media\/8957"}],"wp:attachment":[{"href":"https:\/\/fokusisrael.ch\/fr\/wp-json\/wp\/v2\/media?parent=8956"}],"wp:term":[{"taxonomy":"category","embeddable":true,"href":"https:\/\/fokusisrael.ch\/fr\/wp-json\/wp\/v2\/categories?post=8956"},{"taxonomy":"post_tag","embeddable":true,"href":"https:\/\/fokusisrael.ch\/fr\/wp-json\/wp\/v2\/tags?post=8956"}],"curies":[{"name":"wp","href":"https:\/\/api.w.org\/{rel}","templated":true}]}}