{"id":8930,"date":"2026-04-29T12:42:59","date_gmt":"2026-04-29T10:42:59","guid":{"rendered":"https:\/\/fokusisrael.ch\/non-categorise\/golda-meir-a-fokusisrael-ch-le-gouvernement-devrait-faire-enqueter-de-maniere-independante-sur-le-7-octobre\/"},"modified":"2026-04-29T12:43:46","modified_gmt":"2026-04-29T10:43:46","slug":"golda-meir-a-fokusisrael-ch-le-gouvernement-devrait-faire-enqueter-de-maniere-independante-sur-le-7-octobre","status":"publish","type":"post","link":"https:\/\/fokusisrael.ch\/fr\/actualites\/golda-meir-a-fokusisrael-ch-le-gouvernement-devrait-faire-enqueter-de-maniere-independante-sur-le-7-octobre\/","title":{"rendered":"Golda Meir \u00e0 FokusIsrael.ch : \u00ab\u00a0Le gouvernement devrait faire enqu\u00eater de mani\u00e8re ind\u00e9pendante sur le 7 octobre\u00a0\u00bb."},"content":{"rendered":"\n<p><u><strong>R\u00e9sum\u00e9<\/strong><\/u><\/p>\n\n<ul class=\"wp-block-list\">\n<li><strong>Le 17 mars 1969, le Parlement isra\u00e9lien a \u00e9lu Golda Meir, alors \u00e2g\u00e9e de 71 ans et pr\u00e9sidente du Parti travailliste, premier Premier ministre du pays. Elle \u00e9tait alors la troisi\u00e8me femme au monde \u00e0 diriger un gouvernement. <\/strong><\/li>\n\n\n\n<li><strong>N\u00e9e \u00e0 Kiev, la charismatique \u00ab\u00a0Dame de fer\u00a0\u00bb \u00e9tait une sioniste convaincue et est devenue une ic\u00f4ne du peuple juif. Elle a occup\u00e9 le poste de Premier ministre pendant cinq ans. Auparavant, elle avait \u00e9t\u00e9 ministre des Affaires \u00e9trang\u00e8res.  <\/strong><\/li>\n\n\n\n<li><strong>L&rsquo;attentat terroriste contre le vol SR 330 de Swissair et l&rsquo;attentat olympique de Munich du 5 septembre 1972, au cours duquel des terroristes palestiniens ont assassin\u00e9 11 participants isra\u00e9liens aux Jeux olympiques, ont eu lieu sous le mandat de Meir.<\/strong><\/li>\n\n\n\n<li><strong>Mais surtout, le mandat de Golda Meir a \u00e9t\u00e9 marqu\u00e9 par la guerre du Yom Kippour de 1973, au cours de laquelle Isra\u00ebl a \u00e9t\u00e9 surpris par l&rsquo;\u00c9gypte et s&rsquo;est retrouv\u00e9 au bord de la d\u00e9faite.<\/strong><\/li>\n\n\n\n<li><strong>Apr\u00e8s une enqu\u00eate ind\u00e9pendante sur la guerre, Golda Meir a d\u00e9missionn\u00e9 en 1974 en raison d&rsquo;une pression publique massive.<\/strong><\/li>\n\n\n\n<li><strong>Le 8 d\u00e9cembre 1978, cette fumeuse \u00e0 la cha\u00eene est d\u00e9c\u00e9d\u00e9e \u00e0 J\u00e9rusalem \u00e0 l&rsquo;\u00e2ge de 80 ans des suites d&rsquo;un cancer des ganglions lymphatiques.  <\/strong><\/li>\n\n\n\n<li><strong>FocusIsra\u00ebl.ch s&rsquo;est entretenu avec Golda Meir, avec l&rsquo;aide de l&rsquo;IA, sur sa vie, sa p\u00e9riode \u00e0 la t\u00eate du gouvernement et ses convictions politiques.  <\/strong><\/li>\n<\/ul>\n\n<p><strong>Golda Meir, comment jugez-vous la situation actuelle au Proche-Orient ?<\/strong><\/p>\n\n<p><strong>Golda Meir : <\/strong>Les probl\u00e8mes fondamentaux n&rsquo;ont pas chang\u00e9 : S\u00e9curit\u00e9, reconnaissance et m\u00e9fiance. La paix ne se construit pas sur des v\u0153ux pieux, mais sur des d\u00e9cisions difficiles et des partenaires fiables. Tant que l&rsquo;existence d&rsquo;Isra\u00ebl sera remise en question, la s\u00e9curit\u00e9 restera notre premier devoir.    <\/p>\n\n<p><strong>Ils d\u00e9fendent la th\u00e8se selon laquelle le conflit ne porte pas sur les fronti\u00e8res, mais sur l&rsquo;existence m\u00eame d&rsquo;Isra\u00ebl.<\/strong><\/p>\n\n<p><strong>Golda Meir<\/strong>: Bien s\u00fbr. Si les Arabes avaient accept\u00e9 notre existence ici en Isra\u00ebl, la question de la fronti\u00e8re ne serait plus aussi importante. Le probl\u00e8me, c&rsquo;est qu&rsquo;ils ne nous acceptent pas. Les Arabes veulent nous voir morts. Nous voulons vivre. Il n&rsquo;y a pas de compromis possible.     <\/p>\n\n<p><strong>Vous persistez \u00e0 parler des Arabes et non des Palestiniens.<\/strong><\/p>\n\n<p><strong>Golda Meir :<\/strong> Je m&rsquo;interroge sur ce terme. Regardez : tous ceux qui ont v\u00e9cu en Isra\u00ebl avant 1948 \u00e9taient palestiniens. C&rsquo;est un fait. Moi-m\u00eame, j&rsquo;ai toujours un passeport britannique-palestinien. J&rsquo;ai donc \u00e9t\u00e9 palestinienne de 1921 \u00e0 1948 (sourires). Nous \u00e9tions tous des Palestiniens. Nous n&rsquo;\u00e9tions pas juifs ou arabes \u00e0 l&rsquo;\u00e9poque.        <\/p>\n\n<p><strong>Que voulez-vous dire ?<\/strong><\/p>\n\n<p><strong>Golda Meir :<\/strong> Le terme \u00ab\u00a0Palestinien\u00a0\u00bb n&rsquo;\u00e9tait pas l&rsquo;expression d&rsquo;une identit\u00e9 nationale distincte telle qu&rsquo;elle est utilis\u00e9e aujourd&rsquo;hui. Il s&rsquo;agissait d&rsquo;une d\u00e9signation g\u00e9ographique sous le mandat britannique. Les Juifs comme les Arabes \u00e9taient appel\u00e9s ainsi. Lorsque je parle d&rsquo;Arabes, je fais r\u00e9f\u00e9rence \u00e0 la population arabe de cette r\u00e9gion qui, culturellement, linguistiquement et historiquement, fait partie du monde arabe au sens large. Ce n&rsquo;est pas du m\u00e9pris, mais une description de la r\u00e9alit\u00e9.      <\/p>\n\n<p><strong>Et aujourd&rsquo;hui ?<\/strong><\/p>\n\n<p><strong>Golda Meir :<\/strong> Le probl\u00e8me survient lorsque l&rsquo;on donne r\u00e9trospectivement \u00e0 des termes une signification qu&rsquo;ils n&rsquo;avaient pas \u00e0 l&rsquo;\u00e9poque. Pour nous, il ne s&rsquo;agissait pas de terminologie, mais d&rsquo;une question pratique : comment deux groupes de population peuvent-ils vivre dans le m\u00eame pays &#8211; et pourquoi toute tentative de division ou de coexistence \u00e9tait-elle rejet\u00e9e du c\u00f4t\u00e9 arabe ? <\/p>\n\n<p><strong>Lorsque vous avez immigr\u00e9 en 1921 dans ce qui \u00e9tait alors la Palestine sous mandat britannique, vous attendiez-vous \u00e0 ce que la r\u00e9alisation de votre r\u00eave sioniste rencontre une telle r\u00e9sistance du c\u00f4t\u00e9 arabe ?<\/strong><\/p>\n\n<p><strong>Golda Meir :<\/strong> Non, si je suis honn\u00eate, pas du tout. Je ne savais que tr\u00e8s peu de choses sur la r\u00e9gion \u00e0 l&rsquo;\u00e9poque.   <\/p>\n\n<p><strong>Et si vous aviez su que la situation serait aussi difficile pour l&rsquo;\u00c9tat juif ?<\/strong><\/p>\n\n<p><strong>Golda Meir :<\/strong> Cela n&rsquo;aurait rien chang\u00e9 \u00e0 ma d\u00e9cision de quitter les \u00c9tats-Unis pour m&rsquo;installer en Isra\u00ebl. En m\u00eame temps, je suis d\u00e9sol\u00e9e que tant de malheurs se soient abattus sur nous et sur les Arabes. Mais ma conscience est claire. Savez-vous pourquoi ?   <\/p>\n\n<p><strong>Dites-le nous !<\/strong><\/p>\n\n<p><strong>Golda Meir :<\/strong> Les Arabes de ce monde ont le choix de l&rsquo;endroit o\u00f9 ils veulent vivre. Nous, les Juifs, n&rsquo;avons pas ce choix. Regardez l&rsquo;Europe ! Elle est en train de changer \u00e9conomiquement, politiquement et moralement. Ce qui m&rsquo;\u00e9tonne souvent, c&rsquo;est la tendance europ\u00e9enne \u00e0 juger moralement les conflits de l&rsquo;ext\u00e9rieur, sans vraiment comprendre la r\u00e9alit\u00e9 sur le terrain. Isra\u00ebl a \u00e9t\u00e9 cr\u00e9\u00e9 par n\u00e9cessit\u00e9. Ceux qui nous critiquent devraient se demander quelles d\u00e9cisions ils prendraient eux-m\u00eames dans les m\u00eames circonstances.      <\/p>\n\n<p><strong>Comment jugez-vous les critiques adress\u00e9es \u00e0 Isra\u00ebl dans le monde entier ?<\/strong><\/p>\n\n<p><strong>Golda Meir :<\/strong> La critique est l\u00e9gitime. Mais elle devient insignifiante si elle ignore la r\u00e9alit\u00e9 dans laquelle nous vivons. Aucun \u00c9tat n&rsquo;agirait diff\u00e9remment si son existence \u00e9tait menac\u00e9e quotidiennement.    <\/p>\n\n<p><strong>Quelle importance accordez-vous \u00e0 la religion ? Golda Meir :<\/strong> Je ne suis pas une femme particuli\u00e8rement religieuse au sens traditionnel du terme. Je n&rsquo;ai jamais pr\u00e9tendu suivre strictement toutes les coutumes religieuses. Mais je suis juive &#8211; pas seulement dans la foi, mais dans le destin, dans l&rsquo;histoire et dans la responsabilit\u00e9. L&rsquo;\u00c9tat d&rsquo;Isra\u00ebl est avant tout un foyer pour un peuple qui en a trop souvent \u00e9t\u00e9 priv\u00e9. La religion y joue un r\u00f4le. Mais ce qui est plus important pour moi, c&rsquo;est que les Juifs du monde entier sachent qu&rsquo;en Isra\u00ebl, ils ne sont plus sans d\u00e9fense.     <\/p>\n\n<p><strong>Croyez-vous encore \u00e0 une solution \u00e0 deux \u00c9tats ? Golda Meir :<\/strong> J&rsquo;ai toujours cru aux solutions pragmatiques. Mais une solution ne fonctionne que si les deux parties la veulent vraiment. La paix ne peut pas \u00eatre \u00e9tablie unilat\u00e9ralement. J&rsquo;ai de l&rsquo;espoir. Nous n&rsquo;avons jamais manqu\u00e9 une seule occasion de dire aux Arabes que nous voulions vraiment la paix.    <\/p>\n\n<p><strong>Serait-il douloureux pour vous de sacrifier la Jud\u00e9e et la Samarie (la Cisjordanie, NDLR) pour la paix ?<\/strong><\/p>\n\n<p><strong>Golda Meir :<\/strong> Oui, bien s\u00fbr, il est douloureux de parler d&rsquo;une terre qui a une importance historique pour notre peuple. Mais il serait encore plus douloureux de prendre des d\u00e9cisions qui mettent en danger la vie de nos concitoyens. Une cigarette, s&rsquo;il vous pla\u00eet ! Pour moi, la question n&rsquo;a jamais \u00e9t\u00e9 de savoir ce que nous abandonnions sur le plan \u00e9motionnel, mais ce que nous pouvions assumer. Je ne crois pas vraiment que l&rsquo;on puisse acheter la paix uniquement par des concessions, car vous ne pouvez pas n\u00e9gocier la paix avec quelqu&rsquo;un qui est venu pour vous tuer.    <br\/><br\/><strong>Que voulez-vous dire ?<\/strong><\/p>\n\n<p><strong>Golda Meir :<\/strong> Je ne suis pas contre les compromis. Toute paix les exige. Mais il y a une diff\u00e9rence entre un compromis et un abandon de soi. Si votre vis-\u00e0-vis ne reconna\u00eet pas votre droit \u00e0 l&rsquo;existence, alors vous ne n\u00e9gociez pas les fronti\u00e8res ou la politique &#8211; vous n\u00e9gociez votre survie. Et en tant que chef de gouvernement, il \u00e9tait de mon devoir d&#8217;emp\u00eacher pr\u00e9cis\u00e9ment cela.    <\/p>\n\n<p><strong>Reprenons la roue du temps : vous \u00eates n\u00e9 \u00e0 Kiev, la capitale de l&rsquo;Ukraine actuelle, et avez grandi aux \u00c9tats-Unis. Quels sont vos souvenirs d&rsquo;enfance ? <\/strong><\/p>\n\n<p><strong>Golda Meir :<\/strong> Je ne me souviens pas d&rsquo;une seule exp\u00e9rience agr\u00e9able. Je me souviens beaucoup plus d&rsquo;une situation familiale difficile. Nous n&rsquo;avions pas assez \u00e0 manger et nous craignions constamment les pogroms. Mon p\u00e8re, un menuisier juif, clouait les portes parce qu&rsquo;il en avait peur. Puis, en 1906, il a d\u00e9cid\u00e9 de s&rsquo;installer \u00e0 Milwaukee, aux \u00c9tats-Unis, pour pouvoir nourrir notre famille de dix personnes.      <\/p>\n\n<p><strong>Les \u00e9v\u00e9nements de l&#8217;empire russe de l&rsquo;\u00e9poque ont-ils fait de vous une sioniste convaincue ?<\/strong><\/p>\n\n<p><strong>Golda Meir :<\/strong> Les histoires de violence, la peur sur les visages des adultes &#8211; tout cela faisait partie de ma petite enfance \u00e0 Kiev. Le sionisme n&rsquo;\u00e9tait donc pas pour moi une id\u00e9e abstraite, mais une n\u00e9cessit\u00e9. J&rsquo;ai compris tr\u00e8s t\u00f4t que nous, les Juifs, avions besoin d&rsquo;un endroit o\u00f9 nous pourrions choisir notre propre destin. En 1921, j&rsquo;ai persuad\u00e9 mon mari Morris Myerson d&rsquo;\u00e9migrer en Palestine. Les trois premi\u00e8res ann\u00e9es pass\u00e9es au kibboutz de Merchawia ont \u00e9t\u00e9 parmi les plus belles de ma vie. Ensuite, nous nous sommes install\u00e9s \u00e0 Tel Aviv avec nos deux enfants.     <\/p>\n\n<p><strong>Quels conseils donneriez-vous aux jeunes dirigeants politiques aujourd&rsquo;hui ?<\/strong><\/p>\n\n<p><strong>Golda Meir : <\/strong>\u00c9coutez moins les gros titres et plus les responsabilit\u00e9s ! Diriger, c&rsquo;est prendre des d\u00e9cisions impopulaires lorsqu&rsquo;elles sont n\u00e9cessaires. \u00catre populaire n&rsquo;est pas un objectif politique.    <s><\/s><\/p>\n\n<p><strong>Vous \u00eates entr\u00e9e en fonction en mars 1969 en tant que premier Premier ministre d&rsquo;Isra\u00ebl et vous avez \u00e9t\u00e9 l&rsquo;une des premi\u00e8res femmes au monde \u00e0 diriger un gouvernement. Comment voyez-vous le r\u00f4le des femmes en politique aujourd&rsquo;hui ? <\/strong><\/p>\n\n<p><strong>Golda Meir :<\/strong> Je n&rsquo;ai jamais fait de politique en tant que femme, mais en tant que politicienne. Mais je constate que les femmes ont aujourd&rsquo;hui plus de possibilit\u00e9s. Ce qui compte, ce n&rsquo;est pas le sexe, mais de savoir si l&rsquo;on est pr\u00eat \u00e0 assumer le poids des d\u00e9cisions.  <\/p>\n\n<p><strong>Quelle a \u00e9t\u00e9 votre plus grande le\u00e7on politique ?<\/strong><\/p>\n\n<p><strong>Golda Meir :<\/strong> Que les d\u00e9cisions ont des cons\u00e9quences qu&rsquo;il faut assumer soi-m\u00eame. Et que l&rsquo;h\u00e9sitation est parfois plus dangereuse que l&rsquo;erreur. Au cours de mes cinq ann\u00e9es \u00e0 la t\u00eate du gouvernement, je n&rsquo;ai pas pu aller au bout d&rsquo;un seul r\u00eave, car j&rsquo;avais \u00e0 mon chevet une liaison directe avec le quartier g\u00e9n\u00e9ral de l&rsquo;arm\u00e9e. Nous \u00e9tions dans une guerre d&rsquo;usure. Lorsque je commen\u00e7ais \u00e0 r\u00eaver, je recevais un coup de t\u00e9l\u00e9phone    <\/p>\n\n<details class=\"wp-block-details has-background is-layout-flow wp-block-details-is-layout-flow\" style=\"background-color:#badfff\" open><summary><strong>La citation la plus c\u00e9l\u00e8bre de Golda Meir &#8211; qui n&rsquo;en \u00e9tait pas une<\/strong><\/summary>\n<p>Au cours de sa longue carri\u00e8re politique, la Premi\u00e8re ministre isra\u00e9lienne Golda Meir a fait de nombreuses d\u00e9clarations percutantes et pr\u00eates \u00e0 \u00eatre publi\u00e9es. La plus c\u00e9l\u00e8bre \u00e9tait : <strong>\u00ab\u00a0La paix viendra quand les Arabes aimeront leurs enfants plus qu&rsquo;ils ne nous ha\u00efront\u00a0\u00bb.<\/strong> <\/p>\n\n\n\n<p>Cette phrase a \u00e9t\u00e9 cit\u00e9e \u00e0 maintes reprises pendant des d\u00e9cennies. Mais en 2015, des recherches approfondies men\u00e9es par le c\u00e9l\u00e8bre auteur am\u00e9ricain Harvey Rachlin ont r\u00e9v\u00e9l\u00e9 <a href=\"https:\/\/jewishpress.com\/the-mystery-of-goldas-golden-gems\/\">qu&rsquo;il n&rsquo;existait aucune preuve que Golda Meir ait r\u00e9ellement prononc\u00e9 cette phrase<\/a>. Pourtant, elle est encore c\u00e9l\u00e8bre aujourd&rsquo;hui et continue d&rsquo;\u00eatre souvent r\u00e9p\u00e9t\u00e9e. Cela s&rsquo;explique sans doute par le fait que, comme le prouvent de nombreuses d\u00e9clarations authentiques de Golda Meir, elle correspondait \u00e0 ses convictions. Les Italiens disent en pareil cas : \u00ab\u00a0Si non \u00e8 vero, \u00e8 ben trovato &#8211; Si ce n&rsquo;est pas vrai, c&rsquo;est bien invent\u00e9\u00a0\u00bb.      <\/p>\n<\/details>\n\n<p><strong>Vous parlez de la guerre du Yom Kippour de 1973, qu&rsquo;Isra\u00ebl a failli perdre. Environ 2600 soldats isra\u00e9liens ont \u00e9t\u00e9 tu\u00e9s. Vous avez accept\u00e9 de mettre en place une commission d&rsquo;enqu\u00eate ind\u00e9pendante.   Pourquoi ?  <\/strong><\/p>\n\n<p><strong>Golda Meir :<\/strong> En 1973, nous avons cr\u00e9\u00e9 la commission Agranat parce que le peuple, les r\u00e9servistes, les familles des soldats morts au combat et la simple n\u00e9cessit\u00e9 l&rsquo;exigeaient. Nous avons \u00e9t\u00e9 pris par surprise. La \u00ab\u00a0konzeptzia\u00a0\u00bb &#8211; notre conviction que l&rsquo;ennemi ferait exactement ce que nous attendions &#8211; nous avait presque bris\u00e9 le cou. Des milliers de nos fils \u00e9taient morts. Le pays \u00e9tait en \u00e9tat de choc. En tant que Premier ministre, je savais que si Isra\u00ebl voulait survivre, il devait se regarder en face.       <\/p>\n\n<p><strong>Les r\u00e9sultats de l&rsquo;enqu\u00eate ont d\u00e9clench\u00e9 une critique publique. Vous avez d\u00fb d\u00e9missionner. <\/strong><\/p>\n\n<p><strong>Golda Meir :<\/strong> La Commission a surtout critiqu\u00e9 le niveau militaire et celui des services de renseignement &#8211; et elle a eu raison de le faire. N\u00e9anmoins, j&rsquo;ai pris mes responsabilit\u00e9s politiques et j&rsquo;ai d\u00e9missionn\u00e9. Non pas parce que la Commission m&rsquo;a personnellement condamn\u00e9e, mais parce qu&rsquo;une figure de proue qui envoie son pays \u00e0 la guerre et qui fuit ensuite la v\u00e9rit\u00e9 n&rsquo;est pas un leader.  <\/p>\n\n<p><strong>Le gouvernement isra\u00e9lien actuel devrait-il \u00e9galement faire enqu\u00eater sur le meurtre de masse du 7 octobre 2023 par une telle \u00ab\u00a0State Commission\u00a0\u00bb ?<\/strong><\/p>\n\n<p><strong>Golda Meir :<\/strong> Oui, le gouvernement isra\u00e9lien devrait mettre en place une commission d&rsquo;enqu\u00eate gouvernementale ind\u00e9pendante &#8211; tout comme nous l&rsquo;avons fait apr\u00e8s la guerre du Kippour. Le massacre du 7 octobre a \u00e9t\u00e9 un \u00e9chec encore plus grave et, \u00e0 certains \u00e9gards, plus effrayant que celui de 1973. Une fois de plus, il y a eu des signaux d&rsquo;alarme qui ont \u00e9t\u00e9 ignor\u00e9s. De nouveau, une erreur fatale de jugement de l&rsquo;ennemi. Encore des morts, des personnes enlev\u00e9es, des communaut\u00e9s d\u00e9truites. Le peuple isra\u00e9lien a le droit &#8211; et le devoir &#8211; de conna\u00eetre toute la v\u00e9rit\u00e9.       <\/p>\n\n<p><strong>Quelles sont les questions prioritaires pour vous ?<\/strong><\/p>\n\n<p><strong>Golda Meir :<\/strong> Qui savait quoi et quand ? Pourquoi n&rsquo;y a-t-il pas eu de mobilisation ? Pourquoi les communaut\u00e9s frontali\u00e8res ont-elles \u00e9t\u00e9 si mal prot\u00e9g\u00e9es ? Quelles d\u00e9cisions politiques et militaires ont conduit \u00e0 cela ? Ce ne sont pas des questions de gauche ou de droite. Ce sont des questions de responsabilit\u00e9 envers les morts, les survivants et les g\u00e9n\u00e9rations futures. Je n&rsquo;ai jamais gouvern\u00e9 Isra\u00ebl avec des gants de velours. J&rsquo;ai dirig\u00e9 mon pays avec une v\u00e9rit\u00e9 crue. Et c&rsquo;est exactement ce que j&rsquo;attends de ceux qui sont en charge aujourd&rsquo;hui.          <\/p>\n\n<p><em><strong>Remarque :<\/strong><\/em><em>  Cette interview est fictive. Elle a \u00e9t\u00e9 r\u00e9alis\u00e9e \u00e0 l&rsquo;aide de ChatGPT et est bas\u00e9e sur les propres d\u00e9clarations et \u00e9crits de Golda Meir, ainsi que sur des rapports la concernant et des films historiques. <\/em> <em>Dans les semaines \u00e0 venir, nous m\u00e8nerons des entretiens fictifs avec d&rsquo;autres personnalit\u00e9s, issues de diff\u00e9rents domaines de la vie &#8211; politique, religieux, scientifique, culturel &#8211; qui ont \u00e9t\u00e9 importantes pour le juda\u00efsme et Isra\u00ebl, afin de faire conna\u00eetre leurs id\u00e9es au public d&rsquo;aujourd&rsquo;hui. Le site   <\/em><a href=\"https:\/\/fokusisrael.ch\/fr\/actualites\/theodor-herzl-a-fokusisrael-ch-jai-toujours-dit-que-letat-devait-etre-laique\/\"><em>premi\u00e8re interview a eu lieu avec Theodor Herzl<\/em><\/a><em> a eu lieu, le fondateur du sionisme moderne, <\/em><a href=\"https:\/\/fokusisrael.ch\/fr\/actualites\/chaim-weizmann-a-fokusisrael-ch-lavenir-ne-peut-reposer-que-sur-la-cooperation-avec-les-arabes\/\"><em>la deuxi\u00e8me interview avec Chaim Weizmann<\/em><\/a><em>le premier pr\u00e9sident d&rsquo;Isra\u00ebl, et la troisi\u00e8me avec <\/em><a href=\"https:\/\/fokusisrael.ch\/fr\/actualites\/david-ben-gourion-a-fokusisrael-ch-nous-avions-un-avantage-nous-luttions-pour-notre-existence\/\"><em>David Ben Gourion, le premier Premier ministre d&rsquo;Isra\u00ebl.<\/em><\/a><em>.<\/em><\/p>\n\n<p><\/p>\n","protected":false},"excerpt":{"rendered":"<p>R\u00e9sum\u00e9 Golda Meir, comment jugez-vous la situation actuelle au Proche-Orient ? Golda Meir : Les probl\u00e8mes fondamentaux n&rsquo;ont pas chang\u00e9 : S\u00e9curit\u00e9, reconnaissance et m\u00e9fiance. La paix ne se construit pas sur des v\u0153ux pieux, mais sur des d\u00e9cisions difficiles et des partenaires fiables. Tant que l&rsquo;existence d&rsquo;Isra\u00ebl sera remise en question, la s\u00e9curit\u00e9 restera [&hellip;]<\/p>\n","protected":false},"author":2,"featured_media":8931,"comment_status":"closed","ping_status":"closed","sticky":false,"template":"","format":"standard","meta":{"_hide_socialbar":"","footnotes":""},"categories":[428],"tags":[3572,927,395,3417,3441,3604,3605,485,3606,3444,1276,3584,3600,3601,3607,19,393,3533,3448,3323,8,943,3602,1238,3603,380],"class_list":{"0":"post-8930","1":"post","2":"type-post","3":"status-publish","4":"format-standard","5":"has-post-thumbnail","6":"hentry","7":"category-actualites","8":"tag-7-octobre-2023-3","9":"tag-7-octobre-2023","10":"tag-antisemitisme","11":"tag-chaim-weizmann","13":"tag-commission-agranat","14":"tag-commission-denquete","15":"tag-conflit-au-proche-orient","16":"tag-david-ben-gourion-2","17":"tag-david-ben-gourion","18":"tag-focus-sur-israel","19":"tag-golda-meir","21":"tag-guerre-de-yom-kippour","22":"tag-guide","23":"tag-hamas","24":"tag-hamas-fr","25":"tag-histoire-disrael-2","26":"tag-histoire-disrael","27":"tag-interview-fictive","28":"tag-israel","29":"tag-israel-politique","30":"tag-israel-securite","31":"tag-judaisme","32":"tag-responsabilite","33":"tag-sionisme"},"aioseo_notices":[],"_links":{"self":[{"href":"https:\/\/fokusisrael.ch\/fr\/wp-json\/wp\/v2\/posts\/8930","targetHints":{"allow":["GET"]}}],"collection":[{"href":"https:\/\/fokusisrael.ch\/fr\/wp-json\/wp\/v2\/posts"}],"about":[{"href":"https:\/\/fokusisrael.ch\/fr\/wp-json\/wp\/v2\/types\/post"}],"author":[{"embeddable":true,"href":"https:\/\/fokusisrael.ch\/fr\/wp-json\/wp\/v2\/users\/2"}],"replies":[{"embeddable":true,"href":"https:\/\/fokusisrael.ch\/fr\/wp-json\/wp\/v2\/comments?post=8930"}],"version-history":[{"count":1,"href":"https:\/\/fokusisrael.ch\/fr\/wp-json\/wp\/v2\/posts\/8930\/revisions"}],"predecessor-version":[{"id":8932,"href":"https:\/\/fokusisrael.ch\/fr\/wp-json\/wp\/v2\/posts\/8930\/revisions\/8932"}],"wp:featuredmedia":[{"embeddable":true,"href":"https:\/\/fokusisrael.ch\/fr\/wp-json\/wp\/v2\/media\/8931"}],"wp:attachment":[{"href":"https:\/\/fokusisrael.ch\/fr\/wp-json\/wp\/v2\/media?parent=8930"}],"wp:term":[{"taxonomy":"category","embeddable":true,"href":"https:\/\/fokusisrael.ch\/fr\/wp-json\/wp\/v2\/categories?post=8930"},{"taxonomy":"post_tag","embeddable":true,"href":"https:\/\/fokusisrael.ch\/fr\/wp-json\/wp\/v2\/tags?post=8930"}],"curies":[{"name":"wp","href":"https:\/\/api.w.org\/{rel}","templated":true}]}}