{"id":8901,"date":"2026-04-28T15:21:02","date_gmt":"2026-04-28T13:21:02","guid":{"rendered":"https:\/\/fokusisrael.ch\/non-categorise\/bonjour-srf-le-hezbollah-nest-pas-une-association-sociale-mais-une-organisation-terroriste\/"},"modified":"2026-04-28T15:21:31","modified_gmt":"2026-04-28T13:21:31","slug":"bonjour-srf-le-hezbollah-nest-pas-une-association-sociale-mais-une-organisation-terroriste","status":"publish","type":"post","link":"https:\/\/fokusisrael.ch\/fr\/actualites\/bonjour-srf-le-hezbollah-nest-pas-une-association-sociale-mais-une-organisation-terroriste\/","title":{"rendered":"Bonjour SRF, le Hezbollah n&rsquo;est pas une association sociale, mais une organisation terroriste"},"content":{"rendered":"\n<p><strong><u>R\u00e9sum\u00e9<\/u><\/strong><\/p>\n\n<ul class=\"wp-block-list\">\n<li><strong>Un <\/strong><a href=\"https:\/\/www.instagram.com\/reels\/DXgrawYAGJX\/\"><strong>SRF-Reel<\/strong><\/a><strong>  veut expliquer, selon ses propres termes, \u00ab\u00a0ce qu&rsquo;est le Hezbollah\u00a0\u00bb. Mais au lieu de faire la lumi\u00e8re sur la nature terroriste de l&rsquo;organisation, elle l&rsquo;enjolive. <\/strong><\/li>\n\n\n\n<li><strong>Le Hezbollah appara\u00eet dans l&rsquo;article avant tout comme une force religieuse, politique et sociale au Liban. <\/strong><strong>Son r\u00f4le en tant qu&rsquo;organisation terroriste <\/strong><strong>est pr\u00e9sent\u00e9 sur<\/strong><strong> est rel\u00e9gu\u00e9 \u00e0 l&rsquo;arri\u00e8re-plan<\/strong><strong>d\u00e9plac\u00e9<\/strong><strong>.<\/strong><\/li>\n\n\n\n<li><strong>Le fait que le Hezbollah au Liban <\/strong><strong>a largement contribu\u00e9 \u00e0 l&rsquo;exode des chr\u00e9tiens.<\/strong><strong>Il n&rsquo;est pas non plus question de l&rsquo;existence d&rsquo;un conflit arm\u00e9 au Liban.<\/strong><\/li>\n\n\n\n<li><strong>Selon la SRF, l&rsquo;existence du Hezbollah est due \u00e0 Isra\u00ebl ou \u00e0 l&rsquo;arm\u00e9e isra\u00e9lienne qui a envahi le Liban \u00e0 l&rsquo;\u00e9poque.<\/strong><\/li>\n\n\n\n<li><strong>Le fait que cette invasion ait eu lieu en 1978 et en 1982 en r\u00e9ponse \u00e0 des attaques terroristes en provenance du Liban (et qu&rsquo;elle \u00e9tait destin\u00e9e \u00e0 l&rsquo;OLP) est soigneusement pass\u00e9 sous silence.  <\/strong><\/li>\n\n\n\n<li><strong>Au contraire, le reportage de la SRF parle \u00e0 plusieurs reprises d'\u00a0\u00bbattaques isra\u00e9liennes\u00a0\u00bb &#8211; au lieu de pr\u00e9ciser que le Hezbollah avait auparavant attaqu\u00e9 massivement Isra\u00ebl avec des roquettes.<\/strong><\/li>\n\n\n\n<li><strong>Le reportage reste fid\u00e8le au sch\u00e9ma narratif de la radio et de la t\u00e9l\u00e9vision publiques suisses : Isra\u00ebl est une puissance militante agressive.<\/strong><\/li>\n\n\n\n<li><strong>Pour la SRF, le fait que les adversaires d&rsquo;Isra\u00ebl veulent d\u00e9truire l&rsquo;\u00c9tat juif ne vaut pas la peine d&rsquo;\u00eatre mentionn\u00e9.<\/strong><\/li>\n<\/ul>\n\n<p>Par David Spuler<\/p>\n\n<p>Cela commence par des images du Liban : des maisons d\u00e9truites, des chiffres sur les logements endommag\u00e9s, un cessez-le-feu. Puis la question : \u00ab\u00a0Qu&rsquo;est-ce que le Hezbollah exactement et quelle est son influence au Liban ?\u00a0\u00bb. <\/p>\n\n<p>Jusqu&rsquo;ici, c&rsquo;est l\u00e9gitime. Pour comprendre la guerre au nord d&rsquo;Isra\u00ebl et au Liban, il faut comprendre le Hezbollah. Mais c&rsquo;est l\u00e0 que le probl\u00e8me commence : SRF n&rsquo;explique pas mal le Hezbollah, SRF l&rsquo;explique doucement. Dans le reel, on dit : Chez nous, on conna\u00eet le Hezbollah avant tout comme une organisation terroriste qui attaque r\u00e9guli\u00e8rement Isra\u00ebl et qui est elle-m\u00eame attaqu\u00e9e par Isra\u00ebl. Mais c&rsquo;est aussi une organisation religieuse et politique.      <\/p>\n\n<p>Cela semble \u00e9quilibr\u00e9, mais ne l&rsquo;est pas. En effet, cette pr\u00e9sentation d\u00e9place d\u00e9j\u00e0 le regard. Le Hezbollah en tant qu&rsquo;organisation terroriste devient une perception occidentale, tandis que le r\u00f4le politique et social du Hezbollah au Liban devient une r\u00e9alit\u00e9 bien plus importante. C&rsquo;est vrai : Le Hezbollah est plus qu&rsquo;un groupe arm\u00e9 au Liban. Il si\u00e8ge au Parlement, g\u00e8re des institutions sociales et contr\u00f4le des r\u00e9gions enti\u00e8res. La SRF le d\u00e9crit elle-m\u00eame comme <a href=\"https:\/\/www.srf.ch\/news\/international\/staat-im-staat-so-wird-der-libanon-von-der-hisbollah-beherrscht\">un \u00ab\u00a0\u00c9tat dans l&rsquo;\u00c9tat\u00a0\u00bb.<\/a> Dans le reportage de la SRF, cet \u00e9tat de fait appara\u00eet plus comme une explication que comme un probl\u00e8me. En effet, l&rsquo;\u00c9tat libanais lui-m\u00eame ne serait pas en mesure d&rsquo;assumer les fonctions sociales du Hezbollah.         <\/p>\n\n<p><strong>\u00ab\u00a0Isra\u00ebl et l&rsquo;Iran ne vont pas bien ensemble\u00a0\u00bb<\/strong><\/p>\n\n<p>La v\u00e9ritable raison de la r\u00e9alit\u00e9 de l'\u00a0\u00bb\u00c9tat dans l&rsquo;\u00c9tat\u00a0\u00bb n&rsquo;est pas expliqu\u00e9e : la sup\u00e9riorit\u00e9 de l&rsquo;organisation terroriste chiite sur l&rsquo;arm\u00e9e libanaise. Le reportage minimise \u00e9galement la raison pour laquelle l&rsquo;Iran a arm\u00e9 le Hezbollah au Liban de mani\u00e8re aussi massive. \u00ab\u00a0Isra\u00ebl et l&rsquo;Iran ne s&rsquo;entendent pas tr\u00e8s bien\u00a0\u00bb, dit le texte original. C&rsquo;est ainsi que la radio et la t\u00e9l\u00e9vision publiques suisses d\u00e9crivent &#8211; de mani\u00e8re trompeuse &#8211; le fait que le r\u00e9gime islamiste des mollahs \u00e0 T\u00e9h\u00e9ran a fait de la destruction de l&rsquo;\u00c9tat juif sa raison d&rsquo;\u00c9tat. Et que le Hezbollah est un moyen important pour atteindre cet objectif.    <\/p>\n\n<p>L&rsquo;escalade actuelle au Liban est \u00e9galement racont\u00e9e \u00ab\u00a0de travers\u00a0\u00bb par SRF. Le reportage commence par des attaques isra\u00e9liennes et des destructions libanaises. La souffrance au Liban est r\u00e9elle. Mais le contexte manque : comme apr\u00e8s le massacre du 7 octobre, le Hezbollah a recommenc\u00e9 \u00e0 tirer massivement des roquettes sur le nord d&rsquo;Isra\u00ebl pendant la r\u00e9cente escalade avec l&rsquo;Iran. La contre-attaque isra\u00e9lienne n&rsquo;\u00e9tait qu&rsquo;une r\u00e9ponse \u00e0 ces tirs de roquettes, qui ont contraint plus d&rsquo;un demi-million d&rsquo;Isra\u00e9liens \u00e0 passer la majeure partie de leur temps dans des abris ou \u00e0 fuir leurs maisons et appartements pendant des semaines.    <\/p>\n\n<p>Concernant la riposte isra\u00e9lienne, la narratrice de la SRF affirme de mani\u00e8re lapidaire qu&rsquo;on ne peut pas simplement \u00ab\u00a0bombarder\u00a0\u00bb le Hezbollah hors du Liban. C&rsquo;est une phrase commode, car elle fait imm\u00e9diatement passer toute critique s\u00e9v\u00e8re du Hezbollah pour de la na\u00efvet\u00e9 ou de la brutalit\u00e9. Mais la vraie question est ailleurs : pourquoi une milice dirig\u00e9e par l&rsquo;Iran peut-elle \u00eatre plus forte que l&rsquo;\u00c9tat libanais ?    <\/p>\n\n<p>Il est significatif que le reportage ne mentionne pas que le Hezbollah est fortement critiqu\u00e9 au Liban. Ainsi, le pr\u00e9sident Joseph Aoun, qui m\u00e8ne actuellement des pourparlers de paix avec Isra\u00ebl, a condamn\u00e9 ces jours-ci le Hezbollah en d\u00e9clarant : \u00ab\u00a0Quand vous (contre Isra\u00ebl, ndlr) avez commenc\u00e9 la guerre, avez-vous d&rsquo;abord demand\u00e9 si notre \u00c9tat \u00e9tait d&rsquo;accord avec cela\u00a0\u00bb ? Et Peter Germanos, l&rsquo;ancien pr\u00e9sident du tribunal militaire libanais, a \u00e9crit sur X (anciennement Twitter) : \u00ab\u00a0Le Hezbollah travaille \u00e0 l&rsquo;abolition de l&rsquo;\u00c9tat libanais\u00a0\u00bb.   <\/p>\n\n<p><strong>Pour la SRF, Isra\u00ebl est l&rsquo;\u00e9ternel agresseur<\/strong><\/p>\n\n<p>Mais de tels mots ne correspondent \u00e9videmment pas au cadrage de la SRF sur Isra\u00ebl, qui suit toujours le m\u00eame sch\u00e9ma : Isra\u00ebl bombarde, Isra\u00ebl est l&rsquo;agresseur. Les adversaires d&rsquo;Isra\u00ebl, y compris les organisations terroristes comme le Hezbollah, sont en revanche pr\u00e9sent\u00e9s comme des organisations sociales. <\/p>\n\n<p>La SRF a d\u00e9j\u00e0 essuy\u00e9 plusieurs critiques officielles dans sa couverture du Proche-Orient. L&rsquo;Autorit\u00e9 ind\u00e9pendante d&rsquo;examen des plaintes en mati\u00e8re de radio-t\u00e9l\u00e9vision (AIEP) a par exemple conclu en 2025 que la SRF avait enfreint le principe de diversit\u00e9 lors de la couverture des <a href=\"https:\/\/www.ubi.admin.ch\/de\/aktuell\/news\/srf-berichterstattung-ueber-proteste-an-universitaeten\">manifestations de Gaza dans les universit\u00e9s<\/a>, car des faits importants et des informations de fond manquaient. De m\u00eame, l&rsquo;organe de m\u00e9diation de la SSR a critiqu\u00e9 un reportage de SRF-Kids sur le conflit au Proche-Orient, estimant qu&rsquo;il n&rsquo;\u00e9tait pas pertinent, notamment en raison de la classification insuffisante du Hamas et du Hezbollah.    <\/p>\n\n<p>A la fin de la \u00ab\u00a0vid\u00e9o explicative\u00a0\u00bb, la narratrice adolescente du reel du Hezbollah demande : \u00ab\u00a0Vous comprenez maintenant ? Oui, nous avons compris : L&rsquo;hostilit\u00e9 envers Isra\u00ebl est toujours aussi r\u00e9pandue \u00e0 la radio et \u00e0 la t\u00e9l\u00e9vision suisses. <\/p>\n","protected":false},"excerpt":{"rendered":"<p>R\u00e9sum\u00e9 Par David Spuler Cela commence par des images du Liban : des maisons d\u00e9truites, des chiffres sur les logements endommag\u00e9s, un cessez-le-feu. Puis la question : \u00ab\u00a0Qu&rsquo;est-ce que le Hezbollah exactement et quelle est son influence au Liban ?\u00a0\u00bb. Jusqu&rsquo;ici, c&rsquo;est l\u00e9gitime. Pour comprendre la guerre au nord d&rsquo;Isra\u00ebl et au Liban, il faut [&hellip;]<\/p>\n","protected":false},"author":2,"featured_media":8902,"comment_status":"closed","ping_status":"closed","sticky":false,"template":"","format":"standard","meta":{"_hide_socialbar":"","footnotes":""},"categories":[428],"tags":[3572,3402,3573,485,1402,379,387,378,372,3466,3398,3197,3571,2968,3043,3570,2965,3569],"class_list":["post-8901","post","type-post","status-publish","format-standard","has-post-thumbnail","hentry","category-actualites","tag-7-octobre-2023-3","tag-attaques-de-missiles","tag-biais-des-medias-en-suisse","tag-conflit-au-proche-orient","tag-critique-des-medias","tag-gaza-fr","tag-hezbollah","tag-iran-fr","tag-israel-fr","tag-joseph-aoun","tag-liban","tag-organisation-terroriste","tag-pierre-germanos","tag-radio-et-television-suisses","tag-regime-des-mollahs","tag-service-de-mediation-ssr","tag-srf","tag-ubi"],"aioseo_notices":[],"_links":{"self":[{"href":"https:\/\/fokusisrael.ch\/fr\/wp-json\/wp\/v2\/posts\/8901","targetHints":{"allow":["GET"]}}],"collection":[{"href":"https:\/\/fokusisrael.ch\/fr\/wp-json\/wp\/v2\/posts"}],"about":[{"href":"https:\/\/fokusisrael.ch\/fr\/wp-json\/wp\/v2\/types\/post"}],"author":[{"embeddable":true,"href":"https:\/\/fokusisrael.ch\/fr\/wp-json\/wp\/v2\/users\/2"}],"replies":[{"embeddable":true,"href":"https:\/\/fokusisrael.ch\/fr\/wp-json\/wp\/v2\/comments?post=8901"}],"version-history":[{"count":1,"href":"https:\/\/fokusisrael.ch\/fr\/wp-json\/wp\/v2\/posts\/8901\/revisions"}],"predecessor-version":[{"id":8903,"href":"https:\/\/fokusisrael.ch\/fr\/wp-json\/wp\/v2\/posts\/8901\/revisions\/8903"}],"wp:featuredmedia":[{"embeddable":true,"href":"https:\/\/fokusisrael.ch\/fr\/wp-json\/wp\/v2\/media\/8902"}],"wp:attachment":[{"href":"https:\/\/fokusisrael.ch\/fr\/wp-json\/wp\/v2\/media?parent=8901"}],"wp:term":[{"taxonomy":"category","embeddable":true,"href":"https:\/\/fokusisrael.ch\/fr\/wp-json\/wp\/v2\/categories?post=8901"},{"taxonomy":"post_tag","embeddable":true,"href":"https:\/\/fokusisrael.ch\/fr\/wp-json\/wp\/v2\/tags?post=8901"}],"curies":[{"name":"wp","href":"https:\/\/api.w.org\/{rel}","templated":true}]}}