{"id":8571,"date":"2026-04-01T20:14:19","date_gmt":"2026-04-01T18:14:19","guid":{"rendered":"https:\/\/fokusisrael.ch\/non-categorise\/henryk-m-broder-israel-derange-parce-quil-existe\/"},"modified":"2026-04-03T16:13:53","modified_gmt":"2026-04-03T14:13:53","slug":"henryk-m-broder-israel-derange-parce-quil-existe","status":"publish","type":"post","link":"https:\/\/fokusisrael.ch\/fr\/actualites\/henryk-m-broder-israel-derange-parce-quil-existe\/","title":{"rendered":"Henryk M. Broder : \u00ab\u00a0Isra\u00ebl d\u00e9range parce qu&rsquo;il existe\u00a0\u00bb."},"content":{"rendered":"\n<p><strong>Il est l&rsquo;une des voix juives les plus importantes &#8211; et les plus fortes &#8211; d&rsquo;Allemagne : Henryk M. Broder se bat sur sa plateforme <\/strong><a href=\"https:\/\/www.achgut.com\/autor\/broder\"><strong>\u00ab\u00a0Achse des Guten\u00a0\u00bb (axe du bien)<\/strong><\/a><strong>Il a \u00e9galement particip\u00e9 \u00e0 des manifestations contre l&rsquo;antis\u00e9mitisme et pour le droit \u00e0 l&rsquo;existence d&rsquo;Isra\u00ebl. Perspicace, courageux et allant droit au but.  FokusIsrael.ch a rencontr\u00e9 cet homme de 79 ans \u00e0 Zurich et lui a pos\u00e9 neuf questions sur la guerre contre les mollahs en Iran, Isra\u00ebl et l&rsquo;antis\u00e9mitisme.<\/strong><\/p>\n\n<h2 class=\"wp-block-heading\">1. <strong>la guerre contre l&rsquo;Iran est-elle n\u00e9cessaire ?<\/strong><\/h2>\n\n<p>La guerre contre l&rsquo;Iran n&rsquo;est pas seulement n\u00e9cessaire, elle est attendue depuis longtemps. Si l&rsquo;on pouvait lui reprocher quelque chose, ce serait d&rsquo;avoir \u00e9t\u00e9 lanc\u00e9e trop tard ou que la soi-disant \u00ab\u00a0guerre des 12 jours\u00a0\u00bb de l&rsquo;\u00e9t\u00e9 2025 ait \u00e9t\u00e9 interrompue au bout de douze jours. On a pour ainsi dire donn\u00e9 \u00e0 l&rsquo;Iran une chance de se ressaisir et de se r\u00e9armer.  <\/p>\n\n<p>Et bien s\u00fbr, on peut discuter de la pertinence des moyens et des m\u00e9thodes. Mais sur le principe, au-del\u00e0 de la politique \u00e9trang\u00e8re de l&rsquo;Iran, on ne peut pas accepter qu&rsquo;un r\u00e9gime soit au pouvoir depuis 47 ans et massacre sa propre population. <\/p>\n\n<p>Je sais que les gens qui connaissent un peu le droit international disent que le droit international garantit la souverainet\u00e9 des \u00c9tats. De ce point de vue, on ne peut \u00e9videmment pas attaquer un \u00c9tat simplement parce qu&rsquo;il harc\u00e8le sa propre population. Mais je pense que le droit international, tel qu&rsquo;il est con\u00e7u aujourd&rsquo;hui, ne sert pas \u00e0 prot\u00e9ger les peuples, mais les despotes, les tyrans et les assassins.  <\/p>\n\n<p>En ce sens, la guerre contre l&rsquo;Iran est n\u00e9cessaire et juste. Et j&rsquo;esp\u00e8re qu&rsquo;elle aura une fin heureuse, \u00e0 savoir la d\u00e9faite des mollahs. Belle fin, non.  <\/p>\n\n<h2 class=\"wp-block-heading\">2. <strong>comment \u00e9valuez-vous les r\u00e9actions \u00e0 cette guerre ?<\/strong><\/h2>\n\n<p>Je vis en Allemagne, et parfois je pense que je pr\u00e9f\u00e9rerais vivre en Suisse. Mais la Suisse est si bien ordonn\u00e9e et si fantastiquement organis\u00e9e que je pense que j&rsquo;aurais des troubles psychosomatiques ici, \u00e0 cause de l&rsquo;ennui. <\/p>\n\n<p>Les r\u00e9actions en Allemagne sont ce qu&rsquo;elles sont en de telles occasions. Certaines personnes pensent que c&rsquo;est une bonne chose, comme Bodo Ramelow, un homme politique de gauche bien connu qui a \u00e9t\u00e9 ministre-pr\u00e9sident de Thuringe pendant un certain temps par erreur. Il a dit que l&rsquo;on aurait d\u00fb organiser davantage de cha\u00eenes de lumi\u00e8re, car nous savons par l&rsquo;histoire que les cha\u00eenes de lumi\u00e8re sont le seul moyen d&rsquo;impressionner les despotes. Dans ce cas, les mollahs d\u00e9missionneront probablement de leur propre chef.   <\/p>\n\n<p>Donc, les r\u00e9actions sont tr\u00e8s mitig\u00e9es. Une partie de l&rsquo;opinion publique trouve cela juste, c&rsquo;est la petite partie, et la grande partie est repr\u00e9sent\u00e9e par notre merveilleux chancelier. Friedrich Merz a tout \u00e0 fait raison de dire, il y a plusieurs semaines ou mois, qu&rsquo;Isra\u00ebl fait le sale boulot pour nous. Je trouve cela \u00e9tonnant et juste. Et maintenant, il y a quelques jours, il a dit : ce n&rsquo;est pas notre guerre, nous ne voulons pas y participer.    <\/p>\n\n<p>Et il y a eu des r\u00e9pliques. On a d\u00e9j\u00e0 essay\u00e9 d&rsquo;expliquer que c&rsquo;est notre guerre. Et en principe, ce n&rsquo;est pas comme si les r\u00e9actions en Allemagne \u00e9taient centralis\u00e9es, comme on le dit souvent. Tout ce qui se passe en Allemagne est le r\u00e9sultat d&rsquo;un chaos \u00e0 grande \u00e9chelle. Il n&rsquo;y a pas de th\u00e9ories du complot, pas de forces obscures.    <\/p>\n\n<p>Et dans l&rsquo;ensemble, en tant qu&rsquo;observateur des r\u00e9actions de mes concitoyens allemands, je suis en fait assez satisfait. Ils remarquent d\u00e9j\u00e0 qu&rsquo;il ne faut pas laisser de chance aux mollahs. Et encore une fois, en dehors d&rsquo;Isra\u00ebl et de toutes les questions de politique \u00e9trang\u00e8re, un r\u00e9gime qui se comporte de la sorte avec sa propre population doit \u00eatre aboli.  <\/p>\n\n<h2 class=\"wp-block-heading\">3. <strong>peut-on n\u00e9gocier avec les islamistes ?<\/strong><\/h2>\n\n<p>Ces derniers jours, j&rsquo;ai entendu un homme politique allemand dire qu&rsquo;il aurait fallu n\u00e9gocier avec l&rsquo;Iran.<\/p>\n\n<p>Je veux dire : on a n\u00e9goci\u00e9 pendant des d\u00e9cennies. Quel en a \u00e9t\u00e9 le r\u00e9sultat ? <\/p>\n\n<p>L&rsquo;un des principaux n\u00e9gociateurs europ\u00e9ens \u00e9tait notre actuel pr\u00e9sident f\u00e9d\u00e9ral, Frank-Walter Steinmeier. Il s&rsquo;est beaucoup r\u00e9joui de l&rsquo;accord \u00e0 l&rsquo;\u00e9poque. <\/p>\n\n<p>Cela n&rsquo;a pas dur\u00e9 longtemps. Et aujourd&rsquo;hui, il n&rsquo;en parle plus. Il a probablement honte.  <\/p>\n\n<p>Vous pouvez n\u00e9gocier avec n&rsquo;importe qui. On peut aussi n\u00e9gocier avec l&rsquo;Iran sur les conditions de la dissolution d&rsquo;Isra\u00ebl. <\/p>\n\n<p>Mais on ne peut pas vraiment n\u00e9gocier avec les islamistes. Car leur objectif est la destruction de l&rsquo;autre. <\/p>\n\n<p>Et je ne suis pas pr\u00eat \u00e0 n\u00e9gocier avec quelqu&rsquo;un qui veut me d\u00e9truire.<\/p>\n\n<p>Soit je m&rsquo;\u00e9chappe &#8211; soit je suis plus fort.<\/p>\n\n<p>Les n\u00e9gociations ne fonctionnent qu&rsquo;\u00e0 partir d&rsquo;une position de force. Et cela implique d&rsquo;\u00eatre pr\u00eat \u00e0 utiliser la force. <\/p>\n\n<h2 class=\"wp-block-heading\">4. <strong>apr\u00e8s cette guerre : une chance de paix durable au Moyen-Orient ?<\/strong><\/h2>\n\n<p>Je ne pense pas que ce \u00e0 quoi nous assistons actuellement soit un pr\u00e9lude \u00e0 la paix \u00e9ternelle au Moyen-Orient. Cela ne ressemble m\u00eame pas \u00e0 un cessez-le-feu de grande ampleur. Les conditions ne sont pas r\u00e9unies.  <\/p>\n\n<p>L&rsquo;une des conditions d&rsquo;une paix durable serait l&rsquo;\u00e9limination du r\u00e9gime des mollahs. Curieusement ou heureusement, les \u00c9tats arabes ne posent pas de probl\u00e8me majeur \u00e0 l&rsquo;heure actuelle. Au contraire, ils sont eux aussi attaqu\u00e9s par les mollahs.  <\/p>\n\n<p>Et ils ont chang\u00e9 d&rsquo;attitude vis-\u00e0-vis d&rsquo;Isra\u00ebl au fil du temps, en s&rsquo;adaptant tout simplement \u00e0 la r\u00e9alit\u00e9. Ils ne sont pas oblig\u00e9s d&rsquo;aimer les Juifs. Il leur suffit de ne pas vouloir les d\u00e9truire. C&rsquo;est tout ce qu&rsquo;ils ont \u00e0 demander.   <\/p>\n\n<p>Je ne pense pas qu&rsquo;il y aura la paix dans un avenir proche. Mais les conflits finissent par se terminer. <\/p>\n\n<p>Combien de temps a dur\u00e9 la guerre de Trente Ans ? Trente ans. Et c&rsquo;\u00e9tait une dur\u00e9e tr\u00e8s longue pour l&rsquo;\u00e9poque.  <\/p>\n\n<p>Il n&rsquo;y aura pas de paix du jour au lendemain au Moyen-Orient. Mais \u00e0 condition que les mollahs prennent leur retraite ou soient mis \u00e0 la retraite, il y aurait peut-\u00eatre une chance de parvenir \u00e0 une forme de compromis. <\/p>\n\n<p>Mais je ne crois pas moi-m\u00eame \u00e0 ce que je viens de dire. L&rsquo;enjeu est trop important pour les mollahs. <\/p>\n\n<p>Ils se comportent comme les nazis se sont comport\u00e9s au cours des derni\u00e8res semaines de leur r\u00e8gne. Ils se battent \u00e0 gauche et \u00e0 droite. <\/p>\n\n<p>Il y a un tr\u00e8s bon film avec Bruno Ganz dans le r\u00f4le principal : \u00ab\u00a0La chute\u00a0\u00bb. Dans les derniers jours de la guerre, les nazis \u00e9taient toujours en train de g\u00e9rer leur empire.C&rsquo;est comme \u00e7a que les Iraniens me semblent maintenant : au bord du gouffre, mais toujours de bonne humeur. <\/p>\n\n<h2 class=\"wp-block-heading\">5. <strong>pourquoi l&rsquo;antis\u00e9mitisme augmente-t-il depuis le massacre du 7 octobre 2023 ?<\/strong><\/h2>\n\n<p>Il y a un dicton qui fait r\u00e9guli\u00e8rement le tour de l&rsquo;Allemagne, et je pense qu&rsquo;il en va de m\u00eame en Suisse, selon lequel l&rsquo;antis\u00e9mitisme est redevenu acceptable. Il n&rsquo;a jamais \u00e9t\u00e9 autre chose. <\/p>\n\n<p>L&rsquo;antis\u00e9mitisme n&rsquo;a pas non plus commenc\u00e9 avec les \u00e9v\u00e9nements de Gaza. L&rsquo;antis\u00e9mitisme est un h\u00e9ritage culturel mondial, et pas seulement en Allemagne et en Europe centrale. Il y a aussi des peuples contamin\u00e9s par l&rsquo;antis\u00e9mitisme qui n&rsquo;ont jamais vu de Juifs.  <\/p>\n\n<p>Il n&rsquo;est donc pas question de \u00ab\u00a0pr\u00e9sentable\u00a0\u00bb.<\/p>\n\n<p>Ce que les juifs &#8211; surtout les juifs &#8211; ont du mal \u00e0 comprendre, c&rsquo;est que l&rsquo;antis\u00e9mitisme arrive toujours par vagues. Il se d\u00e9cha\u00eene, puis se calme un peu, puis refait surface. <\/p>\n\n<p>Il n&rsquo;y a pas de p\u00e9riode, pas de temps historique sans antis\u00e9mitisme. Seuls les intervalles entre les \u00e9ruptions peuvent varier. <\/p>\n\n<p>Maintenant, nous avons eu &#8211; cela semblait \u00eatre le cas &#8211; 80 ans de tranquillit\u00e9, mais cette tranquillit\u00e9 \u00e9tait trompeuse, car l&rsquo;antis\u00e9mitisme a \u00e9galement exist\u00e9 pendant cette p\u00e9riode.<\/p>\n\n<p>Je me souviens des commentaires apr\u00e8s que les Isra\u00e9liens ont os\u00e9 gagner la guerre des Six Jours. L&rsquo;antis\u00e9mitisme qui s&rsquo;est alors d\u00e9cha\u00een\u00e9 en Allemagne m&rsquo;a ouvert les yeux. <\/p>\n\n<p>La prochaine grande vague antis\u00e9mite a eu lieu en 1976, je crois, lorsqu&rsquo;un avion d&rsquo;Air France a \u00e9t\u00e9 d\u00e9tourn\u00e9 vers Entebbe. Que se permettent les Isra\u00e9liens ? Ils envoient une unit\u00e9 militaire et lib\u00e8rent les otages. Cela ne se fait pas.   <\/p>\n\n<p>N&rsquo;importe quel autre pays aurait pu le faire, pas les Juifs.<\/p>\n\n<p>L&rsquo;antis\u00e9mitisme n&rsquo;est donc pas revenu. Il a toujours \u00e9t\u00e9 l\u00e0. Seulement, comme un ours en hiver, il entre parfois en phase de repos, puis se d\u00e9g\u00e8le \u00e0 nouveau.  <\/p>\n\n<h2 class=\"wp-block-heading\">6. <strong>comment lutter contre l&rsquo;antis\u00e9mitisme import\u00e9 ?<\/strong><\/h2>\n\n<p>Alors, s&rsquo;il y a une chose dont je suis vraiment fier, c&rsquo;est de cela : J&rsquo;ai invent\u00e9 le terme \u00ab\u00a0antis\u00e9mitisme import\u00e9\u00a0\u00bb. C&rsquo;\u00e9tait \u00e0 l&rsquo;\u00e9t\u00e9 2014, je crois, dans un article pour le journal BILD. <\/p>\n\n<p>Il s&rsquo;agit d&rsquo;un d\u00e9veloppement relativement r\u00e9cent, car l&rsquo;antis\u00e9mitisme se nourrit g\u00e9n\u00e9ralement de sources indig\u00e8nes. Et il y en a toujours eu suffisamment. <\/p>\n\n<p>Mais qu&rsquo;avons-nous fait ? Qu&rsquo;a fait notre grande ex-chanceli\u00e8re ? Elle a ouvert grand les fronti\u00e8res allemandes. Plus pr\u00e9cis\u00e9ment, elle a refus\u00e9 de fermer les fronti\u00e8res &#8211; elles \u00e9taient ouvertes &#8211; et a laiss\u00e9 entrer tous ceux qui voulaient l&rsquo;\u00eatre.   <\/p>\n\n<p>Il y a une phrase merveilleusement pertinente de Karl Lagerfeld \u00e0 ce sujet. Il a r\u00e9sum\u00e9 tout le drame. Il a dit : on ne peut pas assassiner des millions de Juifs et faire venir ensuite des centaines de milliers de leurs pires ennemis dans le pays.  <\/p>\n\n<p>Si, on peut. Mais on en subit alors les cons\u00e9quences. <\/p>\n\n<p>Et les cons\u00e9quences sont les suivantes : l&rsquo;islamisme progresse en Allemagne, il y a des manifestations o\u00f9 l&rsquo;on r\u00e9clame ouvertement le califat, ce mouvement prend de l&rsquo;ampleur.<\/p>\n\n<p>On dit toujours que nous avons un probl\u00e8me de migration. Ce n&rsquo;est pas vrai. Nous n&rsquo;avons pas de probl\u00e8me de migration en soi. Nous avons un probl\u00e8me avec une migration sp\u00e9cifique, la migration arabo-musulmane.   <\/p>\n\n<p>Nous avons peu ou pas de probl\u00e8mes avec les immigr\u00e9s d&rsquo;autres r\u00e9gions, comme ceux d&rsquo;Afrique noire.<\/p>\n\n<p>Or, en Allemagne, il est d\u00e9sormais bien \u00e9tabli que les musulmans sont discrimin\u00e9s et d\u00e9savantag\u00e9s. S&rsquo;ils sont \u00e0 ce point discrimin\u00e9s et d\u00e9savantag\u00e9s, je me demande pourquoi ils affluent en masse en Allemagne. <\/p>\n\n<p>Pourquoi veulent-ils vivre et travailler &#8211; ou ne pas travailler &#8211; ici plut\u00f4t que dans l&rsquo;un de leurs pays partenaires ? L&rsquo;Arabie saoudite doit avoir de tr\u00e8s beaux paysages. Ou l&rsquo;Afghanistan ou le Pakistan &#8211; des pays qui ont la m\u00eame culture, la m\u00eame tradition, la m\u00eame nourriture, le m\u00eame dieu.  <\/p>\n\n<p>Pourquoi la destination de la migration est-elle l&rsquo;Allemagne ?<\/p>\n\n<p>Je ne peux pas l&rsquo;expliquer. Mais cela causera notre perte. <\/p>\n\n<h2 class=\"wp-block-heading\">7. <strong>l&rsquo;antisionisme de la gauche est-il une haine d\u00e9guis\u00e9e des juifs ?<\/strong><\/h2>\n\n<p>Un autre mythe est qu&rsquo;il existe d\u00e9sormais un antis\u00e9mitisme de gauche. Ce n&rsquo;est pas vrai non plus. Il y a toujours eu un antis\u00e9mitisme de gauche, y compris dans le mouvement ouvrier. Et l&rsquo;antis\u00e9mite de gauche le plus connu \u00e9tait bien s\u00fbr Karl Marx.   <\/p>\n\n<p>Et aujourd&rsquo;hui encore, les antis\u00e9mites de gauche se r\u00e9clament de lui. Les autres invoquent la mis\u00e8re du tiers-monde, le fait qu&rsquo;Isra\u00ebl est un \u00c9tat colonial. Les justifications sont nombreuses, mais l&rsquo;antis\u00e9mitisme est aussi \u00e0 l&rsquo;aise \u00e0 gauche qu&rsquo;\u00e0 droite.  <\/p>\n\n<p>La droite non plus ne r\u00eavait pas d&rsquo;Auschwitz. Ils voulaient se d\u00e9barrasser des Juifs, mais l&rsquo;id\u00e9e d&rsquo;un assassinat de masse \u00e9tait relativement nouvelle. Mais la gauche voulait tout autant exclure les Juifs de la vie publique, tout en leur donnant encore une chance de se distinguer en tant que gauche.  <\/p>\n\n<p>C&rsquo;est pourquoi l&rsquo;antis\u00e9mitisme de gauche est le partenaire id\u00e9al de l&rsquo;antis\u00e9mitisme de droite. Tous deux s&rsquo;adressent \u00e0 des milieux diff\u00e9rents. <\/p>\n\n<p>Il n&rsquo;y a rien \u00e0 faire contre cela. On ne peut rien faire non plus contre une \u00e9pid\u00e9mie de grippe. Et tout ce qui a \u00e9t\u00e9 fait contre Corona n&rsquo;a eu qu&rsquo;un succ\u00e8s limit\u00e9.  <\/p>\n\n<p>L&rsquo;antis\u00e9mitisme est une \u00e9pid\u00e9mie ou une pand\u00e9mie. Et comme une pand\u00e9mie, il va et vient. <\/p>\n\n<p>La seule chose que l&rsquo;on puisse faire, du moins en th\u00e9orie, est de s&rsquo;assurer qu&rsquo;Isra\u00ebl est, devient ou reste un pays fort. Il n&rsquo;y a rien d&rsquo;autre \u00e0 faire. <\/p>\n\n<p>La diaspora n&rsquo;est pas du tout importante. M\u00eame si de nombreux Juifs pensent qu&rsquo;ils sont importants pour Isra\u00ebl &#8211; non : Isra\u00ebl est important pour nous. <\/p>\n\n<h2 class=\"wp-block-heading\">8. <strong>pourquoi les professionnels de la culture sympathisent-ils avec les Palestiniens ?<\/strong><\/h2>\n\n<p>L&rsquo;un des moteurs de l&rsquo;antis\u00e9mitisme postmoderne est le milieu culturel.<\/p>\n\n<p>Je me demande pourquoi il y a toujours des lettres ouvertes d&rsquo;acteurs culturels, mais jamais de m\u00e9caniciens automobiles. Pourquoi les boulangers ou les bouchers ne s&rsquo;expriment-ils pas sur le conflit au Proche-Orient ? <\/p>\n\n<p>Parce que l&rsquo;arrogance, la surestimation de soi et la m\u00e9galomanie sont des maladies intellectuelles typiques.<\/p>\n\n<p>Un boulanger ne peut pas se le permettre. Il doit se lever \u00e0 trois heures du matin pour travailler. <\/p>\n\n<p>Le milieu culturel s&rsquo;exprime de mani\u00e8re s\u00e9lective : il garde le silence sur les Ou\u00efghours en Chine, sur les massacres au Soudan ou sur les pers\u00e9cutions de chr\u00e9tiens au Nigeria.<\/p>\n\n<p>Mais avec Isra\u00ebl, c&rsquo;est soudain tr\u00e8s fort.<\/p>\n\n<p>Il existe une relation \u00e9trange avec les Juifs : un m\u00e9lange de proximit\u00e9 et de condescendance.<\/p>\n\n<p>On explique aux Juifs comment ils doivent se comporter.<\/p>\n\n<p>Une phrase populaire est : \u00ab\u00a0Pourquoi les Juifs n&rsquo;ont-ils pas tir\u00e9 les le\u00e7ons de l&rsquo;histoire ?\u00a0\u00bb<\/p>\n\n<p>Alors que ces m\u00eames personnes refuseraient de faire leur service militaire et pr\u00e9f\u00e9reraient se faire \u00e9craser plut\u00f4t que de prendre leurs propres responsabilit\u00e9s.<\/p>\n\n<p>C&rsquo;est une maladie.<\/p>\n\n<p>Il y a une phrase intelligente de Dieter Bohlen : \u00ab\u00a0Le probl\u00e8me est de faire comprendre \u00e0 un fou qu&rsquo;il est fou\u00a0\u00bb.<\/p>\n\n<p>Cela fait des d\u00e9cennies que j&rsquo;essaie de faire comprendre \u00e0 ces intellectuels de gauche qu&rsquo;ils se trompent. Avec un succ\u00e8s limit\u00e9. <\/p>\n\n<p>Je crois que mon deuxi\u00e8me pr\u00e9nom n&rsquo;est pas Mo\u00efse, mais Sisyphe.<\/p>\n\n<p>Je l&rsquo;ai probablement m\u00e9rit\u00e9.<\/p>\n\n<h2 class=\"wp-block-heading\">9. <strong>les juifs ont-ils encore un avenir en Europe ?<\/strong><\/h2>\n\n<p>Je ne sais pas si les Juifs ont un avenir en Europe. Je suis d&rsquo;accord avec Karl Valentin : les pr\u00e9visions sont difficiles, surtout lorsqu&rsquo;elles concernent l&rsquo;avenir. <\/p>\n\n<p>Mes amis \u00e9duqu\u00e9s pr\u00e9f\u00e8rent faire des d\u00e9clarations sur le pass\u00e9 plut\u00f4t que des pr\u00e9dictions sur l&rsquo;avenir.<\/p>\n\n<p>Le juda\u00efsme a toujours r\u00e9ussi \u00e0 s&rsquo;en sortir d&rsquo;une mani\u00e8re ou d&rsquo;une autre, il a surv\u00e9cu \u00e0 toutes les catastrophes et \u00e0 toutes les ruines. Mais je pense que les temps sont diff\u00e9rents aujourd&rsquo;hui. <\/p>\n\n<p>Je pense que le juda\u00efsme survivra en Europe sous sa petite forme radicale &#8211; le juda\u00efsme orthodoxe. Mais le juda\u00efsme bourgeois, le juda\u00efsme lib\u00e9ral, le juda\u00efsme la\u00efque se cherchera un autre endroit. <\/p>\n\n<p>Les gens normaux n&rsquo;aiment pas vivre en permanence dans le danger.<\/p>\n\n<p>Je ne trouve pas non plus agr\u00e9able de vouloir aller dans une synagogue et de devoir passer devant plusieurs postes de police. Ce n&rsquo;est pas un signe de normalit\u00e9. <\/p>\n\n<p>Et voil\u00e0 que des hommes politiques allemands, qui ont visiblement trop fum\u00e9 de joints, viennent vanter le merveilleux renouveau de la culture juive en Allemagne, simplement parce qu&rsquo;ils ont assist\u00e9 \u00e0 un concert klezmer la semaine derni\u00e8re.<\/p>\n\n<p>La culture juive en Allemagne comprend \u00e9galement le fait que les juifs sont harcel\u00e9s dans les cours d&rsquo;\u00e9cole, qu&rsquo;ils n&rsquo;osent pas sortir dans la rue avec une kippa et qu&rsquo;il existe certains quartiers dans lesquels il vaut mieux ne pas se promener.<\/p>\n\n<p>C&rsquo;est le pr\u00e9sent. Et l&rsquo;avenir ne sera pas meilleur. <\/p>\n\n<p>Il n&rsquo;y a jamais eu, je crois, d&rsquo;\u00e9volution qui se soit r\u00e9v\u00e9l\u00e9e r\u00e9versible. Les crises se terminent souvent par des catastrophes. <\/p>\n\n<p>Apr\u00e8s 1945, l&rsquo;Allemagne n&rsquo;a pas pu redevenir l&rsquo;Allemagne d&rsquo;avant 1933. Et les Juifs ne seront pas plus tranquilles. <\/p>\n\n<p>Les Juifs sont et resteront ce qu&rsquo;ils ont toujours \u00e9t\u00e9 : les \u00e9ternels boucs \u00e9missaires.<\/p>\n\n<p>Et cela vaut aussi pour Isra\u00ebl aujourd&rsquo;hui.<\/p>\n\n<p>Je ne sais plus exactement qui a dit cela &#8211; soit L\u00e9on Poliakov, soit Jean-Paul Sartre &#8211; : Isra\u00ebl est le Juif parmi les nations.<\/p>\n\n<p>Tout ce qui est dit contre les Juifs dans l&rsquo;antis\u00e9mitisme est dit aujourd&rsquo;hui contre Isra\u00ebl.<\/p>\n\n<p>L&rsquo;antis\u00e9mite ne se soucie pas de ce que fait le juif. Ce qui le d\u00e9range, c&rsquo;est qu&rsquo;il existe. <\/p>\n\n<p>Et il en va de m\u00eame pour Isra\u00ebl : m\u00eame si Isra\u00ebl n&rsquo;\u00e9tait que le front de mer de Tel Aviv, les ayatollahs voudraient le d\u00e9truire.<\/p>\n\n<p>Isra\u00ebl d\u00e9range parce qu&rsquo;il existe.<\/p>\n\n<p>M\u00eame si seuls des prix Nobel y vivaient, cela ne changerait rien.<\/p>\n\n<p>Je crois qu&rsquo;Isra\u00ebl a un avenir. Je pense qu&rsquo;il s&rsquo;imposera. Mais je ne crois pas que l&rsquo;Europe restera un lieu mod\u00e8le pour les Juifs.  <\/p>\n\n<p>En Isra\u00ebl, les Juifs ne sont plus des victimes. Les femmes ne ressemblent pas \u00e0 Anne Frank, les hommes ne ressemblent pas \u00e0 ceux des vieilles images. Ils n&rsquo;ont plus ce regard de victime.  <\/p>\n\n<p>Ce sont des Juifs normaux &#8211; s\u00fbrs d&rsquo;eux, insolents, provocateurs.<\/p>\n\n<p>Le juda\u00efsme en Europe, quant \u00e0 lui, se repliera sur de petites oasis.<\/p>\n\n<p>Et si c&rsquo;est l&rsquo;avenir, je vois tout en noir.<\/p>\n","protected":false},"excerpt":{"rendered":"<p>Il est l&rsquo;une des voix juives les plus importantes &#8211; et les plus fortes &#8211; d&rsquo;Allemagne : Henryk M. Broder se bat sur sa plateforme \u00ab\u00a0Achse des Guten\u00a0\u00bb (axe du bien)Il a \u00e9galement particip\u00e9 \u00e0 des manifestations contre l&rsquo;antis\u00e9mitisme et pour le droit \u00e0 l&rsquo;existence d&rsquo;Isra\u00ebl. Perspicace, courageux et allant droit au but. FokusIsrael.ch a [&hellip;]<\/p>\n","protected":false},"author":2,"featured_media":8572,"comment_status":"closed","ping_status":"closed","sticky":false,"template":"","format":"standard","meta":{"_hide_socialbar":"","footnotes":""},"categories":[428],"tags":[444,395,1429,485,2005,9,3288,540,19,3287,109,64,924,8,3307,3306,3290,3303,3305,3043],"class_list":["post-8571","post","type-post","status-publish","format-standard","has-post-thumbnail","hentry","category-actualites","tag-allemagne","tag-antisemitisme","tag-antisionisme","tag-conflit-au-proche-orient","tag-diaspora","tag-donald-trump","tag-frank-walter-steinmeier","tag-friedrich-merz","tag-hamas","tag-henryk-m-broder","tag-interview","tag-iran","tag-islamisme","tag-israel","tag-israel-droit-dexister","tag-judaisme-europe","tag-karl-marx","tag-migration-allemagne","tag-milieu-culturel","tag-regime-des-mollahs"],"aioseo_notices":[],"_links":{"self":[{"href":"https:\/\/fokusisrael.ch\/fr\/wp-json\/wp\/v2\/posts\/8571","targetHints":{"allow":["GET"]}}],"collection":[{"href":"https:\/\/fokusisrael.ch\/fr\/wp-json\/wp\/v2\/posts"}],"about":[{"href":"https:\/\/fokusisrael.ch\/fr\/wp-json\/wp\/v2\/types\/post"}],"author":[{"embeddable":true,"href":"https:\/\/fokusisrael.ch\/fr\/wp-json\/wp\/v2\/users\/2"}],"replies":[{"embeddable":true,"href":"https:\/\/fokusisrael.ch\/fr\/wp-json\/wp\/v2\/comments?post=8571"}],"version-history":[{"count":2,"href":"https:\/\/fokusisrael.ch\/fr\/wp-json\/wp\/v2\/posts\/8571\/revisions"}],"predecessor-version":[{"id":8638,"href":"https:\/\/fokusisrael.ch\/fr\/wp-json\/wp\/v2\/posts\/8571\/revisions\/8638"}],"wp:featuredmedia":[{"embeddable":true,"href":"https:\/\/fokusisrael.ch\/fr\/wp-json\/wp\/v2\/media\/8572"}],"wp:attachment":[{"href":"https:\/\/fokusisrael.ch\/fr\/wp-json\/wp\/v2\/media?parent=8571"}],"wp:term":[{"taxonomy":"category","embeddable":true,"href":"https:\/\/fokusisrael.ch\/fr\/wp-json\/wp\/v2\/categories?post=8571"},{"taxonomy":"post_tag","embeddable":true,"href":"https:\/\/fokusisrael.ch\/fr\/wp-json\/wp\/v2\/tags?post=8571"}],"curies":[{"name":"wp","href":"https:\/\/api.w.org\/{rel}","templated":true}]}}