{"id":6873,"date":"2025-12-19T13:07:56","date_gmt":"2025-12-19T12:07:56","guid":{"rendered":"https:\/\/fokusisrael.ch\/non-categorise\/ludc-zanetti-acquitte-de-laccusation-de-denigrement-des-palestiniens\/"},"modified":"2025-12-19T13:08:32","modified_gmt":"2025-12-19T12:08:32","slug":"ludc-zanetti-acquitte-de-laccusation-de-denigrement-des-palestiniens","status":"publish","type":"post","link":"https:\/\/fokusisrael.ch\/fr\/actualites\/ludc-zanetti-acquitte-de-laccusation-de-denigrement-des-palestiniens\/","title":{"rendered":"L&rsquo;UDC Zanetti acquitt\u00e9 de l&rsquo;accusation de d\u00e9nigrement des Palestiniens"},"content":{"rendered":"\n<p>L&rsquo;homme politique UDC zurichois et ancien conseiller national Claudio Zanetti a \u00e9t\u00e9 acquitt\u00e9 par le tribunal de district de Hinwil apr\u00e8s avoir \u00e9t\u00e9 accus\u00e9 d&rsquo;avoir retweet\u00e9 un message sur la plateforme X (anciennement Twitter). Zanetti avait rediffus\u00e9 en janvier 2024 un message du porte-parole de l&rsquo;arm\u00e9e isra\u00e9lienne, Arye Sharuz Shalicar, accompagn\u00e9 du slogan \u00ab\u00a0Plus jamais \u00e7a, c&rsquo;est maintenant\u00a0\u00bb et d&rsquo;un graphique montrant un poing aux couleurs d&rsquo;Isra\u00ebl brisant une croix gamm\u00e9e aux couleurs du drapeau palestinien. Le parquet a accus\u00e9 Zanetti de d\u00e9nigrer ainsi le groupe ethnique palestinien et d&rsquo;inciter \u00e0 la haine, et a requis une amende pour infraction \u00e0 la norme p\u00e9nale sur le racisme.  <\/p>\n\n<p>Zanetti a fermement rejet\u00e9 ces accusations. Il a expliqu\u00e9 que le post \u00e9tait clairement dirig\u00e9 contre l&rsquo;organisation terroriste Hamas, qui pr\u00f4ne la destruction d&rsquo;Isra\u00ebl et utilise lui-m\u00eame le drapeau palestinien. L&rsquo;objectif de son post \u00e9tait la solidarit\u00e9 avec Isra\u00ebl apr\u00e8s l&rsquo;attaque terroriste du Hamas du 7 octobre 2023, et non une attaque contre le peuple palestinien. Son avocat a \u00e9galement fait valoir que les Palestiniens ne constituaient pas un groupe prot\u00e9g\u00e9 au sens de l&rsquo;article 261bis du Code p\u00e9nal et qu&rsquo;un repost ne signifiait pas l&rsquo;approbation du contenu.   <\/p>\n\n<p>Le juge a suivi ce point de vue. Il a soulign\u00e9 le contexte politique, l&rsquo;importance de la libert\u00e9 d&rsquo;expression et le lien clair avec le Hamas. Le message devait \u00eatre compris comme un appel au d\u00e9mant\u00e8lement du Hamas et n&rsquo;\u00e9tait pas punissable. La critique peut \u00e9galement \u00eatre formul\u00e9e de mani\u00e8re exag\u00e9r\u00e9e. L&rsquo;acquittement a \u00e9t\u00e9 prononc\u00e9 apr\u00e8s une br\u00e8ve d\u00e9lib\u00e9ration ; un recours contre le jugement est possible.    <\/p>\n","protected":false},"excerpt":{"rendered":"<p>L&rsquo;homme politique UDC zurichois et ancien conseiller national Claudio Zanetti a \u00e9t\u00e9 acquitt\u00e9 par le tribunal de district de Hinwil apr\u00e8s avoir \u00e9t\u00e9 accus\u00e9 d&rsquo;avoir retweet\u00e9 un message sur la plateforme X (anciennement Twitter). Zanetti avait rediffus\u00e9 en janvier 2024 un message du porte-parole de l&rsquo;arm\u00e9e isra\u00e9lienne, Arye Sharuz Shalicar, accompagn\u00e9 du slogan \u00ab\u00a0Plus jamais [&hellip;]<\/p>\n","protected":false},"author":2,"featured_media":6874,"comment_status":"closed","ping_status":"closed","sticky":false,"template":"","format":"standard","meta":{"_hide_socialbar":"","footnotes":""},"categories":[428],"tags":[2130,2149,19,8,2148,1594,2147,2146,1229],"class_list":["post-6873","post","type-post","status-publish","format-standard","has-post-thumbnail","hentry","category-actualites","tag-claudio-zanetti","tag-decision-de-justice","tag-hamas","tag-israel","tag-justice-suisse","tag-liberte-dexpression","tag-medias-sociaux","tag-norme-penale-contre-le-racisme","tag-udc"],"aioseo_notices":[],"_links":{"self":[{"href":"https:\/\/fokusisrael.ch\/fr\/wp-json\/wp\/v2\/posts\/6873","targetHints":{"allow":["GET"]}}],"collection":[{"href":"https:\/\/fokusisrael.ch\/fr\/wp-json\/wp\/v2\/posts"}],"about":[{"href":"https:\/\/fokusisrael.ch\/fr\/wp-json\/wp\/v2\/types\/post"}],"author":[{"embeddable":true,"href":"https:\/\/fokusisrael.ch\/fr\/wp-json\/wp\/v2\/users\/2"}],"replies":[{"embeddable":true,"href":"https:\/\/fokusisrael.ch\/fr\/wp-json\/wp\/v2\/comments?post=6873"}],"version-history":[{"count":1,"href":"https:\/\/fokusisrael.ch\/fr\/wp-json\/wp\/v2\/posts\/6873\/revisions"}],"predecessor-version":[{"id":6875,"href":"https:\/\/fokusisrael.ch\/fr\/wp-json\/wp\/v2\/posts\/6873\/revisions\/6875"}],"wp:featuredmedia":[{"embeddable":true,"href":"https:\/\/fokusisrael.ch\/fr\/wp-json\/wp\/v2\/media\/6874"}],"wp:attachment":[{"href":"https:\/\/fokusisrael.ch\/fr\/wp-json\/wp\/v2\/media?parent=6873"}],"wp:term":[{"taxonomy":"category","embeddable":true,"href":"https:\/\/fokusisrael.ch\/fr\/wp-json\/wp\/v2\/categories?post=6873"},{"taxonomy":"post_tag","embeddable":true,"href":"https:\/\/fokusisrael.ch\/fr\/wp-json\/wp\/v2\/tags?post=6873"}],"curies":[{"name":"wp","href":"https:\/\/api.w.org\/{rel}","templated":true}]}}