{"id":6855,"date":"2025-12-18T16:49:49","date_gmt":"2025-12-18T15:49:49","guid":{"rendered":"https:\/\/fokusisrael.ch\/non-categorise\/zurich-les-verts-liberaux-se-prosternent-devant-les-islamistes\/"},"modified":"2026-01-23T00:34:53","modified_gmt":"2026-01-22T23:34:53","slug":"zurich-les-verts-liberaux-se-prosternent-devant-les-islamistes","status":"publish","type":"post","link":"https:\/\/fokusisrael.ch\/fr\/actualites\/zurich-les-verts-liberaux-se-prosternent-devant-les-islamistes\/","title":{"rendered":"Zurich : les Verts lib\u00e9raux se prosternent devant les islamistes"},"content":{"rendered":"\n<p>Par Sacha Wigdorovits<\/p>\n\n<p>Il n&rsquo;est pas nouveau que la ville rouge-verte de Zurich soit un bon endroit pour les islamistes radicaux et les post-colonialistes tout aussi radicaux. Ils ne peuvent pas seulement crier dans la rue leurs messages de haine antis\u00e9mite d\u00e9guis\u00e9s en \u00ab\u00a0antisionisme\u00a0\u00bb lors de manifestations. Ils obtiennent aussi r\u00e9guli\u00e8rement l&rsquo;hospitalit\u00e9 dans des institutions comme la Rote Fabrik ou la Zentralw\u00e4scherei, qui sont subventionn\u00e9es par la ville. Et ce, avec la b\u00e9n\u00e9diction du gouvernement de la ville, qui invoque le pluralisme politique et le droit \u00e0 la libert\u00e9 d&rsquo;expression.     <\/p>\n\n<p>Cette politique anti-isra\u00e9lienne, qui n&rsquo;\u00e9tait jusqu&rsquo;\u00e0 pr\u00e9sent soutenue que par les rouges et les verts, re\u00e7oit d\u00e9sormais un soutien du centre de l&rsquo;\u00e9chiquier politique : du parti vert lib\u00e9ral GLP de la ville de Zurich. La direction du parti a en effet &#8211; apparemment contre la recommandation de la direction cantonale du parti &#8211; averti publiquement son membre Ronny Siev pour avoir diffus\u00e9 des posts critiques envers l&rsquo;islam d&rsquo;autres utilisateurs de Facebook. Siev a \u00e9t\u00e9 membre fondateur du GLP de la ville de Zurich et est l&rsquo;un des 15 repr\u00e9sentants du GLP au parlement de la ville (conseil municipal), qui compte 125 membres.    <\/p>\n\n<p>De plus, il est juif et s&rsquo;engage bruyamment au sein du conseil municipal et dans les m\u00e9dias sociaux contre l&rsquo;antis\u00e9mitisme et l&rsquo;hostilit\u00e9 envers Isra\u00ebl, de plus en plus agressifs \u00e0 Zurich \u00e9galement, \u00e0 la suite du massacre de 1 200 Isra\u00e9liens et autres ressortissants par le Hamas le 7 octobre 2023.<\/p>\n\n<p>Dans le cadre de cet engagement, Siev a notamment relay\u00e9 sur Facebook le post d&rsquo;une journaliste allemande dans lequel elle \u00e9crivait : \u00ab\u00a0Presque tous les musulmans sont des d\u00e9tracteurs des juifs\u00a0\u00bb. Et sur Instagram, il a repost\u00e9 un message qui qualifiait l&rsquo;Islam de \u00ab\u00a0culte de la mort\u00a0\u00bb. Il s&rsquo;agit d&rsquo;un message dans le contexte des murs et des barri\u00e8res qu&rsquo;Isra\u00ebl a \u00e9rig\u00e9s contre les terroristes palestiniens et les kamikazes \u00e0 Gaza et en Cisjordanie.  <\/p>\n\n<p>Compar\u00e9s aux propos anti-juifs que l&rsquo;on peut lire des millions de fois par jour sur les m\u00e9dias sociaux, ces deux posts semblent anodins. Et, comme nous l&rsquo;avons dit, ils n&rsquo;\u00e9manent m\u00eame pas de Ronny Siev lui-m\u00eame. Pourtant, ils lui ont valu une plainte p\u00e9nale pour violation de l&rsquo;article <sup>261bis<\/sup> du Code p\u00e9nal, la fameuse \u00ab\u00a0norme p\u00e9nale antiraciste\u00a0\u00bb.    <\/p>\n\n<p>C&rsquo;est du moins ce qu&rsquo;affirme la plateforme en ligne Baba News, proche des islamistes radicaux et hostile \u00e0 Isra\u00ebl. Car Siev lui-m\u00eame n&rsquo;a pas encore connaissance de la plainte p\u00e9nale. Si elle existe, elle ne devrait pas non plus avoir de chance d&rsquo;aboutir sur le plan juridique.  <\/p>\n\n<p>Baba News, en revanche, en a fait une histoire plus importante. L&rsquo;objectif \u00e9tait clair : d\u00e9noncer Siev aupr\u00e8s de son parti, le PVL, et le faire taire en tant que d\u00e9fenseur acharn\u00e9 d&rsquo;Isra\u00ebl et combattant de la haine des Juifs. <\/p>\n\n<p>Cette pratique fait partie du mod\u00e8le \u00e9conomique de Baba News et d&rsquo;autres cercles proches des islamistes radicaux. Ceux qui prennent publiquement la d\u00e9fense d&rsquo;Isra\u00ebl sont attaqu\u00e9s par des moyens juridiques et\/ou m\u00e9diatiques afin de les r\u00e9duire au silence. Baba News a d\u00e9j\u00e0 tent\u00e9 la m\u00eame chose avec l&rsquo;auteur de ces lignes et, plus r\u00e9cemment, avec l&rsquo;Association Suisse-Isra\u00ebl GSI. Les deux fois sans succ\u00e8s.   <\/p>\n\n<p>Dans le cas de Ronny Siev, le stratag\u00e8me de diffamation ne semblait pas non plus fonctionner dans un premier temps. Dans une premi\u00e8re prise de position, la direction du parti Vert&rsquo;lib\u00e9ral de la ville de Zurich a en effet d\u00e9clar\u00e9 que ces posts relevaient de la sph\u00e8re priv\u00e9e de Siev. <\/p>\n\n<p>Mais quelques e-mails critiques ont \u00e9t\u00e9 envoy\u00e9s, ce qui a suffi pour que la direction du parti municipal c\u00e8de \u00e0 la pression et se mette \u00e0 genoux devant les milieux islamistes. Elle a convoqu\u00e9 son membre Ronny Siev pour un entretien, l&rsquo;a averti et a rendu l&rsquo;affaire publique. <\/p>\n\n<p>Siev avait pourtant facilit\u00e9 la t\u00e2che de la direction du parti en le clouant au pilori. En effet, contrairement aux recommandations des milieux musulmans, il s&rsquo;\u00e9tait excus\u00e9 pour la diffusion des deux posts, bien qu&rsquo;il n&rsquo;y ait aucune raison de le faire. Selon la devise \u00ab\u00a0Qui s&rsquo;excuse s&rsquo;accuse\u00a0\u00bb, Siev a ainsi ouvert la porte \u00e0 sa mise \u00e0 l&rsquo;\u00e9cart publique par les responsables de son parti.  <\/p>\n\n<p>Mais la direction du parti GLP de la ville de Zurich a \u00e9galement marqu\u00e9 un but contre son camp. En effet, en agissant de la sorte, elle a transform\u00e9 un non-\u00e9v\u00e9nement total &#8211; le rapport Baba News en question, r\u00e9dig\u00e9 de mani\u00e8re ennuyeuse, n&rsquo;a suscit\u00e9 aucune r\u00e9action, \u00e0 l&rsquo;exception de quelques e-mails &#8211; en une histoire m\u00e9diatique. Reste \u00e0 savoir si cela aidera les Vert&rsquo;lib\u00e9raux \u00e0 gagner des voix suppl\u00e9mentaires lors des \u00e9lections municipales pr\u00e9vues pour le 8 mars 2026 dans la ville de Zurich. Le comportement de la direction du parti GLP laisse un arri\u00e8re-go\u00fbt amer pour une autre raison : lorsque Ronny Siev a re\u00e7u des menaces de mort il y a quelques mois en raison de son engagement public contre la haine des juifs et en faveur d&rsquo;Isra\u00ebl, la direction du parti a manqu\u00e9 de solidarit\u00e9 et est rest\u00e9e passive. C&rsquo;est une autre raison pour laquelle elle s&rsquo;inscrit parfaitement dans le climat politique actuel de la ville de Zurich.    <\/p>\n\n<hr class=\"wp-block-separator has-alpha-channel-opacity\"\/>\n\n<p>Sacha Wigdorovits est pr\u00e9sident de l&rsquo;association Fokus Israel und Nahost, qui g\u00e8re le site web fokusisrael.ch. Il a \u00e9tudi\u00e9 l&rsquo;histoire, la germanistique et la psychologie sociale \u00e0 l&rsquo;universit\u00e9 de Zurich et a travaill\u00e9, entre autres, comme correspondant aux \u00c9tats-Unis pour la SonntagsZeitung, a \u00e9t\u00e9 r\u00e9dacteur en chef du BLICK et cofondateur du journal pour pendulaires 20minuten.   <\/p>\n","protected":false},"excerpt":{"rendered":"<p>Par Sacha Wigdorovits Il n&rsquo;est pas nouveau que la ville rouge-verte de Zurich soit un bon endroit pour les islamistes radicaux et les post-colonialistes tout aussi radicaux. Ils ne peuvent pas seulement crier dans la rue leurs messages de haine antis\u00e9mite d\u00e9guis\u00e9s en \u00ab\u00a0antisionisme\u00a0\u00bb lors de manifestations. Ils obtiennent aussi r\u00e9guli\u00e8rement l&rsquo;hospitalit\u00e9 dans des institutions [&hellip;]<\/p>\n","protected":false},"author":2,"featured_media":6856,"comment_status":"closed","ping_status":"closed","sticky":false,"template":"","format":"standard","meta":{"_hide_socialbar":"","footnotes":""},"categories":[428],"tags":[1098,395,2121,400,924,8,1594,2126,2119,417],"class_list":["post-6855","post","type-post","status-publish","format-standard","has-post-thumbnail","hentry","category-actualites","tag-analyses-propres","tag-antisemitisme","tag-bpl","tag-haine-des-juifs","tag-islamisme","tag-israel","tag-liberte-dexpression","tag-politique-de-la-ville","tag-ronny-siev","tag-zurich"],"aioseo_notices":[],"_links":{"self":[{"href":"https:\/\/fokusisrael.ch\/fr\/wp-json\/wp\/v2\/posts\/6855","targetHints":{"allow":["GET"]}}],"collection":[{"href":"https:\/\/fokusisrael.ch\/fr\/wp-json\/wp\/v2\/posts"}],"about":[{"href":"https:\/\/fokusisrael.ch\/fr\/wp-json\/wp\/v2\/types\/post"}],"author":[{"embeddable":true,"href":"https:\/\/fokusisrael.ch\/fr\/wp-json\/wp\/v2\/users\/2"}],"replies":[{"embeddable":true,"href":"https:\/\/fokusisrael.ch\/fr\/wp-json\/wp\/v2\/comments?post=6855"}],"version-history":[{"count":1,"href":"https:\/\/fokusisrael.ch\/fr\/wp-json\/wp\/v2\/posts\/6855\/revisions"}],"predecessor-version":[{"id":6857,"href":"https:\/\/fokusisrael.ch\/fr\/wp-json\/wp\/v2\/posts\/6855\/revisions\/6857"}],"wp:featuredmedia":[{"embeddable":true,"href":"https:\/\/fokusisrael.ch\/fr\/wp-json\/wp\/v2\/media\/6856"}],"wp:attachment":[{"href":"https:\/\/fokusisrael.ch\/fr\/wp-json\/wp\/v2\/media?parent=6855"}],"wp:term":[{"taxonomy":"category","embeddable":true,"href":"https:\/\/fokusisrael.ch\/fr\/wp-json\/wp\/v2\/categories?post=6855"},{"taxonomy":"post_tag","embeddable":true,"href":"https:\/\/fokusisrael.ch\/fr\/wp-json\/wp\/v2\/tags?post=6855"}],"curies":[{"name":"wp","href":"https:\/\/api.w.org\/{rel}","templated":true}]}}