{"id":6792,"date":"2025-12-14T13:34:45","date_gmt":"2025-12-14T12:34:45","guid":{"rendered":"https:\/\/fokusisrael.ch\/non-categorise\/terreur-antisemite-a-bond-beach-des-juifs-cibles-lors-de-la-fete-de-hanouka\/"},"modified":"2025-12-14T13:35:57","modified_gmt":"2025-12-14T12:35:57","slug":"terreur-antisemite-a-bond-beach-des-juifs-cibles-lors-de-la-fete-de-hanouka","status":"publish","type":"post","link":"https:\/\/fokusisrael.ch\/fr\/actualites\/terreur-antisemite-a-bond-beach-des-juifs-cibles-lors-de-la-fete-de-hanouka\/","title":{"rendered":"Terreur antis\u00e9mite \u00e0 Bondi Beach &#8211; des juifs cibl\u00e9s lors de la f\u00eate de Hanoukka"},"content":{"rendered":"\n<p><strong>Dimanche en fin d&rsquo;apr\u00e8s-midi (heure locale), plusieurs hommes arm\u00e9s ont ouvert le feu sur environ 2000 personnes sur la plage de Bondi \u00e0 Sydney. Elles s&rsquo;\u00e9taient rassembl\u00e9es pour c\u00e9l\u00e9brer pacifiquement le d\u00e9but de la f\u00eate juive des lumi\u00e8res, Hanoukah. <\/strong><\/p>\n\n<p>Au moins douze personnes, dont des familles et des membres de la communaut\u00e9, ont \u00e9t\u00e9 tu\u00e9es ; 29 autres, dont deux officiers de police, ont \u00e9t\u00e9 bless\u00e9es, certaines gri\u00e8vement. L&rsquo;un des auteurs pr\u00e9sum\u00e9s a \u00e9t\u00e9 tu\u00e9 sur place et un autre est d\u00e9tenu dans un \u00e9tat critique.   <\/p>\n\n<p>L&rsquo;attaque visait sp\u00e9cifiquement un \u00e9v\u00e9nement juif, Chanukah by Sea. Des t\u00e9moins oculaires ont rapport\u00e9 des dizaines de coups de feu, la panique sur la plage et des sc\u00e8nes dignes d&rsquo;un film d&rsquo;horreur, alors que les visiteurs couraient pour sauver leur vie et se mettre en s\u00e9curit\u00e9.   <\/p>\n\n<p><strong>Vague antis\u00e9mite<\/strong><\/p>\n\n<p>Le pr\u00e9sident isra\u00e9lien Isaac Herzog a condamn\u00e9 l&rsquo;attaque en la qualifiant d'\u00a0\u00bbacte terroriste odieux contre les Juifs lors de la c\u00e9l\u00e9bration de leur f\u00eate des Lumi\u00e8res\u00a0\u00bb. Le ministre des Affaires \u00e9trang\u00e8res Gideon Sa&rsquo;ar a d\u00e9clar\u00e9 : \u00ab\u00a0C&rsquo;est le r\u00e9sultat d&rsquo;une vague antis\u00e9mite\u00a0\u00bb qui a augment\u00e9 ces derni\u00e8res ann\u00e9es et qui ne peut plus \u00eatre ignor\u00e9e. Il a appel\u00e9 le gouvernement australien \u00e0 prendre au s\u00e9rieux les nombreux signaux d&rsquo;alarme.    <\/p>\n\n<p>Pour la communaut\u00e9 juive de Sydney, il s&rsquo;agit d&rsquo;un coup bas dans une p\u00e9riode o\u00f9 les incidents antis\u00e9mites sont d\u00e9j\u00e0 en augmentation. Ces derni\u00e8res ann\u00e9es, les agressions, les incendies de synagogues, les attaques contre les institutions juives et les discours ouvertement antis\u00e9mites se sont multipli\u00e9s, une tendance que l&rsquo;on peut observer dans de nombreuses r\u00e9gions du monde depuis la guerre de Gaza en 2023.   <\/p>\n\n<p><strong>L&rsquo;Iran serait derri\u00e8re l&rsquo;attentat<\/strong><\/p>\n\n<p>Cet attentat \u00e0 Bondi Beach n&rsquo;est pas seulement une trag\u00e9die pour les personnes touch\u00e9es et leurs familles, c&rsquo;est aussi un signe alarmant que la haine des juifs et de l&rsquo;identit\u00e9 juive est r\u00e9elle et dangereuse.  <\/p>\n\n<p>Selon un rapport du journal Israel Hayom, les services de renseignement isra\u00e9liens soup\u00e7onnent l&rsquo;Iran d&rsquo;\u00eatre derri\u00e8re cette attaque terroriste.  <\/p>\n\n<p>Sources :  <\/p>\n\n<p><a href=\"https:\/\/www.nzherald.co.nz\/world\/public-told-to-take-shelter-after-reports-of-shooting-at-sydneys-bondi-beach\/QF7YNACJGNF3HCZ3XLRIZPCPPQ\" target=\"_blank\" rel=\"noreferrer noopener\">NZ Herald<\/a>, <a href=\"https:\/\/www.jns.org\/israeli-leaders-condemn-sydney-chanukah-attack\" target=\"_blank\" rel=\"noreferrer noopener\">JNS.org<\/a>, <a href=\"https:\/\/www.juedische-allgemeine.de\/israel\/ueberall-war-blut-mehrere-tote-nach-anschlag-auf-chanukka-strandfeier\/\">juedische-allgemeine.de<\/a>, <a href=\"https:\/\/www.israelhayom.com\/2025\/12\/14\/israeli-official-on-bondi-beach-attack-iran-is-behind-it\/\">\u00ab\u00a0Israel Hayom\u00a0\u00bb.<\/a><\/p>\n","protected":false},"excerpt":{"rendered":"<p>Dimanche en fin d&rsquo;apr\u00e8s-midi (heure locale), plusieurs hommes arm\u00e9s ont ouvert le feu sur environ 2000 personnes sur la plage de Bondi \u00e0 Sydney. Elles s&rsquo;\u00e9taient rassembl\u00e9es pour c\u00e9l\u00e9brer pacifiquement le d\u00e9but de la f\u00eate juive des lumi\u00e8res, Hanoukah. Au moins douze personnes, dont des familles et des membres de la communaut\u00e9, ont \u00e9t\u00e9 tu\u00e9es [&hellip;]<\/p>\n","protected":false},"author":2,"featured_media":6794,"comment_status":"closed","ping_status":"closed","sticky":false,"template":"","format":"standard","meta":{"_hide_socialbar":"","footnotes":""},"categories":[428],"tags":[395,2095,2094,485,2091,378,2089,1928,2090],"class_list":["post-6792","post","type-post","status-publish","format-standard","has-post-thumbnail","hentry","category-actualites","tag-antisemitisme","tag-attaque-terroriste-2","tag-australie","tag-conflit-au-proche-orient","tag-hanoukka","tag-iran-fr","tag-sydney","tag-vie-juive","tag-violence-contre-les-juifs"],"aioseo_notices":[],"_links":{"self":[{"href":"https:\/\/fokusisrael.ch\/fr\/wp-json\/wp\/v2\/posts\/6792","targetHints":{"allow":["GET"]}}],"collection":[{"href":"https:\/\/fokusisrael.ch\/fr\/wp-json\/wp\/v2\/posts"}],"about":[{"href":"https:\/\/fokusisrael.ch\/fr\/wp-json\/wp\/v2\/types\/post"}],"author":[{"embeddable":true,"href":"https:\/\/fokusisrael.ch\/fr\/wp-json\/wp\/v2\/users\/2"}],"replies":[{"embeddable":true,"href":"https:\/\/fokusisrael.ch\/fr\/wp-json\/wp\/v2\/comments?post=6792"}],"version-history":[{"count":2,"href":"https:\/\/fokusisrael.ch\/fr\/wp-json\/wp\/v2\/posts\/6792\/revisions"}],"predecessor-version":[{"id":6804,"href":"https:\/\/fokusisrael.ch\/fr\/wp-json\/wp\/v2\/posts\/6792\/revisions\/6804"}],"wp:featuredmedia":[{"embeddable":true,"href":"https:\/\/fokusisrael.ch\/fr\/wp-json\/wp\/v2\/media\/6794"}],"wp:attachment":[{"href":"https:\/\/fokusisrael.ch\/fr\/wp-json\/wp\/v2\/media?parent=6792"}],"wp:term":[{"taxonomy":"category","embeddable":true,"href":"https:\/\/fokusisrael.ch\/fr\/wp-json\/wp\/v2\/categories?post=6792"},{"taxonomy":"post_tag","embeddable":true,"href":"https:\/\/fokusisrael.ch\/fr\/wp-json\/wp\/v2\/tags?post=6792"}],"curies":[{"name":"wp","href":"https:\/\/api.w.org\/{rel}","templated":true}]}}