{"id":6477,"date":"2025-12-04T20:27:49","date_gmt":"2025-12-04T19:27:49","guid":{"rendered":"https:\/\/fokusisrael.ch\/non-categorise\/les-arabes-israeliens-rejettent-la-solution-dun-etat-de-la-riviere-a-la-mer\/"},"modified":"2025-12-04T21:58:00","modified_gmt":"2025-12-04T20:58:00","slug":"les-arabes-israeliens-rejettent-la-solution-dun-etat-de-la-riviere-a-la-mer","status":"publish","type":"post","link":"https:\/\/fokusisrael.ch\/fr\/actualites\/les-arabes-israeliens-rejettent-la-solution-dun-etat-de-la-riviere-a-la-mer\/","title":{"rendered":"Les Arabes isra\u00e9liens rejettent la solution d&rsquo;un \u00c9tat \u00ab\u00a0de la rivi\u00e8re \u00e0 la mer"},"content":{"rendered":"\n<p>Pour les Arabes isra\u00e9liens, la criminalit\u00e9 dans leurs villes est le probl\u00e8me le plus important. En revanche, le soutien aux Palestiniens de Gaza et de Cisjordanie n&rsquo;est pas important pour eux. Cela s&rsquo;explique principalement par le fait qu&rsquo;ils se sentent arabes et isra\u00e9liens, et non palestiniens. C&rsquo;est pourquoi ils rejettent \u00e9galement une solution \u00e0 un seul \u00c9tat \u00ab\u00a0from the river to the sea\u00a0\u00bb et pr\u00f4nent la solution \u00e0 deux \u00c9tats.   <\/p>\n\n<p>C&rsquo;est ce que r\u00e9v\u00e8le un sondage repr\u00e9sentatif r\u00e9alis\u00e9 par la Fondation Konrad Adenauer pour la coop\u00e9ration jud\u00e9o-arabe et le Centre Moshe Dayan pour les \u00e9tudes moyen-orientales et africaines de l&rsquo;Universit\u00e9 de Tel Aviv. L&rsquo;enqu\u00eate a \u00e9t\u00e9 men\u00e9e en novembre et a examin\u00e9, \u00e0 l&rsquo;aide d&rsquo;un large \u00e9ventail de questions, le sentiment de la population arabe d&rsquo;Isra\u00ebl. Celle-ci compte 2,1 millions de personnes, soit environ 21% de la population isra\u00e9lienne totale. 82,2% des Arabes isra\u00e9liens sont musulmans, 9,1% sont druzes et 7,7% sont arabes chr\u00e9tiens.   <\/p>\n\n<p>Voici les principaux th\u00e8mes et r\u00e9sultats de l&rsquo;enqu\u00eate :<\/p>\n\n<p><strong>Criminalit\u00e9 et violence.<\/strong>  L&rsquo;enqu\u00eate montre qu&rsquo;actuellement, le principal probl\u00e8me des Arabes isra\u00e9liens est la s\u00e9curit\u00e9 personnelle. 74% des personnes interrog\u00e9es ont d\u00e9clar\u00e9 que la criminalit\u00e9 et la violence dans les villes arabes \u00e9taient la raison pour laquelle elles estimaient que leur s\u00e9curit\u00e9 personnelle \u00e9tait menac\u00e9e. En revanche, sur le plan \u00e9conomique, les Arabes vivant en Isra\u00ebl sont satisfaits : 73,4% des personnes interrog\u00e9es ont qualifi\u00e9 leur situation \u00e9conomique de \u00ab\u00a0bonne\u00a0\u00bb.  <\/p>\n\n<p><strong>Identit\u00e9 propre.<\/strong>  L&rsquo;enqu\u00eate est \u00e9galement r\u00e9v\u00e9latrice sur le plan politique. Lorsqu&rsquo;on leur a demand\u00e9 ce qui \u00e9tait le plus important pour leur identit\u00e9, 35,9% ont r\u00e9pondu \u00ab\u00a0l&rsquo;identit\u00e9 en tant qu&rsquo;Arabe\u00a0\u00bb, 31,7% ont r\u00e9pondu \u00ab\u00a0la citoyennet\u00e9 isra\u00e9lienne\u00a0\u00bb. En revanche, seulement 14,7% des personnes interrog\u00e9es ont d\u00e9clar\u00e9 qu&rsquo;il s&rsquo;agissait de leur \u00ab\u00a0identit\u00e9 palestinienne\u00a0\u00bb.  <\/p>\n\n<p><strong>Solution \u00e0 deux \u00c9tats.<\/strong>  Seuls 14% des personnes interrog\u00e9es pensent donc que le conflit entre Isra\u00ebl et les Palestiniens devrait \u00eatre r\u00e9solu sur la base d&rsquo;un \u00c9tat commun \u00ab\u00a0from the river to the sea\u00a0\u00bb. En revanche, environ la moiti\u00e9 (47,3%) consid\u00e8re la solution \u00e0 deux Etats sur la base des fronti\u00e8res d&rsquo;avant la guerre des Six Jours de 1967 (lorsqu&rsquo;Isra\u00ebl a conquis la Cisjordanie, Gaza et J\u00e9rusalem-Est) comme la plus r\u00e9aliste. Cependant, une personne interrog\u00e9e sur cinq (21%) est convaincue qu&rsquo;aucune solution politique au conflit n&rsquo;est actuellement visible \u00e0 l&rsquo;horizon. Un autre 8,5% pense qu&rsquo;une telle solution est plus susceptible d&rsquo;\u00eatre trouv\u00e9e sur une base r\u00e9gionale par le biais d&rsquo;une m\u00e9diation.   <\/p>\n\n<p><strong>Coop\u00e9ration avec des Isra\u00e9liens juifs.<\/strong>  En Isra\u00ebl, une petite majorit\u00e9 des deux tiers (64,6%) est favorable \u00e0 une coop\u00e9ration entre Arabes et Juifs. Toutefois, seuls 44,7% des Arabes isra\u00e9liens interrog\u00e9s estiment que les Juifs sont actuellement favorables \u00e0 une telle coop\u00e9ration. Par ailleurs, 74,6% des personnes interrog\u00e9es estiment que les relations entre Juifs et Arabes en Isra\u00ebl se sont d\u00e9t\u00e9rior\u00e9es au cours des deux derni\u00e8res ann\u00e9es, c&rsquo;est-\u00e0-dire depuis le massacre du 7 octobre 2023.  <\/p>\n\n<p><strong>Relations avec l&rsquo;\u00c9tat d&rsquo;Isra\u00ebl.<\/strong>  61% des Arabes isra\u00e9liens affirment cependant que leur relation personnelle avec l&rsquo;Etat d&rsquo;Isra\u00ebl ne s&rsquo;est pas d\u00e9t\u00e9rior\u00e9e pendant cette p\u00e9riode, mais qu&rsquo;elle est rest\u00e9e la m\u00eame (50,4%) ou qu&rsquo;elle s&rsquo;est m\u00eame renforc\u00e9e (10,6%). 57% des Arabes musulmans, 66,8% des Arabes chr\u00e9tiens et 94,4% des Druzes partagent cette opinion. <\/p>\n\n<p><strong>Participation au gouvernement.<\/strong>  L&rsquo;opinion selon laquelle les partis arabes isra\u00e9liens devraient participer au gouvernement apr\u00e8s les prochaines \u00e9lections d&rsquo;octobre 2026 est \u00e9galement tr\u00e8s r\u00e9pandue : 77,4% y sont favorables. Ils sont 45,6% \u00e0 estimer que cette participation doit se faire en toutes circonstances, quel que soit le vainqueur des \u00e9lections. En revanche, 31,8% estiment que la participation arabe ne devrait avoir lieu que si une alliance de centre-gauche parvient \u00e0 former le prochain gouvernement isra\u00e9lien.  <\/p>\n\n<p><strong>\u00c9lections l\u00e9gislatives.<\/strong>  Selon le sondage, 52,4% des Arabes isra\u00e9liens ont l&rsquo;intention de participer aux \u00e9lections au Parlement isra\u00e9lien (Knesset) en octobre 2026 si leurs partis se pr\u00e9sentent individuellement. Toutefois, si les quatre partis arabes devaient s&rsquo;unir pour former une alliance \u00e9lectorale, 61,8% des \u00e9lecteurs arabes se rendraient aux urnes. Ils pourraient ainsi obtenir 15 \u00e0 16 si\u00e8ges \u00e0 la Knesset, qui compte 120 membres, et exercer une influence consid\u00e9rable sur la formation du prochain gouvernement isra\u00e9lien.  <\/p>\n\n<p>Pour acc\u00e9der \u00e0 l&rsquo;enqu\u00eate : <a href=\"https:\/\/www.kas.de\/en\/web\/israel\/single-title\/-\/content\/an-in-depth-survey-of-the-arab-community-in-israel-following-the-israel-hamas-ceasefire\" title=\"\">An in-depth survey of the Arab community in Israel following the Israel-Hamas ceasefire &#8211; Foundation Office Israel &#8211; Konrad-Adenauer-Stiftung<\/a><\/p>\n\n<p><\/p>\n","protected":false},"excerpt":{"rendered":"<p>Pour les Arabes isra\u00e9liens, la criminalit\u00e9 dans leurs villes est le probl\u00e8me le plus important. En revanche, le soutien aux Palestiniens de Gaza et de Cisjordanie n&rsquo;est pas important pour eux. Cela s&rsquo;explique principalement par le fait qu&rsquo;ils se sentent arabes et isra\u00e9liens, et non palestiniens. C&rsquo;est pourquoi ils rejettent \u00e9galement une solution \u00e0 un [&hellip;]<\/p>\n","protected":false},"author":2,"featured_media":6478,"comment_status":"closed","ping_status":"closed","sticky":false,"template":"","format":"standard","meta":{"_hide_socialbar":"","footnotes":""},"categories":[428],"tags":[1943,1528,1942,372,1944,977,1081],"class_list":["post-6477","post","type-post","status-publish","format-standard","has-post-thumbnail","hentry","category-actualites","tag-arabes-israeliens","tag-enquete","tag-identite","tag-israel-fr","tag-kas","tag-politique","tag-solution-a-deux-etats"],"aioseo_notices":[],"_links":{"self":[{"href":"https:\/\/fokusisrael.ch\/fr\/wp-json\/wp\/v2\/posts\/6477","targetHints":{"allow":["GET"]}}],"collection":[{"href":"https:\/\/fokusisrael.ch\/fr\/wp-json\/wp\/v2\/posts"}],"about":[{"href":"https:\/\/fokusisrael.ch\/fr\/wp-json\/wp\/v2\/types\/post"}],"author":[{"embeddable":true,"href":"https:\/\/fokusisrael.ch\/fr\/wp-json\/wp\/v2\/users\/2"}],"replies":[{"embeddable":true,"href":"https:\/\/fokusisrael.ch\/fr\/wp-json\/wp\/v2\/comments?post=6477"}],"version-history":[{"count":2,"href":"https:\/\/fokusisrael.ch\/fr\/wp-json\/wp\/v2\/posts\/6477\/revisions"}],"predecessor-version":[{"id":6501,"href":"https:\/\/fokusisrael.ch\/fr\/wp-json\/wp\/v2\/posts\/6477\/revisions\/6501"}],"wp:featuredmedia":[{"embeddable":true,"href":"https:\/\/fokusisrael.ch\/fr\/wp-json\/wp\/v2\/media\/6478"}],"wp:attachment":[{"href":"https:\/\/fokusisrael.ch\/fr\/wp-json\/wp\/v2\/media?parent=6477"}],"wp:term":[{"taxonomy":"category","embeddable":true,"href":"https:\/\/fokusisrael.ch\/fr\/wp-json\/wp\/v2\/categories?post=6477"},{"taxonomy":"post_tag","embeddable":true,"href":"https:\/\/fokusisrael.ch\/fr\/wp-json\/wp\/v2\/tags?post=6477"}],"curies":[{"name":"wp","href":"https:\/\/api.w.org\/{rel}","templated":true}]}}