{"id":6273,"date":"2025-11-27T07:34:16","date_gmt":"2025-11-27T06:34:16","guid":{"rendered":"https:\/\/fokusisrael.ch\/non-categorise\/le-scandale-qui-nen-etait-pas-un-comment-un-mot-a-ete-transforme-en-arme\/"},"modified":"2026-01-23T00:36:44","modified_gmt":"2026-01-22T23:36:44","slug":"le-scandale-qui-nen-etait-pas-un-comment-un-mot-a-ete-transforme-en-arme","status":"publish","type":"post","link":"https:\/\/fokusisrael.ch\/fr\/actualites\/le-scandale-qui-nen-etait-pas-un-comment-un-mot-a-ete-transforme-en-arme\/","title":{"rendered":"\u00ab\u00a0Palestinien\u00a0\u00bb : comment un mot a \u00e9t\u00e9 utilis\u00e9 pour traquer les Juifs"},"content":{"rendered":"\n<p>Parfois, une seule phrase suffit \u00e0 rendre visibles les r\u00e9actions r\u00e9flexes d\u2019une soci\u00e9t\u00e9. Les derniers jours en ont \u00e9t\u00e9 une d\u00e9monstration frappante. Un post Instagram de l\u2019Association Suisse-Isra\u00ebl (ASI), exprimant le souhait que le&nbsp;<em>palestinisme<\/em>appartienne un jour au pass\u00e9, s\u2019est transform\u00e9 en quelques heures en un scandale national. Non pas parce que la formulation \u00e9tait radicale, mais parce que son sens a \u00e9t\u00e9 r\u00e9interpr\u00e9t\u00e9 d\u2019une mani\u00e8re qui en dit davantage sur le paysage politique que sur la phrase elle-m\u00eame.<\/p>\n\n\n\n<p>En tr\u00e8s peu de temps, des comptes sur les r\u00e9seaux sociaux engag\u00e9s dans la cause palestinienne ont transform\u00e9 cette publication en un pr\u00e9tendu appel \u00e0 l\u2019extermination du peuple palestinien. D\u2019autres plateformes ont aussit\u00f4t repris cette lecture et pr\u00e9sent\u00e9 le post de l\u2019ASI comme l\u2019expression d\u2019un fanatisme raciste. Il s\u2019est ainsi cr\u00e9\u00e9 une dynamique fond\u00e9e moins sur ce qui avait \u00e9t\u00e9 \u00e9crit que sur ce que l\u2019on a voulu y projeter.<\/p>\n\n\n\n<p>Cela a \u00e9t\u00e9 particuli\u00e8rement visible sur la cha\u00eene de Baba News, qui a mis en sc\u00e8ne la publication comme une d\u00e9claration ouvertement g\u00e9nocidaire, int\u00e9gr\u00e9e dans un r\u00e9cit dramatique. La plateforme pro-palestinienne y affirme que certaines parties de la Suisse auraient perdu leurs inhibitions morales et normaliseraient l\u2019id\u00e9e d\u2019extermination ethnique. Le propos \u00e9tait \u00e9motionnellement charg\u00e9 et concluait que l\u2019ASI repr\u00e9sentait un danger pour la soci\u00e9t\u00e9. Cette indignation morale a \u00e9t\u00e9 d\u00e9lib\u00e9r\u00e9ment utilis\u00e9e pour amplifier des messages politiques.<\/p>\n\n\n\n<p>La vague d\u2019indignation a rapidement gagn\u00e9 les m\u00e9dias \u00e9tablis. Le&nbsp;<em>Tages-Anzeiger<\/em>&nbsp;a repris ce r\u00e9cit spectaculaire et pr\u00e9sent\u00e9 la phrase comme incendiaire. La&nbsp;<em>Tribune de Gen\u00e8ve<\/em>&nbsp;et&nbsp;<em>Le Courrier<\/em>&nbsp;ont \u00e9galement adopt\u00e9 cette interpr\u00e9tation, construisant \u00e0 leur tour un pr\u00e9tendu appel au g\u00e9nocide.<\/p>\n\n\n\n<p>Or, pour paraphraser William Shakespeare, il s\u2019agit l\u00e0 de \u00ab beaucoup de bruit pour rien \u00bb. En effet, le terme&nbsp;<em>palestinisme<\/em>est la traduction directe du mot anglais&nbsp;<em>Palestinianism<\/em>. Dans l\u2019analyse politologique et journalistique internationale, ce terme d\u00e9signe depuis des d\u00e9cennies une id\u00e9ologie \u2013 et non un peuple. Cette id\u00e9ologie se caract\u00e9rise par le rejet du droit \u00e0 l\u2019autod\u00e9termination juive. Des chercheurs comme Einat Wilf, Ben Cohen ou Andrew Fox utilisent le terme&nbsp;<em>Palestinianism<\/em>&nbsp;(<em>palestinisme<\/em>) pour d\u00e9crire une posture qui ne vise pas la cr\u00e9ation d\u2019un \u00c9tat palestinien, mais la d\u00e9l\u00e9gitimation de l\u2019\u00c9tat juif.<\/p>\n\n\n\n<p>Cela appara\u00eet clairement dans un essai souvent cit\u00e9 de Steve Kramer, publi\u00e9 en 2014 dans&nbsp;<em>The Times of Israel<\/em>. Kramer d\u00e9crit le&nbsp;<em>Palestinianism<\/em>&nbsp;comme la \u00ab nouvelle religion de l\u2019Europe \u00bb, qui aurait remplac\u00e9 les formes classiques de l\u2019antis\u00e9mitisme. Pour le philosophe fran\u00e7ais Bernard-Henri L\u00e9vy, l\u2019id\u00e9ologie du&nbsp;<em>palestinisme<\/em>&nbsp;fait de la critique d\u2019Isra\u00ebl un automatisme quasi obligatoire.<\/p>\n\n\n\n<p>M\u00eame l\u2019activiste politique pro-palestinien et professeur d\u2019universit\u00e9 Edward Said comprenait le&nbsp;<em>Palestinianism<\/em>&nbsp;comme un projet politique et un contre-r\u00e9cit \u00e0 la revendication juive d\u2019autod\u00e9termination. Dans \u00ab Permission to Narrate \u00bb, il le d\u00e9crit comme une construction n\u00e9e du rejet de la l\u00e9gitimit\u00e9 historique d\u2019Isra\u00ebl et qui place la cause palestinienne dans une opposition permanente \u00e0 l\u2019\u00c9tat juif.<\/p>\n\n\n\n<p>Le terme&nbsp;<em>palestinisme<\/em>&nbsp;est donc une d\u00e9signation strictement intellectuelle et non pas ethnique ou culturelle. Le fait qu\u2019il puisse sembler inhabituel en fran\u00e7ais n\u2019y change rien. D\u2019autres id\u00e9ologies sont \u00e9galement d\u00e9sign\u00e9es par un suffixe comme \u00ab -isme \u00bb ou \u00ab -tum \u00bb, sans qu\u2019il soit question de peuples ou d\u2019individus, et encore moins d\u2019un jugement de valeur \u00e0 leur \u00e9gard. Par cons\u00e9quent, la phrase \u00ab Que le palestinisme appartienne bient\u00f4t au pass\u00e9 \u00bb n\u2019est en aucun cas un appel au g\u00e9nocide des \u00ab Palestiniens \u00bb, mais simplement l\u2019expression du souhait que l\u2019id\u00e9ologie appel\u00e9e&nbsp;<em>palestinisme<\/em>, qui nie le droit \u00e0 l\u2019existence de l\u2019\u00c9tat juif d\u2019Isra\u00ebl, soit d\u00e9pass\u00e9e.<\/p>\n\n\n\n<p>De cet \u00e9pisode, deux constats s\u2019imposent. Premi\u00e8rement, la dynamique dangereuse qui peut surgir lorsque le public et les m\u00e9dias \u2013 par ignorance ou par mauvaise foi \u2013 confondent une id\u00e9ologie (comme le\u00a0<em>palestinisme<\/em>) avec un peuple r\u00e9el, attisant ainsi l\u2019hostilit\u00e9 envers ceux qui ont utilis\u00e9 un terme acad\u00e9mique de mani\u00e8re parfaitement correcte et objective. Deuxi\u00e8mement, l\u2019asym\u00e9trie flagrante du comportement m\u00e9diatique : les m\u00eames m\u00e9dias qui restent silencieux lorsque des islamistes ou des activistes d\u2019extr\u00eame gauche scandent des slogans antisionistes, deviennent soudain hyperventilants d\u00e8s qu\u2019ils croient d\u00e9celer, du c\u00f4t\u00e9 juif, une parole pr\u00e9tendument anti-palestinienne. Ils confirment ainsi ce que Theodor W. Adorno affirmait d\u00e9j\u00e0 il y a 80 ans : <strong>\u00ab L\u2019antis\u00e9mitisme est la rumeur sur les Juifs. \u00bb<\/strong><\/p>\n\n\n\n<hr class=\"wp-block-separator has-alpha-channel-opacity\"\/>\n\n\n\n<p><strong>Henrik Beckheim Podcast.<\/strong><br><em>\u00ab\u00a0Dr Einat Wilf : Palestinianism has to die, in order for people to live\u00a0\u00bb.<\/em><br>Entretien vid\u00e9o sur YouTube, publi\u00e9 en 2025.<br>URL : <a href=\"https:\/\/www.youtube.com\/watch?v=eNBILq0eS0k\">https:\/\/www.youtube.com\/watch?v=eNBILq0eS0k<\/a><\/p>\n\n\n\n<p><strong>Kramer, Steve.<\/strong><br><em>\u00ab\u00a0Palestinianism<\/em>\u00ab\u00a0<br>The Blogs &#8211; The Times of Israel, 10 d\u00e9cembre 2014.<br>URL : <a href=\"https:\/\/blogs.timesofisrael.com\/palestinianism\/\">https:\/\/blogs.timesofisrael.com\/palestinianism\/<\/a><\/p>\n\n\n\n<p><strong>Sa\u00efd, Edward.<\/strong><br><em>Permission to Narrate.<\/em><br>London Review of Books, Vol. 6 No. 3, 16 f\u00e9vrier 1984.<br>Texte original disponible en ligne : <br><a href=\"https:\/\/www.lrb.co.uk\/the-paper\/v06\/n03\/edward-said\/permission-to-narrate\">https:\/\/www.lrb.co.uk\/the-paper\/v06\/n03\/edward-said\/permission-to-narrate<\/a><\/p>\n","protected":false},"excerpt":{"rendered":"<p>Parfois, une seule phrase suffit \u00e0 rendre visibles les r\u00e9actions r\u00e9flexes d\u2019une soci\u00e9t\u00e9. Les derniers jours en ont \u00e9t\u00e9 une d\u00e9monstration frappante. Un post Instagram de l\u2019Association Suisse-Isra\u00ebl (ASI), exprimant le souhait que le&nbsp;palestinismeappartienne un jour au pass\u00e9, s\u2019est transform\u00e9 en quelques heures en un scandale national. Non pas parce que la formulation \u00e9tait radicale, [&hellip;]<\/p>\n","protected":false},"author":2,"featured_media":6274,"comment_status":"closed","ping_status":"closed","sticky":false,"template":"","format":"standard","meta":{"_hide_socialbar":"","footnotes":""},"categories":[428],"tags":[1098,395,485,1844,1402,1842,1845,372,1843,1841],"class_list":["post-6273","post","type-post","status-publish","format-standard","has-post-thumbnail","hentry","category-actualites","tag-analyses-propres","tag-antisemitisme","tag-conflit-au-proche-orient","tag-cours","tag-critique-des-medias","tag-gsi","tag-indignation","tag-israel-fr","tag-palestinianism","tag-palestinien"],"aioseo_notices":[],"_links":{"self":[{"href":"https:\/\/fokusisrael.ch\/fr\/wp-json\/wp\/v2\/posts\/6273","targetHints":{"allow":["GET"]}}],"collection":[{"href":"https:\/\/fokusisrael.ch\/fr\/wp-json\/wp\/v2\/posts"}],"about":[{"href":"https:\/\/fokusisrael.ch\/fr\/wp-json\/wp\/v2\/types\/post"}],"author":[{"embeddable":true,"href":"https:\/\/fokusisrael.ch\/fr\/wp-json\/wp\/v2\/users\/2"}],"replies":[{"embeddable":true,"href":"https:\/\/fokusisrael.ch\/fr\/wp-json\/wp\/v2\/comments?post=6273"}],"version-history":[{"count":7,"href":"https:\/\/fokusisrael.ch\/fr\/wp-json\/wp\/v2\/posts\/6273\/revisions"}],"predecessor-version":[{"id":7019,"href":"https:\/\/fokusisrael.ch\/fr\/wp-json\/wp\/v2\/posts\/6273\/revisions\/7019"}],"wp:featuredmedia":[{"embeddable":true,"href":"https:\/\/fokusisrael.ch\/fr\/wp-json\/wp\/v2\/media\/6274"}],"wp:attachment":[{"href":"https:\/\/fokusisrael.ch\/fr\/wp-json\/wp\/v2\/media?parent=6273"}],"wp:term":[{"taxonomy":"category","embeddable":true,"href":"https:\/\/fokusisrael.ch\/fr\/wp-json\/wp\/v2\/categories?post=6273"},{"taxonomy":"post_tag","embeddable":true,"href":"https:\/\/fokusisrael.ch\/fr\/wp-json\/wp\/v2\/tags?post=6273"}],"curies":[{"name":"wp","href":"https:\/\/api.w.org\/{rel}","templated":true}]}}