{"id":5659,"date":"2025-10-24T19:25:03","date_gmt":"2025-10-24T17:25:03","guid":{"rendered":"https:\/\/fokusisrael.ch\/?p=5659"},"modified":"2025-10-24T21:51:08","modified_gmt":"2025-10-24T19:51:08","slug":"donnez-une-chance-a-la-paix-2","status":"publish","type":"post","link":"https:\/\/fokusisrael.ch\/fr\/actualites\/donnez-une-chance-a-la-paix-2\/","title":{"rendered":"Donnez une chance \u00e0 la paix"},"content":{"rendered":"\n<p>de Sacha Wigdorovits<\/p>\n\n<p>Il y a environ quatre semaines, le pr\u00e9sident am\u00e9ricain Donald Trump a pr\u00e9sent\u00e9 <a href=\"https:\/\/fokusisrael.ch\/fr\/actualites\/plan-de-paix-en-20-points-du-president-americain-trump\/\" title=\"Plan de paix en 20 points du pr&#xE9;sident am&#xE9;ricain Trump\">son plan de paix en 20 points pour Gaza<\/a>. Moins de deux semaines plus tard, Isra\u00ebl et l&rsquo;organisation terroriste Hamas ont annonc\u00e9 par \u00e9crit leur accord pour la mise en \u0153uvre de sa premi\u00e8re phase.<\/p>\n\n<p>En cons\u00e9quence, Isra\u00ebl s&rsquo;est retir\u00e9 \u00e0 Gaza sur une position convenue et a lib\u00e9r\u00e9 2 000 Palestiniens captur\u00e9s, dont 250 terroristes condamn\u00e9s. De son c\u00f4t\u00e9, le Hamas <g id=\"gid_0\">a lib\u00e9r\u00e9 les 20 otages encore en vie<\/g> du massacre du 7 octobre 2023. Les corps de 18 autres otages d\u00e9tenus \u00e0 Gaza ont \u00e9galement \u00e9t\u00e9 progressivement rendus \u00e0 Isra\u00ebl depuis lors.  <\/p>\n\n<p>Jusqu&rsquo;ici, tout va bien, pourrait-on penser. Pourtant, les m\u00e9dias ne lisent qu&rsquo;une seule chose : pourquoi le reste de la mise en \u0153uvre du plan de paix n&rsquo;aboutira pas. <\/p>\n\n<p>Il est vrai que les \u00e9tapes suivantes du plan visant \u00e0 mettre fin au conflit entre les Palestiniens et Isra\u00ebl pr\u00e9sentent quelques difficult\u00e9s. Le plus important est de d\u00e9sarmer le Hamas et de l&rsquo;\u00e9carter du pouvoir \u00e0 Gaza. <\/p>\n\n<p>Mais est-ce vraiment aussi impossible et improbable qu&rsquo;on le pr\u00e9tend ? Apr\u00e8s tout, outre l&rsquo;Arabie saoudite et l&rsquo;\u00c9gypte, la Turquie et le Qatar ont \u00e9galement sign\u00e9 formellement le plan de paix am\u00e9ricain. Les deux plus grands soutiens du Hamas ont ainsi donn\u00e9 leur accord pour son d\u00e9sarmement.  <\/p>\n\n<p>De plus, la population de Gaza aspire \u00e0 la paix. Or, celle-ci ne peut \u00eatre durable que si le plan Trump est mis en \u0153uvre. <\/p>\n\n<p>D&rsquo;un point de vue militaire, le groupe terroriste est \u00e9galement dos au mur apr\u00e8s deux ans de guerre. D&rsquo;autant plus que le pr\u00e9sident am\u00e9ricain Trump a d\u00e9clar\u00e9 sans ambigu\u00eft\u00e9 que si le Hamas n&rsquo;acceptait pas \u00ab\u00a0volontairement\u00a0\u00bb son d\u00e9sarmement, celui-ci lui serait impos\u00e9. <\/p>\n\n<p>Cela signifie qu&rsquo;Isra\u00ebl aurait le soutien total de l&rsquo;administration am\u00e9ricaine s&rsquo;il reprenait la main militairement au cas o\u00f9 le Hamas s&rsquo;opposerait aux autres points du plan de paix, et donc \u00e0 son d\u00e9sarmement.<\/p>\n\n<p>La pression externe et interne sur <a href=\"https:\/\/fokusisrael.ch\/fr\/organisations-terroristes-palestiniennes-et-islamistes\/lorganisation-terroriste-hamas-et-ses-objectifs\/\" title=\"L'organisation terroriste Hamas et ses objectifs\">le Hamas<\/a> est donc forte. Le paradoxe est d&rsquo;autant plus incompr\u00e9hensible que leurs seuls alli\u00e9s se trouvent en Isra\u00ebl : les nationaux-religieux et les ultranationalistes, situ\u00e9s \u00e0 l&rsquo;extr\u00eame droite. En effet, ces deux groupes politiques, tout comme l&rsquo;organisation terroriste palestinienne, tentent par tous les moyens d&#8217;emp\u00eacher la poursuite de la mise en \u0153uvre du plan de paix pour Gaza.<\/p>\n\n<p>Le projet de loi sur l&rsquo;annexion de la Cisjordanie, lanc\u00e9 il y a quelques jours par ces m\u00eames milieux, vise pr\u00e9cis\u00e9ment \u00e0 atteindre cet objectif. Le projet de loi a \u00e9t\u00e9 adopt\u00e9 en premi\u00e8re lecture par le Parlement isra\u00e9lien, la Knesset, par 25 voix contre 24. <\/p>\n\n<p>Il a donc \u00e9t\u00e9 approuv\u00e9 par moins d&rsquo;un quart de l&rsquo;ensemble des d\u00e9put\u00e9s. Les repr\u00e9sentants du Likoud, le parti du Premier ministre Benjamin Netanyahu, se sont abstenus \u00e0 une exception pr\u00e8s. Netanyahu lui-m\u00eame avait auparavant tent\u00e9, sans succ\u00e8s, d&#8217;emp\u00eacher le vote.<\/p>\n\n<p>Il est donc clair que la loi d&rsquo;annexion ne passera jamais en fin de compte. Mais les ultra-religieux et les radicaux de droite nuisent n\u00e9anmoins \u00e0 leur propre pays par leur comportement conflictuel. En effet, ils mettent en p\u00e9ril les bonnes relations d&rsquo;Isra\u00ebl avec son alli\u00e9 le plus proche, les \u00c9tats-Unis.  <\/p>\n\n<p>Le vice-pr\u00e9sident am\u00e9ricain JD Vance, furieux, a ainsi qualifi\u00e9 la d\u00e9cision de la Knesset de \u00ab\u00a0stupidit\u00e9\u00a0\u00bb. Et son chef, le pr\u00e9sident Trump, a d\u00e9clar\u00e9 sans ambages : \u00ab\u00a0Si Isra\u00ebl annexe la Cisjordanie, il perdra tout soutien de la part des Etats-Unis. <\/p>\n\n<p>Pour mettre en \u0153uvre le plan de paix am\u00e9ricain face \u00e0 cette r\u00e9sistance du Hamas d&rsquo;une part et de l&rsquo;extr\u00eame droite isra\u00e9lienne d&rsquo;autre part, trois \u00e9l\u00e9ments sont donc essentiels :<\/p>\n\n<ol class=\"wp-block-list\">\n<li>Les belles paroles doivent maintenant \u00eatre suivies d&rsquo;actes de la part de la Turquie et des pays arabes, ainsi que de la part de la France, de l&rsquo;Italie et de l&rsquo;Allemagne.<br\/><br\/>Cela signifie que ces pays doivent participer, comme ils l&rsquo;ont promis, en envoyant des soldats \u00e0 la force de s\u00e9curit\u00e9 \u00e0 Gaza pr\u00e9vue dans le plan de paix. Et tout d&rsquo;abord, cette force de s\u00e9curit\u00e9 doit veiller \u00e0 ce que le Hamas soit d\u00e9sarm\u00e9 et Gaza d\u00e9militaris\u00e9e. <br\/><br\/><\/li>\n\n\n\n<li>Isra\u00ebl a besoin d&rsquo;un nouveau gouvernement de coalition dans lequel les ultranationalistes et les nationaux-religieux ne sont plus repr\u00e9sent\u00e9s. Il n&rsquo;est pas certain que ce gouvernement puisse se passer du soutien du Likoud du Premier ministre Netanyahu, m\u00eame en cas de nouvelles \u00e9lections. <br\/><br\/>Le \u00ab\u00a0faiseur de deals\u00a0\u00bb Donald Trump a donc d\u00e9j\u00e0 indiqu\u00e9 il y a quelques mois, et \u00e0 nouveau r\u00e9cemment, dans son discours \u00e0 la Knesset, une voie par laquelle les deux camps en conflit pourraient s&rsquo;entendre pour travailler ensemble : Le centre-gauche accepte d&rsquo;abandonner les poursuites pour corruption contre Netanyahu. Celui-ci s&rsquo;engage en contrepartie \u00e0 ne pas se pr\u00e9senter pour un nouveau mandat (complet). <br\/><br\/>Du point de vue de l&rsquo;\u00c9tat de droit, un tel \u00ab\u00a0deal\u00a0\u00bb serait certes inesth\u00e9tique, mais il serait dans l&rsquo;int\u00e9r\u00eat du pays. Cela doit pr\u00e9valoir, en particulier dans la situation actuelle. <br\/><br\/><\/li>\n\n\n\n<li>Les \u00c9tats-Unis doivent maintenir leur pression massive sur les deux parties. C&rsquo;est-\u00e0-dire sur les \u00c9tats arabes et la Turquie d&rsquo;une part, et sur Isra\u00ebl d&rsquo;autre part. Fid\u00e8le \u00e0 la devise de l&rsquo;Erlk\u00f6nig de Goethe : \u00ab\u00a0Et si tu ne veux pas, j&rsquo;ai besoin de la force\u00a0\u00bb.<br\/><br\/>La plus grande puissance \u00e9conomique et militaire du monde a montr\u00e9 ces derni\u00e8res semaines et ces derniers mois qu&rsquo;elle disposait des moyens n\u00e9cessaires et qu&rsquo;elle \u00e9tait pr\u00eate \u00e0 les utiliser.<\/li>\n<\/ol>\n\n<p>La poursuite de la mise en \u0153uvre du plan de paix de Trump est-elle donc une \u00ab\u00a0chose faite\u00a0\u00bb ? Non, ce n&rsquo;est pas le cas ! Mais elle n&rsquo;est pas non plus aussi impossible qu&rsquo;on le dit souvent.  <\/p>\n\n<p>Mais surtout, il n&rsquo;y a pas d&rsquo;alternative. En effet, aucun des apologistes qui qualifient le concept en 20 points pour la paix \u00e0 Gaza &#8211; et donc pour la paix entre les Palestiniens et Isra\u00ebl &#8211; d&rsquo;irr\u00e9aliste, n&rsquo;a jusqu&rsquo;\u00e0 pr\u00e9sent propos\u00e9 de solution meilleure et plus r\u00e9aliste. <\/p>\n\n<p>C&rsquo;est pourquoi, plut\u00f4t que d&rsquo;entonner le chant du cygne au plan de paix de Trump, nous ferions mieux de chanter avec John Lennon \u00ab\u00a0Give peace a chance\u00a0\u00bb.<\/p>\n\n<blockquote class=\"wp-block-quote is-layout-flow wp-block-quote-is-layout-flow\">\n<p id=\"author\"><em>Sacha Wigdorovits est pr\u00e9sident de l&rsquo;association Fokus Israel und Nahost, qui g\u00e8re le site web fokusisrael.ch. Il a \u00e9tudi\u00e9 l&rsquo;histoire, la germanistique et la psychologie sociale \u00e0 l&rsquo;universit\u00e9 de Zurich et a travaill\u00e9, entre autres, comme correspondant aux \u00c9tats-Unis pour la SonntagsZeitung, a \u00e9t\u00e9 r\u00e9dacteur en chef du BLICK et cofondateur du journal pour pendulaires 20minuten. <\/em><\/p>\n<\/blockquote>\n\n<p><\/p>\n","protected":false},"excerpt":{"rendered":"<p>de Sacha Wigdorovits Il y a environ quatre semaines, le pr\u00e9sident am\u00e9ricain Donald Trump a pr\u00e9sent\u00e9 son plan de paix en 20 points pour Gaza. Moins de deux semaines plus tard, Isra\u00ebl et l&rsquo;organisation terroriste Hamas ont annonc\u00e9 par \u00e9crit leur accord pour la mise en \u0153uvre de sa premi\u00e8re phase. En cons\u00e9quence, Isra\u00ebl s&rsquo;est [&hellip;]<\/p>\n","protected":false},"author":2,"featured_media":2234,"comment_status":"closed","ping_status":"closed","sticky":false,"template":"","format":"standard","meta":{"_hide_socialbar":"","footnotes":""},"categories":[428],"tags":[1098,383,483,379,393,454],"class_list":["post-5659","post","type-post","status-publish","format-standard","has-post-thumbnail","hentry","category-actualites","tag-analyses-propres","tag-cisjordanie","tag-donald-trump-fr","tag-gaza-fr","tag-hamas-fr","tag-sacha-wigdorovits-fr"],"aioseo_notices":[],"_links":{"self":[{"href":"https:\/\/fokusisrael.ch\/fr\/wp-json\/wp\/v2\/posts\/5659","targetHints":{"allow":["GET"]}}],"collection":[{"href":"https:\/\/fokusisrael.ch\/fr\/wp-json\/wp\/v2\/posts"}],"about":[{"href":"https:\/\/fokusisrael.ch\/fr\/wp-json\/wp\/v2\/types\/post"}],"author":[{"embeddable":true,"href":"https:\/\/fokusisrael.ch\/fr\/wp-json\/wp\/v2\/users\/2"}],"replies":[{"embeddable":true,"href":"https:\/\/fokusisrael.ch\/fr\/wp-json\/wp\/v2\/comments?post=5659"}],"version-history":[{"count":4,"href":"https:\/\/fokusisrael.ch\/fr\/wp-json\/wp\/v2\/posts\/5659\/revisions"}],"predecessor-version":[{"id":5693,"href":"https:\/\/fokusisrael.ch\/fr\/wp-json\/wp\/v2\/posts\/5659\/revisions\/5693"}],"wp:featuredmedia":[{"embeddable":true,"href":"https:\/\/fokusisrael.ch\/fr\/wp-json\/wp\/v2\/media\/2234"}],"wp:attachment":[{"href":"https:\/\/fokusisrael.ch\/fr\/wp-json\/wp\/v2\/media?parent=5659"}],"wp:term":[{"taxonomy":"category","embeddable":true,"href":"https:\/\/fokusisrael.ch\/fr\/wp-json\/wp\/v2\/categories?post=5659"},{"taxonomy":"post_tag","embeddable":true,"href":"https:\/\/fokusisrael.ch\/fr\/wp-json\/wp\/v2\/tags?post=5659"}],"curies":[{"name":"wp","href":"https:\/\/api.w.org\/{rel}","templated":true}]}}