{"id":5622,"date":"2025-10-24T10:55:20","date_gmt":"2025-10-24T08:55:20","guid":{"rendered":"https:\/\/fokusisrael.ch\/?p=5622"},"modified":"2025-10-24T19:40:36","modified_gmt":"2025-10-24T17:40:36","slug":"on-les-appelle-les-manifestations-pro-palestiniennes-mais-elles-sont-dirigees-contre-israel-et-contre-les-juifs","status":"publish","type":"post","link":"https:\/\/fokusisrael.ch\/fr\/actualites\/on-les-appelle-les-manifestations-pro-palestiniennes-mais-elles-sont-dirigees-contre-israel-et-contre-les-juifs\/","title":{"rendered":"\u00ab\u00a0On les appelle les manifestations pro-palestiniennes &#8211; mais elles sont dirig\u00e9es contre Isra\u00ebl et contre les Juifs\u00a0\u00bb."},"content":{"rendered":"\n<p>Par Camille Lothe et Stephanie Gartenmann<\/p>\n\n<h2 class=\"wp-block-heading\">Sous le couvert de la solidarit\u00e9  <\/h2>\n\n<p>Le 11 octobre, Berne s&rsquo;est transform\u00e9e en champ de bataille : des restaurants incendi\u00e9s, des policiers bless\u00e9s, des slogans pleins de haine. La manifestation pro-palestinienne a laiss\u00e9 des traces &#8211; et des questions. <\/p>\n\n<p>Pour Sacha Wigdorovits, fondateur de l&rsquo;association Fokus Israel und Nahost, une chose est s\u00fbre : ces protestations ne sont plus depuis longtemps des manifestations politiques, mais des attaques contre Isra\u00ebl &#8211; et contre les Juifs. C&rsquo;est pourquoi il se bat, faits \u00e0 l&rsquo;appui, contre les fausses affirmations, contre la d\u00e9formation de l&rsquo;histoire &#8211; et contre le silence. Dans cet entretien, il parle du nouvel antis\u00e9mitisme, des points aveugles de la gauche et de l&rsquo;inaction de l&rsquo;ONU.  <\/p>\n\n<figure class=\"wp-block-embed is-type-video is-provider-youtube wp-block-embed-youtube wp-embed-aspect-16-9 wp-has-aspect-ratio\"><div class=\"wp-block-embed__wrapper\">\n<iframe loading=\"lazy\" title=\"Sacha Wigdorovits: \u00abMan nennt es Pro-Pal\u00e4stina-Demo \u2013 aber es richten sich gegen Israel und Juden\u00bb\" width=\"500\" height=\"281\" src=\"https:\/\/www.youtube.com\/embed\/GGKq8U46eRk?feature=oembed\" frameborder=\"0\" allow=\"accelerometer; autoplay; clipboard-write; encrypted-media; gyroscope; picture-in-picture; web-share\" referrerpolicy=\"strict-origin-when-cross-origin\" allowfullscreen><\/iframe>\n<\/div><\/figure>\n","protected":false},"excerpt":{"rendered":"<p>Par Camille Lothe et Stephanie Gartenmann Sous le couvert de la solidarit\u00e9 Le 11 octobre, Berne s&rsquo;est transform\u00e9e en champ de bataille : des restaurants incendi\u00e9s, des policiers bless\u00e9s, des slogans pleins de haine. La manifestation pro-palestinienne a laiss\u00e9 des traces &#8211; et des questions. Pour Sacha Wigdorovits, fondateur de l&rsquo;association Fokus Israel und Nahost, [&hellip;]<\/p>\n","protected":false},"author":2,"featured_media":5623,"comment_status":"closed","ping_status":"closed","sticky":false,"template":"","format":"standard","meta":{"_hide_socialbar":"","footnotes":""},"categories":[428],"tags":[395,1137,485,1276,1278,372,1275,1277,397,1274,454,1279,1280],"class_list":["post-5622","post","type-post","status-publish","format-standard","has-post-thumbnail","hentry","category-actualites","tag-antisemitisme","tag-berne","tag-conflit-au-proche-orient","tag-focus-sur-israel","tag-gauche","tag-israel-fr","tag-juifs","tag-manifestation-pro-palestinienne","tag-onu","tag-protestations","tag-sacha-wigdorovits-fr","tag-slogans-haineux","tag-violence"],"aioseo_notices":[],"_links":{"self":[{"href":"https:\/\/fokusisrael.ch\/fr\/wp-json\/wp\/v2\/posts\/5622","targetHints":{"allow":["GET"]}}],"collection":[{"href":"https:\/\/fokusisrael.ch\/fr\/wp-json\/wp\/v2\/posts"}],"about":[{"href":"https:\/\/fokusisrael.ch\/fr\/wp-json\/wp\/v2\/types\/post"}],"author":[{"embeddable":true,"href":"https:\/\/fokusisrael.ch\/fr\/wp-json\/wp\/v2\/users\/2"}],"replies":[{"embeddable":true,"href":"https:\/\/fokusisrael.ch\/fr\/wp-json\/wp\/v2\/comments?post=5622"}],"version-history":[{"count":1,"href":"https:\/\/fokusisrael.ch\/fr\/wp-json\/wp\/v2\/posts\/5622\/revisions"}],"predecessor-version":[{"id":5624,"href":"https:\/\/fokusisrael.ch\/fr\/wp-json\/wp\/v2\/posts\/5622\/revisions\/5624"}],"wp:featuredmedia":[{"embeddable":true,"href":"https:\/\/fokusisrael.ch\/fr\/wp-json\/wp\/v2\/media\/5623"}],"wp:attachment":[{"href":"https:\/\/fokusisrael.ch\/fr\/wp-json\/wp\/v2\/media?parent=5622"}],"wp:term":[{"taxonomy":"category","embeddable":true,"href":"https:\/\/fokusisrael.ch\/fr\/wp-json\/wp\/v2\/categories?post=5622"},{"taxonomy":"post_tag","embeddable":true,"href":"https:\/\/fokusisrael.ch\/fr\/wp-json\/wp\/v2\/tags?post=5622"}],"curies":[{"name":"wp","href":"https:\/\/api.w.org\/{rel}","templated":true}]}}