{"id":5564,"date":"2025-10-20T12:08:42","date_gmt":"2025-10-20T10:08:42","guid":{"rendered":"https:\/\/fokusisrael.ch\/?p=5564"},"modified":"2025-10-24T19:40:48","modified_gmt":"2025-10-24T17:40:48","slug":"nzz-ni-israel-ni-les-palestiniens-ne-sont-prets-pour-la-paix","status":"publish","type":"post","link":"https:\/\/fokusisrael.ch\/fr\/actualites\/nzz-ni-israel-ni-les-palestiniens-ne-sont-prets-pour-la-paix\/","title":{"rendered":"NZZ : Ni Isra\u00ebl ni les Palestiniens ne sont pr\u00eats pour la paix"},"content":{"rendered":"\n<p><strong>Le cessez-le-feu \u00e0 Gaza et la lib\u00e9ration des otages sont un triomphe de la diplomatie &#8211; mais le r\u00e9dacteur en chef de la NZZ Eric Gujer met en garde contre un optimisme trompeur dans son commentaire.<\/strong><\/p>\n\n<p>Apr\u00e8s deux ans de guerre, le silence r\u00e8gne sur les ruines de Gaza. Mais le v\u00e9ritable combat, \u00e9crit Eric Gujer, commence maintenant &#8211; celui pour la souverainet\u00e9 d&rsquo;interpr\u00e9tation. Le massacre du 7 octobre et la guerre de Gaza qui s&rsquo;en est suivie constituent \u00ab\u00a0la plus profonde c\u00e9sure dans l&rsquo;histoire jud\u00e9o-palestinienne depuis des d\u00e9cennies\u00a0\u00bb.  <\/p>\n\n<p>Pour Isra\u00ebl, ce jour marque la r\u00e9surgence de l&rsquo;Holocauste dans la m\u00e9moire collective. \u00ab\u00a0Plus jamais \u00e7a\u00a0\u00bb &#8211; ce qui est devenu une formule creuse en Allemagne reste la \u00ab\u00a0v\u00e9ritable raison d&rsquo;\u00c9tat\u00a0\u00bb pour Isra\u00ebl. Il faudra du temps pour que les citoyens consid\u00e8rent \u00e0 nouveau leur pays comme un foyer s\u00fbr. Le Hamas a d\u00e9clench\u00e9 \u00ab\u00a0la Nakba juive\u00a0\u00bb, un traumatisme qui marquera des g\u00e9n\u00e9rations.   <\/p>\n\n<p>Gujer met en garde contre l&rsquo;inversion des causes et des effets : \u00ab\u00a0Les massacres sont la cause, la guerre la cons\u00e9quence\u00a0\u00bb. Nier cela ou interpr\u00e9ter la violence du Hamas comme une \u00ab\u00a0l\u00e9gitime d\u00e9fense contre l&rsquo;apartheid\u00a0\u00bb, c&rsquo;est se rendre \u00ab\u00a0complice de la barbarie\u00a0\u00bb. Il estime que cette inversion morale est tr\u00e8s avanc\u00e9e, notamment en Europe et chez une partie de la gauche. <\/p>\n\n<p><strong>Le Hamas a le temps &#8211; et va frapper \u00e0 nouveau<\/strong><\/p>\n\n<p>Le r\u00e9dacteur en chef de la NZZ d\u00e9crit la guerre de Gaza comme une guerre fratricide entre Ca\u00efn et Abel &#8211; non pas comme un conflit classique entre Etats, mais comme une \u00ab\u00a0querelle interne atavique\u00a0\u00bb dans laquelle se r\u00e9v\u00e8le le vieux Moyen-Orient. Alors qu&rsquo;Isra\u00ebl a atteint ses objectifs en Iran et au Liban avec des frappes limit\u00e9es, Gaza s&rsquo;est enfonc\u00e9e \u00ab\u00a0dans une op\u00e9ration sans strat\u00e9gie ni autolimitation\u00a0\u00bb. <\/p>\n\n<p>Selon Gujer, le Hamas n&rsquo;a accept\u00e9 le plan de paix de Trump que parce qu&rsquo;il avait \u00ab\u00a0perdu tout soutien\u00a0\u00bb apr\u00e8s deux ans de guerre. Mais le mouvement frappera \u00e0 nouveau : \u00ab\u00a0Les Fr\u00e8res musulmans sont des fanatiques pragmatiques. Ils savent attendre\u00a0\u00bb. Un cessez-le-feu ne signifierait pour eux qu&rsquo;un gain de temps. Les islamistes ne se laisseront pas d\u00e9sarmer, \u00ab\u00a0car ils pensent faire l&rsquo;\u0153uvre de Dieu\u00a0\u00bb.  <\/p>\n\n<p>Gujer consid\u00e8re \u00e9galement qu&rsquo;Isra\u00ebl n&rsquo;a pas atteint son objectif, mais qu&rsquo;il est dans une phase de r\u00e9pit. Le gouvernement de Netanyahu a obtenu le retour des otages, mais a accept\u00e9 un risque pour la s\u00e9curit\u00e9. Parmi les prisonniers lib\u00e9r\u00e9s, il y a \u00ab\u00a0des cadres exp\u00e9riment\u00e9s qui viennent renforcer les rangs clairsem\u00e9s du Hamas\u00a0\u00bb.  <\/p>\n\n<p>Pour faire face \u00e0 sa propre \u00ab\u00a0Nakba\u00a0\u00bb, Isra\u00ebl doit faire face \u00e0 son mensonge de vie : Les murs de s\u00e9curit\u00e9 ont emp\u00each\u00e9 des attentats, mais ils ont aussi fait dispara\u00eetre la conscience de l&rsquo;existence des Palestiniens \u00ab\u00a0Loin des yeux, loin du c\u0153ur\u00a0\u00bb, \u00e9crit Gujer &#8211; la cl\u00f4ture a cr\u00e9\u00e9 une illusion : La paix sans la question palestinienne.<\/p>\n\n<p><strong>Pouss\u00e9e vers la droite et blocage<\/strong><\/p>\n\n<p>Entre-temps, le mouvement des colons a conquis le centre politique d&rsquo;Isra\u00ebl. \u00ab\u00a0Avec eux, il n&rsquo;y a pas de compromis ni de solution \u00e0 deux \u00c9tats\u00a0\u00bb. Il en r\u00e9sulte un gouvernement qui \u00ab\u00a0tourne en rond sur lui-m\u00eame\u00a0\u00bb et ne trouve plus de ligne strat\u00e9gique. <\/p>\n\n<p>Au niveau international, Gujer diagnostique un deux poids deux mesures d\u00e9vastateur : la guerre au Soudan n&rsquo;\u00e9meut personne en Europe, mais celle d&rsquo;Isra\u00ebl est accompagn\u00e9e d&rsquo;une indignation sans pr\u00e9c\u00e9dent &#8211; une expression d&rsquo;une \u00ab\u00a0nouvelle haine des Juifs, habill\u00e9e noblement en critique d&rsquo;Isra\u00ebl\u00a0\u00bb.<\/p>\n\n<p>Pendant ce temps, les r\u00e9gimes arabes auraient gel\u00e9 leurs relations avec Isra\u00ebl, tandis que Trump aurait paradoxalement plac\u00e9 le Qatar &#8211; autrefois patron des islamistes &#8211; sous sa protection personnelle. R\u00e9sultat : une dynamique qui fait qu&rsquo;Isra\u00ebl est lui aussi \u00ab\u00a0d\u00e9pass\u00e9 par les \u00e9v\u00e9nements\u00a0\u00bb. <\/p>\n\n<p>Au final, Gujer dresse un bilan d\u00e9cevant : ni Isra\u00ebl ni les Palestiniens ne sont pr\u00eats \u00e0 une v\u00e9ritable paix. Selon lui, Isra\u00ebl a trop confiance en sa sup\u00e9riorit\u00e9 militaire &#8211; \u00ab\u00a0quand on a un marteau, tous les probl\u00e8mes ressemblent \u00e0 des clous\u00a0\u00bb &#8211; tandis que les Palestiniens restent enferm\u00e9s dans un fatalisme religieux. \u00ab\u00a0Isra\u00ebl continue de faire confiance \u00e0 la force militaire &#8211; alors que, comme l&rsquo;\u00e9crit Gujer, \u00ab\u00a0la force seule ne fait pas la paix\u00a0\u00bb. \u00ab\u00a0Source : <a href=\"https:\/\/www.nzz.ch\/meinung\/weder-israel-noch-die-palaestinenser-sind-bereit-fuer-einen-frieden-ld.1907267\">NZZ du 17 octobre<\/a> (barri\u00e8re payante)  <\/p>\n","protected":false},"excerpt":{"rendered":"<p>Le cessez-le-feu \u00e0 Gaza et la lib\u00e9ration des otages sont un triomphe de la diplomatie &#8211; mais le r\u00e9dacteur en chef de la NZZ Eric Gujer met en garde contre un optimisme trompeur dans son commentaire. Apr\u00e8s deux ans de guerre, le silence r\u00e8gne sur les ruines de Gaza. Mais le v\u00e9ritable combat, \u00e9crit Eric [&hellip;]<\/p>\n","protected":false},"author":2,"featured_media":5566,"comment_status":"closed","ping_status":"closed","sticky":false,"template":"","format":"standard","meta":{"_hide_socialbar":"","footnotes":""},"categories":[428],"tags":[395,472,485,483,1165,379,400,393,372,1166,474,437,467,382,881,1081],"class_list":["post-5564","post","type-post","status-publish","format-standard","has-post-thumbnail","hentry","category-actualites","tag-antisemitisme","tag-cessez-le-feu","tag-conflit-au-proche-orient","tag-donald-trump-fr","tag-eric-gujer","tag-gaza-fr","tag-haine-des-juifs","tag-hamas-fr","tag-israel-fr","tag-mouvement-des-colons","tag-netanyahu-fr","tag-nzz-fr","tag-otages","tag-palestiniens","tag-plan-de-paix","tag-solution-a-deux-etats"],"aioseo_notices":[],"_links":{"self":[{"href":"https:\/\/fokusisrael.ch\/fr\/wp-json\/wp\/v2\/posts\/5564","targetHints":{"allow":["GET"]}}],"collection":[{"href":"https:\/\/fokusisrael.ch\/fr\/wp-json\/wp\/v2\/posts"}],"about":[{"href":"https:\/\/fokusisrael.ch\/fr\/wp-json\/wp\/v2\/types\/post"}],"author":[{"embeddable":true,"href":"https:\/\/fokusisrael.ch\/fr\/wp-json\/wp\/v2\/users\/2"}],"replies":[{"embeddable":true,"href":"https:\/\/fokusisrael.ch\/fr\/wp-json\/wp\/v2\/comments?post=5564"}],"version-history":[{"count":1,"href":"https:\/\/fokusisrael.ch\/fr\/wp-json\/wp\/v2\/posts\/5564\/revisions"}],"predecessor-version":[{"id":5567,"href":"https:\/\/fokusisrael.ch\/fr\/wp-json\/wp\/v2\/posts\/5564\/revisions\/5567"}],"wp:featuredmedia":[{"embeddable":true,"href":"https:\/\/fokusisrael.ch\/fr\/wp-json\/wp\/v2\/media\/5566"}],"wp:attachment":[{"href":"https:\/\/fokusisrael.ch\/fr\/wp-json\/wp\/v2\/media?parent=5564"}],"wp:term":[{"taxonomy":"category","embeddable":true,"href":"https:\/\/fokusisrael.ch\/fr\/wp-json\/wp\/v2\/categories?post=5564"},{"taxonomy":"post_tag","embeddable":true,"href":"https:\/\/fokusisrael.ch\/fr\/wp-json\/wp\/v2\/tags?post=5564"}],"curies":[{"name":"wp","href":"https:\/\/api.w.org\/{rel}","templated":true}]}}