{"id":5122,"date":"2025-10-11T11:35:39","date_gmt":"2025-10-11T09:35:39","guid":{"rendered":"https:\/\/fokusisrael.ch\/?p=5122"},"modified":"2025-10-15T13:04:11","modified_gmt":"2025-10-15T11:04:11","slug":"esc-2026-lautriche-et-lallemagne-se-solidarisent-avec-israel","status":"publish","type":"post","link":"https:\/\/fokusisrael.ch\/fr\/actualites\/esc-2026-lautriche-et-lallemagne-se-solidarisent-avec-israel\/","title":{"rendered":"ESC 2026 : L&rsquo;Autriche et l&rsquo;Allemagne se solidarisent avec Isra\u00ebl"},"content":{"rendered":"\n<p>Si Isra\u00ebl est exclu du Concours Eurovision de la Chanson ESC 2026, le vainqueur de cette ann\u00e9e, l&rsquo;Autriche, n&rsquo;organisera pas le concours. De plus, l&rsquo;Allemagne n&rsquo;y participera pas. C&rsquo;est ce qu&rsquo;ont annonc\u00e9 les gouvernements et les cha\u00eenes publiques des deux pays.  <\/p>\n\n<p>L&rsquo;Irlande et l&rsquo;Espagne, notoirement hostiles \u00e0 Isra\u00ebl, suivies par la Belgique et le Luxembourg, avaient demand\u00e9 qu&rsquo;Isra\u00ebl soit exclu du prochain CES en 2026 en raison de la guerre \u00e0 Gaza. Sinon, ils boycotteraient le concours. <\/p>\n\n<p>L&rsquo;Union europ\u00e9enne de radio-t\u00e9l\u00e9vision (UER) &#8211; Eurovision, qui organise le CES, a donc demand\u00e9 une enqu\u00eate interne qui doit aboutir \u00e0 une recommandation au conseil d&rsquo;administration. Le r\u00e9sultat et la d\u00e9cision de la direction de l&rsquo;UER sont imminents. <\/p>\n\n<p>A l&rsquo;origine, l&rsquo;UER avait envisag\u00e9 deux variantes : soit Isra\u00ebl se retirait volontairement de la comp\u00e9tition, soit il \u00e9tait exclu. Une d\u00e9cision a toutefois \u00e9t\u00e9 report\u00e9e jusqu&rsquo;\u00e0 la fin de l&rsquo;enqu\u00eate interne. <\/p>\n\n<p>Alors que, selon des informations internes, il semblait initialement qu&rsquo;Isra\u00ebl serait exclu, cela semble d\u00e9sormais improbable. En effet, apr\u00e8s les opposants \u00e0 Isra\u00ebl, ce sont maintenant les partisans de l&rsquo;\u00c9tat h\u00e9breu qui se font entendre au sein de l&rsquo;UER &#8211; et ce sont les deux pays les plus importants en vue de l&rsquo;organisation de l&rsquo;ESC 2026. <\/p>\n\n<p>L&rsquo;Autriche, qui devait organiser la comp\u00e9tition de 2026 en tant que vainqueur en 2025, a annonc\u00e9 qu&rsquo;elle ne le ferait pas si Isra\u00ebl \u00e9tait exclu de la comp\u00e9tition. La cha\u00eene publique ORF et le chancelier autrichien Christian St\u00f6cker l&rsquo;ont tous deux confirm\u00e9. <\/p>\n\n<p>De son c\u00f4t\u00e9, l&rsquo;Allemagne, membre principal de l&rsquo;Eurovision et son plus grand contributeur, a d\u00e9clar\u00e9 qu&rsquo;elle ne participerait pas \u00e0 l&rsquo;ESC 2026 si Isra\u00ebl \u00e9tait exclu. Le chancelier allemand Friedrich Merz a d\u00e9clar\u00e9 \u00e0 ce sujet : \u00ab\u00a0L&rsquo;exclusion d&rsquo;Isra\u00ebl du Concours Eurovision de la chanson serait un scandale. Si cela devait arriver, l&rsquo;Allemagne n&rsquo;y participerait pas\u00a0\u00bb. Cette d\u00e9cision a depuis \u00e9t\u00e9 confirm\u00e9e par le minist\u00e8re allemand des Affaires \u00e9trang\u00e8res et la cha\u00eene de t\u00e9l\u00e9vision publique ARD.  <\/p>\n\n<p>L&rsquo;UER, organisatrice du Concours Eurovision de la Chanson, est ainsi confront\u00e9e au plus grave conflit interne de son histoire.<\/p>\n\n<p>Le fait qu&rsquo;Isra\u00ebl ait entre-temps accept\u00e9 le plan de paix du pr\u00e9sident am\u00e9ricain Donald Trump et commenc\u00e9 \u00e0 retirer ses troupes de Gaza en \u00e9change de la lib\u00e9ration des 48 derniers otages encore d\u00e9tenus par l&rsquo;organisation terroriste Hamas offre une solution.<\/p>\n\n<p>Cela donne aux pays qui ont demand\u00e9 l&rsquo;exclusion d&rsquo;Isra\u00ebl du CSE l&rsquo;occasion de retirer leur menace de boycott sans perdre la face.<\/p>\n\n<p>L&rsquo;ann\u00e9e prochaine, le Concours Eurovision de la Chanson ESC sera organis\u00e9 pour la 70e fois. Isra\u00ebl y participe depuis 1973 et l&rsquo;a d\u00e9j\u00e0 remport\u00e9 quatre fois. <\/p>\n\n<p>Le concours a \u00e9t\u00e9 cr\u00e9\u00e9 en 1956, quelques ann\u00e9es apr\u00e8s la fin de la Seconde Guerre mondiale, en tant qu&rsquo;\u00e9v\u00e9nement visant \u00e0 rapprocher les peuples. La Suisse et l&rsquo;Allemagne faisaient alors partie des sept premiers participants. L&rsquo;un des principes de l&rsquo;ESC est explicitement qu&rsquo;il est apolitique.  <\/p>\n","protected":false},"excerpt":{"rendered":"<p>Si Isra\u00ebl est exclu du Concours Eurovision de la Chanson ESC 2026, le vainqueur de cette ann\u00e9e, l&rsquo;Autriche, n&rsquo;organisera pas le concours. De plus, l&rsquo;Allemagne n&rsquo;y participera pas. C&rsquo;est ce qu&rsquo;ont annonc\u00e9 les gouvernements et les cha\u00eenes publiques des deux pays. L&rsquo;Irlande et l&rsquo;Espagne, notoirement hostiles \u00e0 Isra\u00ebl, suivies par la Belgique et le Luxembourg, [&hellip;]<\/p>\n","protected":false},"author":2,"featured_media":4282,"comment_status":"closed","ping_status":"closed","sticky":false,"template":"","format":"standard","meta":{"_hide_socialbar":"","footnotes":""},"categories":[428],"tags":[444,395,982,976,981,980,483,979,985,978,379,986,372,987,983,881,977,984],"class_list":["post-5122","post","type-post","status-publish","format-standard","has-post-thumbnail","hentry","category-actualites","tag-allemagne","tag-antisemitisme","tag-ard-fr","tag-autriche","tag-boycott","tag-concours-eurovision-de-la-chanson","tag-donald-trump-fr","tag-esc-2026-fr","tag-espagne","tag-friedrich-merz-fr","tag-gaza-fr","tag-irlande","tag-israel-fr","tag-musique","tag-orf-fr","tag-plan-de-paix","tag-politique","tag-uer"],"aioseo_notices":[],"_links":{"self":[{"href":"https:\/\/fokusisrael.ch\/fr\/wp-json\/wp\/v2\/posts\/5122","targetHints":{"allow":["GET"]}}],"collection":[{"href":"https:\/\/fokusisrael.ch\/fr\/wp-json\/wp\/v2\/posts"}],"about":[{"href":"https:\/\/fokusisrael.ch\/fr\/wp-json\/wp\/v2\/types\/post"}],"author":[{"embeddable":true,"href":"https:\/\/fokusisrael.ch\/fr\/wp-json\/wp\/v2\/users\/2"}],"replies":[{"embeddable":true,"href":"https:\/\/fokusisrael.ch\/fr\/wp-json\/wp\/v2\/comments?post=5122"}],"version-history":[{"count":2,"href":"https:\/\/fokusisrael.ch\/fr\/wp-json\/wp\/v2\/posts\/5122\/revisions"}],"predecessor-version":[{"id":5124,"href":"https:\/\/fokusisrael.ch\/fr\/wp-json\/wp\/v2\/posts\/5122\/revisions\/5124"}],"wp:featuredmedia":[{"embeddable":true,"href":"https:\/\/fokusisrael.ch\/fr\/wp-json\/wp\/v2\/media\/4282"}],"wp:attachment":[{"href":"https:\/\/fokusisrael.ch\/fr\/wp-json\/wp\/v2\/media?parent=5122"}],"wp:term":[{"taxonomy":"category","embeddable":true,"href":"https:\/\/fokusisrael.ch\/fr\/wp-json\/wp\/v2\/categories?post=5122"},{"taxonomy":"post_tag","embeddable":true,"href":"https:\/\/fokusisrael.ch\/fr\/wp-json\/wp\/v2\/tags?post=5122"}],"curies":[{"name":"wp","href":"https:\/\/api.w.org\/{rel}","templated":true}]}}