{"id":5110,"date":"2025-10-09T02:40:07","date_gmt":"2025-10-09T00:40:07","guid":{"rendered":"https:\/\/fokusisrael.ch\/?p=5110"},"modified":"2025-10-15T13:37:33","modified_gmt":"2025-10-15T11:37:33","slug":"israel-et-le-hamas-saccordent-sur-la-liberation-dun-otage","status":"publish","type":"post","link":"https:\/\/fokusisrael.ch\/fr\/actualites\/israel-et-le-hamas-saccordent-sur-la-liberation-dun-otage\/","title":{"rendered":"Isra\u00ebl et le Hamas s&rsquo;accordent sur la lib\u00e9ration d&rsquo;un otage"},"content":{"rendered":"\n<p>Isra\u00ebl et l&rsquo;organisation terroriste Hamas ont conclu un accord sur la premi\u00e8re phase du plan de paix du pr\u00e9sident am\u00e9ricain Donald Trump. Cela signifie que les 48 otages encore d\u00e9tenus par le Hamas seront remis \u00e0 Isra\u00ebl. Selon les informations disponibles \u00e0 ce jour, 20 d&rsquo;entre eux seraient encore en vie.  <\/p>\n\n<p>Sur sa plateforme de m\u00e9dias sociaux Truth Social <a href=\"https:\/\/truthsocial.com\/@realDonaldTrump\/posts\/115340993884364431\" target=\"_blank\" rel=\"noopener\" title=\"\">, le pr\u00e9sident Trump a \u00e9crit<\/a>: \u00ab\u00a0Je suis tr\u00e8s fier d&rsquo;annoncer qu&rsquo;Isra\u00ebl et le <a href=\"\/fr\/?page_id=2718\" target=\"_blank\" rel=\"noopener\" title=\"L'organisation terroriste Hamas et ses objectifs\">Hamas<\/a> ont tous deux sign\u00e9 la premi\u00e8re phase de notre plan de paix. Cela signifie que TOUS les otages seront lib\u00e9r\u00e9s tr\u00e8s bient\u00f4t et qu&rsquo;Isra\u00ebl retirera ses troupes jusqu&rsquo;\u00e0 une ligne convenue &#8211; comme premiers pas vers une paix forte, durable et \u00e9ternelle. <\/p>\n\n<p>Toutes les parties seront trait\u00e9es \u00e9quitablement ! C&rsquo;est un GRAND jour pour le monde arabe et musulman, Isra\u00ebl, toutes les nations environnantes et les \u00c9tats-Unis d&rsquo;Am\u00e9rique, et nous remercions les m\u00e9diateurs du Qatar, de l&rsquo;\u00c9gypte et de la Turquie qui ont travaill\u00e9 avec nous pour rendre possible cet \u00e9v\u00e9nement historique et sans pr\u00e9c\u00e9dent. B\u00e9nis soient les artisans de la paix\u00a0\u00bb.  <\/p>\n\n<p>Le Premier ministre isra\u00e9lien Benjamin Netanyahu a remerci\u00e9 le pr\u00e9sident Trump pour son engagement et a d\u00e9clar\u00e9 qu&rsquo;il soumettrait l&rsquo;accord \u00e0 son gouvernement pour approbation ce jeudi.<\/p>\n\n<p>La premi\u00e8re phase <a href=\"https:\/\/fokusisrael.ch\/fr\/actualites\/plan-de-paix-en-20-points-du-president-americain-trump\/\" target=\"_blank\" rel=\"noopener\" title=\"Plan de paix en 20 points du pr&#xE9;sident am&#xE9;ricain Trump\">du plan de paix en 20 points du pr\u00e9sident am\u00e9ricain Trump<\/a> peut ainsi \u00eatre mise en \u0153uvre. Les autres points concernent le d\u00e9sarmement du Hamas, la d\u00e9militarisation de Gaza, la cr\u00e9ation d&rsquo;une force de s\u00e9curit\u00e9 impliquant des pays arabes et la mise en place d&rsquo;une nouvelle administration civile, dont le Hamas et, au moins jusqu&rsquo;\u00e0 nouvel ordre, l&rsquo;Autorit\u00e9 palestinienne, qui gouverne la Cisjordanie, ne feront pas partie, et qui sera supervis\u00e9e par un conseil de paix dirig\u00e9 par le pr\u00e9sident Trump. En contrepartie, Isra\u00ebl doit continuer \u00e0 se retirer de Gaza par \u00e9tapes.  <\/p>\n\n<p><a href=\"https:\/\/fokusisrael.ch\/fr\/actualites\/israel-accepte-le-plan-de-paix-americain-pour-gaza\/\" target=\"_blank\" rel=\"noopener\" title=\"Isra&#xEB;l accepte le plan de paix am&#xE9;ricain pour Gaza\">Isra\u00ebl a d\u00e9j\u00e0 accept\u00e9 ces autres points du plan de paix<\/a>. Le Hamas ne s&rsquo;est pas encore prononc\u00e9 \u00e0 ce sujet. <\/p>\n","protected":false},"excerpt":{"rendered":"<p>Isra\u00ebl et l&rsquo;organisation terroriste Hamas ont conclu un accord sur la premi\u00e8re phase du plan de paix du pr\u00e9sident am\u00e9ricain Donald Trump. Cela signifie que les 48 otages encore d\u00e9tenus par le Hamas seront remis \u00e0 Isra\u00ebl. Selon les informations disponibles \u00e0 ce jour, 20 d&rsquo;entre eux seraient encore en vie. Sur sa plateforme de [&hellip;]<\/p>\n","protected":false},"author":2,"featured_media":4241,"comment_status":"closed","ping_status":"closed","sticky":false,"template":"","format":"standard","meta":{"_hide_socialbar":"","footnotes":""},"categories":[428],"tags":[483,379,393,372,455,881],"class_list":["post-5110","post","type-post","status-publish","format-standard","has-post-thumbnail","hentry","category-actualites","tag-donald-trump-fr","tag-gaza-fr","tag-hamas-fr","tag-israel-fr","tag-netanyahou","tag-plan-de-paix"],"aioseo_notices":[],"_links":{"self":[{"href":"https:\/\/fokusisrael.ch\/fr\/wp-json\/wp\/v2\/posts\/5110","targetHints":{"allow":["GET"]}}],"collection":[{"href":"https:\/\/fokusisrael.ch\/fr\/wp-json\/wp\/v2\/posts"}],"about":[{"href":"https:\/\/fokusisrael.ch\/fr\/wp-json\/wp\/v2\/types\/post"}],"author":[{"embeddable":true,"href":"https:\/\/fokusisrael.ch\/fr\/wp-json\/wp\/v2\/users\/2"}],"replies":[{"embeddable":true,"href":"https:\/\/fokusisrael.ch\/fr\/wp-json\/wp\/v2\/comments?post=5110"}],"version-history":[{"count":3,"href":"https:\/\/fokusisrael.ch\/fr\/wp-json\/wp\/v2\/posts\/5110\/revisions"}],"predecessor-version":[{"id":5395,"href":"https:\/\/fokusisrael.ch\/fr\/wp-json\/wp\/v2\/posts\/5110\/revisions\/5395"}],"wp:featuredmedia":[{"embeddable":true,"href":"https:\/\/fokusisrael.ch\/fr\/wp-json\/wp\/v2\/media\/4241"}],"wp:attachment":[{"href":"https:\/\/fokusisrael.ch\/fr\/wp-json\/wp\/v2\/media?parent=5110"}],"wp:term":[{"taxonomy":"category","embeddable":true,"href":"https:\/\/fokusisrael.ch\/fr\/wp-json\/wp\/v2\/categories?post=5110"},{"taxonomy":"post_tag","embeddable":true,"href":"https:\/\/fokusisrael.ch\/fr\/wp-json\/wp\/v2\/tags?post=5110"}],"curies":[{"name":"wp","href":"https:\/\/api.w.org\/{rel}","templated":true}]}}