{"id":5086,"date":"2025-10-10T16:12:57","date_gmt":"2025-10-10T14:12:57","guid":{"rendered":"https:\/\/fokusisrael.ch\/?p=5086"},"modified":"2025-11-04T16:06:25","modified_gmt":"2025-11-04T15:06:25","slug":"10-enseignements-tires-du-7-octobre-et-de-la-periode-qui-a-suivi","status":"publish","type":"post","link":"https:\/\/fokusisrael.ch\/fr\/actualites\/10-enseignements-tires-du-7-octobre-et-de-la-periode-qui-a-suivi\/","title":{"rendered":"10 enseignements tir\u00e9s du 7 octobre et de la p\u00e9riode qui a suivi"},"content":{"rendered":"\n<p>Par Sacha Wigdorovits<\/p>\n\n<p>Une semaine mouvement\u00e9e s&rsquo;ach\u00e8ve pour Isra\u00ebl. Mardi a marqu\u00e9 le deuxi\u00e8me anniversaire du massacre du 7 octobre 2023, au cours duquel plus de 1 200 civils isra\u00e9liens, citoyens d&rsquo;autres pays et membres de l&rsquo;arm\u00e9e et de la police isra\u00e9liennes ont \u00e9t\u00e9 assassin\u00e9s par des terroristes palestiniens et 251 autres ont \u00e9t\u00e9 pris en otage.   <\/p>\n\n<p>Deux jours plus tard seulement, le jeudi 9 octobre, la nouvelle salvatrice, que l&rsquo;on croyait impossible jusqu&rsquo;\u00e0 r\u00e9cemment, a suivi : Isra\u00ebl et le Hamas sont parvenus \u00e0 un accord sur la premi\u00e8re phase du plan de paix en 20 points pour Gaza propos\u00e9 par le pr\u00e9sident am\u00e9ricain Donald Trump. La guerre est termin\u00e9e. <\/p>\n\n<p>Cela signifie que les 48 otages du 7 octobre encore d\u00e9tenus par le Hamas retourneront en Isra\u00ebl dans les prochains jours. Vingt d&rsquo;entre eux seraient encore en vie.   <\/p>\n\n<p>Ces deux \u00e9v\u00e9nements &#8211; l&rsquo;anniversaire du plus grand pogrom de l&rsquo;histoire de l&rsquo;apr\u00e8s-guerre et la nouvelle du retour imminent des derniers otages enlev\u00e9s par le Hamas &#8211; ont \u00e9t\u00e9 empreints d&rsquo;\u00e9motion, mais il est \u00e9galement temps de r\u00e9fl\u00e9chir aux enseignements que nous pouvons tirer de ces deux derni\u00e8res ann\u00e9es. Par exemple, les suivants : <\/p>\n\n<div class=\"wp-block-group\"><div class=\"wp-block-group__inner-container is-layout-constrained wp-block-group-is-layout-constrained\">\n<ol class=\"wp-block-list\">\n<li><strong>L&rsquo;arrogance est mortelle<\/strong>. On ne sait pas encore comment un massacre d&rsquo;une telle ampleur a pu se produire le 7 octobre 2023 dans le sud d&rsquo;Isra\u00ebl. Mais on peut d&rsquo;ores et d\u00e9j\u00e0 affirmer que le gouvernement isra\u00e9lien &#8211; et avec lui le commandement militaire et les hauts responsables des services de renseignement &#8211; a \u00e9chou\u00e9.    <br\/><br\/>Le gouvernement avait n\u00e9glig\u00e9 la s\u00e9curit\u00e9 \u00e0 la fronti\u00e8re sud au profit des colonies de Cisjordanie. C&rsquo;est l\u00e0 que vivent 900 000 Isra\u00e9liens, qui comptent parmi les \u00e9lecteurs les plus fid\u00e8les de l&rsquo;actuel gouvernement d&rsquo;extr\u00eame droite. En ce qui concerne le Hamas, au pouvoir \u00e0 Gaza, le gouvernement s&rsquo;est berc\u00e9 d&rsquo;une fausse s\u00e9curit\u00e9 en permettant au Qatar de financer l&rsquo;organisation terroriste pendant des ann\u00e9es.  <br\/><br\/>C&rsquo;est probablement l&rsquo;une des raisons pour lesquelles, dans les jours pr\u00e9c\u00e9dant le 7 octobre, le gouvernement a ignor\u00e9 les avertissements des soldats stationn\u00e9s \u00e0 la fronti\u00e8re et des services de renseignement concernant des activit\u00e9s inhabituelles \u00e0 Gaza.<br\/><br\/>De leur c\u00f4t\u00e9, les dirigeants de l&rsquo;arm\u00e9e et les services de renseignement doivent \u00eatre accus\u00e9s d&rsquo;avoir estim\u00e9 que le Hamas \u00e9tait incapable de planifier et de mener une op\u00e9ration de cette ampleur \u00e0 l&rsquo;\u00e9chelle de l&rsquo;\u00e9tat-major.  <br\/><br\/>Le 7 octobre, cet \u00e9chec a non seulement co\u00fbt\u00e9 la vie \u00e0 1200 personnes, mais aussi la confiance dans l&rsquo;arm\u00e9e isra\u00e9lienne, Tsahal, et en particulier dans les services de renseignement isra\u00e9liens, jusque-l\u00e0 tr\u00e8s respect\u00e9s.  <br\/><br\/>Plus tard, ils ont \u00e9limin\u00e9 tour \u00e0 tour les principaux dirigeants du Hamas, du Hezbollah libanais, de l&rsquo;arm\u00e9e iranienne, des Gardiens de la r\u00e9volution et du programme nucl\u00e9aire, ainsi que du groupe terroriste des Huthi au Y\u00e9men, dans des actions spectaculaires.  <br\/><br\/>Certes, l&rsquo;arm\u00e9e et les services secrets ont ainsi largement r\u00e9habilit\u00e9 leur r\u00e9putation, fortement entach\u00e9e le 7 octobre 2023. Mais les 1 200 victimes de l&rsquo;erreur d&rsquo;appr\u00e9ciation du Hamas \u00e0 l&rsquo;\u00e9poque ne revivront pas et la souffrance de leurs proches ne sera pas att\u00e9nu\u00e9e.   <br\/><br\/><\/li>\n\n\n\n<li><strong>Les guerres sont plus longues et plus co\u00fbteuses que pr\u00e9vu. <\/strong>En fin de compte, Isra\u00ebl a remport\u00e9 la victoire sur tous les fronts sur lesquels le pays a d\u00fb se battre en raison de l&rsquo;acte terroriste du 7 octobre. Mais cela ne peut pas masquer le fait que la guerre \u00e0 Gaza a dur\u00e9 beaucoup plus longtemps et a fait beaucoup plus de victimes que ce qui avait \u00e9t\u00e9 annonc\u00e9 au d\u00e9part.   <br\/><br\/>Si les autres points du plan de paix de Trump sont mis en \u0153uvre dans les mois \u00e0 venir et que le conflit entre Palestiniens et Isra\u00e9liens est d\u00e9finitivement r\u00e9gl\u00e9, ces sacrifices n&rsquo;auront au moins pas \u00e9t\u00e9 vains.<br\/><br\/><\/li>\n\n\n\n<li><strong>Les changements politiques au Moyen-Orient ne peuvent \u00eatre obtenus sans recourir \u00e0 la force militaire<\/strong>. \u00ab\u00a0Contrairement \u00e0 l&rsquo;Europe, nous savons que la diplomatie seule ne permet pas toujours d&rsquo;atteindre les objectifs\u00a0\u00bb. C&rsquo;est ce qu&rsquo;a d\u00e9clar\u00e9 le nouvel ambassadeur isra\u00e9lien en Suisse, Tibor Schlosser, lors d&rsquo;un entretien avec FokusIsrael.ch peu apr\u00e8s sa prise de fonction. <br\/><br\/>L&rsquo;\u00e9volution r\u00e9cente confirme cette conclusion. Ce n&rsquo;est que parce que le gouvernement isra\u00e9lien a poursuivi son offensive militaire contre le Hamas et n&rsquo;a pas c\u00e9d\u00e9 aux pressions internationales et internes \u00e0 Isra\u00ebl que l&rsquo;organisation terroriste est d\u00e9sormais pr\u00eate \u00e0 n\u00e9gocier un plan de paix qui conduira \u00e0 son d\u00e9sarmement et \u00e0 son retrait du pouvoir.   <br\/><br\/>Ce n&rsquo;est pas tant par conviction personnelle que sous la pression du Qatar, de la Turquie et d&rsquo;autres pays musulmans. En revanche, l&rsquo;ONU et les gouvernements occidentaux qui ont voulu faire pression sur Isra\u00ebl en reconnaissant pr\u00e9matur\u00e9ment l&rsquo;\u00c9tat inexistant de Palestine sont totalement hors sujet dans ce processus &#8211; comme dans tout le conflit d&rsquo;ailleurs. <br\/><br\/><\/li>\n\n\n\n<li><strong>Le droit international doit \u00eatre adapt\u00e9.  <\/strong>Dans sa lutte contre le Hamas, Isra\u00ebl a \u00e9t\u00e9 r\u00e9guli\u00e8rement accus\u00e9 de ne pas respecter le droit international et m\u00eame de commettre un g\u00e9nocide contre la population palestinienne. D&rsquo;une part, en raison des attaques contre des installations civiles, d&rsquo;autre part, parce qu&rsquo;il a temporairement interdit l&rsquo;acheminement de l&rsquo;aide.   <br\/><br\/>Les Conventions de Gen\u00e8ve autorisent les deux dans certaines circonstances, pr\u00e9cis\u00e9ment dans les cas o\u00f9 Isra\u00ebl a agi de la sorte. C&rsquo;est pourquoi ces accusations \u00e0 l&rsquo;encontre d&rsquo;Isra\u00ebl sont sans fondement. <br\/><br\/>L&rsquo;accusation de g\u00e9nocide qui a \u00e9t\u00e9 lanc\u00e9e chez nous par la gauche politique est \u00e9galement totalement injustifi\u00e9e. En effet, jamais une puissance bellig\u00e9rante n&rsquo;a pris des mesures aussi compl\u00e8tes pour prot\u00e9ger la population civile ennemie que l&rsquo;arm\u00e9e isra\u00e9lienne (Tsahal) l&rsquo;a fait \u00e0 Gaza. <br\/><br\/>N\u00e9anmoins, le droit international \u00e9tabli apr\u00e8s la Seconde Guerre mondiale doit \u00eatre adapt\u00e9. La guerre d&rsquo;Isra\u00ebl contre l&rsquo;Iran en est une illustration.   <br\/><br\/>Les mollahs de T\u00e9h\u00e9ran ont toujours fait de la destruction de l&rsquo;\u00c9tat juif une raison d&rsquo;\u00c9tat et ont pouss\u00e9 au d\u00e9veloppement d&rsquo;une bombe nucl\u00e9aire pour cette raison.<br\/><br\/>Malgr\u00e9 cette annonce claire et le risque de destruction, plusieurs experts en droit international ont d\u00e9clar\u00e9 qu&rsquo;Isra\u00ebl n&rsquo;aurait pas d\u00fb lancer son attaque pr\u00e9ventive contre le programme d&rsquo;armement nucl\u00e9aire iranien. Selon les experts en droit international concern\u00e9s, cela n&rsquo;aurait \u00e9t\u00e9 autoris\u00e9 que juste avant une attaque nucl\u00e9aire iranienne.   <br\/><br\/>En d&rsquo;autres termes : Isra\u00ebl aurait d\u00fb attendre d&rsquo;avoir peu de chances d&rsquo;\u00e9viter sa propre destruction avant d&rsquo;attaquer.<br\/><br\/>Un droit qui exige d&rsquo;un \u00c9tat et d&rsquo;un peuple un tel comportement autodestructeur doit \u00eatre adapt\u00e9 de toute urgence.<br\/><br\/><\/li>\n\n\n\n<li><strong>Les m\u00e9dias sociaux et traditionnels sont un instrument de guerre hybride.<\/strong>Le conflit \u00e0 Gaza a \u00e9galement \u00e9t\u00e9 une guerre de propagande. Les m\u00e9dias sociaux, en particulier, ont jou\u00e9 un r\u00f4le crucial dans cette guerre. Ils ont renforc\u00e9 le Hamas et affaibli Isra\u00ebl.    <br\/><br\/>Pour prouver la pr\u00e9tendue inhumanit\u00e9 de son adversaire, l&rsquo;organisation terroriste a continuellement fait circuler des informations non v\u00e9rifi\u00e9es. En particulier, des chiffres de victimes inv\u00e9rifiables et des images hors contexte, prises par ses propres photographes ou truqu\u00e9es \u00e0 l&rsquo;aide de l&rsquo;intelligence artificielle. Celles-ci ont \u00e9t\u00e9 diffus\u00e9es des millions de fois en quelques minutes sur des canaux tels que Facebook, Tiktok, Telegram, X et Instagram.    <br\/><br\/>Cet appel cynique \u00e0 la compassion et \u00e0 l&rsquo;indignation du public en uniforme a d&rsquo;autant mieux fonctionn\u00e9 qu&rsquo;il a \u00e9galement \u00ab\u00a0contamin\u00e9\u00a0\u00bb de nombreux journalistes. Il en a r\u00e9sult\u00e9 une couverture du conflit de Gaza domin\u00e9e par l&rsquo;\u00e9motion plut\u00f4t que par les principes artisanaux habituels du journalisme. <br\/><br\/>Les m\u00e9dias sociaux et de nombreux m\u00e9dias traditionnels ont ainsi pr\u00e9par\u00e9 le terrain pour les actions de protestation de masse contre l&rsquo;\u00c9tat juif dans le monde occidental.  <br\/><br\/>Isra\u00ebl a tent\u00e9 de contrer la propagande trompeuse du Hamas par des explications et des informations factuelles. Mais cela a \u00e9chou\u00e9. Car dans la lutte entre les \u00e9motions et les faits, ce sont toujours les \u00e9motions qui l&#8217;emportent.    <br\/><br\/>D&rsquo;autre part, en tant qu&rsquo;\u00c9tat de droit d\u00e9mocratique, Isra\u00ebl ne pouvait pas se permettre de mener une propagande bas\u00e9e sur le mensonge similaire \u00e0 celle de l&rsquo;organisation terroriste palestinienne. Les gouvernements d\u00e9mocratiques occidentaux feraient bien d&rsquo;en tirer les le\u00e7ons pour leurs propres conflits et leur vuln\u00e9rabilit\u00e9 dans les m\u00e9dias sociaux. <br\/><br\/><\/li>\n\n\n\n<li><strong>L&rsquo;Europe c\u00e8de \u00e0 la pression de la rue.<\/strong> Peu apr\u00e8s le 7 octobre 2023, les gouvernements europ\u00e9ens se sont pratiquement donn\u00e9 le mot lors de leurs visites de solidarit\u00e9 en Isra\u00ebl.  <br\/><br\/>Il n&rsquo;en reste pas grand-chose. Plus la guerre durait, plus le nombre de victimes augmentait et plus la d\u00e9sinformation qui y \u00e9tait associ\u00e9e par le Hamas, l&rsquo;ONU et les ONG proches de l&rsquo;ONU s&rsquo;intensifiait, plus les marches de protestation dans les rues des m\u00e9tropoles europ\u00e9ennes prenaient de l&rsquo;ampleur. Et plus les gouvernements europ\u00e9ens et autres institutions se sont distanci\u00e9s de l&rsquo;\u00c9tat juif et l&rsquo;ont menac\u00e9 de sanctions.    <br\/><br\/>Pour Isra\u00ebl lui-m\u00eame, cela n&rsquo;a gu\u00e8re d&rsquo;importance sur le plan politique et militaire. Mais cela a probablement confirm\u00e9 au pays que l&rsquo;on ne peut pas compter sur l&rsquo;Europe. <br\/><br\/><\/li>\n\n\n\n<li><strong>L&rsquo;Europe continue de m\u00e9conna\u00eetre le danger de l&rsquo;islam radical.  <\/strong>Les manifestations de masse anti-isra\u00e9liennes et antis\u00e9mites dans les rues europ\u00e9ennes ont g\u00e9n\u00e9ralement \u00e9t\u00e9 organis\u00e9es par des militants de gauche et d&rsquo;extr\u00eame gauche.<br\/><br\/>Mais ces manifestations devaient avant tout leur caract\u00e8re militant et antis\u00e9mite aux islamistes radicaux qui se sont implant\u00e9s en Europe au cours des derni\u00e8res d\u00e9cennies avec le soutien des Fr\u00e8res musulmans et l&rsquo;argent de l&rsquo;\u00c9tat qatari.<strong> <\/strong>Ceci principalement en France, en Grande-Bretagne et en Allemagne, mais aussi en Suisse.  <br\/><br\/>Depuis le 7 octobre, ces fanatiques religieux ne se contentent pas de vivre ouvertement leur potentiel de violence contre les juifs (et la police), mais ils ne font plus myst\u00e8re de leur agenda islamiste fondamentaliste.  <br\/><br\/>Pourtant, la menace qu&rsquo;ils repr\u00e9sentent \u00e0 moyen et long terme pour nos soci\u00e9t\u00e9s d\u00e9mocratiques occidentales n&rsquo;est pas prise au s\u00e9rieux par les partis et les gouvernements \u00e9tablis en Europe. Au contraire, ceux qui mettent en garde contre cette menace sont tax\u00e9s d'\u00a0\u00bbislamophobie\u00a0\u00bb. <br\/><br\/>C&rsquo;est impardonnable. Car l&rsquo;\u00e9rosion de notre d\u00e9mocratie, que ces fanatiques islamistes peuvent pratiquer presque librement, n&rsquo;est pas seulement dirig\u00e9e contre les juifs et les autres minorit\u00e9s. Il nous concerne tous, et en particulier les femmes, qui sont des personnes de seconde classe aux yeux des islamistes.  <br\/><br\/><\/li>\n\n\n\n<li><strong>L&rsquo;antis\u00e9mitisme violent est profond\u00e9ment ancr\u00e9 en Occident.  <\/strong>Les islamistes qui d\u00e9filent dans nos rues depuis deux ans ont enfonc\u00e9 des portes ouvertes dans notre soci\u00e9t\u00e9 en protestant contre les \u00ab\u00a0sionistes\u00a0\u00bb, c&rsquo;est-\u00e0-dire contre les juifs.  <br\/><br\/>C&rsquo;est ce qu&rsquo;illustre la multiplication des agressions physiques contre les juifs et les institutions juives. Cela se voit dans les universit\u00e9s, o\u00f9 des \u00e9tudiants d&rsquo;extr\u00eame gauche hurlent avec enthousiasme des slogans antis\u00e9mites, harc\u00e8lent et excluent leurs camarades juifs. Et cela se voit dans les m\u00e9dias sociaux et m\u00eame dans leur propre environnement priv\u00e9.    <br\/><br\/>En ce sens, le 7 octobre a eu du bon : il a fait comprendre que l&rsquo;antis\u00e9mitisme n&rsquo;est pas mort dans notre soci\u00e9t\u00e9 et qu&rsquo;il suffit de peu pour qu&rsquo;il s&rsquo;exprime \u00e0 nouveau ouvertement et violemment.  <br\/><br\/><\/li>\n\n\n\n<li><strong>Isra\u00ebl ne peut avoir confiance qu&rsquo;en lui-m\u00eame.  <\/strong>Le comportement de la communaut\u00e9 internationale au cours des deux derni\u00e8res ann\u00e9es a montr\u00e9 qu&rsquo;Isra\u00ebl ne peut faire confiance qu&rsquo;\u00e0 lui-m\u00eame. C&rsquo;est particuli\u00e8rement vrai en ce qui concerne l&rsquo;Europe. Mais renforcer son ind\u00e9pendance est \u00e9galement un imp\u00e9ratif strat\u00e9gique du point de vue isra\u00e9lien vis-\u00e0-vis des \u00c9tats-Unis.    <br\/><br\/>Certes, le plan de paix actuel, qui tient \u00e9galement compte des inqui\u00e9tudes et des craintes d&rsquo;Isra\u00ebl, est d\u00fb \u00e0 l&rsquo;administration am\u00e9ricaine. Mais uniquement parce que le pr\u00e9sident am\u00e9ricain s&rsquo;appelle Donald Trump. Si la d\u00e9mocrate Kamala Harris \u00e9tait \u00e0 sa place \u00e0 la Maison Blanche, il n&rsquo;y aurait pas sur la table un plan de paix en 20 points qui soit acceptable pour l&rsquo;\u00c9tat juif.  <br\/><br\/><\/li>\n\n\n\n<li><strong>Isra\u00ebl est \u00e0 la crois\u00e9e des chemins.  <\/strong>Cependant, le conflit avec le Hamas n&rsquo;a pas seulement montr\u00e9 la vuln\u00e9rabilit\u00e9 de l&rsquo;\u00c9tat juif face au terrorisme, \u00e0 la guerre hybride, aux gouvernements occidentaux opportunistes et aux r\u00e9sultats des \u00e9lections aux \u00c9tats-Unis.  <br\/><br\/>Les deux derni\u00e8res ann\u00e9es ont \u00e9galement renforc\u00e9 la fracture interne d&rsquo;Isra\u00ebl. Le foss\u00e9 profond traverse la soci\u00e9t\u00e9 isra\u00e9lienne de deux mani\u00e8res.   <br\/><br\/>D&rsquo;une part, il divise les secteurs politiquement mod\u00e9r\u00e9s de la population et les Isra\u00e9liens de droite, voire d&rsquo;extr\u00eame droite, qui r\u00eavent d&rsquo;un \u00ab\u00a0Grand Isra\u00ebl\u00a0\u00bb incluant la Cisjordanie et Gaza. Un r\u00eave incompatible avec le plan de paix pour Gaza du pr\u00e9sident Trump, que le Premier ministre Benjamin Netanyahu a clairement rejet\u00e9 ces jours-ci \u00e0 Washington. <br\/><br\/>D&rsquo;autre part, les parties la\u00efques de la soci\u00e9t\u00e9 et les juifs ultra-orthodoxes s&rsquo;opposent. Le d\u00e9bat sur le service militaire obligatoire montre \u00e0 quel point cette opposition est fondamentale. Selon la d\u00e9cision de la Cour supr\u00eame, celle-ci s&rsquo;applique \u00e9galement aux ultra-orthodoxes. Mais la plupart d&rsquo;entre eux &#8211; pas tous ! &#8211; refusent de r\u00e9pondre \u00e0 l&rsquo;appel \u00e0 l&rsquo;arm\u00e9e.      <br\/><br\/>Ce refus suscite \u00e0 juste titre l&rsquo;amertume de la grande majorit\u00e9 de la population la\u00efque et des Isra\u00e9liens nationaux-religieux qui, contrairement \u00e0 la plupart des ultra-orthodoxes, effectuent leur service militaire. En effet, ils ont d\u00fb faire d&rsquo;\u00e9normes sacrifices en tant que membres de l&rsquo;arm\u00e9e au cours des deux derni\u00e8res ann\u00e9es.   <br\/><br\/>Les partis ultranationalistes et ultra-orthodoxes ont certes un potentiel \u00e9lectoral limit\u00e9 en Isra\u00ebl. Ainsi, les deux partis des ministres d&rsquo;extr\u00eame droite Itamar Ben-Gvir et Bezalel Smotrich ont obtenu moins de 11% des voix lors des derni\u00e8res \u00e9lections. <br\/><br\/>M\u00eame si l&rsquo;on y ajoute les autres partis ultra-religieux et d&rsquo;extr\u00eame droite repr\u00e9sent\u00e9s au Parlement isra\u00e9lien, la Knesset, la part totale de cet \u00e9lectorat est d&rsquo;\u00e0 peine 30% &#8211; comparable \u00e0 celle des populistes de droite dans de nombreux pays europ\u00e9ens.<br\/><br\/>Mais en raison de la forte fragmentation de la Knesset, les micropartis peuvent souvent y exercer une influence disproportionn\u00e9e sur la formation et la politique du gouvernement en faisant pencher la balance du bon c\u00f4t\u00e9.  <br\/><br\/>Des \u00e9lections doivent avoir lieu en Isra\u00ebl dans un an au plus tard, en octobre 2026. On verra alors si l&rsquo;\u00c9tat juif peut se lib\u00e9rer de l&#8217;emprise de ces groupes d&rsquo;extr\u00eame droite et ultra-religieux. Sinon, le plus grand danger ne viendra pas de l&rsquo;ext\u00e9rieur, mais de lui-m\u00eame.  <br\/><\/li>\n<\/ol>\n\n\n\n<p>Ce rapport est \u00e9galement paru sur <a href=\"https:\/\/www.nebelspalter.ch\/themen\/2025\/10\/10-erkenntnisse-vom-7-oktober-und-der-zeit-seither\" title=\"\">nebelspalter.ch<\/a><\/p>\n\n\n\n<div class=\"wp-block-group\"><div class=\"wp-block-group__inner-container is-layout-constrained wp-block-group-is-layout-constrained\">\n<blockquote class=\"wp-block-quote is-layout-flow wp-block-quote-is-layout-flow\">\n<p>Sacha Wigdorovits est pr\u00e9sident de l&rsquo;association Fokus Israel und Nahost, qui g\u00e8re le site web fokusisrael.ch. Il a \u00e9tudi\u00e9 l&rsquo;histoire, la germanistique et la psychologie sociale \u00e0 l&rsquo;universit\u00e9 de Zurich et a travaill\u00e9, entre autres, comme correspondant aux \u00c9tats-Unis pour la SonntagsZeitung, a \u00e9t\u00e9 r\u00e9dacteur en chef du BLICK et cofondateur du journal pour pendulaires 20minuten.   <\/p>\n<\/blockquote>\n\n\n\n<p><\/p>\n\n\n\n<p><\/p>\n\n\n\n<p><\/p>\n\n\n\n<p><\/p>\n<\/div><\/div>\n<\/div><\/div>\n","protected":false},"excerpt":{"rendered":"<p>Qu&rsquo;est-ce qu&rsquo;Isra\u00ebl a appris &#8211; politiquement, militairement, socialement et moralement ? Dix enseignements cl\u00e9s tir\u00e9s de la guerre, des crises et de l&rsquo;introspection &#8211; sur la responsabilit\u00e9, la confiance et le prix de la libert\u00e9. <\/p>\n","protected":false},"author":2,"featured_media":4269,"comment_status":"closed","ping_status":"closed","sticky":false,"template":"","format":"standard","meta":{"_hide_socialbar":"","footnotes":""},"categories":[428],"tags":[927,1098,395,923,928,485,930,483,922,921,379,929,393,924,372,931,926,457,397,881,925],"class_list":["post-5086","post","type-post","status-publish","format-standard","has-post-thumbnail","hentry","category-actualites","tag-7-octobre-2023","tag-analyses-propres","tag-antisemitisme","tag-benjamin-netanyahu-fr","tag-bezalel-smotrich-fr","tag-conflit-au-proche-orient","tag-division-de-la-societe","tag-donald-trump-fr","tag-droit-international-public","tag-europe-fr","tag-gaza-fr","tag-guerre-hybride","tag-hamas-fr","tag-islamisme","tag-israel-fr","tag-israel-elections-2026-fr","tag-itamar-ben-gvir-fr","tag-medias","tag-onu","tag-plan-de-paix","tag-tibor-serrurier"],"aioseo_notices":[],"_links":{"self":[{"href":"https:\/\/fokusisrael.ch\/fr\/wp-json\/wp\/v2\/posts\/5086","targetHints":{"allow":["GET"]}}],"collection":[{"href":"https:\/\/fokusisrael.ch\/fr\/wp-json\/wp\/v2\/posts"}],"about":[{"href":"https:\/\/fokusisrael.ch\/fr\/wp-json\/wp\/v2\/types\/post"}],"author":[{"embeddable":true,"href":"https:\/\/fokusisrael.ch\/fr\/wp-json\/wp\/v2\/users\/2"}],"replies":[{"embeddable":true,"href":"https:\/\/fokusisrael.ch\/fr\/wp-json\/wp\/v2\/comments?post=5086"}],"version-history":[{"count":5,"href":"https:\/\/fokusisrael.ch\/fr\/wp-json\/wp\/v2\/posts\/5086\/revisions"}],"predecessor-version":[{"id":5922,"href":"https:\/\/fokusisrael.ch\/fr\/wp-json\/wp\/v2\/posts\/5086\/revisions\/5922"}],"wp:featuredmedia":[{"embeddable":true,"href":"https:\/\/fokusisrael.ch\/fr\/wp-json\/wp\/v2\/media\/4269"}],"wp:attachment":[{"href":"https:\/\/fokusisrael.ch\/fr\/wp-json\/wp\/v2\/media?parent=5086"}],"wp:term":[{"taxonomy":"category","embeddable":true,"href":"https:\/\/fokusisrael.ch\/fr\/wp-json\/wp\/v2\/categories?post=5086"},{"taxonomy":"post_tag","embeddable":true,"href":"https:\/\/fokusisrael.ch\/fr\/wp-json\/wp\/v2\/tags?post=5086"}],"curies":[{"name":"wp","href":"https:\/\/api.w.org\/{rel}","templated":true}]}}