{"id":2915,"date":"2025-10-15T13:04:04","date_gmt":"2025-10-15T11:04:04","guid":{"rendered":"https:\/\/fokusisrael.ch\/non-categorise\/la-guerre-des-images-un-garcon-gravement-malade-utilise-a-des-fins-de-propagande\/"},"modified":"2025-10-15T13:04:11","modified_gmt":"2025-10-15T11:04:11","slug":"la-guerre-des-images-un-garcon-gravement-malade-utilise-a-des-fins-de-propagande","status":"publish","type":"post","link":"https:\/\/fokusisrael.ch\/fr\/actualites\/la-guerre-des-images-un-garcon-gravement-malade-utilise-a-des-fins-de-propagande\/","title":{"rendered":"La guerre des images : Un gar\u00e7on gravement malade utilis\u00e9 \u00e0 des fins de propagande"},"content":{"rendered":"\n<p><strong>Un petit gar\u00e7on dans les bras de sa m\u00e8re : impuissant, terriblement amaigri. La photo de Muhammad Zakariya Ayyoub al-Matouq, 18 mois, fait le tour du monde. Elle ressemble \u00e0 un t\u00e9moignage d\u00e9chirant de la famine \u00e0 Gaza &#8211; et c&rsquo;est ainsi que la propagent les m\u00e9dias internationaux comme la BBC, le New York Times, The Guardian et Al Jazeera. Mais cette image est un mensonge.   <\/strong><\/p>\n\n<p>La photo, prise par l&rsquo;agence de presse turque Anadolu, a imm\u00e9diatement \u00e9t\u00e9 consid\u00e9r\u00e9e comme la preuve visuelle d&rsquo;une catastrophe humanitaire, et plus encore, comme la preuve qu&rsquo;Isra\u00ebl affame d\u00e9lib\u00e9r\u00e9ment la population de Gaza. Mais au lieu de voir un enfant mourant de faim, nous voyons un enfant gravement handicap\u00e9 sur le plan m\u00e9dical.   <\/p>\n\n<p>Selon <a href=\"https:\/\/honestreporting.com\/another-photo-another-lie\/\">HonestReporting<\/a> et le journaliste <a href=\"https:\/\/x.com\/mishtal\/status\/1949363291916038145\">David Collier<\/a>, selon un rapport m\u00e9dical de Gaza (mai 2025), Muhammad souffre de plusieurs maladies cong\u00e9nitales, dont : Paralysie c\u00e9r\u00e9brale, hypox\u00e9mie (manque d&rsquo;oxyg\u00e8ne dans le sang) ainsi qu&rsquo;un trouble musculaire g\u00e9n\u00e9tique rare. Ce contexte a \u00e9t\u00e9 presque syst\u00e9matiquement ignor\u00e9 dans les reportages des m\u00e9dias internationaux et aucun desdits m\u00e9dias n&rsquo;a remarqu\u00e9 que le fr\u00e8re que l&rsquo;on voit en arri\u00e8re-plan se tient debout, est en bonne sant\u00e9 et apparemment bien nourri. C&rsquo;est HonestReporting qui l&rsquo;a signal\u00e9 et v\u00e9rifi\u00e9 les faits. Par la suite, la m\u00e8re a \u00e9galement confirm\u00e9 \u00e0 CNN que Mohammed ne pouvait \u00eatre maintenu stable qu&rsquo;avec une alimentation sp\u00e9cialis\u00e9e et de la physioth\u00e9rapie, deux \u00e9l\u00e9ments qui ne sont pratiquement plus disponibles en temps de guerre.     <\/p>\n\n<p><strong>Fait partie de l&rsquo;arsenal de propagande du Hamas<\/strong><\/p>\n\n<p>Un porte-parole de l&rsquo;organisme de coordination isra\u00e9lien COGAT a d\u00e9clar\u00e9 : \u00ab\u00a0Les images tragiques \u00e9veillent \u00e0 juste titre notre compassion &#8211; mais lorsqu&rsquo;elles sont utilis\u00e9es \u00e0 mauvais escient pour r\u00e9pandre la haine et le mensonge, elles font plus de mal que de bien\u00a0\u00bb. C&rsquo;est un mod\u00e8le. Depuis des d\u00e9cennies, ces images font partie de l&rsquo;<a href=\"https:\/\/honestreporting.com\/al-dura-stop-confusing-me-with-the-facts\/\">arsenal de propagande<\/a> du Hamas. <\/p>\n\n<p>Dans le cas de Muhammad Zakariya Ayyoub al-Matouq, gravement malade, de nombreux m\u00e9dias ont non seulement ignor\u00e9 les faits m\u00e9dicaux dans leurs reportages, mais ont \u00e9galement occult\u00e9 la responsabilit\u00e9 du Hamas. L&rsquo;organisation terroriste contr\u00f4le depuis des ann\u00e9es les structures d&rsquo;approvisionnement civiles \u00e0 Gaza &#8211; et est accus\u00e9e par des sources occidentales et arabes de th\u00e9sauriser ou de d\u00e9tourner d\u00e9lib\u00e9r\u00e9ment l&rsquo;aide.   <\/p>\n\n<p>Isra\u00ebl a d\u00e9clar\u00e9 avoir autoris\u00e9 plus de 94 000 transports d&rsquo;aide depuis le d\u00e9but de la guerre &#8211; avec de la nourriture, de l&rsquo;eau et de l&rsquo;aide m\u00e9dicale. Parall\u00e8lement, des cessez-le-feu tactiques et des corridors humanitaires ont \u00e9t\u00e9 mis en place quotidiennement. Les autorit\u00e9s isra\u00e9liennes attribuent le fait que de nombreuses aides n&rsquo;arrivent pas aux personnes dans le besoin au Hamas et \u00e0 la mauvaise gestion des organisations internationales comme l&rsquo;ONU.  <\/p>\n\n<p>Lisez aussi ici : <a href=\"\/fr\/?p=2921\">L&rsquo;aide humanitaire parvient \u00e0 la population malgr\u00e9 le Hamas<\/a><\/p>\n","protected":false},"excerpt":{"rendered":"<p>Un petit gar\u00e7on dans les bras de sa m\u00e8re : impuissant, terriblement amaigri. La photo de Muhammad Zakariya Ayyoub al-Matouq, 18 mois, fait le tour du monde. Elle ressemble \u00e0 un t\u00e9moignage d\u00e9chirant de la famine \u00e0 Gaza &#8211; et c&rsquo;est ainsi que la propagent les m\u00e9dias internationaux comme la BBC, le New York Times, [&hellip;]<\/p>\n","protected":false},"author":2,"featured_media":2909,"comment_status":"closed","ping_status":"closed","sticky":false,"template":"","format":"standard","meta":{"_hide_socialbar":"","footnotes":""},"categories":[428],"tags":[434,379,435,433],"class_list":["post-2915","post","type-post","status-publish","format-standard","has-post-thumbnail","hentry","category-actualites","tag-cogat-fr","tag-gaza-fr","tag-muhammad-zakariya-ayyoub-al-matouq","tag-propagande"],"aioseo_notices":[],"_links":{"self":[{"href":"https:\/\/fokusisrael.ch\/fr\/wp-json\/wp\/v2\/posts\/2915","targetHints":{"allow":["GET"]}}],"collection":[{"href":"https:\/\/fokusisrael.ch\/fr\/wp-json\/wp\/v2\/posts"}],"about":[{"href":"https:\/\/fokusisrael.ch\/fr\/wp-json\/wp\/v2\/types\/post"}],"author":[{"embeddable":true,"href":"https:\/\/fokusisrael.ch\/fr\/wp-json\/wp\/v2\/users\/2"}],"replies":[{"embeddable":true,"href":"https:\/\/fokusisrael.ch\/fr\/wp-json\/wp\/v2\/comments?post=2915"}],"version-history":[{"count":2,"href":"https:\/\/fokusisrael.ch\/fr\/wp-json\/wp\/v2\/posts\/2915\/revisions"}],"predecessor-version":[{"id":2917,"href":"https:\/\/fokusisrael.ch\/fr\/wp-json\/wp\/v2\/posts\/2915\/revisions\/2917"}],"wp:featuredmedia":[{"embeddable":true,"href":"https:\/\/fokusisrael.ch\/fr\/wp-json\/wp\/v2\/media\/2909"}],"wp:attachment":[{"href":"https:\/\/fokusisrael.ch\/fr\/wp-json\/wp\/v2\/media?parent=2915"}],"wp:term":[{"taxonomy":"category","embeddable":true,"href":"https:\/\/fokusisrael.ch\/fr\/wp-json\/wp\/v2\/categories?post=2915"},{"taxonomy":"post_tag","embeddable":true,"href":"https:\/\/fokusisrael.ch\/fr\/wp-json\/wp\/v2\/tags?post=2915"}],"curies":[{"name":"wp","href":"https:\/\/api.w.org\/{rel}","templated":true}]}}