{"id":11028,"date":"2026-09-03T17:20:48","date_gmt":"2026-09-03T15:20:48","guid":{"rendered":"https:\/\/fokusisrael.ch\/non-categorise\/avigdor-lieberman-ancien-allie-et-ennemi-jure-de-longue-date-de-netanyahu\/"},"modified":"2026-09-03T17:23:21","modified_gmt":"2026-09-03T15:23:21","slug":"avigdor-lieberman-ancien-allie-et-ennemi-jure-de-longue-date-de-netanyahu","status":"publish","type":"post","link":"https:\/\/fokusisrael.ch\/fr\/actualites\/avigdor-lieberman-ancien-allie-et-ennemi-jure-de-longue-date-de-netanyahu\/","title":{"rendered":"Avigdor Lieberman : ancien alli\u00e9 et ennemi jur\u00e9 de longue date de Netanyahu"},"content":{"rendered":"\n<p class=\"wp-block-paragraph\"><strong>\u00c0 l&rsquo;approche des \u00e9lections l\u00e9gislatives isra\u00e9liennes du 27 octobre, FokusIsrael.ch vous pr\u00e9sente les principales personnalit\u00e9s politiques de l&rsquo;\u00c9tat h\u00e9breu. Cette semaine : Avigdor Lieberman, du parti \u00ab Yisrael Beytenu \u00bb.<\/strong><\/p>\n\n<p class=\"wp-block-paragraph\">Par Jan Kapusnak<\/p>\n\n<p class=\"wp-block-paragraph\">Avigdor Lieberman a men\u00e9 sa carri\u00e8re politique au sein de la droite, mais ces sept derni\u00e8res ann\u00e9es, il a \u00e9t\u00e9 l&rsquo;un des adversaires les plus acharn\u00e9s de Benjamin Netanyahou. Autrefois proche confident de l\u2019actuel Premier ministre et sous son mandat ministre des Affaires \u00e9trang\u00e8res et de la D\u00e9fense, M. Lieberman a bloqu\u00e9 en 2019 la formation d\u2019une coalition gouvernementale et se positionne depuis lors comme le d\u00e9fenseur d\u2019une droite la\u00efque et nationaliste qui se d\u00e9marque clairement du \u00ab Likoud \u00bb de Benjamin Netanyahou en raison de la d\u00e9pendance de ce dernier vis-\u00e0-vis des partis ultra-orthodoxes.  <\/p>\n\n<p class=\"wp-block-paragraph\">\u00c0 68 ans, Lieberman est l\u2019une des personnalit\u00e9s politiques isra\u00e9liennes ayant exerc\u00e9 le plus longtemps. Direct et combatif, il allie des positions intransigeantes en mati\u00e8re de s\u00e9curit\u00e9 et vis-\u00e0-vis des Palestiniens \u00e0 des opinions r\u00e9solument la\u00efques sur la religion et l\u2019\u00c9tat. Son parti, \u00ab Yisrael Beytenu \u00bb (Isra\u00ebl, notre foyer), soutient le service militaire pour tous les Isra\u00e9liens, le mariage civil, les transports en commun le shabbat, une \u00e9conomie de march\u00e9 libre et la r\u00e9duction du pouvoir politique des partis haredim (ultra-orthodoxes). Cette combinaison a permis \u00e0 Lieberman de se constituer un \u00e9lectorat distinct, qui ne se sent pleinement repr\u00e9sent\u00e9 ni par le \u00ab Likoud \u00bb, ni par les partis centristes isra\u00e9liens.  <\/p>\n\n<p class=\"wp-block-paragraph\">Les derniers sondages \u00e9lectoraux r\u00e9alis\u00e9s le 26 ao\u00fbt ont donn\u00e9 neuf si\u00e8ges \u00e0 \u00ab Yisrael Beytenu \u00bb dans les sondages de Channel 13 et de Walla, ainsi que huit si\u00e8ges dans celui d&rsquo;i24NEWS. Cela fait de ce parti un pilier solide du camp anti-Netanyahu.<\/p>\n\n<p class=\"wp-block-paragraph\"><strong>De la Moldavie \u00e0 la droite isra\u00e9lienne <\/strong><\/p>\n\n<p class=\"wp-block-paragraph\">Lieberman est n\u00e9 en 1958 \u00e0 Kishinev (aujourd\u2019hui Chi\u0219in\u0103u), en Moldavie, et a \u00e9migr\u00e9 en Isra\u00ebl avec sa famille en 1978. Il a \u00e9tudi\u00e9 les sciences politiques et les relations internationales \u00e0 l\u2019Universit\u00e9 h\u00e9bra\u00efque de J\u00e9rusalem et s\u2019est engag\u00e9 au sein de la droite isra\u00e9lienne ainsi que dans des organisations repr\u00e9sentant les immigr\u00e9s originaires de l\u2019Union sovi\u00e9tique.<\/p>\n\n<p class=\"wp-block-paragraph\">L&rsquo;ascension de Lieberman \u00e9tait \u00e9troitement li\u00e9e \u00e0 celle de Netanyahou. De 1993 \u00e0 1996, il a occup\u00e9 le poste de directeur g\u00e9n\u00e9ral du Likoud, aidant Netanyahou \u00e0 consolider son autorit\u00e9 au sein du parti et \u00e0 pr\u00e9parer sa campagne victorieuse pour le poste de Premier ministre. Apr\u00e8s la victoire de 1996, Lieberman est devenu directeur g\u00e9n\u00e9ral du cabinet du Premier ministre.<\/p>\n\n<p class=\"wp-block-paragraph\">La relation entre Lieberman et Netanyahou est devenue l\u2019une des alliances les plus complexes de la politique isra\u00e9lienne : des p\u00e9riodes de collaboration \u00e9troite ont altern\u00e9 avec des conflits acharn\u00e9s. En 1999, Lieberman a fond\u00e9 son propre parti : \u00ab Yisrael Beytenu \u00bb. Au d\u00e9part, le parti s\u2019identifiait principalement \u00e0 l\u2019importante communaut\u00e9 d\u2019immigr\u00e9s russophones arriv\u00e9e dans les ann\u00e9es 1990 et alliait une politique de s\u00e9curit\u00e9 nationaliste \u00e0 une approche clairement la\u00efque en mati\u00e8re d\u2019affaires int\u00e9rieures. Lors de sa premi\u00e8re \u00e9lection \u00e0 la Knesset, il remporta quatre si\u00e8ges et s\u2019\u00e9tendit progressivement au-del\u00e0 de son \u00e9lectorat initialement limit\u00e9 aux immigr\u00e9s russes pour toucher d\u2019autres groupes de population. En 2009, \u00ab Yisrael Beytenu \u00bb a atteint son apog\u00e9e avec 15 si\u00e8ges, devenant ainsi la troisi\u00e8me force politique au sein du Parlement isra\u00e9lien.  <\/p>\n\n<p class=\"wp-block-paragraph\"><strong>Un faucon, mais pas un extr\u00e9miste de droite conventionnel <\/strong><\/p>\n\n<p class=\"wp-block-paragraph\">Lieberman s&rsquo;est tr\u00e8s t\u00f4t forg\u00e9 une r\u00e9putation de politicien isra\u00e9lien parmi les plus intransigeants en mati\u00e8re de s\u00e9curit\u00e9. En 2005, il s&rsquo;est oppos\u00e9 au retrait de Gaza d\u00e9cid\u00e9 par le Premier ministre de l&rsquo;\u00e9poque, Ariel Sharon, et n&rsquo;a cess\u00e9 de r\u00e9clamer qu&rsquo;Isra\u00ebl r\u00e9agisse avec beaucoup plus de fermet\u00e9 face au Hamas et aux autres groupes arm\u00e9s. <\/p>\n\n<p class=\"wp-block-paragraph\">Pourtant, la position de Lieberman vis-\u00e0-vis des Palestiniens est plus complexe que ne le laisse supposer son \u00e9tiquette d\u2019\u00ab extr\u00eame droite dure \u00bb. Lieberman a accept\u00e9 le principe de la s\u00e9paration territoriale et a d\u00e9fendu un plan pr\u00e9voyant \u00e0 la fois un \u00e9change de territoires et de populations : de grands blocs de colonies juives devraient rester au sein d\u2019Isra\u00ebl, tandis que certaines zones \u00e0 forte population arabe situ\u00e9es sur le territoire isra\u00e9lien devraient faire partie d\u2019un futur \u00c9tat palestinien. Cette proposition a \u00e9t\u00e9 vivement critiqu\u00e9e, en particulier par les citoyens arabes d\u2019Isra\u00ebl.  <\/p>\n\n<p class=\"wp-block-paragraph\">Cependant, l\u2019objectif de Lieberman diff\u00e8re de la vision annexionniste de la droite religieuse actuelle. Il ne vise pas \u00e0 instaurer une domination isra\u00e9lienne permanente sur l\u2019ensemble des Palestiniens ; il pr\u00f4ne plut\u00f4t une s\u00e9paration visant \u00e0 maximiser la majorit\u00e9 juive en Isra\u00ebl tout en conservant des territoires d\u2019importance strat\u00e9gique.  <\/p>\n\n<p class=\"wp-block-paragraph\">La politique int\u00e9rieure de Lieberman est r\u00e9solument la\u00efque. Bien qu\u2019il r\u00e9side dans la colonie de Nokdim, en Jud\u00e9e-Samarie, il s\u2019est oppos\u00e9 \u00e0 plusieurs reprises aux partis ultra-orthodoxes sur les questions des d\u00e9rogations militaires, du mariage, de la conversion et de l\u2019autorit\u00e9 religieuse. \u00ab Yisrael Beytenu \u00bb se d\u00e9finit comme un parti sioniste, de droite et lib\u00e9ral, et milite en faveur d\u2019une Constitution s\u00e9parant la religion et l\u2019\u00c9tat. Cette combinaison inhabituelle de nationalisme s\u00e9curitaire et de la\u00efcit\u00e9 sur le plan int\u00e9rieur constitue le fondement de la survie politique de Lieberman. <\/p>\n\n<p class=\"wp-block-paragraph\"><strong>Ministre des Affaires \u00e9trang\u00e8res, ministre de la D\u00e9fense \u2013 et alli\u00e9 de Netanyahu <\/strong><\/p>\n\n<p class=\"wp-block-paragraph\">Pendant des ann\u00e9es, Lieberman a fait partie de gouvernements dirig\u00e9s tant par le \u00ab Likoud \u00bb que par des partis centristes. Il a occup\u00e9 les fonctions de ministre des Infrastructures, de ministre des Transports et de ministre des Affaires strat\u00e9giques avant de devenir ministre des Affaires \u00e9trang\u00e8res en 2009, sous la direction de Netanyahu. En 2013, \u00ab Yisrael Beytenu \u00bb s&rsquo;est associ\u00e9 au \u00ab Likoud \u00bb pour former une liste \u00e9lectorale commune. En 2016, Netanyahou a nomm\u00e9 Lieberman ministre de la D\u00e9fense, lui confiant ainsi le portefeuille le plus \u00e9troitement li\u00e9 \u00e0 son image politique.  <\/p>\n\n<p class=\"wp-block-paragraph\">La relation entre les deux hommes politiques a toutefois pris fin de mani\u00e8re dramatique en novembre 2018 : Lieberman a d\u00e9missionn\u00e9 apr\u00e8s que le gouvernement eut accept\u00e9 un cessez-le-feu \u00e0 l\u2019issue d\u2019une violente s\u00e9rie d\u2019affrontements avec le Hamas dans la bande de Gaza. Il a qualifi\u00e9 cet accord de \u00ab capitulation face au terrorisme \u00bb et a retir\u00e9 le parti \u00ab Yisrael Beytenu \u00bb de la coalition.  <\/p>\n\n<p class=\"wp-block-paragraph\">Ce retrait a d\u00e9clench\u00e9 en Isra\u00ebl une instabilit\u00e9 politique qui a conduit \u00e0 des \u00e9lections r\u00e9p\u00e9t\u00e9es. Mais surtout, ce d\u00e9part de la coalition gouvernementale a marqu\u00e9 le d\u00e9but de la transformation de Lieberman, qui est pass\u00e9 du statut d\u2019alli\u00e9 proche \u00e0 celui d\u2019adversaire principal de Netanyahou, et a scell\u00e9 la poursuite de son r\u00e8gne. <\/p>\n\n<p class=\"wp-block-paragraph\"><strong>Les cinq si\u00e8ges qui ont boulevers\u00e9 la sc\u00e8ne politique isra\u00e9lienne <\/strong><\/p>\n\n<p class=\"wp-block-paragraph\">Le moment politique d\u00e9cisif pour Lieberman est survenu apr\u00e8s les \u00e9lections d&rsquo;avril 2019. Netanyahu semblait avoir remport\u00e9 un nouveau mandat, mais sans \u00ab Yisrael Beytenu \u00bb, qui avait obtenu cinq si\u00e8ges, sa coalition ne comptait que 60 d\u00e9put\u00e9s \u00e0 la Knesset \u2013 un de moins que la majorit\u00e9 requise. Lieberman a toutefois refus\u00e9 de rejoindre le camp de Netanyahou tant que celui-ci n\u2019aurait pas adopt\u00e9 une loi \u00e9tendant le service militaire obligatoire aux hommes ultra-orthodoxes. Aucune des deux parties ne c\u00e9dant, Netanyahou n\u2019a pas pu former de gouvernement et Isra\u00ebl a d\u00fb organiser de nouvelles \u00e9lections.  <\/p>\n\n<p class=\"wp-block-paragraph\">Cette confrontation a durablement transform\u00e9 l\u2019identit\u00e9 politique de Lieberman. Pendant des ann\u00e9es, la gauche isra\u00e9lienne l\u2019avait consid\u00e9r\u00e9 comme l\u2019un des hommes politiques les plus d\u2019extr\u00eame droite du pays. Il est d\u00e9sormais devenu indispensable aux tentatives visant \u00e0 renverser Netanyahou. Il ne s\u2019agissait pas d\u2019un glissement vers la gauche : Lieberman est rest\u00e9 un partisan d\u2019une ligne dure en mati\u00e8re de s\u00e9curit\u00e9 et a refus\u00e9 de s\u2019appuyer sur des partis arabes pour former un gouvernement. Son argument \u00e9tait plut\u00f4t que Netanyahou avait subordonn\u00e9 la droite la\u00efque aux partis ultra-orthodoxes \u00ab Shas \u00bb et \u00ab Juda\u00efsme unifi\u00e9 de la Torah \u00bb, dans le seul but de sauver sa coalition. <\/p>\n\n<p class=\"wp-block-paragraph\"><strong>Fin des douze ann\u00e9es de r\u00e8gne de Netanyahou <\/strong><\/p>\n\n<p class=\"wp-block-paragraph\">Apr\u00e8s quatre \u00e9lections en deux ans, Lieberman a finalement rejoint la coalition exceptionnellement large form\u00e9e par Yair Lapid et dirig\u00e9e dans un premier temps, en juin 2021, par Naftali Bennett. Le gouvernement regroupait des partis allant de la droite nationaliste \u00e0 la gauche sioniste et, pour la premi\u00e8re fois dans l\u2019histoire d\u2019Isra\u00ebl, comprenait \u00e9galement un parti arabe ind\u00e9pendant : Ra\u2019am. Lieberman a \u00e9t\u00e9 nomm\u00e9 ministre des Finances.  <\/p>\n\n<p class=\"wp-block-paragraph\">Cette nomination lui a permis de mettre en \u0153uvre son programme la\u00efque en mati\u00e8re de politique \u00e9conomique. Il s\u2019est engag\u00e9 en faveur de la participation au march\u00e9 du travail, de la r\u00e9duction de la d\u00e9pendance vis-\u00e0-vis des prestations de l\u2019\u00c9tat et de l\u2019int\u00e9gration des hommes haredim dans l\u2019emploi et le service national. Il a par ailleurs encourag\u00e9 des r\u00e9formes ax\u00e9es sur l\u2019\u00e9conomie de march\u00e9 afin de renforcer la concurrence et de supprimer les barri\u00e8res \u00e0 l\u2019importation. Son parti continue de pr\u00e9senter la lib\u00e9ralisation \u00e9conomique, parall\u00e8lement au service universel, comme un \u00e9l\u00e9ment central de son programme.  <\/p>\n\n<p class=\"wp-block-paragraph\">La coalition Bennett-Lapid n&rsquo;a toutefois dur\u00e9 que dix-huit mois, et Netanyahou est revenu au pouvoir apr\u00e8s les \u00e9lections de 2022. Mais Lieberman avait contribu\u00e9 \u00e0 r\u00e9aliser ce qui semblait encore presque impossible quelques ann\u00e9es auparavant : \u00e9carter temporairement de ses fonctions son ancien mentor politique. <\/p>\n\n<p class=\"wp-block-paragraph\"><strong>7 octobre \u2013 le faucon de la s\u00e9curit\u00e9 dans l\u2019opposition <\/strong><\/p>\n\n<p class=\"wp-block-paragraph\">Le massacre du 7 octobre a confort\u00e9 l\u2019argument de Lieberman selon lequel Isra\u00ebl avait fait preuve d\u2019une trop grande prudence face au Hamas. Contrairement aux anciens chefs d\u2019\u00e9tat-major Benny Gantz et Gadi Eisenkot, il n\u2019a toutefois pas rejoint le gouvernement d\u2019urgence de Netanyahou. Depuis l\u2019opposition, Lieberman a reproch\u00e9 au gouvernement d\u2019avoir \u00e9chou\u00e9 tant avant que pendant la guerre. Il a plaid\u00e9 en faveur d\u2019une attitude nettement plus agressive envers les ennemis d\u2019Isra\u00ebl. Ses critiques \u00e0 l\u2019\u00e9gard du gouvernement ne se limitaient pas \u00e0 Gaza. L&rsquo;Iran et son r\u00e9seau terroriste r\u00e9gional occupent une place centrale dans la r\u00e9flexion strat\u00e9gique de Lieberman. La confrontation avec le gouvernement islamiste des mollahs \u00e0 T\u00e9h\u00e9ran est pour lui un combat global qui n\u00e9cessite la puissance militaire isra\u00e9lienne et des alliances r\u00e9gionales.  <\/p>\n\n<p class=\"wp-block-paragraph\">Sa position conf\u00e8re \u00e0 Lieberman un avantage inhabituel parmi les adversaires de Netanyahu. Lieberman peut attaquer le Premier ministre sur les questions de s\u00e9curit\u00e9 depuis la droite et critiquer la coalition gouvernementale actuelle sur le plan de la politique int\u00e9rieure depuis le centre la\u00efc \u2013 tout en continuant \u00e0 marquer des points aupr\u00e8s des Isra\u00e9liens russophones. Cette combinaison a contribu\u00e9 \u00e0 ce que \u00ab Yisrael Beytenu \u00bb reste remarquablement stable, tandis que d\u2019autres partis d\u2019opposition autour de lui ont connu des hauts et des bas. <\/p>\n\n<p class=\"wp-block-paragraph\"><strong>Le rebelle de longue date de la droite la\u00efque <\/strong><\/p>\n\n<p class=\"wp-block-paragraph\">La plus grande force de Lieberman est \u00e9galement ce qui le limite. Il poss\u00e8de une identit\u00e9 politique clairement d\u00e9finie : belliciste, la\u00efque, nationaliste et extr\u00eamement hostile aux privil\u00e8ges des ultra-orthodoxes. Mais cette identit\u00e9 le limite \u00e9galement. Les conservateurs religieux se m\u00e9fient de son la\u00efcisme, une grande partie du centre-gauche est mal \u00e0 l\u2019aise face \u00e0 sa rh\u00e9torique \u00e0 l\u2019\u00e9gard des Arabes, et sa longue pr\u00e9sence au sein des gouvernements pr\u00e9c\u00e9dents rend difficile de le pr\u00e9senter comme une nouvelle alternative.<\/p>\n\n<p class=\"wp-block-paragraph\">C&rsquo;est pourquoi Lieberman n&rsquo;est pas le candidat phare de l&rsquo;opposition au poste de Premier ministre lors des prochaines \u00e9lections. La course se concentre sur Gadi Eisenkot et la nouvelle alliance Bennett-Lapid. Pourtant, la sc\u00e8ne politique isra\u00e9lienne a maintes fois r\u00e9compens\u00e9 la capacit\u00e9 de Lieberman \u00e0 se rendre indispensable.  <\/p>\n\n<p class=\"wp-block-paragraph\">Mais avec neuf \u00e0 dix si\u00e8ges pr\u00e9vus lors des \u00e9lections du 27 octobre, le parti \u00ab Yisrael Beytenu \u00bb, dirig\u00e9 par Avigdor Lieberman, pourrait \u00e0 nouveau jouer un r\u00f4le d\u00e9cisif dans la Knesset, fortement fragment\u00e9e, pour d\u00e9terminer qui deviendra Premier ministre isra\u00e9lien. Il y a sept ans, en 2019, cinq si\u00e8ges lui avaient d\u00e9j\u00e0 suffi pour emp\u00eacher Netanyahou de former un gouvernement.<\/p>\n\n<p class=\"wp-block-paragraph\"><strong>Portraits d\u00e9j\u00e0 publi\u00e9s<\/strong><\/p>\n\n<p class=\"wp-block-paragraph\"><a href=\"https:\/\/fokusisrael.ch\/fr\/actualites\/benjamin-netanyahu-de-marionnettiste-a-marionnette-mais-pas-encore-vaincu\/\"><strong>Benjamin Netanyahu : de l\u2019homme de l\u2019ombre \u00e0 la marionnette \u2013 mais pas encore vaincu &#8211; FokusIsrael<\/strong><\/a><strong><\/strong><\/p>\n\n<p class=\"wp-block-paragraph\"><a href=\"https:\/\/fokusisrael.ch\/fr\/actualites\/bezalel-smotrich-dactiviste-marginal-a-figure-influente-de-la-coalition\/\"><strong>Bezalel Smotrich : d\u2019activiste marginal \u00e0 homme politique influent au sein de la coalition \u2013 FokusIsrael<\/strong><\/a><\/p>\n\n<p class=\"wp-block-paragraph\"><a href=\"https:\/\/fokusisrael.ch\/fr\/actualites\/itamar-ben-gvir-de-partisan-du-terrorisme-a-faiseur-de-rois\/\"><strong>Itamar Ben-Gvir : du partisan du terrorisme au faiseur de rois \u2013 FokusIsrael<\/strong><\/a><\/p>\n\n<p class=\"wp-block-paragraph\"><a href=\"https:\/\/fokusisrael.ch\/fr\/actualites\/deri-goldknopf-gafni-des-dirigeants-de-minorites-ultra-orthodoxes-dotes-dune-influence-demesuree\/\"><strong>Deri, Goldknopf, Gafni : des dirigeants de minorit\u00e9s ultra-orthodoxes dot\u00e9s d\u2019une influence d\u00e9mesur\u00e9e &#8211; FokusIsrael<\/strong><\/a><\/p>\n\n<p class=\"wp-block-paragraph\"><a href=\"https:\/\/fokusisrael.ch\/fr\/actualites\/gadi-eisenkot-lancien-general-qui-veut-battre-netanyahou\/\"><strong>Gadi Eisenkot : l&rsquo;ancien g\u00e9n\u00e9ral qui veut vaincre Netanyahou &#8211; FokusIsrael<\/strong><\/a><\/p>\n\n<p class=\"wp-block-paragraph\"><a href=\"https:\/\/fokusisrael.ch\/fr\/actualites\/naftali-bennett-parviendra-t-il-a-battre-le-premier-ministre-netanyahou-pour-la-deuxieme-fois\/\"><strong>Naftali Bennett peut-il battre le Premier ministre Netanyahu une deuxi\u00e8me fois ? &#8211; FokusIsrael<\/strong><\/a><\/p>\n\n<p class=\"wp-block-paragraph\"><a href=\"https:\/\/fokusisrael.ch\/fr\/actualites\/yair-lapid-de-star-de-la-television-a-rival-acharne-de-netanyahou\/\"><strong>Yair Lapid : de star de la t\u00e9l\u00e9vision \u00e0 rival tenace de Netanyahu &#8211; FokusIsrael<\/strong><\/a><\/p>\n\n<p class=\"wp-block-paragraph\"><a href=\"https:\/\/fokusisrael.ch\/fr\/actualites\/benny-gantz-lancien-general-qui-a-fait-trop-confiance-a-netanyahou-et-qui-se-bat-desormais-pour-sa-survie-politique\/\"><strong>Benny Gantz : l&rsquo;ancien g\u00e9n\u00e9ral qui a fait trop confiance \u00e0 Netanyahou et qui se bat d\u00e9sormais pour sa survie politique &#8211; FokusIsrael<\/strong><\/a><strong><\/strong><\/p>\n\n<hr class=\"wp-block-separator has-alpha-channel-opacity\"\/>\n\n<p class=\"wp-block-paragraph\">Jan Kapusnak est analyste politique et auteur. Il vit \u00e0 Tel-Aviv.<\/p>\n","protected":false},"excerpt":{"rendered":"<p>\u00c0 l&rsquo;approche des \u00e9lections l\u00e9gislatives isra\u00e9liennes du 27 octobre, FokusIsrael.ch vous pr\u00e9sente les principales personnalit\u00e9s politiques de l&rsquo;\u00c9tat h\u00e9breu. Cette semaine : Avigdor Lieberman, du parti \u00ab Yisrael Beytenu \u00bb. Par Jan Kapusnak Avigdor Lieberman a men\u00e9 sa carri\u00e8re politique au sein de la droite, mais ces sept derni\u00e8res ann\u00e9es, il a \u00e9t\u00e9 l&rsquo;un des [&hellip;]<\/p>\n","protected":false},"author":2,"featured_media":11029,"comment_status":"closed","ping_status":"closed","sticky":false,"template":"","format":"standard","meta":{"_hide_socialbar":"","footnotes":""},"categories":[428],"tags":[1112,5970,923,5280,5971,5272,5161,5005,1765,5163,379,393,1989,378,372,1644,5105,1313,1201,5112,5727,5972,5973,3989,3983,3326,5157,3777,5104,380,5969],"class_list":["post-11028","post","type-post","status-publish","format-standard","has-post-thumbnail","hentry","category-actualites","tag-7-oktober","tag-avigdor-lieberman","tag-benjamin-netanyahu-fr","tag-benny-gantz","tag-droits-laiques","tag-elections-a-la-knesset-3","tag-elections-israeliennes","tag-elections-legislatives","tag-focusisrael","tag-gadi-eisenkot","tag-gaza-fr","tag-hamas-fr","tag-haredim","tag-iran-fr","tag-israel-fr","tag-jan-kapusnak","tag-judaisme-de-la-torah-unifie","tag-knesset","tag-likoud","tag-mariage-civil","tag-ministre-de-la-defense","tag-ministre-des-affaires-etrangeres","tag-ministre-des-finances","tag-naftali-bennett","tag-politique-israelienne","tag-religion-et-etat","tag-service-militaire-obligatoire","tag-shabbat","tag-shas","tag-sionisme","tag-yisrael-beytenu"],"aioseo_notices":[],"aioseo_head":"\n\t\t<!-- All in One SEO 5.0.1.1 - aioseo.com -->\n\t<meta name=\"description\" content=\"Avigdor Lieberman d\u00e9fie Netanyahou depuis la droite. Avec \u00ab Yisrael Beytenu \u00bb, il se bat pour la s\u00e9curit\u00e9, la la\u00efcit\u00e9, le service militaire obligatoire et une r\u00e9duction du pouvoir des Haredim.\" \/>\n\t<meta name=\"robots\" content=\"max-image-preview:large\" \/>\n\t<meta name=\"author\" content=\"Redaktion\"\/>\n\t<link rel=\"canonical\" href=\"https:\/\/fokusisrael.ch\/fr\/actualites\/avigdor-lieberman-ancien-allie-et-ennemi-jure-de-longue-date-de-netanyahu\/\" \/>\n\t<meta name=\"generator\" content=\"All in One SEO (AIOSEO) 5.0.1.1\" \/>\n\t\t<meta property=\"og:locale\" content=\"fr_FR\" \/>\n\t\t<meta property=\"og:site_name\" content=\"FokusIsrael - FokusIsrael.ch est un collectif suisse engag\u00e9 \u00e0 titre b\u00e9n\u00e9vole et de mani\u00e8re ind\u00e9pendante.\" \/>\n\t\t<meta property=\"og:type\" content=\"article\" \/>\n\t\t<meta property=\"og:title\" content=\"Avigdor Lieberman : ancien alli\u00e9 et ennemi jur\u00e9 de longue date de Netanyahu - FokusIsrael\" \/>\n\t\t<meta property=\"og:description\" content=\"Avigdor Lieberman d\u00e9fie Netanyahou depuis la droite. Avec \u00ab Yisrael Beytenu \u00bb, il se bat pour la s\u00e9curit\u00e9, la la\u00efcit\u00e9, le service militaire obligatoire et une r\u00e9duction du pouvoir des Haredim.\" \/>\n\t\t<meta property=\"og:url\" content=\"https:\/\/fokusisrael.ch\/fr\/actualites\/avigdor-lieberman-ancien-allie-et-ennemi-jure-de-longue-date-de-netanyahu\/\" \/>\n\t\t<meta property=\"og:image\" content=\"https:\/\/fokusisrael.ch\/wp-content\/uploads\/2026\/09\/Avigdor-Liberman.webp\" \/>\n\t\t<meta property=\"og:image:secure_url\" content=\"https:\/\/fokusisrael.ch\/wp-content\/uploads\/2026\/09\/Avigdor-Liberman.webp\" \/>\n\t\t<meta property=\"og:image:width\" content=\"1024\" \/>\n\t\t<meta property=\"og:image:height\" content=\"600\" \/>\n\t\t<meta property=\"article:published_time\" content=\"2026-09-03T15:20:48+00:00\" \/>\n\t\t<meta property=\"article:modified_time\" content=\"2026-09-03T15:23:21+00:00\" \/>\n\t\t<meta name=\"twitter:card\" content=\"summary_large_image\" \/>\n\t\t<meta name=\"twitter:title\" content=\"Avigdor Lieberman : ancien alli\u00e9 et ennemi jur\u00e9 de longue date de Netanyahu - FokusIsrael\" \/>\n\t\t<meta name=\"twitter:description\" content=\"Avigdor Lieberman d\u00e9fie Netanyahou depuis la droite. Avec \u00ab Yisrael Beytenu \u00bb, il se bat pour la s\u00e9curit\u00e9, la la\u00efcit\u00e9, le service militaire obligatoire et une r\u00e9duction du pouvoir des Haredim.\" \/>\n\t\t<meta name=\"twitter:image\" content=\"https:\/\/fokusisrael.ch\/wp-content\/uploads\/2026\/09\/Avigdor-Liberman.webp\" \/>\n\t\t<script type=\"application\/ld+json\" class=\"aioseo-schema\">\n\t\t\t{\"@context\":\"https:\\\/\\\/schema.org\",\"@graph\":[{\"@type\":\"BlogPosting\",\"@id\":\"https:\\\/\\\/fokusisrael.ch\\\/fr\\\/actualites\\\/avigdor-lieberman-ancien-allie-et-ennemi-jure-de-longue-date-de-netanyahu\\\/#blogposting\",\"name\":\"Avigdor Lieberman : ancien alli\\u00e9 et ennemi jur\\u00e9 de longue date de Netanyahu - FokusIsrael\",\"headline\":\"Avigdor Lieberman : ancien alli\\u00e9 et ennemi jur\\u00e9 de longue date de Netanyahu\",\"author\":{\"@id\":\"https:\\\/\\\/fokusisrael.ch\\\/fr\\\/author\\\/redaktion\\\/#author\"},\"publisher\":{\"@id\":\"https:\\\/\\\/fokusisrael.ch\\\/fr\\\/#organization\"},\"image\":{\"@type\":\"ImageObject\",\"url\":\"https:\\\/\\\/fokusisrael.ch\\\/wp-content\\\/uploads\\\/2026\\\/09\\\/Avigdor-Liberman.webp\",\"width\":1024,\"height\":600,\"caption\":\"Avigdor Liberman\"},\"datePublished\":\"2026-09-03T17:20:48+02:00\",\"dateModified\":\"2026-09-03T17:23:21+02:00\",\"inLanguage\":\"fr-FR\",\"mainEntityOfPage\":{\"@id\":\"https:\\\/\\\/fokusisrael.ch\\\/fr\\\/actualites\\\/avigdor-lieberman-ancien-allie-et-ennemi-jure-de-longue-date-de-netanyahu\\\/#webpage\"},\"isPartOf\":{\"@id\":\"https:\\\/\\\/fokusisrael.ch\\\/fr\\\/actualites\\\/avigdor-lieberman-ancien-allie-et-ennemi-jure-de-longue-date-de-netanyahu\\\/#webpage\"},\"articleSection\":\"Actualit\\u00e9s, 7. Oktober, Avigdor Lieberman, Benjamin Netanyahu, Benny Gantz, droits la\\u00efques, \\u00c9lections \\u00e0 la Knesset, \\u00e9lections isra\\u00e9liennes, \\u00c9lections l\\u00e9gislatives, FocusIsra\\u00ebl, Gadi Eisenkot, Gaza, Hamas, Haredim, Iran, Isra\\u00ebl, Jan Kapusnak, Juda\\u00efsme de la Torah unifi\\u00e9, Knesset, Likoud, mariage civil, ministre de la D\\u00e9fense, Ministre des Affaires \\u00e9trang\\u00e8res, ministre des Finances, Naftali Bennett, Politique isra\\u00e9lienne, Religion et \\u00c9tat, service militaire obligatoire, Shabbat, Shas, Sionisme, Yisrael Beytenu, Facultatif\"},{\"@type\":\"BreadcrumbList\",\"@id\":\"https:\\\/\\\/fokusisrael.ch\\\/fr\\\/actualites\\\/avigdor-lieberman-ancien-allie-et-ennemi-jure-de-longue-date-de-netanyahu\\\/#breadcrumblist\",\"itemListElement\":[{\"@type\":\"ListItem\",\"@id\":\"https:\\\/\\\/fokusisrael.ch\\\/fr\\\/actualites\\\/#listItem\",\"position\":1,\"name\":\"Actualit\\u00e9s\",\"item\":\"https:\\\/\\\/fokusisrael.ch\\\/fr\\\/actualites\\\/\",\"nextItem\":{\"@type\":\"ListItem\",\"@id\":\"https:\\\/\\\/fokusisrael.ch\\\/fr\\\/actualites\\\/avigdor-lieberman-ancien-allie-et-ennemi-jure-de-longue-date-de-netanyahu\\\/#listItem\",\"name\":\"Avigdor Lieberman : ancien alli\\u00e9 et ennemi jur\\u00e9 de longue date de Netanyahu\"}},{\"@type\":\"ListItem\",\"@id\":\"https:\\\/\\\/fokusisrael.ch\\\/fr\\\/actualites\\\/avigdor-lieberman-ancien-allie-et-ennemi-jure-de-longue-date-de-netanyahu\\\/#listItem\",\"position\":2,\"name\":\"Avigdor Lieberman : ancien alli\\u00e9 et ennemi jur\\u00e9 de longue date de Netanyahu\",\"previousItem\":{\"@type\":\"ListItem\",\"@id\":\"https:\\\/\\\/fokusisrael.ch\\\/fr\\\/actualites\\\/#listItem\",\"name\":\"Actualit\\u00e9s\"}}]},{\"@type\":\"Organization\",\"@id\":\"https:\\\/\\\/fokusisrael.ch\\\/fr\\\/#organization\",\"name\":\"FokusIsrael\",\"description\":\"FokusIsrael.ch est un collectif suisse engag\\u00e9 \\u00e0 titre b\\u00e9n\\u00e9vole et de mani\\u00e8re ind\\u00e9pendante.\",\"url\":\"https:\\\/\\\/fokusisrael.ch\\\/fr\\\/\",\"logo\":{\"@type\":\"ImageObject\",\"url\":\"http:\\\/\\\/fi.localhost\\\/wp-content\\\/uploads\\\/2025\\\/03\\\/fokusisrael_300.jpg\",\"@id\":\"https:\\\/\\\/fokusisrael.ch\\\/fr\\\/actualites\\\/avigdor-lieberman-ancien-allie-et-ennemi-jure-de-longue-date-de-netanyahu\\\/#organizationLogo\"},\"image\":{\"@id\":\"https:\\\/\\\/fokusisrael.ch\\\/fr\\\/actualites\\\/avigdor-lieberman-ancien-allie-et-ennemi-jure-de-longue-date-de-netanyahu\\\/#organizationLogo\"}},{\"@type\":\"Person\",\"@id\":\"https:\\\/\\\/fokusisrael.ch\\\/fr\\\/author\\\/redaktion\\\/#author\",\"url\":\"https:\\\/\\\/fokusisrael.ch\\\/fr\\\/author\\\/redaktion\\\/\",\"name\":\"Redaktion\"},{\"@type\":\"WebPage\",\"@id\":\"https:\\\/\\\/fokusisrael.ch\\\/fr\\\/actualites\\\/avigdor-lieberman-ancien-allie-et-ennemi-jure-de-longue-date-de-netanyahu\\\/#webpage\",\"url\":\"https:\\\/\\\/fokusisrael.ch\\\/fr\\\/actualites\\\/avigdor-lieberman-ancien-allie-et-ennemi-jure-de-longue-date-de-netanyahu\\\/\",\"name\":\"Avigdor Lieberman : ancien alli\\u00e9 et ennemi jur\\u00e9 de longue date de Netanyahu - FokusIsrael\",\"description\":\"Avigdor Lieberman d\\u00e9fie Netanyahou depuis la droite. Avec \\u00ab Yisrael Beytenu \\u00bb, il se bat pour la s\\u00e9curit\\u00e9, la la\\u00efcit\\u00e9, le service militaire obligatoire et une r\\u00e9duction du pouvoir des Haredim.\",\"inLanguage\":\"fr-FR\",\"isPartOf\":{\"@id\":\"https:\\\/\\\/fokusisrael.ch\\\/fr\\\/#website\"},\"breadcrumb\":{\"@id\":\"https:\\\/\\\/fokusisrael.ch\\\/fr\\\/actualites\\\/avigdor-lieberman-ancien-allie-et-ennemi-jure-de-longue-date-de-netanyahu\\\/#breadcrumblist\"},\"author\":{\"@id\":\"https:\\\/\\\/fokusisrael.ch\\\/fr\\\/author\\\/redaktion\\\/#author\"},\"creator\":{\"@id\":\"https:\\\/\\\/fokusisrael.ch\\\/fr\\\/author\\\/redaktion\\\/#author\"},\"image\":{\"@type\":\"ImageObject\",\"url\":\"https:\\\/\\\/fokusisrael.ch\\\/wp-content\\\/uploads\\\/2026\\\/09\\\/Avigdor-Liberman.webp\",\"@id\":\"https:\\\/\\\/fokusisrael.ch\\\/fr\\\/actualites\\\/avigdor-lieberman-ancien-allie-et-ennemi-jure-de-longue-date-de-netanyahu\\\/#mainImage\",\"width\":1024,\"height\":600,\"caption\":\"Avigdor Liberman\"},\"primaryImageOfPage\":{\"@id\":\"https:\\\/\\\/fokusisrael.ch\\\/fr\\\/actualites\\\/avigdor-lieberman-ancien-allie-et-ennemi-jure-de-longue-date-de-netanyahu\\\/#mainImage\"},\"datePublished\":\"2026-09-03T17:20:48+02:00\",\"dateModified\":\"2026-09-03T17:23:21+02:00\"},{\"@type\":\"WebSite\",\"@id\":\"https:\\\/\\\/fokusisrael.ch\\\/fr\\\/#website\",\"url\":\"https:\\\/\\\/fokusisrael.ch\\\/fr\\\/\",\"name\":\"FokusIsrael\",\"description\":\"FokusIsrael.ch est un collectif suisse engag\\u00e9 \\u00e0 titre b\\u00e9n\\u00e9vole et de mani\\u00e8re ind\\u00e9pendante.\",\"inLanguage\":\"fr-FR\",\"publisher\":{\"@id\":\"https:\\\/\\\/fokusisrael.ch\\\/fr\\\/#organization\"}}]}\n\t\t<\/script>\n\t\t<!-- All in One SEO -->\n\n","aioseo_head_json":{"title":"Avigdor Lieberman : ancien alli\u00e9 et ennemi jur\u00e9 de longue date de Netanyahu - FokusIsrael","description":"Avigdor Lieberman d\u00e9fie Netanyahou depuis la droite. Avec \u00ab Yisrael Beytenu \u00bb, il se bat pour la s\u00e9curit\u00e9, la la\u00efcit\u00e9, le service militaire obligatoire et une r\u00e9duction du pouvoir des Haredim.","canonical_url":"https:\/\/fokusisrael.ch\/fr\/actualites\/avigdor-lieberman-ancien-allie-et-ennemi-jure-de-longue-date-de-netanyahu\/","robots":"max-image-preview:large","keywords":"","webmasterTools":{"miscellaneous":""},"schema":{"@context":"https:\/\/schema.org","@graph":[{"@type":"BlogPosting","@id":"https:\/\/fokusisrael.ch\/fr\/actualites\/avigdor-lieberman-ancien-allie-et-ennemi-jure-de-longue-date-de-netanyahu\/#blogposting","name":"Avigdor Lieberman : ancien alli\u00e9 et ennemi jur\u00e9 de longue date de Netanyahu - FokusIsrael","headline":"Avigdor Lieberman : ancien alli\u00e9 et ennemi jur\u00e9 de longue date de Netanyahu","author":{"@id":"https:\/\/fokusisrael.ch\/fr\/author\/redaktion\/#author"},"publisher":{"@id":"https:\/\/fokusisrael.ch\/fr\/#organization"},"image":{"@type":"ImageObject","url":"https:\/\/fokusisrael.ch\/wp-content\/uploads\/2026\/09\/Avigdor-Liberman.webp","width":1024,"height":600,"caption":"Avigdor Liberman"},"datePublished":"2026-09-03T17:20:48+02:00","dateModified":"2026-09-03T17:23:21+02:00","inLanguage":"fr-FR","mainEntityOfPage":{"@id":"https:\/\/fokusisrael.ch\/fr\/actualites\/avigdor-lieberman-ancien-allie-et-ennemi-jure-de-longue-date-de-netanyahu\/#webpage"},"isPartOf":{"@id":"https:\/\/fokusisrael.ch\/fr\/actualites\/avigdor-lieberman-ancien-allie-et-ennemi-jure-de-longue-date-de-netanyahu\/#webpage"},"articleSection":"Actualit\u00e9s, 7. Oktober, Avigdor Lieberman, Benjamin Netanyahu, Benny Gantz, droits la\u00efques, \u00c9lections \u00e0 la Knesset, \u00e9lections isra\u00e9liennes, \u00c9lections l\u00e9gislatives, FocusIsra\u00ebl, Gadi Eisenkot, Gaza, Hamas, Haredim, Iran, Isra\u00ebl, Jan Kapusnak, Juda\u00efsme de la Torah unifi\u00e9, Knesset, Likoud, mariage civil, ministre de la D\u00e9fense, Ministre des Affaires \u00e9trang\u00e8res, ministre des Finances, Naftali Bennett, Politique isra\u00e9lienne, Religion et \u00c9tat, service militaire obligatoire, Shabbat, Shas, Sionisme, Yisrael Beytenu, Facultatif"},{"@type":"BreadcrumbList","@id":"https:\/\/fokusisrael.ch\/fr\/actualites\/avigdor-lieberman-ancien-allie-et-ennemi-jure-de-longue-date-de-netanyahu\/#breadcrumblist","itemListElement":[{"@type":"ListItem","@id":"https:\/\/fokusisrael.ch\/fr\/actualites\/#listItem","position":1,"name":"Actualit\u00e9s","item":"https:\/\/fokusisrael.ch\/fr\/actualites\/","nextItem":{"@type":"ListItem","@id":"https:\/\/fokusisrael.ch\/fr\/actualites\/avigdor-lieberman-ancien-allie-et-ennemi-jure-de-longue-date-de-netanyahu\/#listItem","name":"Avigdor Lieberman : ancien alli\u00e9 et ennemi jur\u00e9 de longue date de Netanyahu"}},{"@type":"ListItem","@id":"https:\/\/fokusisrael.ch\/fr\/actualites\/avigdor-lieberman-ancien-allie-et-ennemi-jure-de-longue-date-de-netanyahu\/#listItem","position":2,"name":"Avigdor Lieberman : ancien alli\u00e9 et ennemi jur\u00e9 de longue date de Netanyahu","previousItem":{"@type":"ListItem","@id":"https:\/\/fokusisrael.ch\/fr\/actualites\/#listItem","name":"Actualit\u00e9s"}}]},{"@type":"Organization","@id":"https:\/\/fokusisrael.ch\/fr\/#organization","name":"FokusIsrael","description":"FokusIsrael.ch est un collectif suisse engag\u00e9 \u00e0 titre b\u00e9n\u00e9vole et de mani\u00e8re ind\u00e9pendante.","url":"https:\/\/fokusisrael.ch\/fr\/","logo":{"@type":"ImageObject","url":"http:\/\/fi.localhost\/wp-content\/uploads\/2025\/03\/fokusisrael_300.jpg","@id":"https:\/\/fokusisrael.ch\/fr\/actualites\/avigdor-lieberman-ancien-allie-et-ennemi-jure-de-longue-date-de-netanyahu\/#organizationLogo"},"image":{"@id":"https:\/\/fokusisrael.ch\/fr\/actualites\/avigdor-lieberman-ancien-allie-et-ennemi-jure-de-longue-date-de-netanyahu\/#organizationLogo"}},{"@type":"Person","@id":"https:\/\/fokusisrael.ch\/fr\/author\/redaktion\/#author","url":"https:\/\/fokusisrael.ch\/fr\/author\/redaktion\/","name":"Redaktion"},{"@type":"WebPage","@id":"https:\/\/fokusisrael.ch\/fr\/actualites\/avigdor-lieberman-ancien-allie-et-ennemi-jure-de-longue-date-de-netanyahu\/#webpage","url":"https:\/\/fokusisrael.ch\/fr\/actualites\/avigdor-lieberman-ancien-allie-et-ennemi-jure-de-longue-date-de-netanyahu\/","name":"Avigdor Lieberman : ancien alli\u00e9 et ennemi jur\u00e9 de longue date de Netanyahu - FokusIsrael","description":"Avigdor Lieberman d\u00e9fie Netanyahou depuis la droite. Avec \u00ab Yisrael Beytenu \u00bb, il se bat pour la s\u00e9curit\u00e9, la la\u00efcit\u00e9, le service militaire obligatoire et une r\u00e9duction du pouvoir des Haredim.","inLanguage":"fr-FR","isPartOf":{"@id":"https:\/\/fokusisrael.ch\/fr\/#website"},"breadcrumb":{"@id":"https:\/\/fokusisrael.ch\/fr\/actualites\/avigdor-lieberman-ancien-allie-et-ennemi-jure-de-longue-date-de-netanyahu\/#breadcrumblist"},"author":{"@id":"https:\/\/fokusisrael.ch\/fr\/author\/redaktion\/#author"},"creator":{"@id":"https:\/\/fokusisrael.ch\/fr\/author\/redaktion\/#author"},"image":{"@type":"ImageObject","url":"https:\/\/fokusisrael.ch\/wp-content\/uploads\/2026\/09\/Avigdor-Liberman.webp","@id":"https:\/\/fokusisrael.ch\/fr\/actualites\/avigdor-lieberman-ancien-allie-et-ennemi-jure-de-longue-date-de-netanyahu\/#mainImage","width":1024,"height":600,"caption":"Avigdor Liberman"},"primaryImageOfPage":{"@id":"https:\/\/fokusisrael.ch\/fr\/actualites\/avigdor-lieberman-ancien-allie-et-ennemi-jure-de-longue-date-de-netanyahu\/#mainImage"},"datePublished":"2026-09-03T17:20:48+02:00","dateModified":"2026-09-03T17:23:21+02:00"},{"@type":"WebSite","@id":"https:\/\/fokusisrael.ch\/fr\/#website","url":"https:\/\/fokusisrael.ch\/fr\/","name":"FokusIsrael","description":"FokusIsrael.ch est un collectif suisse engag\u00e9 \u00e0 titre b\u00e9n\u00e9vole et de mani\u00e8re ind\u00e9pendante.","inLanguage":"fr-FR","publisher":{"@id":"https:\/\/fokusisrael.ch\/fr\/#organization"}}]},"og:locale":"fr_FR","og:site_name":"FokusIsrael - FokusIsrael.ch est un collectif suisse engag\u00e9 \u00e0 titre b\u00e9n\u00e9vole et de mani\u00e8re ind\u00e9pendante.","og:type":"article","og:title":"Avigdor Lieberman : ancien alli\u00e9 et ennemi jur\u00e9 de longue date de Netanyahu - FokusIsrael","og:description":"Avigdor Lieberman d\u00e9fie Netanyahou depuis la droite. Avec \u00ab Yisrael Beytenu \u00bb, il se bat pour la s\u00e9curit\u00e9, la la\u00efcit\u00e9, le service militaire obligatoire et une r\u00e9duction du pouvoir des Haredim.","og:url":"https:\/\/fokusisrael.ch\/fr\/actualites\/avigdor-lieberman-ancien-allie-et-ennemi-jure-de-longue-date-de-netanyahu\/","og:image":"https:\/\/fokusisrael.ch\/wp-content\/uploads\/2026\/09\/Avigdor-Liberman.webp","og:image:secure_url":"https:\/\/fokusisrael.ch\/wp-content\/uploads\/2026\/09\/Avigdor-Liberman.webp","og:image:width":1024,"og:image:height":600,"article:published_time":"2026-09-03T15:20:48+00:00","article:modified_time":"2026-09-03T15:23:21+00:00","twitter:card":"summary_large_image","twitter:title":"Avigdor Lieberman : ancien alli\u00e9 et ennemi jur\u00e9 de longue date de Netanyahu - FokusIsrael","twitter:description":"Avigdor Lieberman d\u00e9fie Netanyahou depuis la droite. Avec \u00ab Yisrael Beytenu \u00bb, il se bat pour la s\u00e9curit\u00e9, la la\u00efcit\u00e9, le service militaire obligatoire et une r\u00e9duction du pouvoir des Haredim.","twitter:image":"https:\/\/fokusisrael.ch\/wp-content\/uploads\/2026\/09\/Avigdor-Liberman.webp"},"aioseo_meta_data":{"post_id":"11028","title":null,"description":"Avigdor Lieberman d\u00e9fie Netanyahou depuis la droite. Avec \u00ab Yisrael Beytenu \u00bb, il se bat pour la s\u00e9curit\u00e9, la la\u00efcit\u00e9, le service militaire obligatoire et une r\u00e9duction du pouvoir des Haredim.","keywords":null,"keyphrases":{"focus":{"keyphrase":"","score":0,"analysis":{"keyphraseInTitle":{"score":0,"maxScore":9,"error":1}}},"additional":[]},"primary_term":null,"canonical_url":null,"og_title":null,"og_description":null,"og_object_type":"default","og_image_type":"default","og_image_url":null,"og_image_width":null,"og_image_height":null,"og_image_custom_url":null,"og_image_custom_fields":null,"og_video":"","og_custom_url":null,"og_article_section":null,"og_article_tags":null,"twitter_use_og":false,"twitter_card":"default","twitter_image_type":"default","twitter_image_url":null,"twitter_image_custom_url":null,"twitter_image_custom_fields":null,"twitter_title":null,"twitter_description":null,"schema":{"blockGraphs":[],"customGraphs":[],"default":{"data":{"Article":[],"Course":[],"Dataset":[],"FAQPage":[],"Movie":[],"Person":[],"Product":[],"ProductReview":[],"Car":[],"Recipe":[],"Service":[],"SoftwareApplication":[],"WebPage":[]},"graphName":"BlogPosting","isEnabled":true},"graphs":[]},"schema_type":"default","schema_type_options":null,"pillar_content":false,"robots_default":true,"robots_noindex":false,"robots_noarchive":false,"robots_nosnippet":false,"robots_nofollow":false,"robots_noimageindex":false,"robots_noodp":false,"robots_notranslate":false,"robots_max_snippet":"-1","robots_max_videopreview":"-1","robots_max_imagepreview":"large","priority":null,"frequency":"default","local_seo":null,"breadcrumb_settings":null,"limit_modified_date":false,"ai":{"faqs":[],"keyPoints":[],"schemas":[],"titles":[],"descriptions":[],"socialPosts":{"email":{"subject":"","preview":"","content":""},"linkedin":[],"twitter":[],"facebook":[],"instagram":[]}},"created":"2026-09-03 15:21:25","updated":"2026-09-03 15:23:53","seo_analyzer_scan_date":null,"focus_keyword":null,"additional_keywords":null,"truseo_locale":null},"aioseo_breadcrumb":"<div class=\"aioseo-breadcrumbs\"><span class=\"aioseo-breadcrumb\">\n\t\t\t<a href=\"https:\/\/fokusisrael.ch\/fr\/actualites\/\" title=\"Actualit\u00e9s\">Actualit\u00e9s<\/a>\n\t\t<\/span><span class=\"aioseo-breadcrumb-separator\">\u00bb<\/span><span class=\"aioseo-breadcrumb\">\n\t\t\tAvigdor Lieberman : ancien alli\u00e9 et ennemi jur\u00e9 de longue date de Netanyahu\n\t\t<\/span><\/div>","aioseo_breadcrumb_json":[{"label":"Actualit\u00e9s","link":"https:\/\/fokusisrael.ch\/fr\/actualites\/"},{"label":"Avigdor Lieberman : ancien alli\u00e9 et ennemi jur\u00e9 de longue date de Netanyahu","link":"https:\/\/fokusisrael.ch\/fr\/actualites\/avigdor-lieberman-ancien-allie-et-ennemi-jure-de-longue-date-de-netanyahu\/"}],"_links":{"self":[{"href":"https:\/\/fokusisrael.ch\/fr\/wp-json\/wp\/v2\/posts\/11028","targetHints":{"allow":["GET"]}}],"collection":[{"href":"https:\/\/fokusisrael.ch\/fr\/wp-json\/wp\/v2\/posts"}],"about":[{"href":"https:\/\/fokusisrael.ch\/fr\/wp-json\/wp\/v2\/types\/post"}],"author":[{"embeddable":true,"href":"https:\/\/fokusisrael.ch\/fr\/wp-json\/wp\/v2\/users\/2"}],"replies":[{"embeddable":true,"href":"https:\/\/fokusisrael.ch\/fr\/wp-json\/wp\/v2\/comments?post=11028"}],"version-history":[{"count":1,"href":"https:\/\/fokusisrael.ch\/fr\/wp-json\/wp\/v2\/posts\/11028\/revisions"}],"predecessor-version":[{"id":11030,"href":"https:\/\/fokusisrael.ch\/fr\/wp-json\/wp\/v2\/posts\/11028\/revisions\/11030"}],"wp:featuredmedia":[{"embeddable":true,"href":"https:\/\/fokusisrael.ch\/fr\/wp-json\/wp\/v2\/media\/11029"}],"wp:attachment":[{"href":"https:\/\/fokusisrael.ch\/fr\/wp-json\/wp\/v2\/media?parent=11028"}],"wp:term":[{"taxonomy":"category","embeddable":true,"href":"https:\/\/fokusisrael.ch\/fr\/wp-json\/wp\/v2\/categories?post=11028"},{"taxonomy":"post_tag","embeddable":true,"href":"https:\/\/fokusisrael.ch\/fr\/wp-json\/wp\/v2\/tags?post=11028"}],"curies":[{"name":"wp","href":"https:\/\/api.w.org\/{rel}","templated":true}]}}