{"id":10998,"date":"2026-09-03T16:56:45","date_gmt":"2026-09-03T14:56:45","guid":{"rendered":"https:\/\/fokusisrael.ch\/non-categorise\/pas-de-sionistes-a-sion-la-declaration-antisemite-des-jeunes-verts\/"},"modified":"2026-09-03T17:40:05","modified_gmt":"2026-09-03T15:40:05","slug":"pas-de-sionistes-a-sion-la-declaration-antisemite-des-jeunes-verts","status":"publish","type":"post","link":"https:\/\/fokusisrael.ch\/fr\/actualites\/pas-de-sionistes-a-sion-la-declaration-antisemite-des-jeunes-verts\/","title":{"rendered":"\u00ab Pas de sionistes \u00e0 Sion \u00bb : l\u2019antis\u00e9mitisme sous un logo vert"},"content":{"rendered":"\n<p class=\"wp-block-paragraph\"><strong>Les Jeunes Verts diffusent un slogan antis\u00e9mite appelant \u00e0 l&rsquo;exclusion.<\/strong><strong> <\/strong><strong>Leur boycott touche justement des footballeuses isra\u00e9liennes.<\/strong><strong> <\/strong><strong>Ce message contient des informations erron\u00e9es et doit avoir des cons\u00e9quences.<\/strong><\/p>\n\n<p class=\"wp-block-paragraph\">Par David Spuler<\/p>\n\n<p class=\"wp-block-paragraph\">Les Jeunes Verts suisses publient un appel sous le slogan \u00ab Pas de sionistes \u00e0 Sion ! \u00bb. \u00c0 cette occasion, ils appellent au boycott d&rsquo;Isra\u00ebl et s&rsquo;opposent au match international de football f\u00e9minin Suisse-Isra\u00ebl pr\u00e9vu le 13 octobre 2026.<\/p>\n\n<p class=\"wp-block-paragraph\">Ce message n&rsquo;est pas un d\u00e9rapage politique isol\u00e9 au sein d&rsquo;une campagne par ailleurs r\u00e9ussie. Il met en \u00e9vidence un probl\u00e8me fondamental : une organisation qui se revendique de l&rsquo;ouverture, de la libert\u00e9 et de la lutte contre l&rsquo;exclusion diffuse un slogan antis\u00e9mite pr\u00f4nant l&rsquo;exclusion et le pr\u00e9sente comme une prise de position morale.<\/p>\n\n<p class=\"wp-block-paragraph\">L\u2019antisionisme est de l\u2019antis\u00e9mitisme. Ceux qui veulent \u00e9loigner les sionistes de Sion ne critiquent pas le gouvernement isra\u00e9lien. Ils d\u00e9clarent certaines personnes ind\u00e9sirables parce qu\u2019elles reconnaissent le droit du peuple juif \u00e0 l\u2019autod\u00e9termination nationale.<\/p>\n\n<h2 class=\"wp-block-heading\"><strong>Le parti qui se proclame \u00ab contre l&rsquo;exclusion \u00bb pratique lui-m\u00eame l&rsquo;exclusion<\/strong><\/h2>\n\n<p class=\"wp-block-paragraph\">Dans leur programme politique, les Jeunes Verts d\u00e9clarent d\u00e9fendre \u00ab la coh\u00e9sion sociale, l\u2019ouverture, la paix et la justice sociale \u00bb. Ils souhaitent lutter contre \u00ab la discrimination, l\u2019exclusion et le racisme \u00bb. <a href=\"https:\/\/jungegruene.ch\/fileadmin\/canton-filemounts\/CH\/Dokumente\/Parteiprogramm\/Parteiprogramm_Junge_Gruene_Schweiz.pdf\">Programme politique des Jeunes Verts de Suisse<\/a><\/p>\n\n<p class=\"wp-block-paragraph\">\u00ab Pas de sionistes \u00e0 Sion \u00bb est tout le contraire de cela.<\/p>\n\n<p class=\"wp-block-paragraph\">Ce slogan ne fait r\u00e9f\u00e9rence \u00e0 aucune d\u00e9cision concr\u00e8te, \u00e0 aucune personne responsable ni \u00e0 aucune action v\u00e9rifiable. Il vise tout un groupe politique et identitaire. Les sionistes ne doivent pas \u00eatre les bienvenus. Leur conviction selon laquelle le peuple juif a lui aussi droit \u00e0 l\u2019autod\u00e9termination et \u00e0 son propre \u00c9tat doit faire d\u2019eux des exclus.<\/p>\n\n<p class=\"wp-block-paragraph\">Les Jeunes Verts contredisent ainsi leur propre programme politique en quatre mots. Leur pr\u00e9tendue ouverture d&rsquo;esprit s&rsquo;arr\u00eate au sionisme. Leur lutte contre l&rsquo;exclusion s&rsquo;arr\u00eate aux Juifs. Leur diversit\u00e9 tant vant\u00e9e ne s&rsquo;applique apparemment qu&rsquo;aux personnes qui s&rsquo;inscrivent dans leur propre vision id\u00e9ologique du monde.<\/p>\n\n<p class=\"wp-block-paragraph\">Ce n\u2019est pas une politique progressiste. C\u2019est de l\u2019antis\u00e9mitisme affubl\u00e9 d\u2019un logo vert.<\/p>\n\n<h2 class=\"wp-block-heading\"><strong>Le sionisme, ce n\u2019est pas Netanyahou<\/strong><\/h2>\n\n<p class=\"wp-block-paragraph\">Le terme \u00absioniste\u00bb n\u2019est pas synonyme de partisan du gouvernement isra\u00e9lien actuel. Les sionistes peuvent \u00eatre de gauche ou de droite, religieux ou la\u00efques, conservateurs ou socialistes. Ils peuvent soutenir le gouvernement isra\u00e9lien ou le combattre avec d\u00e9termination.<\/p>\n\n<p class=\"wp-block-paragraph\">Ce qui les unit, c\u2019est la conviction que le peuple juif a droit \u00e0 l\u2019autod\u00e9termination nationale et qu\u2019Isra\u00ebl a le droit d\u2019exister en tant qu\u2019\u00c9tat juif. Ceux qui scandent \u00ab Pas de sionistes \u00bb ne s\u2019opposent donc pas \u00e0 un gouvernement : ils s\u2019opposent au principe fondamental de l\u2019autod\u00e9termination juive.<\/p>\n\n<p class=\"wp-block-paragraph\">Les Jeunes Verts auraient pu critiquer le gouvernement Netanyahu. Ils auraient pu citer des ministres, des partis ou des d\u00e9cisions politiques sp\u00e9cifiques. Ils ne l\u2019ont pas fait. Ils ont d\u00e9lib\u00e9r\u00e9ment choisi une cible bien plus large : les sionistes. Ce choix de mots n\u2019est pas une impr\u00e9cision. Il est au c\u0153ur m\u00eame du message.<\/p>\n\n<h2 class=\"wp-block-heading\"><strong>Ce sont justement les footballeuses isra\u00e9liennes qui sont pr\u00e9sent\u00e9es comme l\u2019ennemi<\/strong><\/h2>\n\n<p class=\"wp-block-paragraph\">L&rsquo;\u00e9v\u00e9nement en question est le match retour du premier tour des barrages de la Coupe du monde de football f\u00e9minin 2027. L&rsquo;\u00e9quipe nationale suisse affrontera Isra\u00ebl le mardi 13 octobre 2026 \u00e0 19 h 30 au Stade de Tourbillon \u00e0 Sion. Ce match a \u00e9t\u00e9 d\u00e9termin\u00e9 par un tirage au sort r\u00e9gulier organis\u00e9 par l&rsquo;Union europ\u00e9enne de football (UEFA).<\/p>\n\n<p class=\"wp-block-paragraph\">Les joueuses isra\u00e9liennes sont des sportives. Elles ne constituent pas le gouvernement isra\u00e9lien. Elles n\u2019adoptent pas de lois et ne commandent pas d\u2019arm\u00e9e. Pourtant, selon la volont\u00e9 des Jeunes Verts, elles devraient \u00eatre exclues d\u2019une comp\u00e9tition sportive internationale.<\/p>\n\n<p class=\"wp-block-paragraph\">Cela r\u00e9v\u00e8le \u00e9galement la double morale du pr\u00e9tendu f\u00e9minisme de ce jeune parti. Tant que les femmes s\u2019inscrivent dans leur propre discours politique, on revendique leur visibilit\u00e9, leur participation et l\u2019\u00e9galit\u00e9 des droits. D\u00e8s lors que ces femmes sont isra\u00e9liennes et repr\u00e9sentent l\u2019\u00c9tat juif, elles ne doivent plus \u00eatre autoris\u00e9es \u00e0 participer.<\/p>\n\n<p class=\"wp-block-paragraph\">Les femmes isra\u00e9liennes ne sont pas consid\u00e9r\u00e9es comme des individus, mais comme des supports de projection. Leurs performances sportives n\u2019ont aucune importance. Leurs convictions personnelles n\u2019ont aucune importance. Il suffit que le mot \u00ab Isra\u00ebl \u00bb figure sur leur maillot. Il s\u2019agit l\u00e0 d\u2019une ostracisation collective, et non d\u2019une politique d\u2019\u00e9galit\u00e9.<\/p>\n\n<h2 class=\"wp-block-heading\"><strong>L\u2019ASF n\u2019est pas le Conseil f\u00e9d\u00e9ral<\/strong><\/h2>\n\n<p class=\"wp-block-paragraph\">Les Jeunes Verts affirment qu\u2019en organisant ce match, \u00ab la Suisse \u00bb se range du c\u00f4t\u00e9 d\u2019Isra\u00ebl.<\/p>\n\n<p class=\"wp-block-paragraph\">Il s&rsquo;agit l\u00e0 aussi d&rsquo;un amalgame d\u00e9lib\u00e9r\u00e9 entre diff\u00e9rents niveaux. L&rsquo;Association suisse de football (ASF) n&rsquo;est pas une autorit\u00e9 f\u00e9d\u00e9rale. Un match de l&rsquo;UEFA programm\u00e9 en temps normal ne constitue pas une d\u00e9claration de soutien en mati\u00e8re de politique \u00e9trang\u00e8re. La participation d&rsquo;une \u00e9quipe nationale \u00e0 une comp\u00e9tition sportive ne signifie pas que le pays h\u00f4te approuve l&rsquo;ensemble des d\u00e9cisions du gouvernement concern\u00e9.<\/p>\n\n<p class=\"wp-block-paragraph\">Selon la logique des Jeunes Verts, chaque match de football constituerait une prise de position diplomatique. Les sportives seraient tenues personnellement responsables de tous les actes de leur \u00c9tat. Cette logique n\u2019est pas seulement erron\u00e9e. Elle d\u00e9truit pr\u00e9cis\u00e9ment ces libert\u00e9s individuelles que les Jeunes Verts pr\u00e9tendent vouloir d\u00e9fendre.<\/p>\n\n<h2 class=\"wp-block-heading\"><strong>L<\/strong><strong>Les Jeunes Verts mentent<\/strong><strong><\/strong><\/h2>\n\n<p class=\"wp-block-paragraph\">Pour justifier leur appel au boycott, les Jeunes Verts affirment qu\u2019un g\u00e9nocide commis par Isra\u00ebl aurait \u00e9t\u00e9 reconnu par la Cour internationale de justice (CIJ). C\u2019est faux et mensonger. L&rsquo;ancien procureur g\u00e9n\u00e9ral de la CIJ, Karim Khan, a m\u00eame d\u00e9clar\u00e9 express\u00e9ment il y a quelques mois qu&rsquo;il n&rsquo;avait trouv\u00e9 aucune preuve, au cours de ses enqu\u00eates, d&rsquo;un g\u00e9nocide commis par Isra\u00ebl \u00e0 Gaza.<\/p>\n\n<p class=\"wp-block-paragraph\">La proc\u00e9dure est toujours en cours. Les Jeunes Verts transforment ainsi des mesures provisoires en un jugement pr\u00e9tendument d\u00e9finitif. Or, un tel jugement n&rsquo;existe pas encore. Une organisation politique telle que les Jeunes Verts, qui porte des accusations aussi graves, devrait conna\u00eetre la diff\u00e9rence.<\/p>\n\n<h2 class=\"wp-block-heading\"><strong>Ce <\/strong><strong>appel antis\u00e9mite <\/strong><strong>appel <\/strong><strong>doit avoir des cons\u00e9quences<\/strong><\/h2>\n\n<p class=\"wp-block-paragraph\">Les Jeunes Verts doivent retirer leur publication et pr\u00e9senter des excuses publiques. Pas la supprimer en silence, ni la reformuler a posteriori, ni la relativiser par une nouvelle d\u00e9claration. Ils doivent reconna\u00eetre que \u00ab Pas de sionistes \u00bb est un slogan d\u2019exclusion antis\u00e9mite.<\/p>\n\n<p class=\"wp-block-paragraph\">Les Verts suisses, en tant que parti m\u00e8re, doivent \u00e9galement s&rsquo;expliquer. Ceux qui, face \u00e0 toute autre forme d&rsquo;exclusion collective, exigent haut et fort que l&rsquo;on prenne position ne peuvent rester silencieux face \u00e0 l&rsquo;antis\u00e9mitisme dont fait preuve leur propre section jeunesse.<\/p>\n\n<p class=\"wp-block-paragraph\">Un examen juridique s\u2019impose \u00e9galement. Les autorit\u00e9s comp\u00e9tentes doivent d\u00e9terminer si un appel public visant \u00e0 exclure d\u2019une ville suisse ou d\u2019un \u00e9v\u00e9nement sportif un groupe de personnes li\u00e9 \u00e0 l\u2019autod\u00e9termination juive outrepasse les limites l\u00e9gales, en particulier la disposition p\u00e9nale antiraciste pr\u00e9vue \u00e0 l\u2019article<sup>261bis<\/sup> du Code p\u00e9nal suisse. La libert\u00e9 d\u2019expression prot\u00e8ge les critiques virulentes. Elle ne constitue toutefois pas un blanc-seing pour la discrimination et l\u2019exclusion publique.<\/p>\n\n<p class=\"wp-block-paragraph\">Si la l\u00e9gislation en vigueur ne couvre pas suffisamment ces formulations de substitution, cette lacune doit \u00e9galement faire l\u2019objet d\u2019un d\u00e9bat politique. L\u2019antis\u00e9mitisme ne doit pas rester sans cons\u00e9quence du simple fait que le mot \u00ab sionistes \u00bb est utilis\u00e9 \u00e0 la place de \u00ab Juifs \u00bb.<\/p>\n\n<h2 class=\"wp-block-heading\"><strong>La r\u00e9ponse se trouve dans le stade<\/strong><\/h2>\n\n<p class=\"wp-block-paragraph\">La vente publique des billets d\u00e9butera le lundi 14 septembre 2026 \u00e0 14 heures. Toute personne dot\u00e9e d\u2019un minimum de d\u00e9cence devrait se procurer un billet. Le 13 octobre, le Stade de Tourbillon devrait \u00eatre rempli de personnes venant contester pacifiquement et sans ambigu\u00eft\u00e9 le slogan d\u2019exclusion antis\u00e9mite des Jeunes Verts. Avec des drapeaux suisses. Avec des drapeaux isra\u00e9liens. En faisant preuve de respect envers les deux \u00e9quipes. Sans violence et sans intimidation.<\/p>\n\n<p class=\"wp-block-paragraph\">Car le message doit \u00eatre clair et bien visible : les sportives isra\u00e9liennes sont les bienvenues en Suisse. L&rsquo;autod\u00e9termination juive ne constitue pas un motif d&rsquo;exclusion. L&rsquo;antis\u00e9mitisme reste de l&rsquo;antis\u00e9mitisme, m\u00eame s&rsquo;il \u00e9mane d&rsquo;un parti qui se consid\u00e8re comme particuli\u00e8rement tol\u00e9rant.<\/p>\n\n<hr class=\"wp-block-separator has-alpha-channel-opacity\"\/>\n\n<p class=\"wp-block-paragraph\">David Spuler est analyste politique sp\u00e9cialis\u00e9 dans la politique suisse, Isra\u00ebl et le Proche-Orient. Il poss\u00e8de une formation universitaire en sciences politiques, philosophie et \u00e9conomie (PPE) et approfondit actuellement ses \u00e9tudes en sciences politiques \u00e0 Zurich.<\/p>\n\n<p class=\"wp-block-paragraph\"><\/p>\n","protected":false},"excerpt":{"rendered":"<p>Les Jeunes Verts diffusent un slogan antis\u00e9mite appelant \u00e0 l&rsquo;exclusion. Leur boycott touche justement des footballeuses isra\u00e9liennes. Ce message contient des informations erron\u00e9es et doit avoir des cons\u00e9quences. Par David Spuler Les Jeunes Verts suisses publient un appel sous le slogan \u00ab Pas de sionistes \u00e0 Sion ! \u00bb. \u00c0 cette occasion, ils appellent au [&hellip;]<\/p>\n","protected":false},"author":2,"featured_media":10999,"comment_status":"closed","ping_status":"closed","sticky":false,"template":"","format":"standard","meta":{"_hide_socialbar":"","footnotes":""},"categories":[428],"tags":[1407,395,1429,3908,235,364,2348,5948,5223,4962,5945,1765,5947,7,8,5943,4335,5942,2146,3199,5925,380,5931,5946],"class_list":["post-10998","post","type-post","status-publish","format-standard","has-post-thumbnail","hentry","category-actualites","tag-accusation-de-genocide","tag-antisemitisme","tag-antisionisme","tag-article-261bis","tag-bds","tag-benjamin-netanyahu","tag-boycott-disrael","tag-coupe-du-monde-feminine-2027","tag-cour-internationale-de-justice","tag-david-spuler","tag-federation-suisse-de-football","tag-focusisrael","tag-football-feminin","tag-gaza","tag-israel","tag-jeunes-verts","tag-lautodetermination-juive","tag-les-verts-suisses","tag-norme-penale-contre-le-racisme","tag-politique-suisse","tag-sion","tag-sionisme","tag-stade-de-tourbillon","tag-suisse-israel"],"aioseo_notices":[],"aioseo_head":"\n\t\t<!-- All in One SEO 5.0.1.1 - aioseo.com -->\n\t<meta name=\"description\" content=\"Les Jeunes Verts r\u00e9clament \u00ab Pas de sionistes \u00e0 Sion \u00bb et le boycott des footballeuses isra\u00e9liennes. Cet appel soul\u00e8ve des questions concernant l&#039;antis\u00e9mitisme et l&#039;exclusion.\" \/>\n\t<meta name=\"robots\" content=\"max-image-preview:large\" \/>\n\t<meta name=\"author\" content=\"Redaktion\"\/>\n\t<link rel=\"canonical\" href=\"https:\/\/fokusisrael.ch\/fr\/actualites\/pas-de-sionistes-a-sion-la-declaration-antisemite-des-jeunes-verts\/\" \/>\n\t<meta name=\"generator\" content=\"All in One SEO (AIOSEO) 5.0.1.1\" \/>\n\t\t<meta property=\"og:locale\" content=\"fr_FR\" \/>\n\t\t<meta property=\"og:site_name\" content=\"FokusIsrael - FokusIsrael.ch est un collectif suisse engag\u00e9 \u00e0 titre b\u00e9n\u00e9vole et de mani\u00e8re ind\u00e9pendante.\" \/>\n\t\t<meta property=\"og:type\" content=\"article\" \/>\n\t\t<meta property=\"og:title\" content=\"\u00ab Pas de sionistes \u00e0 Sion \u00bb : l\u2019antis\u00e9mitisme sous un logo vert - FokusIsrael\" \/>\n\t\t<meta property=\"og:description\" content=\"Les Jeunes Verts r\u00e9clament \u00ab Pas de sionistes \u00e0 Sion \u00bb et le boycott des footballeuses isra\u00e9liennes. Cet appel soul\u00e8ve des questions concernant l&#039;antis\u00e9mitisme et l&#039;exclusion.\" \/>\n\t\t<meta property=\"og:url\" content=\"https:\/\/fokusisrael.ch\/fr\/actualites\/pas-de-sionistes-a-sion-la-declaration-antisemite-des-jeunes-verts\/\" \/>\n\t\t<meta property=\"og:image\" content=\"https:\/\/fokusisrael.ch\/wp-content\/uploads\/2026\/09\/Zionisten-in-Sion.webp\" \/>\n\t\t<meta property=\"og:image:secure_url\" content=\"https:\/\/fokusisrael.ch\/wp-content\/uploads\/2026\/09\/Zionisten-in-Sion.webp\" \/>\n\t\t<meta property=\"og:image:width\" content=\"1024\" \/>\n\t\t<meta property=\"og:image:height\" content=\"600\" \/>\n\t\t<meta property=\"article:published_time\" content=\"2026-09-03T14:56:45+00:00\" \/>\n\t\t<meta property=\"article:modified_time\" content=\"2026-09-03T15:40:05+00:00\" \/>\n\t\t<meta name=\"twitter:card\" content=\"summary_large_image\" \/>\n\t\t<meta name=\"twitter:title\" content=\"\u00ab Pas de sionistes \u00e0 Sion \u00bb : l\u2019antis\u00e9mitisme sous un logo vert - FokusIsrael\" \/>\n\t\t<meta name=\"twitter:description\" content=\"Les Jeunes Verts r\u00e9clament \u00ab Pas de sionistes \u00e0 Sion \u00bb et le boycott des footballeuses isra\u00e9liennes. Cet appel soul\u00e8ve des questions concernant l&#039;antis\u00e9mitisme et l&#039;exclusion.\" \/>\n\t\t<meta name=\"twitter:image\" content=\"https:\/\/fokusisrael.ch\/wp-content\/uploads\/2026\/09\/Zionisten-in-Sion.webp\" \/>\n\t\t<script type=\"application\/ld+json\" class=\"aioseo-schema\">\n\t\t\t{\"@context\":\"https:\\\/\\\/schema.org\",\"@graph\":[{\"@type\":\"BlogPosting\",\"@id\":\"https:\\\/\\\/fokusisrael.ch\\\/fr\\\/actualites\\\/pas-de-sionistes-a-sion-la-declaration-antisemite-des-jeunes-verts\\\/#blogposting\",\"name\":\"\\u00ab Pas de sionistes \\u00e0 Sion \\u00bb : l\\u2019antis\\u00e9mitisme sous un logo vert - FokusIsrael\",\"headline\":\"\\u00ab Pas de sionistes \\u00e0 Sion \\u00bb : l\\u2019antis\\u00e9mitisme sous un logo vert\",\"author\":{\"@id\":\"https:\\\/\\\/fokusisrael.ch\\\/fr\\\/author\\\/redaktion\\\/#author\"},\"publisher\":{\"@id\":\"https:\\\/\\\/fokusisrael.ch\\\/fr\\\/#organization\"},\"image\":{\"@type\":\"ImageObject\",\"url\":\"https:\\\/\\\/fokusisrael.ch\\\/wp-content\\\/uploads\\\/2026\\\/09\\\/Zionisten-in-Sion.webp\",\"width\":1024,\"height\":600,\"caption\":\"Message des Jeunes Verts suisses\"},\"datePublished\":\"2026-09-03T16:56:45+02:00\",\"dateModified\":\"2026-09-03T17:40:05+02:00\",\"inLanguage\":\"fr-FR\",\"mainEntityOfPage\":{\"@id\":\"https:\\\/\\\/fokusisrael.ch\\\/fr\\\/actualites\\\/pas-de-sionistes-a-sion-la-declaration-antisemite-des-jeunes-verts\\\/#webpage\"},\"isPartOf\":{\"@id\":\"https:\\\/\\\/fokusisrael.ch\\\/fr\\\/actualites\\\/pas-de-sionistes-a-sion-la-declaration-antisemite-des-jeunes-verts\\\/#webpage\"},\"articleSection\":\"Actualit\\u00e9s, Accusation de g\\u00e9nocide, Antis\\u00e9mitisme, Antisionisme, Article 261bis, BDS, Benjamin Netanyahu, Boycott d'Isra\\u00ebl, Coupe du monde f\\u00e9minine 2027, Cour internationale de justice, David Spuler, F\\u00e9d\\u00e9ration suisse de football, FocusIsra\\u00ebl, Football f\\u00e9minin, Gaza, Israel, Jeunes Verts, l'autod\\u00e9termination juive, Les Verts suisses, Norme p\\u00e9nale contre le racisme, Politique suisse, Sion, Sionisme, Stade de Tourbillon, Suisse Isra\\u00ebl, Facultatif\"},{\"@type\":\"BreadcrumbList\",\"@id\":\"https:\\\/\\\/fokusisrael.ch\\\/fr\\\/actualites\\\/pas-de-sionistes-a-sion-la-declaration-antisemite-des-jeunes-verts\\\/#breadcrumblist\",\"itemListElement\":[{\"@type\":\"ListItem\",\"@id\":\"https:\\\/\\\/fokusisrael.ch\\\/fr\\\/actualites\\\/#listItem\",\"position\":1,\"name\":\"Actualit\\u00e9s\",\"item\":\"https:\\\/\\\/fokusisrael.ch\\\/fr\\\/actualites\\\/\",\"nextItem\":{\"@type\":\"ListItem\",\"@id\":\"https:\\\/\\\/fokusisrael.ch\\\/fr\\\/actualites\\\/pas-de-sionistes-a-sion-la-declaration-antisemite-des-jeunes-verts\\\/#listItem\",\"name\":\"\\u00ab Pas de sionistes \\u00e0 Sion \\u00bb : l\\u2019antis\\u00e9mitisme sous un logo vert\"}},{\"@type\":\"ListItem\",\"@id\":\"https:\\\/\\\/fokusisrael.ch\\\/fr\\\/actualites\\\/pas-de-sionistes-a-sion-la-declaration-antisemite-des-jeunes-verts\\\/#listItem\",\"position\":2,\"name\":\"\\u00ab Pas de sionistes \\u00e0 Sion \\u00bb : l\\u2019antis\\u00e9mitisme sous un logo vert\",\"previousItem\":{\"@type\":\"ListItem\",\"@id\":\"https:\\\/\\\/fokusisrael.ch\\\/fr\\\/actualites\\\/#listItem\",\"name\":\"Actualit\\u00e9s\"}}]},{\"@type\":\"Organization\",\"@id\":\"https:\\\/\\\/fokusisrael.ch\\\/fr\\\/#organization\",\"name\":\"FokusIsrael\",\"description\":\"FokusIsrael.ch est un collectif suisse engag\\u00e9 \\u00e0 titre b\\u00e9n\\u00e9vole et de mani\\u00e8re ind\\u00e9pendante.\",\"url\":\"https:\\\/\\\/fokusisrael.ch\\\/fr\\\/\",\"logo\":{\"@type\":\"ImageObject\",\"url\":\"http:\\\/\\\/fi.localhost\\\/wp-content\\\/uploads\\\/2025\\\/03\\\/fokusisrael_300.jpg\",\"@id\":\"https:\\\/\\\/fokusisrael.ch\\\/fr\\\/actualites\\\/pas-de-sionistes-a-sion-la-declaration-antisemite-des-jeunes-verts\\\/#organizationLogo\"},\"image\":{\"@id\":\"https:\\\/\\\/fokusisrael.ch\\\/fr\\\/actualites\\\/pas-de-sionistes-a-sion-la-declaration-antisemite-des-jeunes-verts\\\/#organizationLogo\"}},{\"@type\":\"Person\",\"@id\":\"https:\\\/\\\/fokusisrael.ch\\\/fr\\\/author\\\/redaktion\\\/#author\",\"url\":\"https:\\\/\\\/fokusisrael.ch\\\/fr\\\/author\\\/redaktion\\\/\",\"name\":\"Redaktion\"},{\"@type\":\"WebPage\",\"@id\":\"https:\\\/\\\/fokusisrael.ch\\\/fr\\\/actualites\\\/pas-de-sionistes-a-sion-la-declaration-antisemite-des-jeunes-verts\\\/#webpage\",\"url\":\"https:\\\/\\\/fokusisrael.ch\\\/fr\\\/actualites\\\/pas-de-sionistes-a-sion-la-declaration-antisemite-des-jeunes-verts\\\/\",\"name\":\"\\u00ab Pas de sionistes \\u00e0 Sion \\u00bb : l\\u2019antis\\u00e9mitisme sous un logo vert - FokusIsrael\",\"description\":\"Les Jeunes Verts r\\u00e9clament \\u00ab Pas de sionistes \\u00e0 Sion \\u00bb et le boycott des footballeuses isra\\u00e9liennes. Cet appel soul\\u00e8ve des questions concernant l'antis\\u00e9mitisme et l'exclusion.\",\"inLanguage\":\"fr-FR\",\"isPartOf\":{\"@id\":\"https:\\\/\\\/fokusisrael.ch\\\/fr\\\/#website\"},\"breadcrumb\":{\"@id\":\"https:\\\/\\\/fokusisrael.ch\\\/fr\\\/actualites\\\/pas-de-sionistes-a-sion-la-declaration-antisemite-des-jeunes-verts\\\/#breadcrumblist\"},\"author\":{\"@id\":\"https:\\\/\\\/fokusisrael.ch\\\/fr\\\/author\\\/redaktion\\\/#author\"},\"creator\":{\"@id\":\"https:\\\/\\\/fokusisrael.ch\\\/fr\\\/author\\\/redaktion\\\/#author\"},\"image\":{\"@type\":\"ImageObject\",\"url\":\"https:\\\/\\\/fokusisrael.ch\\\/wp-content\\\/uploads\\\/2026\\\/09\\\/Zionisten-in-Sion.webp\",\"@id\":\"https:\\\/\\\/fokusisrael.ch\\\/fr\\\/actualites\\\/pas-de-sionistes-a-sion-la-declaration-antisemite-des-jeunes-verts\\\/#mainImage\",\"width\":1024,\"height\":600,\"caption\":\"Message des Jeunes Verts suisses\"},\"primaryImageOfPage\":{\"@id\":\"https:\\\/\\\/fokusisrael.ch\\\/fr\\\/actualites\\\/pas-de-sionistes-a-sion-la-declaration-antisemite-des-jeunes-verts\\\/#mainImage\"},\"datePublished\":\"2026-09-03T16:56:45+02:00\",\"dateModified\":\"2026-09-03T17:40:05+02:00\"},{\"@type\":\"WebSite\",\"@id\":\"https:\\\/\\\/fokusisrael.ch\\\/fr\\\/#website\",\"url\":\"https:\\\/\\\/fokusisrael.ch\\\/fr\\\/\",\"name\":\"FokusIsrael\",\"description\":\"FokusIsrael.ch est un collectif suisse engag\\u00e9 \\u00e0 titre b\\u00e9n\\u00e9vole et de mani\\u00e8re ind\\u00e9pendante.\",\"inLanguage\":\"fr-FR\",\"publisher\":{\"@id\":\"https:\\\/\\\/fokusisrael.ch\\\/fr\\\/#organization\"}}]}\n\t\t<\/script>\n\t\t<!-- All in One SEO -->\n\n","aioseo_head_json":{"title":"\u00ab Pas de sionistes \u00e0 Sion \u00bb : l\u2019antis\u00e9mitisme sous un logo vert - FokusIsrael","description":"Les Jeunes Verts r\u00e9clament \u00ab Pas de sionistes \u00e0 Sion \u00bb et le boycott des footballeuses isra\u00e9liennes. Cet appel soul\u00e8ve des questions concernant l'antis\u00e9mitisme et l'exclusion.","canonical_url":"https:\/\/fokusisrael.ch\/fr\/actualites\/pas-de-sionistes-a-sion-la-declaration-antisemite-des-jeunes-verts\/","robots":"max-image-preview:large","keywords":"","webmasterTools":{"miscellaneous":""},"schema":{"@context":"https:\/\/schema.org","@graph":[{"@type":"BlogPosting","@id":"https:\/\/fokusisrael.ch\/fr\/actualites\/pas-de-sionistes-a-sion-la-declaration-antisemite-des-jeunes-verts\/#blogposting","name":"\u00ab Pas de sionistes \u00e0 Sion \u00bb : l\u2019antis\u00e9mitisme sous un logo vert - FokusIsrael","headline":"\u00ab Pas de sionistes \u00e0 Sion \u00bb : l\u2019antis\u00e9mitisme sous un logo vert","author":{"@id":"https:\/\/fokusisrael.ch\/fr\/author\/redaktion\/#author"},"publisher":{"@id":"https:\/\/fokusisrael.ch\/fr\/#organization"},"image":{"@type":"ImageObject","url":"https:\/\/fokusisrael.ch\/wp-content\/uploads\/2026\/09\/Zionisten-in-Sion.webp","width":1024,"height":600,"caption":"Message des Jeunes Verts suisses"},"datePublished":"2026-09-03T16:56:45+02:00","dateModified":"2026-09-03T17:40:05+02:00","inLanguage":"fr-FR","mainEntityOfPage":{"@id":"https:\/\/fokusisrael.ch\/fr\/actualites\/pas-de-sionistes-a-sion-la-declaration-antisemite-des-jeunes-verts\/#webpage"},"isPartOf":{"@id":"https:\/\/fokusisrael.ch\/fr\/actualites\/pas-de-sionistes-a-sion-la-declaration-antisemite-des-jeunes-verts\/#webpage"},"articleSection":"Actualit\u00e9s, Accusation de g\u00e9nocide, Antis\u00e9mitisme, Antisionisme, Article 261bis, BDS, Benjamin Netanyahu, Boycott d'Isra\u00ebl, Coupe du monde f\u00e9minine 2027, Cour internationale de justice, David Spuler, F\u00e9d\u00e9ration suisse de football, FocusIsra\u00ebl, Football f\u00e9minin, Gaza, Israel, Jeunes Verts, l'autod\u00e9termination juive, Les Verts suisses, Norme p\u00e9nale contre le racisme, Politique suisse, Sion, Sionisme, Stade de Tourbillon, Suisse Isra\u00ebl, Facultatif"},{"@type":"BreadcrumbList","@id":"https:\/\/fokusisrael.ch\/fr\/actualites\/pas-de-sionistes-a-sion-la-declaration-antisemite-des-jeunes-verts\/#breadcrumblist","itemListElement":[{"@type":"ListItem","@id":"https:\/\/fokusisrael.ch\/fr\/actualites\/#listItem","position":1,"name":"Actualit\u00e9s","item":"https:\/\/fokusisrael.ch\/fr\/actualites\/","nextItem":{"@type":"ListItem","@id":"https:\/\/fokusisrael.ch\/fr\/actualites\/pas-de-sionistes-a-sion-la-declaration-antisemite-des-jeunes-verts\/#listItem","name":"\u00ab Pas de sionistes \u00e0 Sion \u00bb : l\u2019antis\u00e9mitisme sous un logo vert"}},{"@type":"ListItem","@id":"https:\/\/fokusisrael.ch\/fr\/actualites\/pas-de-sionistes-a-sion-la-declaration-antisemite-des-jeunes-verts\/#listItem","position":2,"name":"\u00ab Pas de sionistes \u00e0 Sion \u00bb : l\u2019antis\u00e9mitisme sous un logo vert","previousItem":{"@type":"ListItem","@id":"https:\/\/fokusisrael.ch\/fr\/actualites\/#listItem","name":"Actualit\u00e9s"}}]},{"@type":"Organization","@id":"https:\/\/fokusisrael.ch\/fr\/#organization","name":"FokusIsrael","description":"FokusIsrael.ch est un collectif suisse engag\u00e9 \u00e0 titre b\u00e9n\u00e9vole et de mani\u00e8re ind\u00e9pendante.","url":"https:\/\/fokusisrael.ch\/fr\/","logo":{"@type":"ImageObject","url":"http:\/\/fi.localhost\/wp-content\/uploads\/2025\/03\/fokusisrael_300.jpg","@id":"https:\/\/fokusisrael.ch\/fr\/actualites\/pas-de-sionistes-a-sion-la-declaration-antisemite-des-jeunes-verts\/#organizationLogo"},"image":{"@id":"https:\/\/fokusisrael.ch\/fr\/actualites\/pas-de-sionistes-a-sion-la-declaration-antisemite-des-jeunes-verts\/#organizationLogo"}},{"@type":"Person","@id":"https:\/\/fokusisrael.ch\/fr\/author\/redaktion\/#author","url":"https:\/\/fokusisrael.ch\/fr\/author\/redaktion\/","name":"Redaktion"},{"@type":"WebPage","@id":"https:\/\/fokusisrael.ch\/fr\/actualites\/pas-de-sionistes-a-sion-la-declaration-antisemite-des-jeunes-verts\/#webpage","url":"https:\/\/fokusisrael.ch\/fr\/actualites\/pas-de-sionistes-a-sion-la-declaration-antisemite-des-jeunes-verts\/","name":"\u00ab Pas de sionistes \u00e0 Sion \u00bb : l\u2019antis\u00e9mitisme sous un logo vert - FokusIsrael","description":"Les Jeunes Verts r\u00e9clament \u00ab Pas de sionistes \u00e0 Sion \u00bb et le boycott des footballeuses isra\u00e9liennes. Cet appel soul\u00e8ve des questions concernant l'antis\u00e9mitisme et l'exclusion.","inLanguage":"fr-FR","isPartOf":{"@id":"https:\/\/fokusisrael.ch\/fr\/#website"},"breadcrumb":{"@id":"https:\/\/fokusisrael.ch\/fr\/actualites\/pas-de-sionistes-a-sion-la-declaration-antisemite-des-jeunes-verts\/#breadcrumblist"},"author":{"@id":"https:\/\/fokusisrael.ch\/fr\/author\/redaktion\/#author"},"creator":{"@id":"https:\/\/fokusisrael.ch\/fr\/author\/redaktion\/#author"},"image":{"@type":"ImageObject","url":"https:\/\/fokusisrael.ch\/wp-content\/uploads\/2026\/09\/Zionisten-in-Sion.webp","@id":"https:\/\/fokusisrael.ch\/fr\/actualites\/pas-de-sionistes-a-sion-la-declaration-antisemite-des-jeunes-verts\/#mainImage","width":1024,"height":600,"caption":"Message des Jeunes Verts suisses"},"primaryImageOfPage":{"@id":"https:\/\/fokusisrael.ch\/fr\/actualites\/pas-de-sionistes-a-sion-la-declaration-antisemite-des-jeunes-verts\/#mainImage"},"datePublished":"2026-09-03T16:56:45+02:00","dateModified":"2026-09-03T17:40:05+02:00"},{"@type":"WebSite","@id":"https:\/\/fokusisrael.ch\/fr\/#website","url":"https:\/\/fokusisrael.ch\/fr\/","name":"FokusIsrael","description":"FokusIsrael.ch est un collectif suisse engag\u00e9 \u00e0 titre b\u00e9n\u00e9vole et de mani\u00e8re ind\u00e9pendante.","inLanguage":"fr-FR","publisher":{"@id":"https:\/\/fokusisrael.ch\/fr\/#organization"}}]},"og:locale":"fr_FR","og:site_name":"FokusIsrael - FokusIsrael.ch est un collectif suisse engag\u00e9 \u00e0 titre b\u00e9n\u00e9vole et de mani\u00e8re ind\u00e9pendante.","og:type":"article","og:title":"\u00ab Pas de sionistes \u00e0 Sion \u00bb : l\u2019antis\u00e9mitisme sous un logo vert - FokusIsrael","og:description":"Les Jeunes Verts r\u00e9clament \u00ab Pas de sionistes \u00e0 Sion \u00bb et le boycott des footballeuses isra\u00e9liennes. Cet appel soul\u00e8ve des questions concernant l'antis\u00e9mitisme et l'exclusion.","og:url":"https:\/\/fokusisrael.ch\/fr\/actualites\/pas-de-sionistes-a-sion-la-declaration-antisemite-des-jeunes-verts\/","og:image":"https:\/\/fokusisrael.ch\/wp-content\/uploads\/2026\/09\/Zionisten-in-Sion.webp","og:image:secure_url":"https:\/\/fokusisrael.ch\/wp-content\/uploads\/2026\/09\/Zionisten-in-Sion.webp","og:image:width":1024,"og:image:height":600,"article:published_time":"2026-09-03T14:56:45+00:00","article:modified_time":"2026-09-03T15:40:05+00:00","twitter:card":"summary_large_image","twitter:title":"\u00ab Pas de sionistes \u00e0 Sion \u00bb : l\u2019antis\u00e9mitisme sous un logo vert - FokusIsrael","twitter:description":"Les Jeunes Verts r\u00e9clament \u00ab Pas de sionistes \u00e0 Sion \u00bb et le boycott des footballeuses isra\u00e9liennes. Cet appel soul\u00e8ve des questions concernant l'antis\u00e9mitisme et l'exclusion.","twitter:image":"https:\/\/fokusisrael.ch\/wp-content\/uploads\/2026\/09\/Zionisten-in-Sion.webp"},"aioseo_meta_data":{"post_id":"10998","title":null,"description":"Les Jeunes Verts r\u00e9clament \u00ab Pas de sionistes \u00e0 Sion \u00bb et le boycott des footballeuses isra\u00e9liennes. Cet appel soul\u00e8ve des questions concernant l'antis\u00e9mitisme et l'exclusion.","keywords":null,"keyphrases":{"focus":{"keyphrase":"","score":0,"analysis":{"keyphraseInTitle":{"score":0,"maxScore":9,"error":1}}},"additional":[]},"primary_term":null,"canonical_url":null,"og_title":null,"og_description":null,"og_object_type":"default","og_image_type":"default","og_image_url":null,"og_image_width":null,"og_image_height":null,"og_image_custom_url":null,"og_image_custom_fields":null,"og_video":"","og_custom_url":null,"og_article_section":null,"og_article_tags":null,"twitter_use_og":false,"twitter_card":"default","twitter_image_type":"default","twitter_image_url":null,"twitter_image_custom_url":null,"twitter_image_custom_fields":null,"twitter_title":null,"twitter_description":null,"schema":{"blockGraphs":[],"customGraphs":[],"default":{"data":{"Article":[],"Course":[],"Dataset":[],"FAQPage":[],"Movie":[],"Person":[],"Product":[],"ProductReview":[],"Car":[],"Recipe":[],"Service":[],"SoftwareApplication":[],"WebPage":[]},"graphName":"BlogPosting","isEnabled":true},"graphs":[]},"schema_type":"default","schema_type_options":null,"pillar_content":false,"robots_default":true,"robots_noindex":false,"robots_noarchive":false,"robots_nosnippet":false,"robots_nofollow":false,"robots_noimageindex":false,"robots_noodp":false,"robots_notranslate":false,"robots_max_snippet":"-1","robots_max_videopreview":"-1","robots_max_imagepreview":"large","priority":null,"frequency":"default","local_seo":null,"breadcrumb_settings":null,"limit_modified_date":false,"ai":{"faqs":[],"keyPoints":[],"schemas":[],"titles":[],"descriptions":[],"socialPosts":{"email":{"subject":"","preview":"","content":""},"linkedin":[],"twitter":[],"facebook":[],"instagram":[]}},"created":"2026-09-03 14:57:21","updated":"2026-09-03 15:41:06","seo_analyzer_scan_date":null,"focus_keyword":null,"additional_keywords":null,"truseo_locale":null},"aioseo_breadcrumb":"<div class=\"aioseo-breadcrumbs\"><span class=\"aioseo-breadcrumb\">\n\t\t\t<a href=\"https:\/\/fokusisrael.ch\/fr\/actualites\/\" title=\"Actualit\u00e9s\">Actualit\u00e9s<\/a>\n\t\t<\/span><span class=\"aioseo-breadcrumb-separator\">\u00bb<\/span><span class=\"aioseo-breadcrumb\">\n\t\t\t\u00ab Pas de sionistes \u00e0 Sion \u00bb : l\u2019antis\u00e9mitisme sous un logo vert\n\t\t<\/span><\/div>","aioseo_breadcrumb_json":[{"label":"Actualit\u00e9s","link":"https:\/\/fokusisrael.ch\/fr\/actualites\/"},{"label":"\u00ab Pas de sionistes \u00e0 Sion \u00bb : l\u2019antis\u00e9mitisme sous un logo vert","link":"https:\/\/fokusisrael.ch\/fr\/actualites\/pas-de-sionistes-a-sion-la-declaration-antisemite-des-jeunes-verts\/"}],"_links":{"self":[{"href":"https:\/\/fokusisrael.ch\/fr\/wp-json\/wp\/v2\/posts\/10998","targetHints":{"allow":["GET"]}}],"collection":[{"href":"https:\/\/fokusisrael.ch\/fr\/wp-json\/wp\/v2\/posts"}],"about":[{"href":"https:\/\/fokusisrael.ch\/fr\/wp-json\/wp\/v2\/types\/post"}],"author":[{"embeddable":true,"href":"https:\/\/fokusisrael.ch\/fr\/wp-json\/wp\/v2\/users\/2"}],"replies":[{"embeddable":true,"href":"https:\/\/fokusisrael.ch\/fr\/wp-json\/wp\/v2\/comments?post=10998"}],"version-history":[{"count":3,"href":"https:\/\/fokusisrael.ch\/fr\/wp-json\/wp\/v2\/posts\/10998\/revisions"}],"predecessor-version":[{"id":11050,"href":"https:\/\/fokusisrael.ch\/fr\/wp-json\/wp\/v2\/posts\/10998\/revisions\/11050"}],"wp:featuredmedia":[{"embeddable":true,"href":"https:\/\/fokusisrael.ch\/fr\/wp-json\/wp\/v2\/media\/10999"}],"wp:attachment":[{"href":"https:\/\/fokusisrael.ch\/fr\/wp-json\/wp\/v2\/media?parent=10998"}],"wp:term":[{"taxonomy":"category","embeddable":true,"href":"https:\/\/fokusisrael.ch\/fr\/wp-json\/wp\/v2\/categories?post=10998"},{"taxonomy":"post_tag","embeddable":true,"href":"https:\/\/fokusisrael.ch\/fr\/wp-json\/wp\/v2\/tags?post=10998"}],"curies":[{"name":"wp","href":"https:\/\/api.w.org\/{rel}","templated":true}]}}