{"id":10960,"date":"2026-09-03T16:21:30","date_gmt":"2026-09-03T14:21:30","guid":{"rendered":"https:\/\/fokusisrael.ch\/non-categorise\/une-guerre-dextermination-contre-israel-sans-israel-le-musee-national-reagit\/"},"modified":"2026-09-03T16:22:07","modified_gmt":"2026-09-03T14:22:07","slug":"une-guerre-dextermination-contre-israel-sans-israel-le-musee-national-reagit","status":"publish","type":"post","link":"https:\/\/fokusisrael.ch\/fr\/actualites\/une-guerre-dextermination-contre-israel-sans-israel-le-musee-national-reagit\/","title":{"rendered":"Une guerre d&rsquo;extermination contre Isra\u00ebl sans Isra\u00ebl \u2013 le Mus\u00e9e national r\u00e9agit"},"content":{"rendered":"\n<p class=\"wp-block-paragraph\"><strong>Le Mus\u00e9e national de Zurich pr\u00e9sente actuellement l&rsquo;exposition \u00ab Nous et la guerre \u00bb. Celle-ci aborde notamment les mouvements de r\u00e9fugi\u00e9s cons\u00e9cutifs \u00e0 des conflits arm\u00e9s. Dans le cadre de la premi\u00e8re guerre isra\u00e9lo-arabe <\/strong><strong>de 1948-1949<\/strong><strong>, au cours de laquelle cinq arm\u00e9es arabes ont tent\u00e9 d\u2019an\u00e9antir l\u2019\u00c9tat juif qui venait d\u2019\u00eatre fond\u00e9, le Mus\u00e9e national a remplac\u00e9 la mention \u00ab Isra\u00ebl \u00bb par \u00ab Palestine \u00bb. Et ce, bien qu\u2019un tel \u00c9tat n\u2019existe pas \u00e0 ce jour et que la guerre se soit d\u00e9roul\u00e9e sur le territoire isra\u00e9lien. Suite \u00e0 l\u2019intervention de FokusIsrael.ch, les responsables se sont d\u00e9clar\u00e9s pr\u00eats \u00e0 corriger cette mention.<\/strong><\/p>\n\n<p class=\"wp-block-paragraph\">Par Sacha Wigdorovits<\/p>\n\n<p class=\"wp-block-paragraph\">Dans le cadre de l&rsquo;exposition \u00ab Nous et la guerre \u00bb, le Mus\u00e9e national de Zurich pr\u00e9sente les mouvements de r\u00e9fugi\u00e9s suisses et internationaux survenus depuis le XVIe si\u00e8cle \u00e0 la suite de conflits arm\u00e9s. Outre la Premi\u00e8re Guerre mondiale (1914-1918) et la Seconde Guerre mondiale (1939-1945),<strong> <\/strong>l\u2019exposition aborde notamment le soul\u00e8vement hongrois (1956), le soul\u00e8vement tib\u00e9tain (1959-1965) et le Printemps de Prague (1968). Ces \u00e9v\u00e9nements sont pr\u00e9sent\u00e9s sur une grande frise chronologique.<\/p>\n\n<p class=\"wp-block-paragraph\">Entre la Seconde Guerre mondiale et le soul\u00e8vement hongrois, on y trouve \u00e9galement mention de la premi\u00e8re guerre arabo-isra\u00e9lienne. Elle a d\u00e9but\u00e9 en 1948, imm\u00e9diatement apr\u00e8s la proclamation de l&rsquo;\u00c9tat juif, lorsque les arm\u00e9es de l&rsquo;\u00c9gypte, de la Jordanie, de la Syrie, du Liban et de l&rsquo;Irak ont envahi Isra\u00ebl dans le but d&rsquo;an\u00e9antir le nouvel \u00c9tat. La guerre s&rsquo;est termin\u00e9e en 1949 par la signature <strong>d&rsquo;accords de cessez-le-feu<\/strong>.<\/p>\n\n<p class=\"wp-block-paragraph\">Sur le tableau synoptique du Mus\u00e9e national, qui pr\u00e9sente tous les \u00e9v\u00e9nements guerriers importants depuis l\u2019an 1500, cette entr\u00e9e figure comme suit :<\/p>\n\n<p class=\"wp-block-paragraph\"><strong>1948\u2013<\/strong><\/p>\n\n<p class=\"wp-block-paragraph\"><strong>Palestine et Gaza <\/strong><\/p>\n\n<p class=\"wp-block-paragraph\"><strong>Conflit au Proche-Orient <\/strong><\/p>\n\n<p class=\"wp-block-paragraph\"><strong>Violence de guerre <\/strong><\/p>\n\n<p class=\"wp-block-paragraph\">Cette affirmation est erron\u00e9e \u00e0 plusieurs \u00e9gards. Il est certes vrai qu\u2019\u00e0 la suite de la guerre contre Isra\u00ebl en 1948 et 1949, environ 700 000 Arabes ont fui \u2013 en partie parce qu\u2019ils avaient \u00e9t\u00e9 invit\u00e9s \u00e0 fuir par leurs dirigeants, tels que le Grand Mufti de J\u00e9rusalem, Mohammed Amin al-Husseini, d\u2019autre part parce qu\u2019ils ont \u00e9t\u00e9 chass\u00e9s par les forces arm\u00e9es isra\u00e9liennes, mais :<\/p>\n\n<ul class=\"wp-block-list\">\n<li>Cet exode ne se poursuit pas jusqu\u2019\u00e0 aujourd\u2019hui, comme le sugg\u00e8re la mention \u00ab 1948\u2013 \u00bb. Il s\u2019est en effet d\u00e9roul\u00e9 sur une p\u00e9riode clairement d\u00e9limit\u00e9e, de 1948 \u00e0 1949.<\/li>\n\n\n\n<li>Ce mouvement de fuite n\u2019a pas eu pour point de d\u00e9part la \u00abPalestine et Gaza\u00bb. Premi\u00e8rement, parce qu\u2019il n\u2019existait plus de territoire appel\u00e9 \u00abPalestine\u00bb depuis la fin du mandat britannique de la Soci\u00e9t\u00e9 des Nations du m\u00eame nom. Ce territoire s\u2019appelait officiellement \u00abIsra\u00ebl\u00bb, comme le montre d\u2019ailleurs la carte de l\u2019ONU de l\u2019\u00e9poque. Deuxi\u00e8mement, parce qu\u2019il n\u2019y a pas eu de fuite depuis \u00abGaza\u00bb, mais qu\u2019au contraire, les r\u00e9fugi\u00e9s se sont enfuis vers Gaza (et en Cisjordanie), o\u00f9 ils sont rest\u00e9s jusqu\u2019\u00e0 aujourd\u2019hui.<\/li>\n\n\n\n<li>La d\u00e9signation correcte de ce conflit arm\u00e9 est \u00ab Premi\u00e8re guerre isra\u00e9lo-arabe \u00bb ou \u00ab guerre isra\u00e9lo-arabe \u00bb. Le terme \u00ab conflit au Proche-Orient \u00bb est trompeur et anachronique dans ce contexte, car aucun afflux de r\u00e9fugi\u00e9s de cette ampleur n\u2019a plus \u00e9t\u00e9 observ\u00e9 lors des conflits arm\u00e9s ult\u00e9rieurs entre Isra\u00ebl et ses voisins arabes \u2013 par exemple lors de la crise de Suez (1956), la guerre des Six Jours (1967) et la guerre du Yom Kippour (1973) \u2013 il n\u2019y a plus eu de tels flux de r\u00e9fugi\u00e9s. (Sans compter qu\u2019en 1948, l\u2019expression \u00ab conflit au Proche-Orient \u00bb n\u2019\u00e9tait pas encore utilis\u00e9e ; ce n\u2019est le cas que depuis 1967.)<\/li>\n<\/ul>\n\n<p class=\"wp-block-paragraph\"><strong>Des pr\u00e9f\u00e9rences politiques plut\u00f4t que des faits historiques ?<\/strong><\/p>\n\n<p class=\"wp-block-paragraph\">La multiplication de toutes ces erreurs donnait l\u2019impression que les responsables de l\u2019exposition, pour d\u00e9crire le conflit arm\u00e9 de 1948-1949, s\u2019\u00e9taient laiss\u00e9s guider non pas par les faits historiques, mais par leurs pr\u00e9f\u00e9rences politiques (pro-palestiniennes).<\/p>\n\n<p class=\"wp-block-paragraph\">\u00c0 la demande de FokusIsrael.ch, le Mus\u00e9e national a ni\u00e9 que des pr\u00e9f\u00e9rences politiques aient influenc\u00e9 la formulation. Il a toutefois reconnu \u00ab que, dans le contexte de cette fresque murale, ce terme (\u00ab Palestine \u00bb, ndlr) est historiquement flou et peut pr\u00eater \u00e0 confusion \u00bb. C\u2019est pourquoi, promet le mus\u00e9e, \u00ab l\u2019inscription figurant sur le panneau mural sera modifi\u00e9e \u00bb. <\/p>\n\n<p class=\"wp-block-paragraph\">Il faut s\u2019en r\u00e9jouir, d\u2019autant plus que cette modification est simple. Pour \u00eatre exact, et afin de s\u2019aligner sur les autres mentions figurant sur la frise chronologique, il suffirait d\u2019y indiquer :<\/p>\n\n<p class=\"wp-block-paragraph\"><strong>1948-1949<\/strong><\/p>\n\n<p class=\"wp-block-paragraph\"><strong>Isra\u00ebl<\/strong><\/p>\n\n<p class=\"wp-block-paragraph\"><strong>Premi\u00e8re guerre isra\u00e9lo-arabe<\/strong><\/p>\n\n<p class=\"wp-block-paragraph\"><strong>Violence de guerre<\/strong><\/p>\n\n<p class=\"wp-block-paragraph\">Le Mus\u00e9e national prouverait ainsi qu\u2019il se consacre \u00e0 la r\u00e9flexion historique et non \u00e0 une politique (anti-isra\u00e9lienne).<\/p>\n\n<figure class=\"wp-block-image size-large\"><img loading=\"lazy\" decoding=\"async\" width=\"710\" height=\"1024\" src=\"https:\/\/fokusisrael.ch\/wp-content\/uploads\/2026\/09\/Offizielle-UN-Waffenstillstandslandkarte-1-710x1024.jpg\" alt=\"\" class=\"wp-image-10951\" srcset=\"https:\/\/fokusisrael.ch\/wp-content\/uploads\/2026\/09\/Offizielle-UN-Waffenstillstandslandkarte-1-710x1024.jpg 710w, https:\/\/fokusisrael.ch\/wp-content\/uploads\/2026\/09\/Offizielle-UN-Waffenstillstandslandkarte-1-208x300.jpg 208w, https:\/\/fokusisrael.ch\/wp-content\/uploads\/2026\/09\/Offizielle-UN-Waffenstillstandslandkarte-1-768x1108.jpg 768w, https:\/\/fokusisrael.ch\/wp-content\/uploads\/2026\/09\/Offizielle-UN-Waffenstillstandslandkarte-1-1065x1536.jpg 1065w, https:\/\/fokusisrael.ch\/wp-content\/uploads\/2026\/09\/Offizielle-UN-Waffenstillstandslandkarte-1.jpg 1283w\" sizes=\"auto, (max-width: 710px) 100vw, 710px\" \/><figcaption class=\"wp-element-caption\">Sur la carte originale, la r\u00e9gion repr\u00e9sent\u00e9e est express\u00e9ment d\u00e9sign\u00e9e sous le nom d\u2019Isra\u00ebl, et non sous celui de \u00ab Palestine \u00bb.<\/figcaption><\/figure>\n\n<hr class=\"wp-block-separator has-alpha-channel-opacity\"\/>\n\n<p class=\"wp-block-paragraph\">Sacha Wigdorovits est pr\u00e9sident de l\u2019association \u00ab Fokus Isra\u00ebl et Moyen-Orient \u00bb, qui g\u00e8re le site web fokusisrael.ch. Il a \u00e9tudi\u00e9 l\u2019histoire, la philologie allemande et la psychologie sociale \u00e0 l\u2019universit\u00e9 de Zurich et a notamment travaill\u00e9 comme correspondant aux \u00c9tats-Unis pour la SonntagsZeitung ; il a \u00e9galement \u00e9t\u00e9 r\u00e9dacteur en chef du BLICK et cofondateur du journal gratuit 20minuten. <\/p>\n","protected":false},"excerpt":{"rendered":"<p>Le Mus\u00e9e national de Zurich pr\u00e9sente actuellement l&rsquo;exposition \u00ab Nous et la guerre \u00bb. Celle-ci aborde notamment les mouvements de r\u00e9fugi\u00e9s cons\u00e9cutifs \u00e0 des conflits arm\u00e9s. Dans le cadre de la premi\u00e8re guerre isra\u00e9lo-arabe de 1948-1949, au cours de laquelle cinq arm\u00e9es arabes ont tent\u00e9 d\u2019an\u00e9antir l\u2019\u00c9tat juif qui venait d\u2019\u00eatre fond\u00e9, le Mus\u00e9e national [&hellip;]<\/p>\n","protected":false},"author":2,"featured_media":10962,"comment_status":"closed","ping_status":"closed","sticky":false,"template":"","format":"standard","meta":{"_hide_socialbar":"","footnotes":""},"categories":[428],"tags":[485,5901,5907,5904,1765,7,5899,5902,5906,8,5856,5861,5895,5896,5898,1480,5908,5897,5905,165,417],"class_list":["post-10960","post","type-post","status-publish","format-standard","has-post-thumbnail","hentry","category-actualites","tag-conflit-au-proche-orient","tag-creation-de-letat-disrael","tag-debat-sur-les-musees","tag-falsification-de-lhistoire","tag-focusisrael","tag-gaza","tag-guerre-arabo-israelienne","tag-guerre-dindependance","tag-historiographie","tag-israel","tag-israel-1948","tag-mohammed-amin-al-husseini","tag-musee-national-de-zurich","tag-musee-national-suisse","tag-nous-et-la-guerre","tag-palestine","tag-politique-culturelle-suisse","tag-premiere-guerre-israelo-arabe","tag-refugies-palestiniens","tag-sacha-wigdorovits","tag-zurich"],"aioseo_notices":[],"aioseo_head":"\n\t\t<!-- All in One SEO 5.0.1.1 - aioseo.com -->\n\t<meta name=\"description\" content=\"Le Mus\u00e9e r\u00e9gional de Zurich a intitul\u00e9 la guerre de 1948 \u00ab Palestine et Gaza \u00bb. Suite aux critiques formul\u00e9es par FokusIsrael.ch, le mus\u00e9e a l&#039;intention de corriger cette mention.\" \/>\n\t<meta name=\"robots\" content=\"max-image-preview:large\" \/>\n\t<meta name=\"author\" content=\"Redaktion\"\/>\n\t<link rel=\"canonical\" href=\"https:\/\/fokusisrael.ch\/fr\/actualites\/une-guerre-dextermination-contre-israel-sans-israel-le-musee-national-reagit\/\" \/>\n\t<meta name=\"generator\" content=\"All in One SEO (AIOSEO) 5.0.1.1\" \/>\n\t\t<meta property=\"og:locale\" content=\"fr_FR\" \/>\n\t\t<meta property=\"og:site_name\" content=\"FokusIsrael - FokusIsrael.ch est un collectif suisse engag\u00e9 \u00e0 titre b\u00e9n\u00e9vole et de mani\u00e8re ind\u00e9pendante.\" \/>\n\t\t<meta property=\"og:type\" content=\"article\" \/>\n\t\t<meta property=\"og:title\" content=\"Une guerre d\u2019extermination contre Isra\u00ebl sans Isra\u00ebl \u2013 le Mus\u00e9e national r\u00e9agit - FokusIsrael\" \/>\n\t\t<meta property=\"og:description\" content=\"Le Mus\u00e9e r\u00e9gional de Zurich a intitul\u00e9 la guerre de 1948 \u00ab Palestine et Gaza \u00bb. Suite aux critiques formul\u00e9es par FokusIsrael.ch, le mus\u00e9e a l&#039;intention de corriger cette mention.\" \/>\n\t\t<meta property=\"og:url\" content=\"https:\/\/fokusisrael.ch\/fr\/actualites\/une-guerre-dextermination-contre-israel-sans-israel-le-musee-national-reagit\/\" \/>\n\t\t<meta property=\"og:image\" content=\"https:\/\/fokusisrael.ch\/wp-content\/uploads\/2026\/09\/Landesmuseeum-1.webp\" \/>\n\t\t<meta property=\"og:image:secure_url\" content=\"https:\/\/fokusisrael.ch\/wp-content\/uploads\/2026\/09\/Landesmuseeum-1.webp\" \/>\n\t\t<meta property=\"og:image:width\" content=\"1024\" \/>\n\t\t<meta property=\"og:image:height\" content=\"600\" \/>\n\t\t<meta property=\"article:published_time\" content=\"2026-09-03T14:21:30+00:00\" \/>\n\t\t<meta property=\"article:modified_time\" content=\"2026-09-03T14:22:07+00:00\" \/>\n\t\t<meta name=\"twitter:card\" content=\"summary_large_image\" \/>\n\t\t<meta name=\"twitter:title\" content=\"Une guerre d\u2019extermination contre Isra\u00ebl sans Isra\u00ebl \u2013 le Mus\u00e9e national r\u00e9agit - FokusIsrael\" \/>\n\t\t<meta name=\"twitter:description\" content=\"Le Mus\u00e9e r\u00e9gional de Zurich a intitul\u00e9 la guerre de 1948 \u00ab Palestine et Gaza \u00bb. Suite aux critiques formul\u00e9es par FokusIsrael.ch, le mus\u00e9e a l&#039;intention de corriger cette mention.\" \/>\n\t\t<meta name=\"twitter:image\" content=\"https:\/\/fokusisrael.ch\/wp-content\/uploads\/2026\/09\/Landesmuseeum-1.webp\" \/>\n\t\t<script type=\"application\/ld+json\" class=\"aioseo-schema\">\n\t\t\t{\"@context\":\"https:\\\/\\\/schema.org\",\"@graph\":[{\"@type\":\"BlogPosting\",\"@id\":\"https:\\\/\\\/fokusisrael.ch\\\/fr\\\/actualites\\\/une-guerre-dextermination-contre-israel-sans-israel-le-musee-national-reagit\\\/#blogposting\",\"name\":\"Une guerre d\\u2019extermination contre Isra\\u00ebl sans Isra\\u00ebl \\u2013 le Mus\\u00e9e national r\\u00e9agit - FokusIsrael\",\"headline\":\"Une guerre d&rsquo;extermination contre Isra\\u00ebl sans Isra\\u00ebl \\u2013 le Mus\\u00e9e national r\\u00e9agit\",\"author\":{\"@id\":\"https:\\\/\\\/fokusisrael.ch\\\/fr\\\/author\\\/redaktion\\\/#author\"},\"publisher\":{\"@id\":\"https:\\\/\\\/fokusisrael.ch\\\/fr\\\/#organization\"},\"image\":{\"@type\":\"ImageObject\",\"url\":\"https:\\\/\\\/fokusisrael.ch\\\/wp-content\\\/uploads\\\/2026\\\/09\\\/Landesmuseeum-1.webp\",\"width\":1024,\"height\":600,\"caption\":\"Le Mus\\u00e9e national utilise des termes erron\\u00e9s, puis les corrige.\"},\"datePublished\":\"2026-09-03T16:21:30+02:00\",\"dateModified\":\"2026-09-03T16:22:07+02:00\",\"inLanguage\":\"fr-FR\",\"mainEntityOfPage\":{\"@id\":\"https:\\\/\\\/fokusisrael.ch\\\/fr\\\/actualites\\\/une-guerre-dextermination-contre-israel-sans-israel-le-musee-national-reagit\\\/#webpage\"},\"isPartOf\":{\"@id\":\"https:\\\/\\\/fokusisrael.ch\\\/fr\\\/actualites\\\/une-guerre-dextermination-contre-israel-sans-israel-le-musee-national-reagit\\\/#webpage\"},\"articleSection\":\"Actualit\\u00e9s, Conflit au Proche-Orient, Cr\\u00e9ation de l'\\u00c9tat d'Isra\\u00ebl, D\\u00e9bat sur les mus\\u00e9es, Falsification de l'histoire, FocusIsra\\u00ebl, Gaza, Guerre arabo-isra\\u00e9lienne, Guerre d'ind\\u00e9pendance, historiographie, Israel, Israel 1948, Mohammed Amin al-Husseini, Mus\\u00e9e national de Zurich, Mus\\u00e9e national suisse, Nous et la guerre, Palestine, Politique culturelle suisse, Premi\\u00e8re guerre isra\\u00e9lo-arabe, r\\u00e9fugi\\u00e9s palestiniens, Sacha Wigdorovits, Zurich, Facultatif\"},{\"@type\":\"BreadcrumbList\",\"@id\":\"https:\\\/\\\/fokusisrael.ch\\\/fr\\\/actualites\\\/une-guerre-dextermination-contre-israel-sans-israel-le-musee-national-reagit\\\/#breadcrumblist\",\"itemListElement\":[{\"@type\":\"ListItem\",\"@id\":\"https:\\\/\\\/fokusisrael.ch\\\/fr\\\/actualites\\\/#listItem\",\"position\":1,\"name\":\"Actualit\\u00e9s\",\"item\":\"https:\\\/\\\/fokusisrael.ch\\\/fr\\\/actualites\\\/\",\"nextItem\":{\"@type\":\"ListItem\",\"@id\":\"https:\\\/\\\/fokusisrael.ch\\\/fr\\\/actualites\\\/une-guerre-dextermination-contre-israel-sans-israel-le-musee-national-reagit\\\/#listItem\",\"name\":\"Une guerre d&rsquo;extermination contre Isra\\u00ebl sans Isra\\u00ebl \\u2013 le Mus\\u00e9e national r\\u00e9agit\"}},{\"@type\":\"ListItem\",\"@id\":\"https:\\\/\\\/fokusisrael.ch\\\/fr\\\/actualites\\\/une-guerre-dextermination-contre-israel-sans-israel-le-musee-national-reagit\\\/#listItem\",\"position\":2,\"name\":\"Une guerre d&rsquo;extermination contre Isra\\u00ebl sans Isra\\u00ebl \\u2013 le Mus\\u00e9e national r\\u00e9agit\",\"previousItem\":{\"@type\":\"ListItem\",\"@id\":\"https:\\\/\\\/fokusisrael.ch\\\/fr\\\/actualites\\\/#listItem\",\"name\":\"Actualit\\u00e9s\"}}]},{\"@type\":\"Organization\",\"@id\":\"https:\\\/\\\/fokusisrael.ch\\\/fr\\\/#organization\",\"name\":\"FokusIsrael\",\"description\":\"FokusIsrael.ch est un collectif suisse engag\\u00e9 \\u00e0 titre b\\u00e9n\\u00e9vole et de mani\\u00e8re ind\\u00e9pendante.\",\"url\":\"https:\\\/\\\/fokusisrael.ch\\\/fr\\\/\",\"logo\":{\"@type\":\"ImageObject\",\"url\":\"http:\\\/\\\/fi.localhost\\\/wp-content\\\/uploads\\\/2025\\\/03\\\/fokusisrael_300.jpg\",\"@id\":\"https:\\\/\\\/fokusisrael.ch\\\/fr\\\/actualites\\\/une-guerre-dextermination-contre-israel-sans-israel-le-musee-national-reagit\\\/#organizationLogo\"},\"image\":{\"@id\":\"https:\\\/\\\/fokusisrael.ch\\\/fr\\\/actualites\\\/une-guerre-dextermination-contre-israel-sans-israel-le-musee-national-reagit\\\/#organizationLogo\"}},{\"@type\":\"Person\",\"@id\":\"https:\\\/\\\/fokusisrael.ch\\\/fr\\\/author\\\/redaktion\\\/#author\",\"url\":\"https:\\\/\\\/fokusisrael.ch\\\/fr\\\/author\\\/redaktion\\\/\",\"name\":\"Redaktion\"},{\"@type\":\"WebPage\",\"@id\":\"https:\\\/\\\/fokusisrael.ch\\\/fr\\\/actualites\\\/une-guerre-dextermination-contre-israel-sans-israel-le-musee-national-reagit\\\/#webpage\",\"url\":\"https:\\\/\\\/fokusisrael.ch\\\/fr\\\/actualites\\\/une-guerre-dextermination-contre-israel-sans-israel-le-musee-national-reagit\\\/\",\"name\":\"Une guerre d\\u2019extermination contre Isra\\u00ebl sans Isra\\u00ebl \\u2013 le Mus\\u00e9e national r\\u00e9agit - FokusIsrael\",\"description\":\"Le Mus\\u00e9e r\\u00e9gional de Zurich a intitul\\u00e9 la guerre de 1948 \\u00ab Palestine et Gaza \\u00bb. Suite aux critiques formul\\u00e9es par FokusIsrael.ch, le mus\\u00e9e a l'intention de corriger cette mention.\",\"inLanguage\":\"fr-FR\",\"isPartOf\":{\"@id\":\"https:\\\/\\\/fokusisrael.ch\\\/fr\\\/#website\"},\"breadcrumb\":{\"@id\":\"https:\\\/\\\/fokusisrael.ch\\\/fr\\\/actualites\\\/une-guerre-dextermination-contre-israel-sans-israel-le-musee-national-reagit\\\/#breadcrumblist\"},\"author\":{\"@id\":\"https:\\\/\\\/fokusisrael.ch\\\/fr\\\/author\\\/redaktion\\\/#author\"},\"creator\":{\"@id\":\"https:\\\/\\\/fokusisrael.ch\\\/fr\\\/author\\\/redaktion\\\/#author\"},\"image\":{\"@type\":\"ImageObject\",\"url\":\"https:\\\/\\\/fokusisrael.ch\\\/wp-content\\\/uploads\\\/2026\\\/09\\\/Landesmuseeum-1.webp\",\"@id\":\"https:\\\/\\\/fokusisrael.ch\\\/fr\\\/actualites\\\/une-guerre-dextermination-contre-israel-sans-israel-le-musee-national-reagit\\\/#mainImage\",\"width\":1024,\"height\":600,\"caption\":\"Le Mus\\u00e9e national utilise des termes erron\\u00e9s, puis les corrige.\"},\"primaryImageOfPage\":{\"@id\":\"https:\\\/\\\/fokusisrael.ch\\\/fr\\\/actualites\\\/une-guerre-dextermination-contre-israel-sans-israel-le-musee-national-reagit\\\/#mainImage\"},\"datePublished\":\"2026-09-03T16:21:30+02:00\",\"dateModified\":\"2026-09-03T16:22:07+02:00\"},{\"@type\":\"WebSite\",\"@id\":\"https:\\\/\\\/fokusisrael.ch\\\/fr\\\/#website\",\"url\":\"https:\\\/\\\/fokusisrael.ch\\\/fr\\\/\",\"name\":\"FokusIsrael\",\"description\":\"FokusIsrael.ch est un collectif suisse engag\\u00e9 \\u00e0 titre b\\u00e9n\\u00e9vole et de mani\\u00e8re ind\\u00e9pendante.\",\"inLanguage\":\"fr-FR\",\"publisher\":{\"@id\":\"https:\\\/\\\/fokusisrael.ch\\\/fr\\\/#organization\"}}]}\n\t\t<\/script>\n\t\t<!-- All in One SEO -->\n\n","aioseo_head_json":{"title":"Une guerre d\u2019extermination contre Isra\u00ebl sans Isra\u00ebl \u2013 le Mus\u00e9e national r\u00e9agit - FokusIsrael","description":"Le Mus\u00e9e r\u00e9gional de Zurich a intitul\u00e9 la guerre de 1948 \u00ab Palestine et Gaza \u00bb. Suite aux critiques formul\u00e9es par FokusIsrael.ch, le mus\u00e9e a l'intention de corriger cette mention.","canonical_url":"https:\/\/fokusisrael.ch\/fr\/actualites\/une-guerre-dextermination-contre-israel-sans-israel-le-musee-national-reagit\/","robots":"max-image-preview:large","keywords":"","webmasterTools":{"miscellaneous":""},"schema":{"@context":"https:\/\/schema.org","@graph":[{"@type":"BlogPosting","@id":"https:\/\/fokusisrael.ch\/fr\/actualites\/une-guerre-dextermination-contre-israel-sans-israel-le-musee-national-reagit\/#blogposting","name":"Une guerre d\u2019extermination contre Isra\u00ebl sans Isra\u00ebl \u2013 le Mus\u00e9e national r\u00e9agit - FokusIsrael","headline":"Une guerre d&rsquo;extermination contre Isra\u00ebl sans Isra\u00ebl \u2013 le Mus\u00e9e national r\u00e9agit","author":{"@id":"https:\/\/fokusisrael.ch\/fr\/author\/redaktion\/#author"},"publisher":{"@id":"https:\/\/fokusisrael.ch\/fr\/#organization"},"image":{"@type":"ImageObject","url":"https:\/\/fokusisrael.ch\/wp-content\/uploads\/2026\/09\/Landesmuseeum-1.webp","width":1024,"height":600,"caption":"Le Mus\u00e9e national utilise des termes erron\u00e9s, puis les corrige."},"datePublished":"2026-09-03T16:21:30+02:00","dateModified":"2026-09-03T16:22:07+02:00","inLanguage":"fr-FR","mainEntityOfPage":{"@id":"https:\/\/fokusisrael.ch\/fr\/actualites\/une-guerre-dextermination-contre-israel-sans-israel-le-musee-national-reagit\/#webpage"},"isPartOf":{"@id":"https:\/\/fokusisrael.ch\/fr\/actualites\/une-guerre-dextermination-contre-israel-sans-israel-le-musee-national-reagit\/#webpage"},"articleSection":"Actualit\u00e9s, Conflit au Proche-Orient, Cr\u00e9ation de l'\u00c9tat d'Isra\u00ebl, D\u00e9bat sur les mus\u00e9es, Falsification de l'histoire, FocusIsra\u00ebl, Gaza, Guerre arabo-isra\u00e9lienne, Guerre d'ind\u00e9pendance, historiographie, Israel, Israel 1948, Mohammed Amin al-Husseini, Mus\u00e9e national de Zurich, Mus\u00e9e national suisse, Nous et la guerre, Palestine, Politique culturelle suisse, Premi\u00e8re guerre isra\u00e9lo-arabe, r\u00e9fugi\u00e9s palestiniens, Sacha Wigdorovits, Zurich, Facultatif"},{"@type":"BreadcrumbList","@id":"https:\/\/fokusisrael.ch\/fr\/actualites\/une-guerre-dextermination-contre-israel-sans-israel-le-musee-national-reagit\/#breadcrumblist","itemListElement":[{"@type":"ListItem","@id":"https:\/\/fokusisrael.ch\/fr\/actualites\/#listItem","position":1,"name":"Actualit\u00e9s","item":"https:\/\/fokusisrael.ch\/fr\/actualites\/","nextItem":{"@type":"ListItem","@id":"https:\/\/fokusisrael.ch\/fr\/actualites\/une-guerre-dextermination-contre-israel-sans-israel-le-musee-national-reagit\/#listItem","name":"Une guerre d&rsquo;extermination contre Isra\u00ebl sans Isra\u00ebl \u2013 le Mus\u00e9e national r\u00e9agit"}},{"@type":"ListItem","@id":"https:\/\/fokusisrael.ch\/fr\/actualites\/une-guerre-dextermination-contre-israel-sans-israel-le-musee-national-reagit\/#listItem","position":2,"name":"Une guerre d&rsquo;extermination contre Isra\u00ebl sans Isra\u00ebl \u2013 le Mus\u00e9e national r\u00e9agit","previousItem":{"@type":"ListItem","@id":"https:\/\/fokusisrael.ch\/fr\/actualites\/#listItem","name":"Actualit\u00e9s"}}]},{"@type":"Organization","@id":"https:\/\/fokusisrael.ch\/fr\/#organization","name":"FokusIsrael","description":"FokusIsrael.ch est un collectif suisse engag\u00e9 \u00e0 titre b\u00e9n\u00e9vole et de mani\u00e8re ind\u00e9pendante.","url":"https:\/\/fokusisrael.ch\/fr\/","logo":{"@type":"ImageObject","url":"http:\/\/fi.localhost\/wp-content\/uploads\/2025\/03\/fokusisrael_300.jpg","@id":"https:\/\/fokusisrael.ch\/fr\/actualites\/une-guerre-dextermination-contre-israel-sans-israel-le-musee-national-reagit\/#organizationLogo"},"image":{"@id":"https:\/\/fokusisrael.ch\/fr\/actualites\/une-guerre-dextermination-contre-israel-sans-israel-le-musee-national-reagit\/#organizationLogo"}},{"@type":"Person","@id":"https:\/\/fokusisrael.ch\/fr\/author\/redaktion\/#author","url":"https:\/\/fokusisrael.ch\/fr\/author\/redaktion\/","name":"Redaktion"},{"@type":"WebPage","@id":"https:\/\/fokusisrael.ch\/fr\/actualites\/une-guerre-dextermination-contre-israel-sans-israel-le-musee-national-reagit\/#webpage","url":"https:\/\/fokusisrael.ch\/fr\/actualites\/une-guerre-dextermination-contre-israel-sans-israel-le-musee-national-reagit\/","name":"Une guerre d\u2019extermination contre Isra\u00ebl sans Isra\u00ebl \u2013 le Mus\u00e9e national r\u00e9agit - FokusIsrael","description":"Le Mus\u00e9e r\u00e9gional de Zurich a intitul\u00e9 la guerre de 1948 \u00ab Palestine et Gaza \u00bb. Suite aux critiques formul\u00e9es par FokusIsrael.ch, le mus\u00e9e a l'intention de corriger cette mention.","inLanguage":"fr-FR","isPartOf":{"@id":"https:\/\/fokusisrael.ch\/fr\/#website"},"breadcrumb":{"@id":"https:\/\/fokusisrael.ch\/fr\/actualites\/une-guerre-dextermination-contre-israel-sans-israel-le-musee-national-reagit\/#breadcrumblist"},"author":{"@id":"https:\/\/fokusisrael.ch\/fr\/author\/redaktion\/#author"},"creator":{"@id":"https:\/\/fokusisrael.ch\/fr\/author\/redaktion\/#author"},"image":{"@type":"ImageObject","url":"https:\/\/fokusisrael.ch\/wp-content\/uploads\/2026\/09\/Landesmuseeum-1.webp","@id":"https:\/\/fokusisrael.ch\/fr\/actualites\/une-guerre-dextermination-contre-israel-sans-israel-le-musee-national-reagit\/#mainImage","width":1024,"height":600,"caption":"Le Mus\u00e9e national utilise des termes erron\u00e9s, puis les corrige."},"primaryImageOfPage":{"@id":"https:\/\/fokusisrael.ch\/fr\/actualites\/une-guerre-dextermination-contre-israel-sans-israel-le-musee-national-reagit\/#mainImage"},"datePublished":"2026-09-03T16:21:30+02:00","dateModified":"2026-09-03T16:22:07+02:00"},{"@type":"WebSite","@id":"https:\/\/fokusisrael.ch\/fr\/#website","url":"https:\/\/fokusisrael.ch\/fr\/","name":"FokusIsrael","description":"FokusIsrael.ch est un collectif suisse engag\u00e9 \u00e0 titre b\u00e9n\u00e9vole et de mani\u00e8re ind\u00e9pendante.","inLanguage":"fr-FR","publisher":{"@id":"https:\/\/fokusisrael.ch\/fr\/#organization"}}]},"og:locale":"fr_FR","og:site_name":"FokusIsrael - FokusIsrael.ch est un collectif suisse engag\u00e9 \u00e0 titre b\u00e9n\u00e9vole et de mani\u00e8re ind\u00e9pendante.","og:type":"article","og:title":"Une guerre d\u2019extermination contre Isra\u00ebl sans Isra\u00ebl \u2013 le Mus\u00e9e national r\u00e9agit - FokusIsrael","og:description":"Le Mus\u00e9e r\u00e9gional de Zurich a intitul\u00e9 la guerre de 1948 \u00ab Palestine et Gaza \u00bb. Suite aux critiques formul\u00e9es par FokusIsrael.ch, le mus\u00e9e a l'intention de corriger cette mention.","og:url":"https:\/\/fokusisrael.ch\/fr\/actualites\/une-guerre-dextermination-contre-israel-sans-israel-le-musee-national-reagit\/","og:image":"https:\/\/fokusisrael.ch\/wp-content\/uploads\/2026\/09\/Landesmuseeum-1.webp","og:image:secure_url":"https:\/\/fokusisrael.ch\/wp-content\/uploads\/2026\/09\/Landesmuseeum-1.webp","og:image:width":1024,"og:image:height":600,"article:published_time":"2026-09-03T14:21:30+00:00","article:modified_time":"2026-09-03T14:22:07+00:00","twitter:card":"summary_large_image","twitter:title":"Une guerre d\u2019extermination contre Isra\u00ebl sans Isra\u00ebl \u2013 le Mus\u00e9e national r\u00e9agit - FokusIsrael","twitter:description":"Le Mus\u00e9e r\u00e9gional de Zurich a intitul\u00e9 la guerre de 1948 \u00ab Palestine et Gaza \u00bb. Suite aux critiques formul\u00e9es par FokusIsrael.ch, le mus\u00e9e a l'intention de corriger cette mention.","twitter:image":"https:\/\/fokusisrael.ch\/wp-content\/uploads\/2026\/09\/Landesmuseeum-1.webp"},"aioseo_meta_data":{"post_id":"10960","title":null,"description":"Le Mus\u00e9e r\u00e9gional de Zurich a intitul\u00e9 la guerre de 1948 \u00ab Palestine et Gaza \u00bb. Suite aux critiques formul\u00e9es par FokusIsrael.ch, le mus\u00e9e a l'intention de corriger cette mention.","keywords":null,"keyphrases":{"focus":{"keyphrase":"","score":0,"analysis":{"keyphraseInTitle":{"score":0,"maxScore":9,"error":1}}},"additional":[]},"primary_term":null,"canonical_url":null,"og_title":null,"og_description":null,"og_object_type":"default","og_image_type":"default","og_image_url":null,"og_image_width":null,"og_image_height":null,"og_image_custom_url":null,"og_image_custom_fields":null,"og_video":"","og_custom_url":null,"og_article_section":null,"og_article_tags":null,"twitter_use_og":false,"twitter_card":"default","twitter_image_type":"default","twitter_image_url":null,"twitter_image_custom_url":null,"twitter_image_custom_fields":null,"twitter_title":null,"twitter_description":null,"schema":{"blockGraphs":[],"customGraphs":[],"default":{"data":{"Article":[],"Course":[],"Dataset":[],"FAQPage":[],"Movie":[],"Person":[],"Product":[],"ProductReview":[],"Car":[],"Recipe":[],"Service":[],"SoftwareApplication":[],"WebPage":[]},"graphName":"BlogPosting","isEnabled":true},"graphs":[]},"schema_type":"default","schema_type_options":null,"pillar_content":false,"robots_default":true,"robots_noindex":false,"robots_noarchive":false,"robots_nosnippet":false,"robots_nofollow":false,"robots_noimageindex":false,"robots_noodp":false,"robots_notranslate":false,"robots_max_snippet":"-1","robots_max_videopreview":"-1","robots_max_imagepreview":"large","priority":null,"frequency":"default","local_seo":null,"breadcrumb_settings":null,"limit_modified_date":false,"ai":{"faqs":[],"keyPoints":[],"schemas":[],"titles":[],"descriptions":[],"socialPosts":{"email":{"subject":"","preview":"","content":""},"linkedin":[],"twitter":[],"facebook":[],"instagram":[]}},"created":"2026-09-03 14:22:06","updated":"2026-09-03 14:22:28","seo_analyzer_scan_date":null,"focus_keyword":null,"additional_keywords":null,"truseo_locale":null},"aioseo_breadcrumb":"<div class=\"aioseo-breadcrumbs\"><span class=\"aioseo-breadcrumb\">\n\t\t\t<a href=\"https:\/\/fokusisrael.ch\/fr\/actualites\/\" title=\"Actualit\u00e9s\">Actualit\u00e9s<\/a>\n\t\t<\/span><span class=\"aioseo-breadcrumb-separator\">\u00bb<\/span><span class=\"aioseo-breadcrumb\">\n\t\t\tUne guerre d\u2019extermination contre Isra\u00ebl sans Isra\u00ebl \u2013 le Mus\u00e9e national r\u00e9agit\n\t\t<\/span><\/div>","aioseo_breadcrumb_json":[{"label":"Actualit\u00e9s","link":"https:\/\/fokusisrael.ch\/fr\/actualites\/"},{"label":"Une guerre d&rsquo;extermination contre Isra\u00ebl sans Isra\u00ebl \u2013 le Mus\u00e9e national r\u00e9agit","link":"https:\/\/fokusisrael.ch\/fr\/actualites\/une-guerre-dextermination-contre-israel-sans-israel-le-musee-national-reagit\/"}],"_links":{"self":[{"href":"https:\/\/fokusisrael.ch\/fr\/wp-json\/wp\/v2\/posts\/10960","targetHints":{"allow":["GET"]}}],"collection":[{"href":"https:\/\/fokusisrael.ch\/fr\/wp-json\/wp\/v2\/posts"}],"about":[{"href":"https:\/\/fokusisrael.ch\/fr\/wp-json\/wp\/v2\/types\/post"}],"author":[{"embeddable":true,"href":"https:\/\/fokusisrael.ch\/fr\/wp-json\/wp\/v2\/users\/2"}],"replies":[{"embeddable":true,"href":"https:\/\/fokusisrael.ch\/fr\/wp-json\/wp\/v2\/comments?post=10960"}],"version-history":[{"count":1,"href":"https:\/\/fokusisrael.ch\/fr\/wp-json\/wp\/v2\/posts\/10960\/revisions"}],"predecessor-version":[{"id":10963,"href":"https:\/\/fokusisrael.ch\/fr\/wp-json\/wp\/v2\/posts\/10960\/revisions\/10963"}],"wp:featuredmedia":[{"embeddable":true,"href":"https:\/\/fokusisrael.ch\/fr\/wp-json\/wp\/v2\/media\/10962"}],"wp:attachment":[{"href":"https:\/\/fokusisrael.ch\/fr\/wp-json\/wp\/v2\/media?parent=10960"}],"wp:term":[{"taxonomy":"category","embeddable":true,"href":"https:\/\/fokusisrael.ch\/fr\/wp-json\/wp\/v2\/categories?post=10960"},{"taxonomy":"post_tag","embeddable":true,"href":"https:\/\/fokusisrael.ch\/fr\/wp-json\/wp\/v2\/tags?post=10960"}],"curies":[{"name":"wp","href":"https:\/\/api.w.org\/{rel}","templated":true}]}}