{"id":10883,"date":"2026-08-30T14:01:04","date_gmt":"2026-08-30T12:01:04","guid":{"rendered":"https:\/\/fokusisrael.ch\/non-categorise\/manifestation-antisemite-la-police-de-bale-autorise-un-rassemblement-non-autorise-sur-place\/"},"modified":"2026-08-30T14:01:41","modified_gmt":"2026-08-30T12:01:41","slug":"manifestation-antisemite-la-police-de-bale-autorise-un-rassemblement-non-autorise-sur-place","status":"publish","type":"post","link":"https:\/\/fokusisrael.ch\/fr\/actualites\/manifestation-antisemite-la-police-de-bale-autorise-un-rassemblement-non-autorise-sur-place\/","title":{"rendered":"Manifestation antis\u00e9mite : la police de B\u00e2le autorise un rassemblement non autoris\u00e9 sur place"},"content":{"rendered":"\n<p class=\"wp-block-paragraph\"><strong>Le samedi 29 ao\u00fbt, une manifestation non autoris\u00e9e intitul\u00e9e \u00ab Death to Zionism \u00bb s&rsquo;est d\u00e9roul\u00e9e dans la ville de B\u00e2le (comme<a href=\"https:\/\/fokusisrael.ch\/fr\/actualites\/plainte-penale-concernant-lappel-a-manifester-death-to-zionism\/\">l&rsquo;a rapport\u00e9 FokusIsrael.ch<\/a>). Le gouvernement b\u00e2lois avait condamn\u00e9 cette manifestation en amont en des termes tr\u00e8s fermes. La police cantonale de B\u00e2le a n\u00e9anmoins laiss\u00e9 dans un premier temps les quelque 300 manifestants se rassembler sur la Theaterplatz. Elle s\u2019est ensuite content\u00e9e d\u2019emp\u00eacher un d\u00e9fil\u00e9 dans le centre-ville et a proc\u00e9d\u00e9 \u00e0 des contr\u00f4les d\u2019identit\u00e9.<\/strong><\/p>\n\n<p class=\"wp-block-paragraph\">Par David Spuler<\/p>\n\n<p class=\"wp-block-paragraph\">La date de la manifestation avait \u00e9t\u00e9 choisie \u00e0 dessein : le 29 ao\u00fbt 1897, le premier congr\u00e8s sioniste s&rsquo;ouvrait \u00e0 quelques pas de la Theaterplatz, \u00e0 B\u00e2le. C&rsquo;est l\u00e0 qu&rsquo;a \u00e9t\u00e9 organis\u00e9 le mouvement destin\u00e9 \u00e0 concr\u00e9tiser le droit du peuple juif \u00e0 l&rsquo;autod\u00e9termination nationale.  <\/p>\n\n<p class=\"wp-block-paragraph\">L&rsquo;appel lanc\u00e9 par \u00ab Basel for Palestine \u00bb associait cette date au slogan \u00ab Mort au sionisme \u00bb et au triangle rouge, \u00e9galement utilis\u00e9 dans la propagande de l&rsquo;organisation terroriste Hamas. Les organisateurs ont ni\u00e9 avoir ainsi appel\u00e9 \u00e0 la violence contre des personnes. Ils auraient voulu parler de la fin d\u2019une id\u00e9ologie politique, a rapport\u00e9 <a href=\"https:\/\/www.ref.ch\/news\/basel-israel-palastina-demonstration-kantonspolizei\/\">ref.ch<\/a>. En r\u00e9alit\u00e9, cet appel, associ\u00e9 au triangle rouge invers\u00e9 que le Hamas utilise pour d\u00e9signer ses cibles terroristes juives, constituait bel et bien une incitation \u00e0 l\u2019assassinat de Juifs.  <\/p>\n\n<p class=\"wp-block-paragraph\">Les autorit\u00e9s ont donc consid\u00e9r\u00e9 qu\u2019il s\u2019agissait d\u2019un \u00ab appel explicite \u00e0 la violence \u00bb et ont estim\u00e9 que la manifestation ne pouvait pas \u00eatre autoris\u00e9e. C\u2019est ce qu\u2019a d\u00e9clar\u00e9 la police cantonale de B\u00e2le <a href=\"https:\/\/www.bs.ch\/medienmitteilungen\/jsd\/2026-unbewilligte-demonstration-death-zionism\">quatre jours avant la manifestation<\/a>. Le parquet de B\u00e2le a quant \u00e0 lui ouvert une proc\u00e9dure contre X pour suspicion d\u2019incitation publique au crime ou \u00e0 la violence.<\/p>\n\n<h2 class=\"wp-block-heading\"><strong>La police b\u00e2loise a h\u00e9sit\u00e9 \u00e0 disperser la manifestation<\/strong><\/h2>\n\n<p class=\"wp-block-paragraph\">Sur place, l\u2019\u00e9quipe de dialogue de la police a tent\u00e9 d\u2019entrer en contact avec les manifestants. Ceux-ci ont refus\u00e9 tout dialogue. La police a alors indiqu\u00e9 qu\u2019elle tol\u00e9rerait un rassemblement statique pacifique. Lorsque certaines personnes se sont cagoul\u00e9es et ont pr\u00e9par\u00e9 une marche, elle a encercl\u00e9 une partie de la foule.<\/p>\n\n<p class=\"wp-block-paragraph\">Selon le bilan officiel de la police, 174 personnes ont \u00e9t\u00e9 contr\u00f4l\u00e9es et renvoy\u00e9es. Au moins quatre d&rsquo;entre elles devraient faire l&rsquo;objet d&rsquo;une plainte pour entrave \u00e0 l&rsquo;exercice d&rsquo;une fonction publique. Une personne a \u00e9t\u00e9 interpell\u00e9e pour une infraction sans rapport avec la manifestation. Deux adolescents sont rest\u00e9s en garde \u00e0 vue jusqu&rsquo;\u00e0 ce que leurs parents viennent les chercher.<\/p>\n\n<p class=\"wp-block-paragraph\">Une matraque, des lunettes de protection, du mat\u00e9riel permettant de se dissimuler le visage et du mat\u00e9riel de propagande arborant les symboles du Hamas ont \u00e9t\u00e9 saisis. Selon la police, du gaz poivr\u00e9 a \u00e9t\u00e9 utilis\u00e9 apr\u00e8s qu\u2019une manifestante s\u2019en est prise physiquement \u00e0 un agent. Le canon \u00e0 eau qui se tenait pr\u00eat n\u2019a pas \u00e9t\u00e9 utilis\u00e9. Aucun bless\u00e9 n\u2019a \u00e9t\u00e9 signal\u00e9. La Steinenberg et la Theaterstrasse ont \u00e9t\u00e9 ferm\u00e9es \u00e0 la circulation pendant environ huit heures ; les transports en commun ont ensuite repris leur cours normal. <\/p>\n\n<h2 class=\"wp-block-heading\"><strong>La confiance en soi et dans l\u2019\u00c9tat de droit est \u00e9branl\u00e9e<\/strong><\/h2>\n\n<p class=\"wp-block-paragraph\">Le comportement de la police cantonale de B\u00e2le laisse un go\u00fbt amer. Elle a certes emp\u00each\u00e9 un cort\u00e8ge de manifestants de traverser le centre-ville. Mais auparavant, elle a laiss\u00e9 faire des manifestants qui affichaient leur solidarit\u00e9 avec l\u2019organisation terroriste Hamas \u2013 dont le bilan officiel des op\u00e9rations est interdit en Suisse \u2013 et dont les appels, lanc\u00e9s avant la manifestation, avaient \u00e9t\u00e9 qualifi\u00e9s par le parquet d\u2019incitation publique au crime et \u00e0 la violence en raison de leur antis\u00e9mitisme et de leur hostilit\u00e9 envers Isra\u00ebl.  <\/p>\n\n<p class=\"wp-block-paragraph\">Cette passivit\u00e9 contrastait fortement avec les propos s\u00e9v\u00e8res tenus par le gouvernement b\u00e2lois avant la manifestation, avec son appel \u00ab Mort au sionisme \u00bb, ainsi qu\u2019avec les annonces de la police cantonale. Ce faisant, le gouvernement et la police ont non seulement sap\u00e9 leur propre cr\u00e9dibilit\u00e9, mais aussi l\u2019\u00c9tat de droit.<\/p>\n","protected":false},"excerpt":{"rendered":"<p>Le samedi 29 ao\u00fbt, une manifestation non autoris\u00e9e intitul\u00e9e \u00ab Death to Zionism \u00bb s&rsquo;est d\u00e9roul\u00e9e dans la ville de B\u00e2le (commel&rsquo;a rapport\u00e9 FokusIsrael.ch). Le gouvernement b\u00e2lois avait condamn\u00e9 cette manifestation en amont en des termes tr\u00e8s fermes. La police cantonale de B\u00e2le a n\u00e9anmoins laiss\u00e9 dans un premier temps les quelque 300 manifestants se [&hellip;]<\/p>\n","protected":false},"author":2,"featured_media":10884,"comment_status":"closed","ping_status":"closed","sticky":false,"template":"","format":"standard","meta":{"_hide_socialbar":"","footnotes":""},"categories":[428],"tags":[395,5782,1429,5662,5780,5667,1138,1902,393,3554,372,5781,5672,5695,5696,5694,380,5779,3325,5699,1928],"class_list":["post-10883","post","type-post","status-publish","format-standard","has-post-thumbnail","hentry","category-actualites","tag-antisemitisme","tag-antisemitisme-3","tag-antisionisme","tag-bale","tag-bale-pour-la-palestine-2","tag-congres-sioniste","tag-demonstration","tag-etat-de-droit","tag-hamas-fr","tag-hostilite-a-israel","tag-israel-fr","tag-manifestation-non-autorisee","tag-mort-au-sionisme","tag-parquet-de-bale-ville","tag-place-du-theatre-de-bale","tag-police-cantonale-de-bale-ville","tag-sionisme","tag-symbolique-du-hamas","tag-theodor-herzl","tag-triangle-rouge","tag-vie-juive"],"aioseo_notices":[],"aioseo_head":"\n\t\t<!-- All in One SEO 5.0.1.1 - aioseo.com -->\n\t<meta name=\"description\" content=\"Malgr\u00e9 les slogans \u00ab Mort au sionisme \u00bb et la symbolique du Hamas, la police de B\u00e2le a autoris\u00e9 un rassemblement non d\u00e9clar\u00e9. Les critiques \u00e0 l&#039;\u00e9gard de l&#039;attitude des autorit\u00e9s et de la police ne cessent de s&#039;amplifier.\" \/>\n\t<meta name=\"robots\" content=\"max-image-preview:large\" \/>\n\t<meta name=\"author\" content=\"Redaktion\"\/>\n\t<link rel=\"canonical\" href=\"https:\/\/fokusisrael.ch\/fr\/actualites\/manifestation-antisemite-la-police-de-bale-autorise-un-rassemblement-non-autorise-sur-place\/\" \/>\n\t<meta name=\"generator\" content=\"All in One SEO (AIOSEO) 5.0.1.1\" \/>\n\t\t<meta property=\"og:locale\" content=\"fr_FR\" \/>\n\t\t<meta property=\"og:site_name\" content=\"FokusIsrael - FokusIsrael.ch est un collectif suisse engag\u00e9 \u00e0 titre b\u00e9n\u00e9vole et de mani\u00e8re ind\u00e9pendante.\" \/>\n\t\t<meta property=\"og:type\" content=\"article\" \/>\n\t\t<meta property=\"og:title\" content=\"Manifestation antis\u00e9mite : la police de B\u00e2le autorise un rassemblement non autoris\u00e9 sur place - FokusIsrael\" \/>\n\t\t<meta property=\"og:description\" content=\"Malgr\u00e9 les slogans \u00ab Mort au sionisme \u00bb et la symbolique du Hamas, la police de B\u00e2le a autoris\u00e9 un rassemblement non d\u00e9clar\u00e9. Les critiques \u00e0 l&#039;\u00e9gard de l&#039;attitude des autorit\u00e9s et de la police ne cessent de s&#039;amplifier.\" \/>\n\t\t<meta property=\"og:url\" content=\"https:\/\/fokusisrael.ch\/fr\/actualites\/manifestation-antisemite-la-police-de-bale-autorise-un-rassemblement-non-autorise-sur-place\/\" \/>\n\t\t<meta property=\"og:image\" content=\"https:\/\/fokusisrael.ch\/wp-content\/uploads\/2026\/08\/Basel-Standort-Kundgebung.webp\" \/>\n\t\t<meta property=\"og:image:secure_url\" content=\"https:\/\/fokusisrael.ch\/wp-content\/uploads\/2026\/08\/Basel-Standort-Kundgebung.webp\" \/>\n\t\t<meta property=\"og:image:width\" content=\"1024\" \/>\n\t\t<meta property=\"og:image:height\" content=\"600\" \/>\n\t\t<meta property=\"article:published_time\" content=\"2026-08-30T12:01:04+00:00\" \/>\n\t\t<meta property=\"article:modified_time\" content=\"2026-08-30T12:01:41+00:00\" \/>\n\t\t<meta name=\"twitter:card\" content=\"summary_large_image\" \/>\n\t\t<meta name=\"twitter:title\" content=\"Manifestation antis\u00e9mite : la police de B\u00e2le autorise un rassemblement non autoris\u00e9 sur place - FokusIsrael\" \/>\n\t\t<meta name=\"twitter:description\" content=\"Malgr\u00e9 les slogans \u00ab Mort au sionisme \u00bb et la symbolique du Hamas, la police de B\u00e2le a autoris\u00e9 un rassemblement non d\u00e9clar\u00e9. Les critiques \u00e0 l&#039;\u00e9gard de l&#039;attitude des autorit\u00e9s et de la police ne cessent de s&#039;amplifier.\" \/>\n\t\t<meta name=\"twitter:image\" content=\"https:\/\/fokusisrael.ch\/wp-content\/uploads\/2026\/08\/Basel-Standort-Kundgebung.webp\" \/>\n\t\t<script type=\"application\/ld+json\" class=\"aioseo-schema\">\n\t\t\t{\"@context\":\"https:\\\/\\\/schema.org\",\"@graph\":[{\"@type\":\"BlogPosting\",\"@id\":\"https:\\\/\\\/fokusisrael.ch\\\/fr\\\/actualites\\\/manifestation-antisemite-la-police-de-bale-autorise-un-rassemblement-non-autorise-sur-place\\\/#blogposting\",\"name\":\"Manifestation antis\\u00e9mite : la police de B\\u00e2le autorise un rassemblement non autoris\\u00e9 sur place - FokusIsrael\",\"headline\":\"Manifestation antis\\u00e9mite : la police de B\\u00e2le autorise un rassemblement non autoris\\u00e9 sur place\",\"author\":{\"@id\":\"https:\\\/\\\/fokusisrael.ch\\\/fr\\\/author\\\/redaktion\\\/#author\"},\"publisher\":{\"@id\":\"https:\\\/\\\/fokusisrael.ch\\\/fr\\\/#organization\"},\"image\":{\"@type\":\"ImageObject\",\"url\":\"https:\\\/\\\/fokusisrael.ch\\\/wp-content\\\/uploads\\\/2026\\\/08\\\/Basel-Standort-Kundgebung.webp\",\"width\":1024,\"height\":600},\"datePublished\":\"2026-08-30T14:01:04+02:00\",\"dateModified\":\"2026-08-30T14:01:41+02:00\",\"inLanguage\":\"fr-FR\",\"mainEntityOfPage\":{\"@id\":\"https:\\\/\\\/fokusisrael.ch\\\/fr\\\/actualites\\\/manifestation-antisemite-la-police-de-bale-autorise-un-rassemblement-non-autorise-sur-place\\\/#webpage\"},\"isPartOf\":{\"@id\":\"https:\\\/\\\/fokusisrael.ch\\\/fr\\\/actualites\\\/manifestation-antisemite-la-police-de-bale-autorise-un-rassemblement-non-autorise-sur-place\\\/#webpage\"},\"articleSection\":\"Actualit\\u00e9s, Antis\\u00e9mitisme, antis\\u00e9mitisme, Antisionisme, B\\u00e2le, B\\u00e2le pour la Palestine, Congr\\u00e8s sioniste, D\\u00e9monstration, \\u00c9tat de droit, Hamas, Hostilit\\u00e9 \\u00e0 Isra\\u00ebl, Isra\\u00ebl, manifestation non autoris\\u00e9e, Mort au sionisme, Parquet de B\\u00e2le-Ville, Place du Th\\u00e9\\u00e2tre de B\\u00e2le, Police cantonale de B\\u00e2le-Ville, Sionisme, Symbolique du Hamas, Theodor Herzl, triangle rouge, vie juive, Facultatif\"},{\"@type\":\"BreadcrumbList\",\"@id\":\"https:\\\/\\\/fokusisrael.ch\\\/fr\\\/actualites\\\/manifestation-antisemite-la-police-de-bale-autorise-un-rassemblement-non-autorise-sur-place\\\/#breadcrumblist\",\"itemListElement\":[{\"@type\":\"ListItem\",\"@id\":\"https:\\\/\\\/fokusisrael.ch\\\/fr\\\/actualites\\\/#listItem\",\"position\":1,\"name\":\"Actualit\\u00e9s\",\"item\":\"https:\\\/\\\/fokusisrael.ch\\\/fr\\\/actualites\\\/\",\"nextItem\":{\"@type\":\"ListItem\",\"@id\":\"https:\\\/\\\/fokusisrael.ch\\\/fr\\\/actualites\\\/manifestation-antisemite-la-police-de-bale-autorise-un-rassemblement-non-autorise-sur-place\\\/#listItem\",\"name\":\"Manifestation antis\\u00e9mite : la police de B\\u00e2le autorise un rassemblement non autoris\\u00e9 sur place\"}},{\"@type\":\"ListItem\",\"@id\":\"https:\\\/\\\/fokusisrael.ch\\\/fr\\\/actualites\\\/manifestation-antisemite-la-police-de-bale-autorise-un-rassemblement-non-autorise-sur-place\\\/#listItem\",\"position\":2,\"name\":\"Manifestation antis\\u00e9mite : la police de B\\u00e2le autorise un rassemblement non autoris\\u00e9 sur place\",\"previousItem\":{\"@type\":\"ListItem\",\"@id\":\"https:\\\/\\\/fokusisrael.ch\\\/fr\\\/actualites\\\/#listItem\",\"name\":\"Actualit\\u00e9s\"}}]},{\"@type\":\"Organization\",\"@id\":\"https:\\\/\\\/fokusisrael.ch\\\/fr\\\/#organization\",\"name\":\"FokusIsrael\",\"description\":\"FokusIsrael.ch est un collectif suisse engag\\u00e9 \\u00e0 titre b\\u00e9n\\u00e9vole et de mani\\u00e8re ind\\u00e9pendante.\",\"url\":\"https:\\\/\\\/fokusisrael.ch\\\/fr\\\/\",\"logo\":{\"@type\":\"ImageObject\",\"url\":\"http:\\\/\\\/fi.localhost\\\/wp-content\\\/uploads\\\/2025\\\/03\\\/fokusisrael_300.jpg\",\"@id\":\"https:\\\/\\\/fokusisrael.ch\\\/fr\\\/actualites\\\/manifestation-antisemite-la-police-de-bale-autorise-un-rassemblement-non-autorise-sur-place\\\/#organizationLogo\"},\"image\":{\"@id\":\"https:\\\/\\\/fokusisrael.ch\\\/fr\\\/actualites\\\/manifestation-antisemite-la-police-de-bale-autorise-un-rassemblement-non-autorise-sur-place\\\/#organizationLogo\"}},{\"@type\":\"Person\",\"@id\":\"https:\\\/\\\/fokusisrael.ch\\\/fr\\\/author\\\/redaktion\\\/#author\",\"url\":\"https:\\\/\\\/fokusisrael.ch\\\/fr\\\/author\\\/redaktion\\\/\",\"name\":\"Redaktion\"},{\"@type\":\"WebPage\",\"@id\":\"https:\\\/\\\/fokusisrael.ch\\\/fr\\\/actualites\\\/manifestation-antisemite-la-police-de-bale-autorise-un-rassemblement-non-autorise-sur-place\\\/#webpage\",\"url\":\"https:\\\/\\\/fokusisrael.ch\\\/fr\\\/actualites\\\/manifestation-antisemite-la-police-de-bale-autorise-un-rassemblement-non-autorise-sur-place\\\/\",\"name\":\"Manifestation antis\\u00e9mite : la police de B\\u00e2le autorise un rassemblement non autoris\\u00e9 sur place - FokusIsrael\",\"description\":\"Malgr\\u00e9 les slogans \\u00ab Mort au sionisme \\u00bb et la symbolique du Hamas, la police de B\\u00e2le a autoris\\u00e9 un rassemblement non d\\u00e9clar\\u00e9. Les critiques \\u00e0 l'\\u00e9gard de l'attitude des autorit\\u00e9s et de la police ne cessent de s'amplifier.\",\"inLanguage\":\"fr-FR\",\"isPartOf\":{\"@id\":\"https:\\\/\\\/fokusisrael.ch\\\/fr\\\/#website\"},\"breadcrumb\":{\"@id\":\"https:\\\/\\\/fokusisrael.ch\\\/fr\\\/actualites\\\/manifestation-antisemite-la-police-de-bale-autorise-un-rassemblement-non-autorise-sur-place\\\/#breadcrumblist\"},\"author\":{\"@id\":\"https:\\\/\\\/fokusisrael.ch\\\/fr\\\/author\\\/redaktion\\\/#author\"},\"creator\":{\"@id\":\"https:\\\/\\\/fokusisrael.ch\\\/fr\\\/author\\\/redaktion\\\/#author\"},\"image\":{\"@type\":\"ImageObject\",\"url\":\"https:\\\/\\\/fokusisrael.ch\\\/wp-content\\\/uploads\\\/2026\\\/08\\\/Basel-Standort-Kundgebung.webp\",\"@id\":\"https:\\\/\\\/fokusisrael.ch\\\/fr\\\/actualites\\\/manifestation-antisemite-la-police-de-bale-autorise-un-rassemblement-non-autorise-sur-place\\\/#mainImage\",\"width\":1024,\"height\":600},\"primaryImageOfPage\":{\"@id\":\"https:\\\/\\\/fokusisrael.ch\\\/fr\\\/actualites\\\/manifestation-antisemite-la-police-de-bale-autorise-un-rassemblement-non-autorise-sur-place\\\/#mainImage\"},\"datePublished\":\"2026-08-30T14:01:04+02:00\",\"dateModified\":\"2026-08-30T14:01:41+02:00\"},{\"@type\":\"WebSite\",\"@id\":\"https:\\\/\\\/fokusisrael.ch\\\/fr\\\/#website\",\"url\":\"https:\\\/\\\/fokusisrael.ch\\\/fr\\\/\",\"name\":\"FokusIsrael\",\"description\":\"FokusIsrael.ch est un collectif suisse engag\\u00e9 \\u00e0 titre b\\u00e9n\\u00e9vole et de mani\\u00e8re ind\\u00e9pendante.\",\"inLanguage\":\"fr-FR\",\"publisher\":{\"@id\":\"https:\\\/\\\/fokusisrael.ch\\\/fr\\\/#organization\"}}]}\n\t\t<\/script>\n\t\t<!-- All in One SEO -->\n\n","aioseo_head_json":{"title":"Manifestation antis\u00e9mite : la police de B\u00e2le autorise un rassemblement non autoris\u00e9 sur place - FokusIsrael","description":"Malgr\u00e9 les slogans \u00ab Mort au sionisme \u00bb et la symbolique du Hamas, la police de B\u00e2le a autoris\u00e9 un rassemblement non d\u00e9clar\u00e9. Les critiques \u00e0 l'\u00e9gard de l'attitude des autorit\u00e9s et de la police ne cessent de s'amplifier.","canonical_url":"https:\/\/fokusisrael.ch\/fr\/actualites\/manifestation-antisemite-la-police-de-bale-autorise-un-rassemblement-non-autorise-sur-place\/","robots":"max-image-preview:large","keywords":"","webmasterTools":{"miscellaneous":""},"schema":{"@context":"https:\/\/schema.org","@graph":[{"@type":"BlogPosting","@id":"https:\/\/fokusisrael.ch\/fr\/actualites\/manifestation-antisemite-la-police-de-bale-autorise-un-rassemblement-non-autorise-sur-place\/#blogposting","name":"Manifestation antis\u00e9mite : la police de B\u00e2le autorise un rassemblement non autoris\u00e9 sur place - FokusIsrael","headline":"Manifestation antis\u00e9mite : la police de B\u00e2le autorise un rassemblement non autoris\u00e9 sur place","author":{"@id":"https:\/\/fokusisrael.ch\/fr\/author\/redaktion\/#author"},"publisher":{"@id":"https:\/\/fokusisrael.ch\/fr\/#organization"},"image":{"@type":"ImageObject","url":"https:\/\/fokusisrael.ch\/wp-content\/uploads\/2026\/08\/Basel-Standort-Kundgebung.webp","width":1024,"height":600},"datePublished":"2026-08-30T14:01:04+02:00","dateModified":"2026-08-30T14:01:41+02:00","inLanguage":"fr-FR","mainEntityOfPage":{"@id":"https:\/\/fokusisrael.ch\/fr\/actualites\/manifestation-antisemite-la-police-de-bale-autorise-un-rassemblement-non-autorise-sur-place\/#webpage"},"isPartOf":{"@id":"https:\/\/fokusisrael.ch\/fr\/actualites\/manifestation-antisemite-la-police-de-bale-autorise-un-rassemblement-non-autorise-sur-place\/#webpage"},"articleSection":"Actualit\u00e9s, Antis\u00e9mitisme, antis\u00e9mitisme, Antisionisme, B\u00e2le, B\u00e2le pour la Palestine, Congr\u00e8s sioniste, D\u00e9monstration, \u00c9tat de droit, Hamas, Hostilit\u00e9 \u00e0 Isra\u00ebl, Isra\u00ebl, manifestation non autoris\u00e9e, Mort au sionisme, Parquet de B\u00e2le-Ville, Place du Th\u00e9\u00e2tre de B\u00e2le, Police cantonale de B\u00e2le-Ville, Sionisme, Symbolique du Hamas, Theodor Herzl, triangle rouge, vie juive, Facultatif"},{"@type":"BreadcrumbList","@id":"https:\/\/fokusisrael.ch\/fr\/actualites\/manifestation-antisemite-la-police-de-bale-autorise-un-rassemblement-non-autorise-sur-place\/#breadcrumblist","itemListElement":[{"@type":"ListItem","@id":"https:\/\/fokusisrael.ch\/fr\/actualites\/#listItem","position":1,"name":"Actualit\u00e9s","item":"https:\/\/fokusisrael.ch\/fr\/actualites\/","nextItem":{"@type":"ListItem","@id":"https:\/\/fokusisrael.ch\/fr\/actualites\/manifestation-antisemite-la-police-de-bale-autorise-un-rassemblement-non-autorise-sur-place\/#listItem","name":"Manifestation antis\u00e9mite : la police de B\u00e2le autorise un rassemblement non autoris\u00e9 sur place"}},{"@type":"ListItem","@id":"https:\/\/fokusisrael.ch\/fr\/actualites\/manifestation-antisemite-la-police-de-bale-autorise-un-rassemblement-non-autorise-sur-place\/#listItem","position":2,"name":"Manifestation antis\u00e9mite : la police de B\u00e2le autorise un rassemblement non autoris\u00e9 sur place","previousItem":{"@type":"ListItem","@id":"https:\/\/fokusisrael.ch\/fr\/actualites\/#listItem","name":"Actualit\u00e9s"}}]},{"@type":"Organization","@id":"https:\/\/fokusisrael.ch\/fr\/#organization","name":"FokusIsrael","description":"FokusIsrael.ch est un collectif suisse engag\u00e9 \u00e0 titre b\u00e9n\u00e9vole et de mani\u00e8re ind\u00e9pendante.","url":"https:\/\/fokusisrael.ch\/fr\/","logo":{"@type":"ImageObject","url":"http:\/\/fi.localhost\/wp-content\/uploads\/2025\/03\/fokusisrael_300.jpg","@id":"https:\/\/fokusisrael.ch\/fr\/actualites\/manifestation-antisemite-la-police-de-bale-autorise-un-rassemblement-non-autorise-sur-place\/#organizationLogo"},"image":{"@id":"https:\/\/fokusisrael.ch\/fr\/actualites\/manifestation-antisemite-la-police-de-bale-autorise-un-rassemblement-non-autorise-sur-place\/#organizationLogo"}},{"@type":"Person","@id":"https:\/\/fokusisrael.ch\/fr\/author\/redaktion\/#author","url":"https:\/\/fokusisrael.ch\/fr\/author\/redaktion\/","name":"Redaktion"},{"@type":"WebPage","@id":"https:\/\/fokusisrael.ch\/fr\/actualites\/manifestation-antisemite-la-police-de-bale-autorise-un-rassemblement-non-autorise-sur-place\/#webpage","url":"https:\/\/fokusisrael.ch\/fr\/actualites\/manifestation-antisemite-la-police-de-bale-autorise-un-rassemblement-non-autorise-sur-place\/","name":"Manifestation antis\u00e9mite : la police de B\u00e2le autorise un rassemblement non autoris\u00e9 sur place - FokusIsrael","description":"Malgr\u00e9 les slogans \u00ab Mort au sionisme \u00bb et la symbolique du Hamas, la police de B\u00e2le a autoris\u00e9 un rassemblement non d\u00e9clar\u00e9. Les critiques \u00e0 l'\u00e9gard de l'attitude des autorit\u00e9s et de la police ne cessent de s'amplifier.","inLanguage":"fr-FR","isPartOf":{"@id":"https:\/\/fokusisrael.ch\/fr\/#website"},"breadcrumb":{"@id":"https:\/\/fokusisrael.ch\/fr\/actualites\/manifestation-antisemite-la-police-de-bale-autorise-un-rassemblement-non-autorise-sur-place\/#breadcrumblist"},"author":{"@id":"https:\/\/fokusisrael.ch\/fr\/author\/redaktion\/#author"},"creator":{"@id":"https:\/\/fokusisrael.ch\/fr\/author\/redaktion\/#author"},"image":{"@type":"ImageObject","url":"https:\/\/fokusisrael.ch\/wp-content\/uploads\/2026\/08\/Basel-Standort-Kundgebung.webp","@id":"https:\/\/fokusisrael.ch\/fr\/actualites\/manifestation-antisemite-la-police-de-bale-autorise-un-rassemblement-non-autorise-sur-place\/#mainImage","width":1024,"height":600},"primaryImageOfPage":{"@id":"https:\/\/fokusisrael.ch\/fr\/actualites\/manifestation-antisemite-la-police-de-bale-autorise-un-rassemblement-non-autorise-sur-place\/#mainImage"},"datePublished":"2026-08-30T14:01:04+02:00","dateModified":"2026-08-30T14:01:41+02:00"},{"@type":"WebSite","@id":"https:\/\/fokusisrael.ch\/fr\/#website","url":"https:\/\/fokusisrael.ch\/fr\/","name":"FokusIsrael","description":"FokusIsrael.ch est un collectif suisse engag\u00e9 \u00e0 titre b\u00e9n\u00e9vole et de mani\u00e8re ind\u00e9pendante.","inLanguage":"fr-FR","publisher":{"@id":"https:\/\/fokusisrael.ch\/fr\/#organization"}}]},"og:locale":"fr_FR","og:site_name":"FokusIsrael - FokusIsrael.ch est un collectif suisse engag\u00e9 \u00e0 titre b\u00e9n\u00e9vole et de mani\u00e8re ind\u00e9pendante.","og:type":"article","og:title":"Manifestation antis\u00e9mite : la police de B\u00e2le autorise un rassemblement non autoris\u00e9 sur place - FokusIsrael","og:description":"Malgr\u00e9 les slogans \u00ab Mort au sionisme \u00bb et la symbolique du Hamas, la police de B\u00e2le a autoris\u00e9 un rassemblement non d\u00e9clar\u00e9. Les critiques \u00e0 l'\u00e9gard de l'attitude des autorit\u00e9s et de la police ne cessent de s'amplifier.","og:url":"https:\/\/fokusisrael.ch\/fr\/actualites\/manifestation-antisemite-la-police-de-bale-autorise-un-rassemblement-non-autorise-sur-place\/","og:image":"https:\/\/fokusisrael.ch\/wp-content\/uploads\/2026\/08\/Basel-Standort-Kundgebung.webp","og:image:secure_url":"https:\/\/fokusisrael.ch\/wp-content\/uploads\/2026\/08\/Basel-Standort-Kundgebung.webp","og:image:width":1024,"og:image:height":600,"article:published_time":"2026-08-30T12:01:04+00:00","article:modified_time":"2026-08-30T12:01:41+00:00","twitter:card":"summary_large_image","twitter:title":"Manifestation antis\u00e9mite : la police de B\u00e2le autorise un rassemblement non autoris\u00e9 sur place - FokusIsrael","twitter:description":"Malgr\u00e9 les slogans \u00ab Mort au sionisme \u00bb et la symbolique du Hamas, la police de B\u00e2le a autoris\u00e9 un rassemblement non d\u00e9clar\u00e9. Les critiques \u00e0 l'\u00e9gard de l'attitude des autorit\u00e9s et de la police ne cessent de s'amplifier.","twitter:image":"https:\/\/fokusisrael.ch\/wp-content\/uploads\/2026\/08\/Basel-Standort-Kundgebung.webp"},"aioseo_meta_data":{"post_id":"10883","title":null,"description":"Malgr\u00e9 les slogans \u00ab Mort au sionisme \u00bb et la symbolique du Hamas, la police de B\u00e2le a autoris\u00e9 un rassemblement non d\u00e9clar\u00e9. Les critiques \u00e0 l'\u00e9gard de l'attitude des autorit\u00e9s et de la police ne cessent de s'amplifier.","keywords":null,"keyphrases":{"focus":{"keyphrase":"","score":0,"analysis":{"keyphraseInTitle":{"score":0,"maxScore":9,"error":1}}},"additional":[]},"primary_term":null,"canonical_url":null,"og_title":null,"og_description":null,"og_object_type":"default","og_image_type":"default","og_image_url":null,"og_image_width":null,"og_image_height":null,"og_image_custom_url":null,"og_image_custom_fields":null,"og_video":"","og_custom_url":null,"og_article_section":null,"og_article_tags":null,"twitter_use_og":false,"twitter_card":"default","twitter_image_type":"default","twitter_image_url":null,"twitter_image_custom_url":null,"twitter_image_custom_fields":null,"twitter_title":null,"twitter_description":null,"schema":{"blockGraphs":[],"customGraphs":[],"default":{"data":{"Article":[],"Course":[],"Dataset":[],"FAQPage":[],"Movie":[],"Person":[],"Product":[],"ProductReview":[],"Car":[],"Recipe":[],"Service":[],"SoftwareApplication":[],"WebPage":[]},"graphName":"BlogPosting","isEnabled":true},"graphs":[]},"schema_type":"default","schema_type_options":null,"pillar_content":false,"robots_default":true,"robots_noindex":false,"robots_noarchive":false,"robots_nosnippet":false,"robots_nofollow":false,"robots_noimageindex":false,"robots_noodp":false,"robots_notranslate":false,"robots_max_snippet":"-1","robots_max_videopreview":"-1","robots_max_imagepreview":"large","priority":null,"frequency":"default","local_seo":null,"breadcrumb_settings":null,"limit_modified_date":false,"ai":{"faqs":[],"keyPoints":[],"schemas":[],"titles":[],"descriptions":[],"socialPosts":{"email":{"subject":"","preview":"","content":""},"linkedin":[],"twitter":[],"facebook":[],"instagram":[]}},"created":"2026-08-30 12:01:40","updated":"2026-08-30 12:02:14","seo_analyzer_scan_date":null,"focus_keyword":null,"additional_keywords":null,"truseo_locale":null},"aioseo_breadcrumb":"<div class=\"aioseo-breadcrumbs\"><span class=\"aioseo-breadcrumb\">\n\t\t\t<a href=\"https:\/\/fokusisrael.ch\/fr\/actualites\/\" title=\"Actualit\u00e9s\">Actualit\u00e9s<\/a>\n\t\t<\/span><span class=\"aioseo-breadcrumb-separator\">\u00bb<\/span><span class=\"aioseo-breadcrumb\">\n\t\t\tManifestation antis\u00e9mite : la police de B\u00e2le autorise un rassemblement non autoris\u00e9 sur place\n\t\t<\/span><\/div>","aioseo_breadcrumb_json":[{"label":"Actualit\u00e9s","link":"https:\/\/fokusisrael.ch\/fr\/actualites\/"},{"label":"Manifestation antis\u00e9mite : la police de B\u00e2le autorise un rassemblement non autoris\u00e9 sur place","link":"https:\/\/fokusisrael.ch\/fr\/actualites\/manifestation-antisemite-la-police-de-bale-autorise-un-rassemblement-non-autorise-sur-place\/"}],"_links":{"self":[{"href":"https:\/\/fokusisrael.ch\/fr\/wp-json\/wp\/v2\/posts\/10883","targetHints":{"allow":["GET"]}}],"collection":[{"href":"https:\/\/fokusisrael.ch\/fr\/wp-json\/wp\/v2\/posts"}],"about":[{"href":"https:\/\/fokusisrael.ch\/fr\/wp-json\/wp\/v2\/types\/post"}],"author":[{"embeddable":true,"href":"https:\/\/fokusisrael.ch\/fr\/wp-json\/wp\/v2\/users\/2"}],"replies":[{"embeddable":true,"href":"https:\/\/fokusisrael.ch\/fr\/wp-json\/wp\/v2\/comments?post=10883"}],"version-history":[{"count":1,"href":"https:\/\/fokusisrael.ch\/fr\/wp-json\/wp\/v2\/posts\/10883\/revisions"}],"predecessor-version":[{"id":10885,"href":"https:\/\/fokusisrael.ch\/fr\/wp-json\/wp\/v2\/posts\/10883\/revisions\/10885"}],"wp:featuredmedia":[{"embeddable":true,"href":"https:\/\/fokusisrael.ch\/fr\/wp-json\/wp\/v2\/media\/10884"}],"wp:attachment":[{"href":"https:\/\/fokusisrael.ch\/fr\/wp-json\/wp\/v2\/media?parent=10883"}],"wp:term":[{"taxonomy":"category","embeddable":true,"href":"https:\/\/fokusisrael.ch\/fr\/wp-json\/wp\/v2\/categories?post=10883"},{"taxonomy":"post_tag","embeddable":true,"href":"https:\/\/fokusisrael.ch\/fr\/wp-json\/wp\/v2\/tags?post=10883"}],"curies":[{"name":"wp","href":"https:\/\/api.w.org\/{rel}","templated":true}]}}