{"id":10830,"date":"2026-08-28T14:17:06","date_gmt":"2026-08-28T12:17:06","guid":{"rendered":"https:\/\/fokusisrael.ch\/non-categorise\/benny-gantz-lancien-general-qui-a-fait-trop-confiance-a-netanyahou-et-qui-se-bat-desormais-pour-sa-survie-politique\/"},"modified":"2026-08-28T15:06:35","modified_gmt":"2026-08-28T13:06:35","slug":"benny-gantz-lancien-general-qui-a-fait-trop-confiance-a-netanyahou-et-qui-se-bat-desormais-pour-sa-survie-politique","status":"publish","type":"post","link":"https:\/\/fokusisrael.ch\/fr\/actualites\/benny-gantz-lancien-general-qui-a-fait-trop-confiance-a-netanyahou-et-qui-se-bat-desormais-pour-sa-survie-politique\/","title":{"rendered":"Benny Gantz : l&rsquo;ancien g\u00e9n\u00e9ral qui a fait trop confiance \u00e0 Netanyahou et qui se bat d\u00e9sormais pour sa survie politique"},"content":{"rendered":"\n<p class=\"wp-block-paragraph\"><strong>\u00c0 l&rsquo;approche des \u00e9lections l\u00e9gislatives isra\u00e9liennes du 27 octobre, FokusIsrael.ch vous pr\u00e9sente les principales figures politiques de l&rsquo;\u00c9tat juif. Cette semaine : Benny Gantz, de l&rsquo;alliance \u00ab Bleu-Blanc \u00bb.<\/strong><\/p>\n\n<p class=\"wp-block-paragraph\">Par Jan Kapusnak<\/p>\n\n<p class=\"wp-block-paragraph\">Benny Gantz a fait son entr\u00e9e dans la vie politique isra\u00e9lienne en d\u00e9cembre 2018, pr\u00e9sent\u00e9 comme l\u2019homme appel\u00e9 \u00e0 succ\u00e9der \u00e0 Benjamin Netanyahu. Huit ans plus tard, il se bat simplement pour sa survie politique.<\/p>\n\n<p class=\"wp-block-paragraph\">En tant qu\u2019ancien chef des Forces de d\u00e9fense isra\u00e9liennes (FDI) et ministre de la D\u00e9fense, M. Gantz a apport\u00e9 \u00e0 la vie politique une grande exp\u00e9rience en mati\u00e8re de s\u00e9curit\u00e9 et une r\u00e9putation de mod\u00e9ration. Mais il s&rsquo;est r\u00e9v\u00e9l\u00e9 politiquement na\u00eff \u00e0 des moments d\u00e9cisifs. Il s&rsquo;est fi\u00e9 \u00e0 des accords que Netanyahou consid\u00e9rait comme des man\u0153uvres tactiques visant \u00e0 assurer sa propre survie politique. Ainsi, Gantz a pris des d\u00e9cisions contestables et a laiss\u00e9 passer \u00e0 plusieurs reprises des opportunit\u00e9s politiques.<\/p>\n\n<p class=\"wp-block-paragraph\">Gantz a fond\u00e9 en 2018 le \u00ab Parti de la r\u00e9silience d&rsquo;Isra\u00ebl \u00bb (Israel Resilience Party), qui est rapidement devenu le noyau de l&rsquo;alliance plus large \u00ab Bleu-Blanc \u00bb. Aujourd\u2019hui, \u00abBleu-Blanc\u00bb occupe le centre de la sc\u00e8ne politique isra\u00e9lienne et allie la s\u00e9curit\u00e9 nationale au sionisme lib\u00e9ral, au soutien des institutions d\u00e9mocratiques et \u00e0 une pr\u00e9f\u00e9rence pour de larges gouvernements d\u2019union nationale.  <\/p>\n\n<p class=\"wp-block-paragraph\">Par ailleurs, l&rsquo;alliance de Benny Gantz pr\u00f4ne une plus grande \u00e9galit\u00e9 dans le service militaire et civil. De plus, cette alliance rejette tant les ambitions annexionnistes de l&rsquo;extr\u00eame droite concernant la Cisjordanie que les compromis territoriaux de plus grande envergure propos\u00e9s par la gauche traditionnelle. Le parti a toutefois perdu une grande partie de son attrait \u00e9lectoral, car d\u2019autres coalitions politiques centristes et leurs dirigeants lui font concurrence.<\/p>\n\n<h3 class=\"wp-block-heading\"><strong>De g\u00e9n\u00e9ral \u00e0 challenger de Netanyahou<\/strong><\/h3>\n\n<p class=\"wp-block-paragraph\">Benny Gantz est n\u00e9 en 1959 \u00e0 Kfar Ahim, dans le sud d\u2019Isra\u00ebl. Sa m\u00e8re a surv\u00e9cu \u00e0 l\u2019Holocauste apr\u00e8s avoir \u00e9t\u00e9 d\u00e9tenue au camp de concentration de Bergen-Belsen ; son p\u00e8re avait \u00e9migr\u00e9 d\u2019Europe de l\u2019Est vers Isra\u00ebl.<\/p>\n\n<p class=\"wp-block-paragraph\">Gantz s&rsquo;est engag\u00e9 en 1977 dans les Forces de d\u00e9fense isra\u00e9liennes (FDI) en tant que parachutiste et a pass\u00e9 pr\u00e8s de quatre d\u00e9cennies en uniforme. Il a command\u00e9 la brigade de parachutistes, la division de Jud\u00e9e-Samarie ainsi que le commandement du Nord, a occup\u00e9 le poste d\u2019attach\u00e9 militaire \u00e0 Washington et est devenu chef d\u2019\u00e9tat-major de l\u2019arm\u00e9e isra\u00e9lienne en 2011. C&rsquo;est sous son mandat qu&rsquo;ont eu lieu l&rsquo;op\u00e9ration militaire \u00ab Pillar of Defense \u00bb contre le Hamas en 2012 et l&rsquo;op\u00e9ration \u00ab Protective Edge \u00bb \u00e0 Gaza en 2014.<\/p>\n\n<p class=\"wp-block-paragraph\">Lorsque Gantz a fait son entr\u00e9e en politique fin 2018, Isra\u00ebl \u00e9tait profond\u00e9ment divis\u00e9 en raison de Benjamin Netanyahou, qui avait domin\u00e9 la sc\u00e8ne politique du pays pendant une d\u00e9cennie. \u00c0 plusieurs reprises, l\u2019opposition n\u2019avait pas r\u00e9ussi \u00e0 pr\u00e9senter un candidat capable d\u2019attirer les \u00e9lecteurs au-del\u00e0 du centre-gauche. Gantz semblait d\u00e9sormais \u00eatre l\u2019homme de la situation.<\/p>\n\n<p class=\"wp-block-paragraph\">Avant les \u00e9lections d&rsquo;avril 2019, son parti \u00ab Israel Resilience \u00bb s&rsquo;est associ\u00e9 \u00e0 \u00ab Yesh Atid \u00bb de Yair Lapid et \u00e0 \u00ab Telem \u00bb de Moshe Ya&rsquo;alon pour former l&rsquo;alliance \u00ab Bleu-Blanc \u00bb. Cette alliance avait d\u00e9lib\u00e9r\u00e9ment \u00e9t\u00e9 con\u00e7ue pour \u00eatre large. Le principal principe f\u00e9d\u00e9rateur \u00e9tait de remplacer Netanyahou tout en conservant un centre politique ax\u00e9 sur la s\u00e9curit\u00e9.<\/p>\n\n<p class=\"wp-block-paragraph\">Au d\u00e9part, cette strat\u00e9gie s\u2019est av\u00e9r\u00e9e fructueuse. En avril 2019, \u00ab Bleu-Blanc \u00bb a remport\u00e9 35 si\u00e8ges au Parlement isra\u00e9lien (la Knesset), soit autant que le Likoud de Netanyahou. Mais la formation d\u2019un gouvernement a \u00e9chou\u00e9. Lors des \u00e9lections qui ont suivi en septembre 2019, \u00abBleu-Blanc\u00bb a remport\u00e9 33 si\u00e8ges contre 32 pour le Likoud, devenant ainsi le premier parti de la Knesset. En l\u2019espace de quelques mois, Gantz \u00e9tait pass\u00e9 du statut de nouveau venu en politique \u00e0 celui de principal challenger de Netanyahu. Il n\u2019a toutefois pas r\u00e9ussi \u00e0 constituer la majorit\u00e9 parlementaire n\u00e9cessaire \u00e0 la formation d\u2019un gouvernement.<\/p>\n\n<h3 class=\"wp-block-heading\"><a><\/a><strong>L\u2019accord conclu avec Netanyahou a marqu\u00e9 le d\u00e9but de son d\u00e9clin<\/strong><\/h3>\n\n<p class=\"wp-block-paragraph\">La crise politique de 2020 a mis en \u00e9vidence la plus grande faiblesse de Gantz. Apr\u00e8s un troisi\u00e8me scrutin infructueux, Isra\u00ebl se trouvait dans une impasse politique et faisait face aux premiers jours de la pand\u00e9mie de COVID-19. Gantz avait promis \u00e0 plusieurs reprises de ne pas servir sous les ordres de Netanyahou tant que celui-ci ferait l&rsquo;objet de poursuites p\u00e9nales. Mais il a chang\u00e9 d&rsquo;avis et a accept\u00e9 de former avec lui un gouvernement d&rsquo;union nationale d&rsquo;urgence.<\/p>\n\n<p class=\"wp-block-paragraph\">Un principe de rotation avait \u00e9t\u00e9 pr\u00e9vu \u00e0 cet effet. Selon ce principe, Netanyahu devait dans un premier temps rester Premier ministre, tandis que Gantz devenait Premier ministre suppl\u00e9ant et ministre de la D\u00e9fense. En novembre 2021, Gantz devait alors lui succ\u00e9der.  <\/p>\n\n<p class=\"wp-block-paragraph\">Cette d\u00e9cision a entra\u00een\u00e9 la dissolution de \u00ab Bleu-Blanc \u00bb. Lapid et Ya&rsquo;alon ont refus\u00e9 de rejoindre le gouvernement et ont reproch\u00e9 \u00e0 Gantz d&rsquo;avoir rompu la promesse centrale sur laquelle l&rsquo;alliance avait fond\u00e9 sa campagne.<\/p>\n\n<p class=\"wp-block-paragraph\">Gantz a d\u00e9fendu sa d\u00e9cision en la qualifiant d\u2019acte de responsabilit\u00e9 nationale en temps de crise. Cela refl\u00e9tait une caract\u00e9ristique r\u00e9currente de sa politique : Gantz a tendance \u00e0 consid\u00e9rer les compromis et la stabilit\u00e9 institutionnelle comme des vertus, m\u00eame lorsque ses adversaires m\u00e8nent avant tout une lutte pour le pouvoir.<\/p>\n\n<p class=\"wp-block-paragraph\">Netanyahu s&rsquo;est alors r\u00e9v\u00e9l\u00e9 \u00eatre l&rsquo;acteur le plus habile. La coalition gouvernementale s&rsquo;est effondr\u00e9e en d\u00e9cembre 2020, apr\u00e8s l&rsquo;\u00e9chec de l&rsquo;adoption du budget de l&rsquo;\u00c9tat. Cela a emp\u00each\u00e9 la rotation des postes et Gantz n&rsquo;est jamais devenu Premier ministre.<\/p>\n\n<p class=\"wp-block-paragraph\">Les r\u00e9percussions politiques ont \u00e9t\u00e9 consid\u00e9rables. Le parti \u00ab Bleu-Blanc \u00bb est pass\u00e9 de 33 si\u00e8ges en 2020 \u00e0 seulement huit si\u00e8ges lors des \u00e9lections de mars 2021. De nombreux \u00e9lecteurs oppos\u00e9s \u00e0 Netanyahou \u00e9taient parvenus \u00e0 la conclusion que Gantz \u00e9tait certes digne de confiance, mais pas assez avis\u00e9 pour tenir t\u00eate \u00e0 l\u2019acteur politique le plus exp\u00e9riment\u00e9 d\u2019Isra\u00ebl. <\/p>\n\n<h3 class=\"wp-block-heading\"><a><\/a><strong>Le ministre de la D\u00e9fense centriste<\/strong><\/h3>\n\n<p class=\"wp-block-paragraph\">Il a n\u00e9anmoins surv\u00e9cu. Gantz est rest\u00e9 ministre de la D\u00e9fense au sein de la large coalition form\u00e9e en 2021 par Naftali Bennett et Yair Lapid. Il a men\u00e9 une politique de s\u00e9curit\u00e9 pragmatique, a exerc\u00e9 des pressions sur l\u2019Iran et ses mandataires r\u00e9gionaux, et a soutenu les relations strat\u00e9giques \u00e9tablies gr\u00e2ce aux accords d\u2019Abraham avec divers pays arabes. <\/p>\n\n<p class=\"wp-block-paragraph\">M. Gantz a \u00e9galement rencontr\u00e9 le pr\u00e9sident de l\u2019Autorit\u00e9 palestinienne, Mahmoud Abbas. Il a fait valoir que la coop\u00e9ration avec les dirigeants palestiniens servait les int\u00e9r\u00eats d\u2019Isra\u00ebl en mati\u00e8re de s\u00e9curit\u00e9, m\u00eame en l\u2019absence de progr\u00e8s vers un accord de paix d\u00e9finitif.<\/p>\n\n<p class=\"wp-block-paragraph\">La position de Gantz vis-\u00e0-vis des Palestiniens refl\u00e8te son centrisme plus g\u00e9n\u00e9ral. Gantz n\u2019est ni partisan d\u2019une cr\u00e9ation imm\u00e9diate d\u2019un \u00c9tat palestinien, ni partisan d\u2019une annexion permanente de la Cisjordanie. Il pr\u00f4ne la pr\u00e9servation de la libert\u00e9 d\u2019action et de la s\u00e9curit\u00e9 d\u2019Isra\u00ebl, tout en souhaitant pr\u00e9server la possibilit\u00e9 d\u2019une s\u00e9paration politique avec les Palestiniens. C\u2019est pourquoi il rejette le programme d\u2019annexion associ\u00e9 \u00e0 Bezalel Smotrich et \u00e0 une partie du mouvement des colons. En revanche, il se montre nettement plus prudent que la gauche isra\u00e9lienne traditionnelle face aux propositions de retrait territorial.<\/p>\n\n<p class=\"wp-block-paragraph\">Sur le plan int\u00e9rieur, M. Gantz soutient l&rsquo;ind\u00e9pendance du pouvoir judiciaire et s&rsquo;est oppos\u00e9 \u00e0 la r\u00e9forme judiciaire de M. Netanyahu. Cependant, comme \u00e0 son habitude, il a \u00e9galement pris part \u00e0 des n\u00e9gociations avec le gouvernement afin de trouver un compromis. Ses partisans y ont vu la preuve que, pour Gantz, la responsabilit\u00e9 envers le pays est une priorit\u00e9. Ses d\u00e9tracteurs lui ont reproch\u00e9 de se laisser une nouvelle fois mener en bateau par Netanyahou en raison de sa disposition \u00e0 n\u00e9gocier.<\/p>\n\n<h3 class=\"wp-block-heading\"><a><\/a><strong>Le 7 octobre et, une fois de plus, Netanyahu<\/strong><\/h3>\n\n<p class=\"wp-block-paragraph\">Le massacre perp\u00e9tr\u00e9 le 7 octobre 2023 \u00e0 Gaza par le Hamas et ses partisans a offert une nouvelle opportunit\u00e9 politique \u00e0 Gantz. Bien qu\u2019il f\u00fbt l\u2019un des principaux adversaires de Netanyahu, il a rejoint, peu apr\u00e8s l\u2019attaque terroriste, un gouvernement d\u2019urgence dirig\u00e9 par ce dernier. Aux c\u00f4t\u00e9s de l\u2019ancien chef d\u2019\u00e9tat-major de l\u2019arm\u00e9e isra\u00e9lienne, Gadi Eisenkot, il est devenu membre du petit cabinet de guerre.<\/p>\n\n<p class=\"wp-block-paragraph\">Dans un premier temps, cette d\u00e9cision l\u2019a consid\u00e9rablement renforc\u00e9. \u00c0 un moment marqu\u00e9 par des traumatismes nationaux, Gantz est apparu comme un homme exp\u00e9riment\u00e9, r\u00e9serv\u00e9 et concentr\u00e9 sur la guerre plut\u00f4t que sur la politique partisane. Pendant des mois, les sondages ont montr\u00e9 que son alliance \u00ab National Unity \u00bb (Unit\u00e9 nationale) devan\u00e7ait le \u00ab Likoud \u00bb de Netanyahu. Mais cet accord a raviv\u00e9 un vieux probl\u00e8me : Gantz partageait la responsabilit\u00e9 des d\u00e9cisions gouvernementales sans contr\u00f4ler la strat\u00e9gie globale.<\/p>\n\n<p class=\"wp-block-paragraph\">Au cours de la guerre, les divergences d\u2019opinion se sont accentu\u00e9es concernant les otages, la future administration de Gaza et le refus de M. Netanyahu de d\u00e9finir une strat\u00e9gie d\u2019apr\u00e8s-guerre claire. En mai 2024, Gantz a lanc\u00e9 un ultimatum et exig\u00e9 un plan global comprenant la lib\u00e9ration des otages, la destitution du Hamas, la mise en place d\u2019une administration alternative \u00e0 Gaza et la normalisation des relations avec l\u2019Arabie saoudite.<\/p>\n\n<p class=\"wp-block-paragraph\">Netanyahu n&rsquo;ayant pas acc\u00e9d\u00e9 \u00e0 ses demandes, Gantz a d\u00e9missionn\u00e9 du gouvernement en juin 2024, reprochant \u00e0 Netanyahu d&rsquo;avoir emp\u00each\u00e9 Isra\u00ebl de remporter la \u00ab v\u00e9ritable victoire \u00bb. Mais cette d\u00e9mission s&rsquo;est \u00e9galement av\u00e9r\u00e9e co\u00fbteuse sur le plan politique. Ses d\u00e9tracteurs lui ont reproch\u00e9 d\u2019\u00eatre rest\u00e9 trop longtemps. Gantz lui-m\u00eame a admis en 2026 que son d\u00e9part du gouvernement d\u2019urgence avait \u00e9t\u00e9 une erreur.<\/p>\n\n<h3 class=\"wp-block-heading\"><strong>D\u00e9pass\u00e9 par Eisenkot<\/strong><\/h3>\n\n<p class=\"wp-block-paragraph\">Le coup le plus dur pour Benny Gantz est toutefois venu de son propre camp politique. Gadi Eisenkot, un autre ancien chef d&rsquo;\u00e9tat-major de l&rsquo;arm\u00e9e isra\u00e9lienne, avait rejoint Gantz avant les \u00e9lections de 2022 et si\u00e9geait par la suite \u00e0 ses c\u00f4t\u00e9s au sein du cabinet de guerre. Au d\u00e9but, les deux g\u00e9n\u00e9raux semblaient se compl\u00e9ter, mais lorsque la popularit\u00e9 de Gantz a d\u00e9clin\u00e9, son ancien partenaire s&rsquo;est de plus en plus impos\u00e9 comme une figure politique \u00e0 part enti\u00e8re. Finalement, leur alliance s&rsquo;est rompue et Eisenkot a fond\u00e9 le parti \u00ab Yashar \u00bb (Sinc\u00e8re), qui s&rsquo;est rapidement impos\u00e9 comme une force majeure au centre de la sc\u00e8ne politique isra\u00e9lienne.<\/p>\n\n<p class=\"wp-block-paragraph\">D\u2019apr\u00e8s les derniers sondages \u00e9lectoraux, Eisenkot, avec \u00ab Yashar \u00bb, devance actuellement Netanyahou et le \u00ab Likoud \u00bb. En revanche, Gantz, avec \u00ab Bleu-Blanc \u00bb, se situe encore bien en de\u00e7\u00e0 du seuil \u00e9lectoral de 3,25 % dont l\u2019alliance a besoin pour faire \u00e0 nouveau son entr\u00e9e \u00e0 la Knesset.<\/p>\n\n<p class=\"wp-block-paragraph\">En effet, Gantz est aujourd\u2019hui confront\u00e9 \u00e0 un paysage politique tr\u00e8s diff\u00e9rent de celui des \u00e9lections de 2019. Aujourd\u2019hui, Eisenkot lui fait concurrence pour les \u00e9lecteurs centristes soucieux de la s\u00e9curit\u00e9. Bennett et Lapid se sont regroup\u00e9s au sein de \u00ab Together \u00bb (Ensemble). Les d\u00e9mocrates de Yair Golan ont consolid\u00e9 une grande partie de la gauche sioniste. Et Avigdor Lieberman b\u00e9n\u00e9ficie du soutien d\u2019un \u00e9lectorat la\u00efc de droite.  <\/p>\n\n<p class=\"wp-block-paragraph\">Les particularit\u00e9s politiques qui caract\u00e9risaient autrefois Gantz sont aujourd\u2019hui \u00e9galement le fait d\u2019autres personnalit\u00e9s : Bennett s\u00e9duit les \u00e9lecteurs de droite mod\u00e9r\u00e9e, Lapid dispose d\u2019une base lib\u00e9rale fid\u00e8le, et Eisenkot a conquis une grande partie du centre soucieux de la s\u00e9curit\u00e9. Par cons\u00e9quent, il n\u2019existe pratiquement plus aucun groupe d\u2019\u00e9lecteurs que seul Gantz parvienne \u00e0 s\u00e9duire, et \u00abBleu-Blanc\u00bb, autrefois l\u2019un des deux partis dominants d\u2019Isra\u00ebl, lutte pour sa survie.<\/p>\n\n<h3 class=\"wp-block-heading\"><a><\/a><strong>Toujours en qu\u00eate d\u2019unit\u00e9 nationale<\/strong><\/h3>\n\n<p class=\"wp-block-paragraph\">Gantz continue n\u00e9anmoins de d\u00e9fendre le principe qui a marqu\u00e9 une grande partie de sa carri\u00e8re politique : l\u2019unit\u00e9 nationale avant la politique partisane. En janvier 2026, il a d\u00e9clar\u00e9 qu\u2019il \u00e9tait pr\u00eat \u00e0 si\u00e9ger dans un nouveau gouvernement aux c\u00f4t\u00e9s de Netanyahou si cela permettait d\u2019emp\u00eacher la formation d\u2019une coalition d\u00e9pendant d\u2019extr\u00e9mistes politiques (tels qu\u2019Itamar Ben-Gvir et Bezalel Smotrich actuellement). Cela correspond \u00e0 la conviction de Gantz selon laquelle les divisions internes actuelles d\u2019Isra\u00ebl sont devenues une menace pour la s\u00e9curit\u00e9 nationale et qu\u2019une large coalition sioniste pourrait r\u00e9tablir la stabilit\u00e9.<\/p>\n\n<p class=\"wp-block-paragraph\">M. Ganz a \u00e9galement adopt\u00e9 une position claire concernant le service militaire des Haredim : il s&rsquo;oppose aux lois pr\u00e9voyant des d\u00e9rogations \u00e9tendues au service militaire pour les hommes ultra-orthodoxes. Il fait valoir qu&rsquo;Isra\u00ebl ne peut continuer \u00e0 faire peser de mani\u00e8re disproportionn\u00e9e le fardeau du service militaire sur les autres segments de la soci\u00e9t\u00e9.<\/p>\n\n<p class=\"wp-block-paragraph\">Cependant, sa volont\u00e9 persistante de coop\u00e9rer avec Netanyahou reste politiquement risqu\u00e9e pour Gantz. De nombreux \u00e9lecteurs qui l\u2019ont soutenu en 2019 et en 2020 n\u2019ont pas oubli\u00e9 l\u2019\u00e9chec de l\u2019accord de rotation. Ce que Gantz consid\u00e8re comme un sens des responsabilit\u00e9s, ils le per\u00e7oivent comme une incapacit\u00e9 \u00e0 tirer les le\u00e7ons de l\u2019exp\u00e9rience.<\/p>\n\n<h3 class=\"wp-block-heading\"><strong>Un g\u00e9n\u00e9ral sans arm\u00e9e<\/strong><\/h3>\n\n<p class=\"wp-block-paragraph\">Le d\u00e9clin de Gantz est tragique, car ses qualifications restent impressionnantes. Il a occup\u00e9 les fonctions de chef d\u2019\u00e9tat-major des Forces de d\u00e9fense isra\u00e9liennes (FDI), de ministre de la D\u00e9fense, de vice-Premier ministre et de membre du cabinet de guerre. De plus, il a toujours conserv\u00e9 un style politique mod\u00e9r\u00e9, largement exempt des provocations id\u00e9ologiques qui caract\u00e9risent g\u00e9n\u00e9ralement la politique isra\u00e9lienne.<\/p>\n\n<p class=\"wp-block-paragraph\">Benny Gantz a ainsi failli, \u00e0 une \u00e9poque, \u00e9vincer Netanyahou de son poste de Premier ministre. Mais huit ans apr\u00e8s ses d\u00e9buts en politique, l\u2019ancien g\u00e9n\u00e9ral ne cherche plus \u00e0 vaincre Netanyahou, mais simplement \u00e0 rester \u00e0 la Knesset.<\/p>\n\n<h4 class=\"wp-block-heading\"><strong>Portraits d\u00e9j\u00e0 publi\u00e9s<\/strong><\/h4>\n\n<p class=\"wp-block-paragraph\"><a href=\"https:\/\/fokusisrael.ch\/fr\/actualites\/benjamin-netanyahu-de-marionnettiste-a-marionnette-mais-pas-encore-vaincu\/\"><strong>Benjamin Netanyahu : de l\u2019homme de l\u2019ombre \u00e0 la marionnette \u2013 mais pas encore vaincu &#8211; FokusIsrael<\/strong><\/a><strong><\/strong><\/p>\n\n<p class=\"wp-block-paragraph\"><a href=\"https:\/\/fokusisrael.ch\/fr\/actualites\/bezalel-smotrich-dactiviste-marginal-a-figure-influente-de-la-coalition\/\"><strong>Bezalel Smotrich : d\u2019activiste marginal \u00e0 homme politique influent au sein de la coalition \u2013 FokusIsrael<\/strong><\/a><\/p>\n\n<p class=\"wp-block-paragraph\"><a href=\"https:\/\/fokusisrael.ch\/fr\/actualites\/itamar-ben-gvir-de-partisan-du-terrorisme-a-faiseur-de-rois\/\"><strong>Itamar Ben-Gvir : du partisan du terrorisme au faiseur de rois \u2013 FokusIsrael<\/strong><\/a><\/p>\n\n<p class=\"wp-block-paragraph\"><a href=\"https:\/\/fokusisrael.ch\/fr\/actualites\/deri-goldknopf-gafni-des-dirigeants-de-minorites-ultra-orthodoxes-dotes-dune-influence-demesuree\/\"><strong>Deri, Goldknopf, Gafni : des chefs de file des minorit\u00e9s ultra-orthodoxes dot\u00e9s d\u2019une influence d\u00e9mesur\u00e9e \u2013 FokusIsrael<\/strong><\/a><\/p>\n\n<p class=\"wp-block-paragraph\"><a href=\"https:\/\/fokusisrael.ch\/fr\/actualites\/gadi-eisenkot-lancien-general-qui-veut-battre-netanyahou\/\"><strong>Gadi Eisenkot : l&rsquo;ancien g\u00e9n\u00e9ral qui veut battre Netanyahou &#8211; FokusIsrael<\/strong><\/a><\/p>\n\n<p class=\"wp-block-paragraph\"><a href=\"https:\/\/fokusisrael.ch\/fr\/actualites\/naftali-bennett-parviendra-t-il-a-battre-le-premier-ministre-netanyahou-pour-la-deuxieme-fois\/\"><strong>Naftali Bennett parviendra-t-il \u00e0 battre le Premier ministre Netanyahou une deuxi\u00e8me fois ? &#8211; FokusIsrael<\/strong><\/a><\/p>\n\n<p class=\"wp-block-paragraph\"><a href=\"https:\/\/fokusisrael.ch\/fr\/actualites\/yair-lapid-de-star-de-la-television-a-rival-acharne-de-netanyahou\/\"><strong>Yair Lapid : de star de la t\u00e9l\u00e9vision \u00e0 rival acharn\u00e9 de Netanyahu &#8211; FokusIsrael<\/strong><\/a><strong><\/strong><\/p>\n\n<hr class=\"wp-block-separator has-alpha-channel-opacity\"\/>\n\n<p class=\"wp-block-paragraph\">Jan Kapusnak est analyste politique et auteur. Il vit \u00e0 Tel-Aviv.<\/p>\n","protected":false},"excerpt":{"rendered":"<p>\u00c0 l&rsquo;approche des \u00e9lections l\u00e9gislatives isra\u00e9liennes du 27 octobre, FokusIsrael.ch vous pr\u00e9sente les principales figures politiques de l&rsquo;\u00c9tat juif. Cette semaine : Benny Gantz, de l&rsquo;alliance \u00ab Bleu-Blanc \u00bb. Par Jan Kapusnak Benny Gantz a fait son entr\u00e9e dans la vie politique isra\u00e9lienne en d\u00e9cembre 2018, pr\u00e9sent\u00e9 comme l\u2019homme appel\u00e9 \u00e0 succ\u00e9der \u00e0 Benjamin Netanyahu. [&hellip;]<\/p>\n","protected":false},"author":2,"featured_media":10831,"comment_status":"closed","ping_status":"closed","sticky":false,"template":"","format":"standard","meta":{"_hide_socialbar":"","footnotes":""},"categories":[428],"tags":[50,1157,364,5260,5726,5729,5273,4938,5161,5005,407,1765,5139,1771,19,1969,8,1625,1307,1201,5727,3969,5114,3983,5508,5157,5728,5251],"class_list":["post-10830","post","type-post","status-publish","format-standard","has-post-thumbnail","hentry","category-actualites","tag-7-oktober","tag-autorite-palestinienne","tag-benjamin-netanyahu","tag-benny-gantz","tag-bleu-et-blanc","tag-cabinet-de-guerre","tag-chef-detat-major-general","tag-elections-a-la-knesset","tag-elections-israeliennes","tag-elections-legislatives","tag-fil","tag-focusisrael","tag-gadi-eisenkot","tag-guerre-de-gaza","tag-hamas","tag-haredim","tag-israel","tag-jan-kapusnak","tag-knesset","tag-likoud","tag-ministre-de-la-defense","tag-naftali-bennett","tag-politique-de-coalition","tag-politique-israelienne","tag-reforme-de-la-justice","tag-service-militaire-obligatoire","tag-unite-nationale","tag-yashar"],"aioseo_notices":[],"aioseo_head":"\n\t\t<!-- All in One SEO 5.0.1.1 - aioseo.com -->\n\t<meta name=\"description\" content=\"Benny Gantz souhaitait succ\u00e9der \u00e0 Netanyahou au poste de Premier ministre. Aujourd\u2019hui, l\u2019ancien chef d\u2019\u00e9tat-major de l\u2019arm\u00e9e isra\u00e9lienne se bat aux c\u00f4t\u00e9s du parti \u00ab Bleu-Blanc \u00bb pour assurer sa survie politique.\" \/>\n\t<meta name=\"robots\" content=\"max-image-preview:large\" \/>\n\t<meta name=\"author\" content=\"Redaktion\"\/>\n\t<link rel=\"canonical\" href=\"https:\/\/fokusisrael.ch\/fr\/actualites\/benny-gantz-lancien-general-qui-a-fait-trop-confiance-a-netanyahou-et-qui-se-bat-desormais-pour-sa-survie-politique\/\" \/>\n\t<meta name=\"generator\" content=\"All in One SEO (AIOSEO) 5.0.1.1\" \/>\n\t\t<meta property=\"og:locale\" content=\"fr_FR\" \/>\n\t\t<meta property=\"og:site_name\" content=\"FokusIsrael - FokusIsrael.ch est un collectif suisse engag\u00e9 \u00e0 titre b\u00e9n\u00e9vole et de mani\u00e8re ind\u00e9pendante.\" \/>\n\t\t<meta property=\"og:type\" content=\"article\" \/>\n\t\t<meta property=\"og:title\" content=\"Benny Gantz : l\u2019ancien g\u00e9n\u00e9ral qui a fait trop confiance \u00e0 Netanyahou et qui se bat d\u00e9sormais pour sa survie politique - FokusIsrael\" \/>\n\t\t<meta property=\"og:description\" content=\"Benny Gantz souhaitait succ\u00e9der \u00e0 Netanyahou au poste de Premier ministre. Aujourd\u2019hui, l\u2019ancien chef d\u2019\u00e9tat-major de l\u2019arm\u00e9e isra\u00e9lienne se bat aux c\u00f4t\u00e9s du parti \u00ab Bleu-Blanc \u00bb pour assurer sa survie politique.\" \/>\n\t\t<meta property=\"og:url\" content=\"https:\/\/fokusisrael.ch\/fr\/actualites\/benny-gantz-lancien-general-qui-a-fait-trop-confiance-a-netanyahou-et-qui-se-bat-desormais-pour-sa-survie-politique\/\" \/>\n\t\t<meta property=\"og:image\" content=\"https:\/\/fokusisrael.ch\/wp-content\/uploads\/2026\/08\/Benny-Gantz.webp\" \/>\n\t\t<meta property=\"og:image:secure_url\" content=\"https:\/\/fokusisrael.ch\/wp-content\/uploads\/2026\/08\/Benny-Gantz.webp\" \/>\n\t\t<meta property=\"og:image:width\" content=\"1024\" \/>\n\t\t<meta property=\"og:image:height\" content=\"600\" \/>\n\t\t<meta property=\"article:published_time\" content=\"2026-08-28T12:17:06+00:00\" \/>\n\t\t<meta property=\"article:modified_time\" content=\"2026-08-28T13:06:35+00:00\" \/>\n\t\t<meta name=\"twitter:card\" content=\"summary_large_image\" \/>\n\t\t<meta name=\"twitter:title\" content=\"Benny Gantz : l\u2019ancien g\u00e9n\u00e9ral qui a fait trop confiance \u00e0 Netanyahou et qui se bat d\u00e9sormais pour sa survie politique - FokusIsrael\" \/>\n\t\t<meta name=\"twitter:description\" content=\"Benny Gantz souhaitait succ\u00e9der \u00e0 Netanyahou au poste de Premier ministre. Aujourd\u2019hui, l\u2019ancien chef d\u2019\u00e9tat-major de l\u2019arm\u00e9e isra\u00e9lienne se bat aux c\u00f4t\u00e9s du parti \u00ab Bleu-Blanc \u00bb pour assurer sa survie politique.\" \/>\n\t\t<meta name=\"twitter:image\" content=\"https:\/\/fokusisrael.ch\/wp-content\/uploads\/2026\/08\/Benny-Gantz.webp\" \/>\n\t\t<script type=\"application\/ld+json\" class=\"aioseo-schema\">\n\t\t\t{\"@context\":\"https:\\\/\\\/schema.org\",\"@graph\":[{\"@type\":\"BlogPosting\",\"@id\":\"https:\\\/\\\/fokusisrael.ch\\\/fr\\\/actualites\\\/benny-gantz-lancien-general-qui-a-fait-trop-confiance-a-netanyahou-et-qui-se-bat-desormais-pour-sa-survie-politique\\\/#blogposting\",\"name\":\"Benny Gantz : l\\u2019ancien g\\u00e9n\\u00e9ral qui a fait trop confiance \\u00e0 Netanyahou et qui se bat d\\u00e9sormais pour sa survie politique - FokusIsrael\",\"headline\":\"Benny Gantz : l&rsquo;ancien g\\u00e9n\\u00e9ral qui a fait trop confiance \\u00e0 Netanyahou et qui se bat d\\u00e9sormais pour sa survie politique\",\"author\":{\"@id\":\"https:\\\/\\\/fokusisrael.ch\\\/fr\\\/author\\\/redaktion\\\/#author\"},\"publisher\":{\"@id\":\"https:\\\/\\\/fokusisrael.ch\\\/fr\\\/#organization\"},\"image\":{\"@type\":\"ImageObject\",\"url\":\"https:\\\/\\\/fokusisrael.ch\\\/wp-content\\\/uploads\\\/2026\\\/08\\\/Benny-Gantz.webp\",\"width\":1024,\"height\":600,\"caption\":\"Benny Gantz, ancien chef de l'arm\\u00e9e isra\\u00e9lienne.\"},\"datePublished\":\"2026-08-28T14:17:06+02:00\",\"dateModified\":\"2026-08-28T15:06:35+02:00\",\"inLanguage\":\"fr-FR\",\"mainEntityOfPage\":{\"@id\":\"https:\\\/\\\/fokusisrael.ch\\\/fr\\\/actualites\\\/benny-gantz-lancien-general-qui-a-fait-trop-confiance-a-netanyahou-et-qui-se-bat-desormais-pour-sa-survie-politique\\\/#webpage\"},\"isPartOf\":{\"@id\":\"https:\\\/\\\/fokusisrael.ch\\\/fr\\\/actualites\\\/benny-gantz-lancien-general-qui-a-fait-trop-confiance-a-netanyahou-et-qui-se-bat-desormais-pour-sa-survie-politique\\\/#webpage\"},\"articleSection\":\"Actualit\\u00e9s, 7. Oktober, Autorit\\u00e9 palestinienne, Benjamin Netanyahu, Benny Gantz, Bleu et blanc, Cabinet de guerre, Chef d'\\u00e9tat-major g\\u00e9n\\u00e9ral, \\u00e9lections \\u00e0 la Knesset, \\u00e9lections isra\\u00e9liennes, \\u00c9lections l\\u00e9gislatives, FIL, FocusIsra\\u00ebl, Gadi Eisenkot, Guerre de Gaza, Hamas, Haredim, Israel, Jan Kapusnak, Knesset, Likoud, ministre de la D\\u00e9fense, Naftali Bennett, Politique de coalition, Politique isra\\u00e9lienne, R\\u00e9forme de la justice, service militaire obligatoire, Unit\\u00e9 nationale, Yashar, Facultatif\"},{\"@type\":\"BreadcrumbList\",\"@id\":\"https:\\\/\\\/fokusisrael.ch\\\/fr\\\/actualites\\\/benny-gantz-lancien-general-qui-a-fait-trop-confiance-a-netanyahou-et-qui-se-bat-desormais-pour-sa-survie-politique\\\/#breadcrumblist\",\"itemListElement\":[{\"@type\":\"ListItem\",\"@id\":\"https:\\\/\\\/fokusisrael.ch\\\/fr\\\/actualites\\\/#listItem\",\"position\":1,\"name\":\"Actualit\\u00e9s\",\"item\":\"https:\\\/\\\/fokusisrael.ch\\\/fr\\\/actualites\\\/\",\"nextItem\":{\"@type\":\"ListItem\",\"@id\":\"https:\\\/\\\/fokusisrael.ch\\\/fr\\\/actualites\\\/benny-gantz-lancien-general-qui-a-fait-trop-confiance-a-netanyahou-et-qui-se-bat-desormais-pour-sa-survie-politique\\\/#listItem\",\"name\":\"Benny Gantz : l&rsquo;ancien g\\u00e9n\\u00e9ral qui a fait trop confiance \\u00e0 Netanyahou et qui se bat d\\u00e9sormais pour sa survie politique\"}},{\"@type\":\"ListItem\",\"@id\":\"https:\\\/\\\/fokusisrael.ch\\\/fr\\\/actualites\\\/benny-gantz-lancien-general-qui-a-fait-trop-confiance-a-netanyahou-et-qui-se-bat-desormais-pour-sa-survie-politique\\\/#listItem\",\"position\":2,\"name\":\"Benny Gantz : l&rsquo;ancien g\\u00e9n\\u00e9ral qui a fait trop confiance \\u00e0 Netanyahou et qui se bat d\\u00e9sormais pour sa survie politique\",\"previousItem\":{\"@type\":\"ListItem\",\"@id\":\"https:\\\/\\\/fokusisrael.ch\\\/fr\\\/actualites\\\/#listItem\",\"name\":\"Actualit\\u00e9s\"}}]},{\"@type\":\"Organization\",\"@id\":\"https:\\\/\\\/fokusisrael.ch\\\/fr\\\/#organization\",\"name\":\"FokusIsrael\",\"description\":\"FokusIsrael.ch est un collectif suisse engag\\u00e9 \\u00e0 titre b\\u00e9n\\u00e9vole et de mani\\u00e8re ind\\u00e9pendante.\",\"url\":\"https:\\\/\\\/fokusisrael.ch\\\/fr\\\/\",\"logo\":{\"@type\":\"ImageObject\",\"url\":\"http:\\\/\\\/fi.localhost\\\/wp-content\\\/uploads\\\/2025\\\/03\\\/fokusisrael_300.jpg\",\"@id\":\"https:\\\/\\\/fokusisrael.ch\\\/fr\\\/actualites\\\/benny-gantz-lancien-general-qui-a-fait-trop-confiance-a-netanyahou-et-qui-se-bat-desormais-pour-sa-survie-politique\\\/#organizationLogo\"},\"image\":{\"@id\":\"https:\\\/\\\/fokusisrael.ch\\\/fr\\\/actualites\\\/benny-gantz-lancien-general-qui-a-fait-trop-confiance-a-netanyahou-et-qui-se-bat-desormais-pour-sa-survie-politique\\\/#organizationLogo\"}},{\"@type\":\"Person\",\"@id\":\"https:\\\/\\\/fokusisrael.ch\\\/fr\\\/author\\\/redaktion\\\/#author\",\"url\":\"https:\\\/\\\/fokusisrael.ch\\\/fr\\\/author\\\/redaktion\\\/\",\"name\":\"Redaktion\"},{\"@type\":\"WebPage\",\"@id\":\"https:\\\/\\\/fokusisrael.ch\\\/fr\\\/actualites\\\/benny-gantz-lancien-general-qui-a-fait-trop-confiance-a-netanyahou-et-qui-se-bat-desormais-pour-sa-survie-politique\\\/#webpage\",\"url\":\"https:\\\/\\\/fokusisrael.ch\\\/fr\\\/actualites\\\/benny-gantz-lancien-general-qui-a-fait-trop-confiance-a-netanyahou-et-qui-se-bat-desormais-pour-sa-survie-politique\\\/\",\"name\":\"Benny Gantz : l\\u2019ancien g\\u00e9n\\u00e9ral qui a fait trop confiance \\u00e0 Netanyahou et qui se bat d\\u00e9sormais pour sa survie politique - FokusIsrael\",\"description\":\"Benny Gantz souhaitait succ\\u00e9der \\u00e0 Netanyahou au poste de Premier ministre. Aujourd\\u2019hui, l\\u2019ancien chef d\\u2019\\u00e9tat-major de l\\u2019arm\\u00e9e isra\\u00e9lienne se bat aux c\\u00f4t\\u00e9s du parti \\u00ab Bleu-Blanc \\u00bb pour assurer sa survie politique.\",\"inLanguage\":\"fr-FR\",\"isPartOf\":{\"@id\":\"https:\\\/\\\/fokusisrael.ch\\\/fr\\\/#website\"},\"breadcrumb\":{\"@id\":\"https:\\\/\\\/fokusisrael.ch\\\/fr\\\/actualites\\\/benny-gantz-lancien-general-qui-a-fait-trop-confiance-a-netanyahou-et-qui-se-bat-desormais-pour-sa-survie-politique\\\/#breadcrumblist\"},\"author\":{\"@id\":\"https:\\\/\\\/fokusisrael.ch\\\/fr\\\/author\\\/redaktion\\\/#author\"},\"creator\":{\"@id\":\"https:\\\/\\\/fokusisrael.ch\\\/fr\\\/author\\\/redaktion\\\/#author\"},\"image\":{\"@type\":\"ImageObject\",\"url\":\"https:\\\/\\\/fokusisrael.ch\\\/wp-content\\\/uploads\\\/2026\\\/08\\\/Benny-Gantz.webp\",\"@id\":\"https:\\\/\\\/fokusisrael.ch\\\/fr\\\/actualites\\\/benny-gantz-lancien-general-qui-a-fait-trop-confiance-a-netanyahou-et-qui-se-bat-desormais-pour-sa-survie-politique\\\/#mainImage\",\"width\":1024,\"height\":600,\"caption\":\"Benny Gantz, ancien chef de l'arm\\u00e9e isra\\u00e9lienne.\"},\"primaryImageOfPage\":{\"@id\":\"https:\\\/\\\/fokusisrael.ch\\\/fr\\\/actualites\\\/benny-gantz-lancien-general-qui-a-fait-trop-confiance-a-netanyahou-et-qui-se-bat-desormais-pour-sa-survie-politique\\\/#mainImage\"},\"datePublished\":\"2026-08-28T14:17:06+02:00\",\"dateModified\":\"2026-08-28T15:06:35+02:00\"},{\"@type\":\"WebSite\",\"@id\":\"https:\\\/\\\/fokusisrael.ch\\\/fr\\\/#website\",\"url\":\"https:\\\/\\\/fokusisrael.ch\\\/fr\\\/\",\"name\":\"FokusIsrael\",\"description\":\"FokusIsrael.ch est un collectif suisse engag\\u00e9 \\u00e0 titre b\\u00e9n\\u00e9vole et de mani\\u00e8re ind\\u00e9pendante.\",\"inLanguage\":\"fr-FR\",\"publisher\":{\"@id\":\"https:\\\/\\\/fokusisrael.ch\\\/fr\\\/#organization\"}}]}\n\t\t<\/script>\n\t\t<!-- All in One SEO -->\n\n","aioseo_head_json":{"title":"Benny Gantz : l\u2019ancien g\u00e9n\u00e9ral qui a fait trop confiance \u00e0 Netanyahou et qui se bat d\u00e9sormais pour sa survie politique - FokusIsrael","description":"Benny Gantz souhaitait succ\u00e9der \u00e0 Netanyahou au poste de Premier ministre. Aujourd\u2019hui, l\u2019ancien chef d\u2019\u00e9tat-major de l\u2019arm\u00e9e isra\u00e9lienne se bat aux c\u00f4t\u00e9s du parti \u00ab Bleu-Blanc \u00bb pour assurer sa survie politique.","canonical_url":"https:\/\/fokusisrael.ch\/fr\/actualites\/benny-gantz-lancien-general-qui-a-fait-trop-confiance-a-netanyahou-et-qui-se-bat-desormais-pour-sa-survie-politique\/","robots":"max-image-preview:large","keywords":"","webmasterTools":{"miscellaneous":""},"schema":{"@context":"https:\/\/schema.org","@graph":[{"@type":"BlogPosting","@id":"https:\/\/fokusisrael.ch\/fr\/actualites\/benny-gantz-lancien-general-qui-a-fait-trop-confiance-a-netanyahou-et-qui-se-bat-desormais-pour-sa-survie-politique\/#blogposting","name":"Benny Gantz : l\u2019ancien g\u00e9n\u00e9ral qui a fait trop confiance \u00e0 Netanyahou et qui se bat d\u00e9sormais pour sa survie politique - FokusIsrael","headline":"Benny Gantz : l&rsquo;ancien g\u00e9n\u00e9ral qui a fait trop confiance \u00e0 Netanyahou et qui se bat d\u00e9sormais pour sa survie politique","author":{"@id":"https:\/\/fokusisrael.ch\/fr\/author\/redaktion\/#author"},"publisher":{"@id":"https:\/\/fokusisrael.ch\/fr\/#organization"},"image":{"@type":"ImageObject","url":"https:\/\/fokusisrael.ch\/wp-content\/uploads\/2026\/08\/Benny-Gantz.webp","width":1024,"height":600,"caption":"Benny Gantz, ancien chef de l'arm\u00e9e isra\u00e9lienne."},"datePublished":"2026-08-28T14:17:06+02:00","dateModified":"2026-08-28T15:06:35+02:00","inLanguage":"fr-FR","mainEntityOfPage":{"@id":"https:\/\/fokusisrael.ch\/fr\/actualites\/benny-gantz-lancien-general-qui-a-fait-trop-confiance-a-netanyahou-et-qui-se-bat-desormais-pour-sa-survie-politique\/#webpage"},"isPartOf":{"@id":"https:\/\/fokusisrael.ch\/fr\/actualites\/benny-gantz-lancien-general-qui-a-fait-trop-confiance-a-netanyahou-et-qui-se-bat-desormais-pour-sa-survie-politique\/#webpage"},"articleSection":"Actualit\u00e9s, 7. Oktober, Autorit\u00e9 palestinienne, Benjamin Netanyahu, Benny Gantz, Bleu et blanc, Cabinet de guerre, Chef d'\u00e9tat-major g\u00e9n\u00e9ral, \u00e9lections \u00e0 la Knesset, \u00e9lections isra\u00e9liennes, \u00c9lections l\u00e9gislatives, FIL, FocusIsra\u00ebl, Gadi Eisenkot, Guerre de Gaza, Hamas, Haredim, Israel, Jan Kapusnak, Knesset, Likoud, ministre de la D\u00e9fense, Naftali Bennett, Politique de coalition, Politique isra\u00e9lienne, R\u00e9forme de la justice, service militaire obligatoire, Unit\u00e9 nationale, Yashar, Facultatif"},{"@type":"BreadcrumbList","@id":"https:\/\/fokusisrael.ch\/fr\/actualites\/benny-gantz-lancien-general-qui-a-fait-trop-confiance-a-netanyahou-et-qui-se-bat-desormais-pour-sa-survie-politique\/#breadcrumblist","itemListElement":[{"@type":"ListItem","@id":"https:\/\/fokusisrael.ch\/fr\/actualites\/#listItem","position":1,"name":"Actualit\u00e9s","item":"https:\/\/fokusisrael.ch\/fr\/actualites\/","nextItem":{"@type":"ListItem","@id":"https:\/\/fokusisrael.ch\/fr\/actualites\/benny-gantz-lancien-general-qui-a-fait-trop-confiance-a-netanyahou-et-qui-se-bat-desormais-pour-sa-survie-politique\/#listItem","name":"Benny Gantz : l&rsquo;ancien g\u00e9n\u00e9ral qui a fait trop confiance \u00e0 Netanyahou et qui se bat d\u00e9sormais pour sa survie politique"}},{"@type":"ListItem","@id":"https:\/\/fokusisrael.ch\/fr\/actualites\/benny-gantz-lancien-general-qui-a-fait-trop-confiance-a-netanyahou-et-qui-se-bat-desormais-pour-sa-survie-politique\/#listItem","position":2,"name":"Benny Gantz : l&rsquo;ancien g\u00e9n\u00e9ral qui a fait trop confiance \u00e0 Netanyahou et qui se bat d\u00e9sormais pour sa survie politique","previousItem":{"@type":"ListItem","@id":"https:\/\/fokusisrael.ch\/fr\/actualites\/#listItem","name":"Actualit\u00e9s"}}]},{"@type":"Organization","@id":"https:\/\/fokusisrael.ch\/fr\/#organization","name":"FokusIsrael","description":"FokusIsrael.ch est un collectif suisse engag\u00e9 \u00e0 titre b\u00e9n\u00e9vole et de mani\u00e8re ind\u00e9pendante.","url":"https:\/\/fokusisrael.ch\/fr\/","logo":{"@type":"ImageObject","url":"http:\/\/fi.localhost\/wp-content\/uploads\/2025\/03\/fokusisrael_300.jpg","@id":"https:\/\/fokusisrael.ch\/fr\/actualites\/benny-gantz-lancien-general-qui-a-fait-trop-confiance-a-netanyahou-et-qui-se-bat-desormais-pour-sa-survie-politique\/#organizationLogo"},"image":{"@id":"https:\/\/fokusisrael.ch\/fr\/actualites\/benny-gantz-lancien-general-qui-a-fait-trop-confiance-a-netanyahou-et-qui-se-bat-desormais-pour-sa-survie-politique\/#organizationLogo"}},{"@type":"Person","@id":"https:\/\/fokusisrael.ch\/fr\/author\/redaktion\/#author","url":"https:\/\/fokusisrael.ch\/fr\/author\/redaktion\/","name":"Redaktion"},{"@type":"WebPage","@id":"https:\/\/fokusisrael.ch\/fr\/actualites\/benny-gantz-lancien-general-qui-a-fait-trop-confiance-a-netanyahou-et-qui-se-bat-desormais-pour-sa-survie-politique\/#webpage","url":"https:\/\/fokusisrael.ch\/fr\/actualites\/benny-gantz-lancien-general-qui-a-fait-trop-confiance-a-netanyahou-et-qui-se-bat-desormais-pour-sa-survie-politique\/","name":"Benny Gantz : l\u2019ancien g\u00e9n\u00e9ral qui a fait trop confiance \u00e0 Netanyahou et qui se bat d\u00e9sormais pour sa survie politique - FokusIsrael","description":"Benny Gantz souhaitait succ\u00e9der \u00e0 Netanyahou au poste de Premier ministre. Aujourd\u2019hui, l\u2019ancien chef d\u2019\u00e9tat-major de l\u2019arm\u00e9e isra\u00e9lienne se bat aux c\u00f4t\u00e9s du parti \u00ab Bleu-Blanc \u00bb pour assurer sa survie politique.","inLanguage":"fr-FR","isPartOf":{"@id":"https:\/\/fokusisrael.ch\/fr\/#website"},"breadcrumb":{"@id":"https:\/\/fokusisrael.ch\/fr\/actualites\/benny-gantz-lancien-general-qui-a-fait-trop-confiance-a-netanyahou-et-qui-se-bat-desormais-pour-sa-survie-politique\/#breadcrumblist"},"author":{"@id":"https:\/\/fokusisrael.ch\/fr\/author\/redaktion\/#author"},"creator":{"@id":"https:\/\/fokusisrael.ch\/fr\/author\/redaktion\/#author"},"image":{"@type":"ImageObject","url":"https:\/\/fokusisrael.ch\/wp-content\/uploads\/2026\/08\/Benny-Gantz.webp","@id":"https:\/\/fokusisrael.ch\/fr\/actualites\/benny-gantz-lancien-general-qui-a-fait-trop-confiance-a-netanyahou-et-qui-se-bat-desormais-pour-sa-survie-politique\/#mainImage","width":1024,"height":600,"caption":"Benny Gantz, ancien chef de l'arm\u00e9e isra\u00e9lienne."},"primaryImageOfPage":{"@id":"https:\/\/fokusisrael.ch\/fr\/actualites\/benny-gantz-lancien-general-qui-a-fait-trop-confiance-a-netanyahou-et-qui-se-bat-desormais-pour-sa-survie-politique\/#mainImage"},"datePublished":"2026-08-28T14:17:06+02:00","dateModified":"2026-08-28T15:06:35+02:00"},{"@type":"WebSite","@id":"https:\/\/fokusisrael.ch\/fr\/#website","url":"https:\/\/fokusisrael.ch\/fr\/","name":"FokusIsrael","description":"FokusIsrael.ch est un collectif suisse engag\u00e9 \u00e0 titre b\u00e9n\u00e9vole et de mani\u00e8re ind\u00e9pendante.","inLanguage":"fr-FR","publisher":{"@id":"https:\/\/fokusisrael.ch\/fr\/#organization"}}]},"og:locale":"fr_FR","og:site_name":"FokusIsrael - FokusIsrael.ch est un collectif suisse engag\u00e9 \u00e0 titre b\u00e9n\u00e9vole et de mani\u00e8re ind\u00e9pendante.","og:type":"article","og:title":"Benny Gantz : l\u2019ancien g\u00e9n\u00e9ral qui a fait trop confiance \u00e0 Netanyahou et qui se bat d\u00e9sormais pour sa survie politique - FokusIsrael","og:description":"Benny Gantz souhaitait succ\u00e9der \u00e0 Netanyahou au poste de Premier ministre. Aujourd\u2019hui, l\u2019ancien chef d\u2019\u00e9tat-major de l\u2019arm\u00e9e isra\u00e9lienne se bat aux c\u00f4t\u00e9s du parti \u00ab Bleu-Blanc \u00bb pour assurer sa survie politique.","og:url":"https:\/\/fokusisrael.ch\/fr\/actualites\/benny-gantz-lancien-general-qui-a-fait-trop-confiance-a-netanyahou-et-qui-se-bat-desormais-pour-sa-survie-politique\/","og:image":"https:\/\/fokusisrael.ch\/wp-content\/uploads\/2026\/08\/Benny-Gantz.webp","og:image:secure_url":"https:\/\/fokusisrael.ch\/wp-content\/uploads\/2026\/08\/Benny-Gantz.webp","og:image:width":1024,"og:image:height":600,"article:published_time":"2026-08-28T12:17:06+00:00","article:modified_time":"2026-08-28T13:06:35+00:00","twitter:card":"summary_large_image","twitter:title":"Benny Gantz : l\u2019ancien g\u00e9n\u00e9ral qui a fait trop confiance \u00e0 Netanyahou et qui se bat d\u00e9sormais pour sa survie politique - FokusIsrael","twitter:description":"Benny Gantz souhaitait succ\u00e9der \u00e0 Netanyahou au poste de Premier ministre. Aujourd\u2019hui, l\u2019ancien chef d\u2019\u00e9tat-major de l\u2019arm\u00e9e isra\u00e9lienne se bat aux c\u00f4t\u00e9s du parti \u00ab Bleu-Blanc \u00bb pour assurer sa survie politique.","twitter:image":"https:\/\/fokusisrael.ch\/wp-content\/uploads\/2026\/08\/Benny-Gantz.webp"},"aioseo_meta_data":{"post_id":"10830","title":null,"description":"Benny Gantz souhaitait succ\u00e9der \u00e0 Netanyahou au poste de Premier ministre. Aujourd\u2019hui, l\u2019ancien chef d\u2019\u00e9tat-major de l\u2019arm\u00e9e isra\u00e9lienne se bat aux c\u00f4t\u00e9s du parti \u00ab Bleu-Blanc \u00bb pour assurer sa survie politique.","keywords":null,"keyphrases":{"focus":{"keyphrase":"","score":0,"analysis":{"keyphraseInTitle":{"score":0,"maxScore":9,"error":1}}},"additional":[]},"primary_term":null,"canonical_url":null,"og_title":null,"og_description":null,"og_object_type":"default","og_image_type":"default","og_image_url":null,"og_image_width":null,"og_image_height":null,"og_image_custom_url":null,"og_image_custom_fields":null,"og_video":"","og_custom_url":null,"og_article_section":null,"og_article_tags":null,"twitter_use_og":false,"twitter_card":"default","twitter_image_type":"default","twitter_image_url":null,"twitter_image_custom_url":null,"twitter_image_custom_fields":null,"twitter_title":null,"twitter_description":null,"schema":{"blockGraphs":[],"customGraphs":[],"default":{"data":{"Article":[],"Course":[],"Dataset":[],"FAQPage":[],"Movie":[],"Person":[],"Product":[],"ProductReview":[],"Car":[],"Recipe":[],"Service":[],"SoftwareApplication":[],"WebPage":[]},"graphName":"BlogPosting","isEnabled":true},"graphs":[]},"schema_type":"default","schema_type_options":null,"pillar_content":false,"robots_default":true,"robots_noindex":false,"robots_noarchive":false,"robots_nosnippet":false,"robots_nofollow":false,"robots_noimageindex":false,"robots_noodp":false,"robots_notranslate":false,"robots_max_snippet":"-1","robots_max_videopreview":"-1","robots_max_imagepreview":"large","priority":null,"frequency":"default","local_seo":null,"breadcrumb_settings":null,"limit_modified_date":false,"ai":{"faqs":[],"keyPoints":[],"schemas":[],"titles":[],"descriptions":[],"socialPosts":{"email":{"subject":"","preview":"","content":""},"linkedin":[],"twitter":[],"facebook":[],"instagram":[]}},"created":"2026-08-28 13:06:35","updated":"2026-08-28 13:07:36","seo_analyzer_scan_date":null,"focus_keyword":null,"additional_keywords":null,"truseo_locale":null},"aioseo_breadcrumb":"<div class=\"aioseo-breadcrumbs\"><span class=\"aioseo-breadcrumb\">\n\t\t\t<a href=\"https:\/\/fokusisrael.ch\/fr\/actualites\/\" title=\"Actualit\u00e9s\">Actualit\u00e9s<\/a>\n\t\t<\/span><span class=\"aioseo-breadcrumb-separator\">\u00bb<\/span><span class=\"aioseo-breadcrumb\">\n\t\t\tBenny Gantz : l\u2019ancien g\u00e9n\u00e9ral qui a fait trop confiance \u00e0 Netanyahou et qui se bat d\u00e9sormais pour sa survie politique\n\t\t<\/span><\/div>","aioseo_breadcrumb_json":[{"label":"Actualit\u00e9s","link":"https:\/\/fokusisrael.ch\/fr\/actualites\/"},{"label":"Benny Gantz : l&rsquo;ancien g\u00e9n\u00e9ral qui a fait trop confiance \u00e0 Netanyahou et qui se bat d\u00e9sormais pour sa survie politique","link":"https:\/\/fokusisrael.ch\/fr\/actualites\/benny-gantz-lancien-general-qui-a-fait-trop-confiance-a-netanyahou-et-qui-se-bat-desormais-pour-sa-survie-politique\/"}],"_links":{"self":[{"href":"https:\/\/fokusisrael.ch\/fr\/wp-json\/wp\/v2\/posts\/10830","targetHints":{"allow":["GET"]}}],"collection":[{"href":"https:\/\/fokusisrael.ch\/fr\/wp-json\/wp\/v2\/posts"}],"about":[{"href":"https:\/\/fokusisrael.ch\/fr\/wp-json\/wp\/v2\/types\/post"}],"author":[{"embeddable":true,"href":"https:\/\/fokusisrael.ch\/fr\/wp-json\/wp\/v2\/users\/2"}],"replies":[{"embeddable":true,"href":"https:\/\/fokusisrael.ch\/fr\/wp-json\/wp\/v2\/comments?post=10830"}],"version-history":[{"count":1,"href":"https:\/\/fokusisrael.ch\/fr\/wp-json\/wp\/v2\/posts\/10830\/revisions"}],"predecessor-version":[{"id":10832,"href":"https:\/\/fokusisrael.ch\/fr\/wp-json\/wp\/v2\/posts\/10830\/revisions\/10832"}],"wp:featuredmedia":[{"embeddable":true,"href":"https:\/\/fokusisrael.ch\/fr\/wp-json\/wp\/v2\/media\/10831"}],"wp:attachment":[{"href":"https:\/\/fokusisrael.ch\/fr\/wp-json\/wp\/v2\/media?parent=10830"}],"wp:term":[{"taxonomy":"category","embeddable":true,"href":"https:\/\/fokusisrael.ch\/fr\/wp-json\/wp\/v2\/categories?post=10830"},{"taxonomy":"post_tag","embeddable":true,"href":"https:\/\/fokusisrael.ch\/fr\/wp-json\/wp\/v2\/tags?post=10830"}],"curies":[{"name":"wp","href":"https:\/\/api.w.org\/{rel}","templated":true}]}}